{"id":944624,"date":"2025-08-06T09:45:00","date_gmt":"2025-08-06T07:45:00","guid":{"rendered":"https:\/\/dmcsrb.com\/uncategorized\/dodik-se-oglasio-nakon-odluke-izborne-komisije\/"},"modified":"2025-08-06T09:45:00","modified_gmt":"2025-08-06T07:45:00","slug":"dodik-se-oglasio-nakon-odluke-izborne-komisije","status":"publish","type":"post","link":"https:\/\/dmcsrb.com\/en\/region\/dodik-se-oglasio-nakon-odluke-izborne-komisije\/","title":{"rendered":"Dodik se oglasio nakon odluke Izborne komisije"},"content":{"rendered":"<p><\/p>\n\n\n\n<p>&#8220;Jo\u0161 jedno s&#8230;. iz Sarajeva. Posljednje&#8221;, kratko je prokomentarisao odluku na nalogu na mre\u017ei X.<\/p>\n\n\n\n<p>Sud BiH pravosna\u017eno je osudio Dodika na godinu dana zatvora, te zabranu obavljanja te i drugih politi\u010dkih funkcija u zemlji u narednih \u0161est godina, zbog nepo\u0161tovanja odluka visokog predstavnika u BiH.<\/p>\n\n\n\n<p>Mandat \u0107e mu biti oduzet nakon \u0161to istekne rok za \u017ealbu.<\/p>\n\n\n\n<p>\u017dalba se podnosi Apelacionom odjeljenju Suda Bosne i Hercegovine u roku od dva dana od dana prijema odluke preko CIK-a BiH, u skladu sa Izbornim zakonom BiH.<\/p>\n\n\n\n<p>Nakon toga se o\u010dekuje raspisivanje prijevremenih izbora za predsjednika entiteta Republika Srpska u roku od 90 dana.<\/p>\n\n\n\n<p>Redovni op\u0161ti izbori planirani su u oktobru 2026. godine.<\/p>\n\n\n\n<p>Presudom Suda BiH Dodik se ne\u0107e imati pravo kandidovati se za bilo koju politi\u010dku funkciju do isteka zabrane od \u0161est godina.<\/p>\n\n\n\n<p>On je ranije izjavio kako ne\u0107e odstupiti sa pozicije predsjednika RS-a uprkos pravosna\u017enoj presudi.<\/p>","protected":false},"excerpt":{"rendered":"<p>Predsjednik Republike Srpske Milorad Dodik oglasio se nakon \u0161to mu je Centralna izborna komisija Bosne i Hercegovine jednoglasno oduzela mandat.<\/p>","protected":false},"author":1,"featured_media":943637,"comment_status":"open","ping_status":"open","sticky":false,"template":"","format":"standard","meta":{"_acf_changed":false,"footnotes":""},"categories":[103],"tags":[6434,16965,3262],"naslovna":[],"class_list":["post-944624","post","type-post","status-publish","format-standard","has-post-thumbnail","hentry","category-region","tag-milorad-dodik","tag-odluka-izborne-komisije","tag-oglasavanje"],"acf":[],"yoast_head":"<!-- This site is optimized with the Yoast SEO plugin v27.4 - https:\/\/yoast.com\/product\/yoast-seo-wordpress\/ -->\n<title>Dodik se oglasio nakon odluke Izborne komisije - dmcsrb.com<\/title>\n<meta name=\"robots\" content=\"index, follow, max-snippet:-1, max-image-preview:large, max-video-preview:-1\" \/>\n<link rel=\"canonical\" href=\"https:\/\/dmcsrb.com\/en\/region\/dodik-se-oglasio-nakon-odluke-izborne-komisije\/\" \/>\n<meta property=\"og:locale\" content=\"en_GB\" \/>\n<meta property=\"og:type\" content=\"article\" \/>\n<meta property=\"og:title\" content=\"Dodik se oglasio nakon odluke Izborne komisije - dmcsrb.com\" \/>\n<meta property=\"og:description\" content=\"Predsjednik Republike Srpske Milorad Dodik oglasio se nakon \u0161to mu je Centralna izborna komisija Bosne i Hercegovine jednoglasno oduzela mandat.\" \/>\n<meta property=\"og:url\" content=\"https:\/\/dmcsrb.com\/en\/region\/dodik-se-oglasio-nakon-odluke-izborne-komisije\/\" \/>\n<meta property=\"og:site_name\" content=\"dmcsrb.com\" \/>\n<meta property=\"article:published_time\" content=\"2025-08-06T07:45:00+00:00\" \/>\n<meta property=\"og:image\" content=\"https:\/\/dmcsrb.com\/wp-content\/uploads\/2026\/01\/milorad-dodik-predsjednik-rs1.webp\" \/>\n\t<meta property=\"og:image:width\" content=\"800\" \/>\n\t<meta property=\"og:image:height\" content=\"550\" \/>\n\t<meta property=\"og:image:type\" content=\"image\/jpeg\" \/>\n<meta name=\"author\" content=\"dmcsrbija.com@gmail.com\" \/>\n<meta name=\"twitter:card\" content=\"summary_large_image\" \/>\n<meta name=\"twitter:label1\" content=\"Written by\" \/>\n\t<meta name=\"twitter:data1\" content=\"dmcsrbija.com@gmail.com\" \/>\n\t<meta name=\"twitter:label2\" content=\"Estimated reading time\" \/>\n\t<meta name=\"twitter:data2\" content=\"1 minute\" \/>\n<script type=\"application\/ld+json\" class=\"yoast-schema-graph\">{\"@context\":\"https:\\\/\\\/schema.org\",\"@graph\":[{\"@type\":\"Article\",\"@id\":\"https:\\\/\\\/dmcsrb.com\\\/region\\\/dodik-se-oglasio-nakon-odluke-izborne-komisije\\\/#article\",\"isPartOf\":{\"@id\":\"https:\\\/\\\/dmcsrb.com\\\/region\\\/dodik-se-oglasio-nakon-odluke-izborne-komisije\\\/\"},\"author\":{\"name\":\"dmcsrbija.com@gmail.com\",\"@id\":\"https:\\\/\\\/dmcsrb.com\\\/#\\\/schema\\\/person\\\/5c39170f12db1b8b457732d0b5c854e2\"},\"headline\":\"Dodik se oglasio nakon odluke Izborne komisije\",\"datePublished\":\"2025-08-06T07:45:00+00:00\",\"mainEntityOfPage\":{\"@id\":\"https:\\\/\\\/dmcsrb.com\\\/region\\\/dodik-se-oglasio-nakon-odluke-izborne-komisije\\\/\"},\"wordCount\":160,\"commentCount\":0,\"image\":{\"@id\":\"https:\\\/\\\/dmcsrb.com\\\/region\\\/dodik-se-oglasio-nakon-odluke-izborne-komisije\\\/#primaryimage\"},\"thumbnailUrl\":\"https:\\\/\\\/dmcsrb.com\\\/wp-content\\\/uploads\\\/2026\\\/01\\\/milorad-dodik-predsjednik-rs1.webp\",\"keywords\":[\"Milorad Dodik\",\"Odluka izborne komisije\",\"Ogla\u0161avanje\"],\"articleSection\":[\"Region\"],\"inLanguage\":\"en-GB\",\"potentialAction\":[{\"@type\":\"CommentAction\",\"name\":\"Comment\",\"target\":[\"https:\\\/\\\/dmcsrb.com\\\/region\\\/dodik-se-oglasio-nakon-odluke-izborne-komisije\\\/#respond\"]}]},{\"@type\":\"WebPage\",\"@id\":\"https:\\\/\\\/dmcsrb.com\\\/region\\\/dodik-se-oglasio-nakon-odluke-izborne-komisije\\\/\",\"url\":\"https:\\\/\\\/dmcsrb.com\\\/region\\\/dodik-se-oglasio-nakon-odluke-izborne-komisije\\\/\",\"name\":\"Dodik se oglasio nakon odluke Izborne komisije - dmcsrb.com\",\"isPartOf\":{\"@id\":\"https:\\\/\\\/dmcsrb.com\\\/#website\"},\"primaryImageOfPage\":{\"@id\":\"https:\\\/\\\/dmcsrb.com\\\/region\\\/dodik-se-oglasio-nakon-odluke-izborne-komisije\\\/#primaryimage\"},\"image\":{\"@id\":\"https:\\\/\\\/dmcsrb.com\\\/region\\\/dodik-se-oglasio-nakon-odluke-izborne-komisije\\\/#primaryimage\"},\"thumbnailUrl\":\"https:\\\/\\\/dmcsrb.com\\\/wp-content\\\/uploads\\\/2026\\\/01\\\/milorad-dodik-predsjednik-rs1.webp\",\"datePublished\":\"2025-08-06T07:45:00+00:00\",\"author\":{\"@id\":\"https:\\\/\\\/dmcsrb.com\\\/#\\\/schema\\\/person\\\/5c39170f12db1b8b457732d0b5c854e2\"},\"breadcrumb\":{\"@id\":\"https:\\\/\\\/dmcsrb.com\\\/region\\\/dodik-se-oglasio-nakon-odluke-izborne-komisije\\\/#breadcrumb\"},\"inLanguage\":\"en-GB\",\"potentialAction\":[{\"@type\":\"ReadAction\",\"target\":[\"https:\\\/\\\/dmcsrb.com\\\/region\\\/dodik-se-oglasio-nakon-odluke-izborne-komisije\\\/\"]}]},{\"@type\":\"ImageObject\",\"inLanguage\":\"en-GB\",\"@id\":\"https:\\\/\\\/dmcsrb.com\\\/region\\\/dodik-se-oglasio-nakon-odluke-izborne-komisije\\\/#primaryimage\",\"url\":\"https:\\\/\\\/dmcsrb.com\\\/wp-content\\\/uploads\\\/2026\\\/01\\\/milorad-dodik-predsjednik-rs1.webp\",\"contentUrl\":\"https:\\\/\\\/dmcsrb.com\\\/wp-content\\\/uploads\\\/2026\\\/01\\\/milorad-dodik-predsjednik-rs1.webp\",\"width\":800,\"height\":550},{\"@type\":\"BreadcrumbList\",\"@id\":\"https:\\\/\\\/dmcsrb.com\\\/region\\\/dodik-se-oglasio-nakon-odluke-izborne-komisije\\\/#breadcrumb\",\"itemListElement\":[{\"@type\":\"ListItem\",\"position\":1,\"name\":\"Home\",\"item\":\"https:\\\/\\\/dmcsrb.com\\\/\"},{\"@type\":\"ListItem\",\"position\":2,\"name\":\"Dodik se oglasio nakon odluke Izborne komisije\"}]},{\"@type\":\"WebSite\",\"@id\":\"https:\\\/\\\/dmcsrb.com\\\/#website\",\"url\":\"https:\\\/\\\/dmcsrb.com\\\/\",\"name\":\"dmcsrb.com\",\"description\":\"\",\"potentialAction\":[{\"@type\":\"SearchAction\",\"target\":{\"@type\":\"EntryPoint\",\"urlTemplate\":\"https:\\\/\\\/dmcsrb.com\\\/?s={search_term_string}\"},\"query-input\":{\"@type\":\"PropertyValueSpecification\",\"valueRequired\":true,\"valueName\":\"search_term_string\"}}],\"inLanguage\":\"en-GB\"},{\"@type\":\"Person\",\"@id\":\"https:\\\/\\\/dmcsrb.com\\\/#\\\/schema\\\/person\\\/5c39170f12db1b8b457732d0b5c854e2\",\"name\":\"dmcsrbija.com@gmail.com\",\"image\":{\"@type\":\"ImageObject\",\"inLanguage\":\"en-GB\",\"@id\":\"https:\\\/\\\/secure.gravatar.com\\\/avatar\\\/68592660ad6347fad0fb587f8d5d8f1a7b44961362f56e4f2cd524feb87e9069?s=96&d=mm&r=g\",\"url\":\"https:\\\/\\\/secure.gravatar.com\\\/avatar\\\/68592660ad6347fad0fb587f8d5d8f1a7b44961362f56e4f2cd524feb87e9069?s=96&d=mm&r=g\",\"contentUrl\":\"https:\\\/\\\/secure.gravatar.com\\\/avatar\\\/68592660ad6347fad0fb587f8d5d8f1a7b44961362f56e4f2cd524feb87e9069?s=96&d=mm&r=g\",\"caption\":\"dmcsrbija.com@gmail.com\"},\"sameAs\":[\"https:\\\/\\\/dmcsrb.com\"],\"url\":\"https:\\\/\\\/dmcsrb.com\\\/en\\\/author\\\/dmcsrbija-comgmail-com\\\/\"}]}<\/script>\n<!-- \/ Yoast SEO plugin. -->","yoast_head_json":{"title":"Dodik se oglasio nakon odluke Izborne komisije - dmcsrb.com","robots":{"index":"index","follow":"follow","max-snippet":"max-snippet:-1","max-image-preview":"max-image-preview:large","max-video-preview":"max-video-preview:-1"},"canonical":"https:\/\/dmcsrb.com\/en\/region\/dodik-se-oglasio-nakon-odluke-izborne-komisije\/","og_locale":"en_GB","og_type":"article","og_title":"Dodik se oglasio nakon odluke Izborne komisije - dmcsrb.com","og_description":"Predsjednik Republike Srpske Milorad Dodik oglasio se nakon \u0161to mu je Centralna izborna komisija Bosne i Hercegovine jednoglasno oduzela mandat.","og_url":"https:\/\/dmcsrb.com\/en\/region\/dodik-se-oglasio-nakon-odluke-izborne-komisije\/","og_site_name":"dmcsrb.com","article_published_time":"2025-08-06T07:45:00+00:00","og_image":[{"width":800,"height":550,"url":"https:\/\/dmcsrb.com\/wp-content\/uploads\/2026\/01\/milorad-dodik-predsjednik-rs1.webp","type":"image\/jpeg"}],"author":"dmcsrbija.com@gmail.com","twitter_card":"summary_large_image","twitter_misc":{"Written by":"dmcsrbija.com@gmail.com","Estimated reading time":"1 minute"},"schema":{"@context":"https:\/\/schema.org","@graph":[{"@type":"Article","@id":"https:\/\/dmcsrb.com\/region\/dodik-se-oglasio-nakon-odluke-izborne-komisije\/#article","isPartOf":{"@id":"https:\/\/dmcsrb.com\/region\/dodik-se-oglasio-nakon-odluke-izborne-komisije\/"},"author":{"name":"dmcsrbija.com@gmail.com","@id":"https:\/\/dmcsrb.com\/#\/schema\/person\/5c39170f12db1b8b457732d0b5c854e2"},"headline":"Dodik se oglasio nakon odluke Izborne komisije","datePublished":"2025-08-06T07:45:00+00:00","mainEntityOfPage":{"@id":"https:\/\/dmcsrb.com\/region\/dodik-se-oglasio-nakon-odluke-izborne-komisije\/"},"wordCount":160,"commentCount":0,"image":{"@id":"https:\/\/dmcsrb.com\/region\/dodik-se-oglasio-nakon-odluke-izborne-komisije\/#primaryimage"},"thumbnailUrl":"https:\/\/dmcsrb.com\/wp-content\/uploads\/2026\/01\/milorad-dodik-predsjednik-rs1.webp","keywords":["Milorad Dodik","Odluka izborne komisije","Ogla\u0161avanje"],"articleSection":["Region"],"inLanguage":"en-GB","potentialAction":[{"@type":"CommentAction","name":"Comment","target":["https:\/\/dmcsrb.com\/region\/dodik-se-oglasio-nakon-odluke-izborne-komisije\/#respond"]}]},{"@type":"WebPage","@id":"https:\/\/dmcsrb.com\/region\/dodik-se-oglasio-nakon-odluke-izborne-komisije\/","url":"https:\/\/dmcsrb.com\/region\/dodik-se-oglasio-nakon-odluke-izborne-komisije\/","name":"Dodik se oglasio nakon odluke Izborne komisije - dmcsrb.com","isPartOf":{"@id":"https:\/\/dmcsrb.com\/#website"},"primaryImageOfPage":{"@id":"https:\/\/dmcsrb.com\/region\/dodik-se-oglasio-nakon-odluke-izborne-komisije\/#primaryimage"},"image":{"@id":"https:\/\/dmcsrb.com\/region\/dodik-se-oglasio-nakon-odluke-izborne-komisije\/#primaryimage"},"thumbnailUrl":"https:\/\/dmcsrb.com\/wp-content\/uploads\/2026\/01\/milorad-dodik-predsjednik-rs1.webp","datePublished":"2025-08-06T07:45:00+00:00","author":{"@id":"https:\/\/dmcsrb.com\/#\/schema\/person\/5c39170f12db1b8b457732d0b5c854e2"},"breadcrumb":{"@id":"https:\/\/dmcsrb.com\/region\/dodik-se-oglasio-nakon-odluke-izborne-komisije\/#breadcrumb"},"inLanguage":"en-GB","potentialAction":[{"@type":"ReadAction","target":["https:\/\/dmcsrb.com\/region\/dodik-se-oglasio-nakon-odluke-izborne-komisije\/"]}]},{"@type":"ImageObject","inLanguage":"en-GB","@id":"https:\/\/dmcsrb.com\/region\/dodik-se-oglasio-nakon-odluke-izborne-komisije\/#primaryimage","url":"https:\/\/dmcsrb.com\/wp-content\/uploads\/2026\/01\/milorad-dodik-predsjednik-rs1.webp","contentUrl":"https:\/\/dmcsrb.com\/wp-content\/uploads\/2026\/01\/milorad-dodik-predsjednik-rs1.webp","width":800,"height":550},{"@type":"BreadcrumbList","@id":"https:\/\/dmcsrb.com\/region\/dodik-se-oglasio-nakon-odluke-izborne-komisije\/#breadcrumb","itemListElement":[{"@type":"ListItem","position":1,"name":"Home","item":"https:\/\/dmcsrb.com\/"},{"@type":"ListItem","position":2,"name":"Dodik se oglasio nakon odluke Izborne komisije"}]},{"@type":"WebSite","@id":"https:\/\/dmcsrb.com\/#website","url":"https:\/\/dmcsrb.com\/","name":"dmcsrb.com","description":"","potentialAction":[{"@type":"SearchAction","target":{"@type":"EntryPoint","urlTemplate":"https:\/\/dmcsrb.com\/?s={search_term_string}"},"query-input":{"@type":"PropertyValueSpecification","valueRequired":true,"valueName":"search_term_string"}}],"inLanguage":"en-GB"},{"@type":"Person","@id":"https:\/\/dmcsrb.com\/#\/schema\/person\/5c39170f12db1b8b457732d0b5c854e2","name":"dmcsrbija.com@gmail.com","image":{"@type":"ImageObject","inLanguage":"en-GB","@id":"https:\/\/secure.gravatar.com\/avatar\/68592660ad6347fad0fb587f8d5d8f1a7b44961362f56e4f2cd524feb87e9069?s=96&d=mm&r=g","url":"https:\/\/secure.gravatar.com\/avatar\/68592660ad6347fad0fb587f8d5d8f1a7b44961362f56e4f2cd524feb87e9069?s=96&d=mm&r=g","contentUrl":"https:\/\/secure.gravatar.com\/avatar\/68592660ad6347fad0fb587f8d5d8f1a7b44961362f56e4f2cd524feb87e9069?s=96&d=mm&r=g","caption":"dmcsrbija.com@gmail.com"},"sameAs":["https:\/\/dmcsrb.com"],"url":"https:\/\/dmcsrb.com\/en\/author\/dmcsrbija-comgmail-com\/"}]}},"_links":{"self":[{"href":"https:\/\/dmcsrb.com\/en\/wp-json\/wp\/v2\/posts\/944624","targetHints":{"allow":["GET"]}}],"collection":[{"href":"https:\/\/dmcsrb.com\/en\/wp-json\/wp\/v2\/posts"}],"about":[{"href":"https:\/\/dmcsrb.com\/en\/wp-json\/wp\/v2\/types\/post"}],"author":[{"embeddable":true,"href":"https:\/\/dmcsrb.com\/en\/wp-json\/wp\/v2\/users\/1"}],"replies":[{"embeddable":true,"href":"https:\/\/dmcsrb.com\/en\/wp-json\/wp\/v2\/comments?post=944624"}],"version-history":[{"count":0,"href":"https:\/\/dmcsrb.com\/en\/wp-json\/wp\/v2\/posts\/944624\/revisions"}],"wp:featuredmedia":[{"embeddable":true,"href":"https:\/\/dmcsrb.com\/en\/wp-json\/wp\/v2\/media\/943637"}],"wp:attachment":[{"href":"https:\/\/dmcsrb.com\/en\/wp-json\/wp\/v2\/media?parent=944624"}],"wp:term":[{"taxonomy":"category","embeddable":true,"href":"https:\/\/dmcsrb.com\/en\/wp-json\/wp\/v2\/categories?post=944624"},{"taxonomy":"post_tag","embeddable":true,"href":"https:\/\/dmcsrb.com\/en\/wp-json\/wp\/v2\/tags?post=944624"},{"taxonomy":"naslovna","embeddable":true,"href":"https:\/\/dmcsrb.com\/en\/wp-json\/wp\/v2\/naslovna?post=944624"}],"curies":[{"name":"wp","href":"https:\/\/api.w.org\/{rel}","templated":true}]}}