{"id":944576,"date":"2025-08-06T08:23:00","date_gmt":"2025-08-06T06:23:00","guid":{"rendered":"https:\/\/dmcsrb.com\/uncategorized\/vucic-otkrio-kakvo-je-stanje-ministra-glisica-nakon-mozdanog-udara\/"},"modified":"2025-08-06T08:23:00","modified_gmt":"2025-08-06T06:23:00","slug":"vucic-otkrio-kakvo-je-stanje-ministra-glisica-nakon-mozdanog-udara","status":"publish","type":"post","link":"https:\/\/dmcsrb.com\/en\/region\/vucic-otkrio-kakvo-je-stanje-ministra-glisica-nakon-mozdanog-udara\/","title":{"rendered":"Vu\u010di\u0107 otkrio kakvo je stanje ministra Gli\u0161i\u0107a nakon mo\u017edanog udara"},"content":{"rendered":"<p><\/p>\n\n\n\n<p>&#8221;Do\u0161ao sam u Klini\u010dki centar Srbije i posjetio Darka Gli\u0161i\u0107a i za sve na\u0161e ljude ho\u0107u da ka\u017eem jednu divnu vijest. Darko je bolje, razgovarao sam sa njim. Jo\u0161 se pomalo mu\u010di, ali ne mogu da vam opi\u0161em moju radost, a i njegovu. Srbiju ne mogu da pobjede. Nema predaje, \u017eivjela Srbija&#8221;, poru\u010dio je Vu\u010di\u0107 sino\u0107 na Instagram nalogu &#8221;buducnostsrbijeav&#8221;.<\/p>\n\n\n\n<p>Predsjedniku Izvr\u0161nog odbora vladaju\u0107e Srpske napredne stranke i ministru za javna ulaganja Darku Gli\u0161i\u0107u iznenada je u utorak ujutru pozlilo tokom gostovanja na TV Pink, nakon \u010dega je hitno preba\u010den u Urgentni centar.<\/p>\n\n\n\n<figure class=\"wp-block-embed is-type-wp-embed is-provider-gradski-portal wp-block-embed-gradski-portal\"><div class=\"wp-block-embed__wrapper\">\nhttps:\/\/gradski.me\/srbija-ministru-glisicu-pozlilo-tokom-gostovanja-na-tv-pink-u-teskom-je-zdravstvenom-stanju\/\n<\/div><\/figure>\n\n\n\n<p>Ministar zdravlja Zlatibor Lon\u010dar izjavio je ju\u010de da je Gli\u0161i\u0107 imao mo\u017edani udar i da je operisan, ali da je njegovo stanje i dalje te\u0161ko i da su preduzete sve mjere kako bi se njegovo zdravstveno stanje pobolj\u0161alo.<\/p>","protected":false},"excerpt":{"rendered":"<p>Predsjednik Srbije Aleksandar Vu\u010di\u0107 saop\u0161tio je da je posjetio ministra Darka Gli\u0161i\u0107a u Urgentnom centru nakon \u0161to je do\u017eivio mo\u017edani udar, navode\u0107i da je sa Gli\u0161i\u0107em razgovarao i da se on osje\u0107a bolje.<\/p>","protected":false},"author":1,"featured_media":944475,"comment_status":"open","ping_status":"open","sticky":false,"template":"","format":"standard","meta":{"_acf_changed":false,"footnotes":""},"categories":[103],"tags":[1174,16836],"naslovna":[],"class_list":["post-944576","post","type-post","status-publish","format-standard","has-post-thumbnail","hentry","category-region","tag-aleksandar-vucic","tag-darko-glisic"],"acf":[],"yoast_head":"<!-- This site is optimized with the Yoast SEO plugin v27.0 - https:\/\/yoast.com\/product\/yoast-seo-wordpress\/ -->\n<title>Vu\u010di\u0107 otkrio kakvo je stanje ministra Gli\u0161i\u0107a nakon mo\u017edanog udara - dmcsrb.com<\/title>\n<meta name=\"robots\" content=\"index, follow, max-snippet:-1, max-image-preview:large, max-video-preview:-1\" \/>\n<link rel=\"canonical\" href=\"https:\/\/dmcsrb.com\/en\/region\/vucic-otkrio-kakvo-je-stanje-ministra-glisica-nakon-mozdanog-udara\/\" \/>\n<meta property=\"og:locale\" content=\"en_GB\" \/>\n<meta property=\"og:type\" content=\"article\" \/>\n<meta property=\"og:title\" content=\"Vu\u010di\u0107 otkrio kakvo je stanje ministra Gli\u0161i\u0107a nakon mo\u017edanog udara - dmcsrb.com\" \/>\n<meta property=\"og:description\" content=\"Predsjednik Srbije Aleksandar Vu\u010di\u0107 saop\u0161tio je da je posjetio ministra Darka Gli\u0161i\u0107a u Urgentnom centru nakon \u0161to je do\u017eivio mo\u017edani udar, navode\u0107i da je sa Gli\u0161i\u0107em razgovarao i da se on osje\u0107a bolje.\" \/>\n<meta property=\"og:url\" content=\"https:\/\/dmcsrb.com\/en\/region\/vucic-otkrio-kakvo-je-stanje-ministra-glisica-nakon-mozdanog-udara\/\" \/>\n<meta property=\"og:site_name\" content=\"dmcsrb.com\" \/>\n<meta property=\"article:published_time\" content=\"2025-08-06T06:23:00+00:00\" \/>\n<meta property=\"og:image\" content=\"https:\/\/dmcsrb.com\/wp-content\/uploads\/2026\/01\/2344688.webp\" \/>\n\t<meta property=\"og:image:width\" content=\"688\" \/>\n\t<meta property=\"og:image:height\" content=\"461\" \/>\n\t<meta property=\"og:image:type\" content=\"image\/jpeg\" \/>\n<meta name=\"author\" content=\"dmcsrbija.com@gmail.com\" \/>\n<meta name=\"twitter:card\" content=\"summary_large_image\" \/>\n<meta name=\"twitter:label1\" content=\"Written by\" \/>\n\t<meta name=\"twitter:data1\" content=\"dmcsrbija.com@gmail.com\" \/>\n\t<meta name=\"twitter:label2\" content=\"Estimated reading time\" \/>\n\t<meta name=\"twitter:data2\" content=\"1 minute\" \/>\n<script type=\"application\/ld+json\" class=\"yoast-schema-graph\">{\"@context\":\"https:\/\/schema.org\",\"@graph\":[{\"@type\":\"Article\",\"@id\":\"https:\/\/dmcsrb.com\/region\/vucic-otkrio-kakvo-je-stanje-ministra-glisica-nakon-mozdanog-udara\/#article\",\"isPartOf\":{\"@id\":\"https:\/\/dmcsrb.com\/region\/vucic-otkrio-kakvo-je-stanje-ministra-glisica-nakon-mozdanog-udara\/\"},\"author\":{\"name\":\"dmcsrbija.com@gmail.com\",\"@id\":\"https:\/\/dmcsrb.com\/#\/schema\/person\/5c39170f12db1b8b457732d0b5c854e2\"},\"headline\":\"Vu\u010di\u0107 otkrio kakvo je stanje ministra Gli\u0161i\u0107a nakon mo\u017edanog udara\",\"datePublished\":\"2025-08-06T06:23:00+00:00\",\"mainEntityOfPage\":{\"@id\":\"https:\/\/dmcsrb.com\/region\/vucic-otkrio-kakvo-je-stanje-ministra-glisica-nakon-mozdanog-udara\/\"},\"wordCount\":171,\"commentCount\":0,\"image\":{\"@id\":\"https:\/\/dmcsrb.com\/region\/vucic-otkrio-kakvo-je-stanje-ministra-glisica-nakon-mozdanog-udara\/#primaryimage\"},\"thumbnailUrl\":\"https:\/\/dmcsrb.com\/wp-content\/uploads\/2026\/01\/2344688.webp\",\"keywords\":[\"Aleksandar Vu\u010di\u0107\",\"Darko Gli\u0161i\u0107\"],\"articleSection\":[\"Region\"],\"inLanguage\":\"en-GB\",\"potentialAction\":[{\"@type\":\"CommentAction\",\"name\":\"Comment\",\"target\":[\"https:\/\/dmcsrb.com\/region\/vucic-otkrio-kakvo-je-stanje-ministra-glisica-nakon-mozdanog-udara\/#respond\"]}]},{\"@type\":\"WebPage\",\"@id\":\"https:\/\/dmcsrb.com\/region\/vucic-otkrio-kakvo-je-stanje-ministra-glisica-nakon-mozdanog-udara\/\",\"url\":\"https:\/\/dmcsrb.com\/region\/vucic-otkrio-kakvo-je-stanje-ministra-glisica-nakon-mozdanog-udara\/\",\"name\":\"Vu\u010di\u0107 otkrio kakvo je stanje ministra Gli\u0161i\u0107a nakon mo\u017edanog udara - dmcsrb.com\",\"isPartOf\":{\"@id\":\"https:\/\/dmcsrb.com\/#website\"},\"primaryImageOfPage\":{\"@id\":\"https:\/\/dmcsrb.com\/region\/vucic-otkrio-kakvo-je-stanje-ministra-glisica-nakon-mozdanog-udara\/#primaryimage\"},\"image\":{\"@id\":\"https:\/\/dmcsrb.com\/region\/vucic-otkrio-kakvo-je-stanje-ministra-glisica-nakon-mozdanog-udara\/#primaryimage\"},\"thumbnailUrl\":\"https:\/\/dmcsrb.com\/wp-content\/uploads\/2026\/01\/2344688.webp\",\"datePublished\":\"2025-08-06T06:23:00+00:00\",\"author\":{\"@id\":\"https:\/\/dmcsrb.com\/#\/schema\/person\/5c39170f12db1b8b457732d0b5c854e2\"},\"breadcrumb\":{\"@id\":\"https:\/\/dmcsrb.com\/region\/vucic-otkrio-kakvo-je-stanje-ministra-glisica-nakon-mozdanog-udara\/#breadcrumb\"},\"inLanguage\":\"en-GB\",\"potentialAction\":[{\"@type\":\"ReadAction\",\"target\":[\"https:\/\/dmcsrb.com\/region\/vucic-otkrio-kakvo-je-stanje-ministra-glisica-nakon-mozdanog-udara\/\"]}]},{\"@type\":\"ImageObject\",\"inLanguage\":\"en-GB\",\"@id\":\"https:\/\/dmcsrb.com\/region\/vucic-otkrio-kakvo-je-stanje-ministra-glisica-nakon-mozdanog-udara\/#primaryimage\",\"url\":\"https:\/\/dmcsrb.com\/wp-content\/uploads\/2026\/01\/2344688.webp\",\"contentUrl\":\"https:\/\/dmcsrb.com\/wp-content\/uploads\/2026\/01\/2344688.webp\",\"width\":688,\"height\":461},{\"@type\":\"BreadcrumbList\",\"@id\":\"https:\/\/dmcsrb.com\/region\/vucic-otkrio-kakvo-je-stanje-ministra-glisica-nakon-mozdanog-udara\/#breadcrumb\",\"itemListElement\":[{\"@type\":\"ListItem\",\"position\":1,\"name\":\"Home\",\"item\":\"https:\/\/dmcsrb.com\/\"},{\"@type\":\"ListItem\",\"position\":2,\"name\":\"Vu\u010di\u0107 otkrio kakvo je stanje ministra Gli\u0161i\u0107a nakon mo\u017edanog udara\"}]},{\"@type\":\"WebSite\",\"@id\":\"https:\/\/dmcsrb.com\/#website\",\"url\":\"https:\/\/dmcsrb.com\/\",\"name\":\"dmcsrb.com\",\"description\":\"\",\"potentialAction\":[{\"@type\":\"SearchAction\",\"target\":{\"@type\":\"EntryPoint\",\"urlTemplate\":\"https:\/\/dmcsrb.com\/?s={search_term_string}\"},\"query-input\":{\"@type\":\"PropertyValueSpecification\",\"valueRequired\":true,\"valueName\":\"search_term_string\"}}],\"inLanguage\":\"en-GB\"},{\"@type\":\"Person\",\"@id\":\"https:\/\/dmcsrb.com\/#\/schema\/person\/5c39170f12db1b8b457732d0b5c854e2\",\"name\":\"dmcsrbija.com@gmail.com\",\"image\":{\"@type\":\"ImageObject\",\"inLanguage\":\"en-GB\",\"@id\":\"https:\/\/dmcsrb.com\/#\/schema\/person\/image\/\",\"url\":\"https:\/\/secure.gravatar.com\/avatar\/68592660ad6347fad0fb587f8d5d8f1a7b44961362f56e4f2cd524feb87e9069?s=96&d=mm&r=g\",\"contentUrl\":\"https:\/\/secure.gravatar.com\/avatar\/68592660ad6347fad0fb587f8d5d8f1a7b44961362f56e4f2cd524feb87e9069?s=96&d=mm&r=g\",\"caption\":\"dmcsrbija.com@gmail.com\"},\"sameAs\":[\"https:\/\/dmcsrb.com\"],\"url\":\"https:\/\/dmcsrb.com\/en\/author\/dmcsrbija-comgmail-com\/\"}]}<\/script>\n<!-- \/ Yoast SEO plugin. -->","yoast_head_json":{"title":"Vu\u010di\u0107 otkrio kakvo je stanje ministra Gli\u0161i\u0107a nakon mo\u017edanog udara - dmcsrb.com","robots":{"index":"index","follow":"follow","max-snippet":"max-snippet:-1","max-image-preview":"max-image-preview:large","max-video-preview":"max-video-preview:-1"},"canonical":"https:\/\/dmcsrb.com\/en\/region\/vucic-otkrio-kakvo-je-stanje-ministra-glisica-nakon-mozdanog-udara\/","og_locale":"en_GB","og_type":"article","og_title":"Vu\u010di\u0107 otkrio kakvo je stanje ministra Gli\u0161i\u0107a nakon mo\u017edanog udara - dmcsrb.com","og_description":"Predsjednik Srbije Aleksandar Vu\u010di\u0107 saop\u0161tio je da je posjetio ministra Darka Gli\u0161i\u0107a u Urgentnom centru nakon \u0161to je do\u017eivio mo\u017edani udar, navode\u0107i da je sa Gli\u0161i\u0107em razgovarao i da se on osje\u0107a bolje.","og_url":"https:\/\/dmcsrb.com\/en\/region\/vucic-otkrio-kakvo-je-stanje-ministra-glisica-nakon-mozdanog-udara\/","og_site_name":"dmcsrb.com","article_published_time":"2025-08-06T06:23:00+00:00","og_image":[{"width":688,"height":461,"url":"https:\/\/dmcsrb.com\/wp-content\/uploads\/2026\/01\/2344688.webp","type":"image\/jpeg"}],"author":"dmcsrbija.com@gmail.com","twitter_card":"summary_large_image","twitter_misc":{"Written by":"dmcsrbija.com@gmail.com","Estimated reading time":"1 minute"},"schema":{"@context":"https:\/\/schema.org","@graph":[{"@type":"Article","@id":"https:\/\/dmcsrb.com\/region\/vucic-otkrio-kakvo-je-stanje-ministra-glisica-nakon-mozdanog-udara\/#article","isPartOf":{"@id":"https:\/\/dmcsrb.com\/region\/vucic-otkrio-kakvo-je-stanje-ministra-glisica-nakon-mozdanog-udara\/"},"author":{"name":"dmcsrbija.com@gmail.com","@id":"https:\/\/dmcsrb.com\/#\/schema\/person\/5c39170f12db1b8b457732d0b5c854e2"},"headline":"Vu\u010di\u0107 otkrio kakvo je stanje ministra Gli\u0161i\u0107a nakon mo\u017edanog udara","datePublished":"2025-08-06T06:23:00+00:00","mainEntityOfPage":{"@id":"https:\/\/dmcsrb.com\/region\/vucic-otkrio-kakvo-je-stanje-ministra-glisica-nakon-mozdanog-udara\/"},"wordCount":171,"commentCount":0,"image":{"@id":"https:\/\/dmcsrb.com\/region\/vucic-otkrio-kakvo-je-stanje-ministra-glisica-nakon-mozdanog-udara\/#primaryimage"},"thumbnailUrl":"https:\/\/dmcsrb.com\/wp-content\/uploads\/2026\/01\/2344688.webp","keywords":["Aleksandar Vu\u010di\u0107","Darko Gli\u0161i\u0107"],"articleSection":["Region"],"inLanguage":"en-GB","potentialAction":[{"@type":"CommentAction","name":"Comment","target":["https:\/\/dmcsrb.com\/region\/vucic-otkrio-kakvo-je-stanje-ministra-glisica-nakon-mozdanog-udara\/#respond"]}]},{"@type":"WebPage","@id":"https:\/\/dmcsrb.com\/region\/vucic-otkrio-kakvo-je-stanje-ministra-glisica-nakon-mozdanog-udara\/","url":"https:\/\/dmcsrb.com\/region\/vucic-otkrio-kakvo-je-stanje-ministra-glisica-nakon-mozdanog-udara\/","name":"Vu\u010di\u0107 otkrio kakvo je stanje ministra Gli\u0161i\u0107a nakon mo\u017edanog udara - dmcsrb.com","isPartOf":{"@id":"https:\/\/dmcsrb.com\/#website"},"primaryImageOfPage":{"@id":"https:\/\/dmcsrb.com\/region\/vucic-otkrio-kakvo-je-stanje-ministra-glisica-nakon-mozdanog-udara\/#primaryimage"},"image":{"@id":"https:\/\/dmcsrb.com\/region\/vucic-otkrio-kakvo-je-stanje-ministra-glisica-nakon-mozdanog-udara\/#primaryimage"},"thumbnailUrl":"https:\/\/dmcsrb.com\/wp-content\/uploads\/2026\/01\/2344688.webp","datePublished":"2025-08-06T06:23:00+00:00","author":{"@id":"https:\/\/dmcsrb.com\/#\/schema\/person\/5c39170f12db1b8b457732d0b5c854e2"},"breadcrumb":{"@id":"https:\/\/dmcsrb.com\/region\/vucic-otkrio-kakvo-je-stanje-ministra-glisica-nakon-mozdanog-udara\/#breadcrumb"},"inLanguage":"en-GB","potentialAction":[{"@type":"ReadAction","target":["https:\/\/dmcsrb.com\/region\/vucic-otkrio-kakvo-je-stanje-ministra-glisica-nakon-mozdanog-udara\/"]}]},{"@type":"ImageObject","inLanguage":"en-GB","@id":"https:\/\/dmcsrb.com\/region\/vucic-otkrio-kakvo-je-stanje-ministra-glisica-nakon-mozdanog-udara\/#primaryimage","url":"https:\/\/dmcsrb.com\/wp-content\/uploads\/2026\/01\/2344688.webp","contentUrl":"https:\/\/dmcsrb.com\/wp-content\/uploads\/2026\/01\/2344688.webp","width":688,"height":461},{"@type":"BreadcrumbList","@id":"https:\/\/dmcsrb.com\/region\/vucic-otkrio-kakvo-je-stanje-ministra-glisica-nakon-mozdanog-udara\/#breadcrumb","itemListElement":[{"@type":"ListItem","position":1,"name":"Home","item":"https:\/\/dmcsrb.com\/"},{"@type":"ListItem","position":2,"name":"Vu\u010di\u0107 otkrio kakvo je stanje ministra Gli\u0161i\u0107a nakon mo\u017edanog udara"}]},{"@type":"WebSite","@id":"https:\/\/dmcsrb.com\/#website","url":"https:\/\/dmcsrb.com\/","name":"dmcsrb.com","description":"","potentialAction":[{"@type":"SearchAction","target":{"@type":"EntryPoint","urlTemplate":"https:\/\/dmcsrb.com\/?s={search_term_string}"},"query-input":{"@type":"PropertyValueSpecification","valueRequired":true,"valueName":"search_term_string"}}],"inLanguage":"en-GB"},{"@type":"Person","@id":"https:\/\/dmcsrb.com\/#\/schema\/person\/5c39170f12db1b8b457732d0b5c854e2","name":"dmcsrbija.com@gmail.com","image":{"@type":"ImageObject","inLanguage":"en-GB","@id":"https:\/\/dmcsrb.com\/#\/schema\/person\/image\/","url":"https:\/\/secure.gravatar.com\/avatar\/68592660ad6347fad0fb587f8d5d8f1a7b44961362f56e4f2cd524feb87e9069?s=96&d=mm&r=g","contentUrl":"https:\/\/secure.gravatar.com\/avatar\/68592660ad6347fad0fb587f8d5d8f1a7b44961362f56e4f2cd524feb87e9069?s=96&d=mm&r=g","caption":"dmcsrbija.com@gmail.com"},"sameAs":["https:\/\/dmcsrb.com"],"url":"https:\/\/dmcsrb.com\/en\/author\/dmcsrbija-comgmail-com\/"}]}},"_links":{"self":[{"href":"https:\/\/dmcsrb.com\/en\/wp-json\/wp\/v2\/posts\/944576","targetHints":{"allow":["GET"]}}],"collection":[{"href":"https:\/\/dmcsrb.com\/en\/wp-json\/wp\/v2\/posts"}],"about":[{"href":"https:\/\/dmcsrb.com\/en\/wp-json\/wp\/v2\/types\/post"}],"author":[{"embeddable":true,"href":"https:\/\/dmcsrb.com\/en\/wp-json\/wp\/v2\/users\/1"}],"replies":[{"embeddable":true,"href":"https:\/\/dmcsrb.com\/en\/wp-json\/wp\/v2\/comments?post=944576"}],"version-history":[{"count":0,"href":"https:\/\/dmcsrb.com\/en\/wp-json\/wp\/v2\/posts\/944576\/revisions"}],"wp:featuredmedia":[{"embeddable":true,"href":"https:\/\/dmcsrb.com\/en\/wp-json\/wp\/v2\/media\/944475"}],"wp:attachment":[{"href":"https:\/\/dmcsrb.com\/en\/wp-json\/wp\/v2\/media?parent=944576"}],"wp:term":[{"taxonomy":"category","embeddable":true,"href":"https:\/\/dmcsrb.com\/en\/wp-json\/wp\/v2\/categories?post=944576"},{"taxonomy":"post_tag","embeddable":true,"href":"https:\/\/dmcsrb.com\/en\/wp-json\/wp\/v2\/tags?post=944576"},{"taxonomy":"naslovna","embeddable":true,"href":"https:\/\/dmcsrb.com\/en\/wp-json\/wp\/v2\/naslovna?post=944576"}],"curies":[{"name":"wp","href":"https:\/\/api.w.org\/{rel}","templated":true}]}}