{"id":944474,"date":"2025-08-05T15:13:00","date_gmt":"2025-08-05T13:13:00","guid":{"rendered":"https:\/\/dmcsrb.com\/uncategorized\/srbija-ministar-glisic-operisan-poslije-mozdanog-udara\/"},"modified":"2025-08-05T15:13:00","modified_gmt":"2025-08-05T13:13:00","slug":"srbija-ministar-glisic-operisan-poslije-mozdanog-udara","status":"publish","type":"post","link":"https:\/\/dmcsrb.com\/en\/region\/srbija-ministar-glisic-operisan-poslije-mozdanog-udara\/","title":{"rendered":"Srbija: Ministar Gli\u0161i\u0107 operisan poslije mo\u017edanog udara"},"content":{"rendered":"<p>Ministar za javna ulaganja Darko Gli\u0161i\u0107 operisan je u Klini\u010dkom centru Srbije, po\u0161to mu je pozlilo jutros dok je gostovao u Jutarnjem programu TV Pink.<\/p>\n\n\n\n<p>Ministar zdravlja Zlatibor Lon\u010dar izjavio je da je njegovo zdravstveno stanje i dalje te\u0161ko, i da je na respiratoru u jedinici intenzivne njege.<\/p>\n\n\n\n<p>Lon\u010dar je naveo da je intervencija bila kompleksna i komplikovana i da je trajala du\u017ee nego \u0161to je uobi\u010dajeno jer su, kako je naveo, bila o\u0161te\u0107ena dva krvna suda.<\/p>\n\n\n\n<p>&#8221;Jedan veliki krvni sud je kompletno bio zapu\u0161en, a drugi je bio ne samo zapu\u0161en nego je i krvario. Ljekari su uspjeli da rije\u0161e problem oba krvna suda i sada imaju protok krvi&#8221;, rekao je Lon\u010dar novinarima u Urgentnom centru.<\/p>\n\n\n\n<p>Dodao je da je Gli\u0161i\u0107 i dalje u te\u0161kom stanju, da \u0107e zbog kompleksnosti situacije do sjutra ujutro biti intubiran i na respiratoru, kao i da mu predstoji ozbiljna borba.<\/p>\n\n\n\n<p>&#8220;Mogu da vam ka\u017eem da su ura\u0111ene intervencije koje se rade u malo centara u svijetu. Dobra stvar je \u0161to je on ovdje u prvih pola sata, sat do\u0161ao i \u0161to te intervencije imaju ve\u0107i uspjeh i bolji rezultat kada se urade \u0161to prije. To je ovoga puta ispo\u0161tovano. U maksimalno kratkom roku je sve odra\u0111eno&#8221;, istakao je Lon\u010dar.<\/p>\n\n\n\n<p>Dodao je da sada ostaje da se radi monitoring nad Gli\u0161i\u0107em.<\/p>\n\n\n\n<p>&#8220;Uzrok je otklonjen, ali vidje\u0107emo kako \u0107e reagovati njegov organizam na dalju terapiju koju mora da prima&#8221;, rekao je Lon\u010dar.<\/p>\n\n\n\n<p>Dodao je da \u0107e, ako ne bude nekih nepredvi\u0111enih okolnosti, sjutra ujutro izvjestiti o Gli\u0161i\u0107evom stanju.<\/p>\n\n\n\n<p>&#8220;Molim vas, nemojte me pitati za prognoze ili bilo \u0161ta. Mi se borimo iz sata u sat, ne\u0107emo davati nikakve prognoze. Na\u0161e je da uradimo \u0161ta medicina zna i tako \u0107emo se i pona\u0161ati&#8221;, naveo je ministar zdravlja.<\/p>\n\n\n\n<p>Ministru za javna ulaganja i predsjedniku Izvr\u0161nog odbora SNS-a pozlilo je jutros tokom gostovanja u Jutarnjem programu TV Pink. Program je prekinut, a ministar je preba\u010den u Urgentni centar.<\/p>\n\n\n\n<p>&#8220;Pozlilo mu je u TV emisiji, dovezen je (u Urgentni centar) bez svjesti, u toku je dijagnostika, uklju\u010dena je i terapija\u2026 Ono \u0161to je za sada poznato, to je da je u te\u0161kom stanju. Bitno je da je na vrijeme do\u0161ao od doga\u0111aja, odnosno od mo\u017edanog udara, prvih nekoliko sati je klju\u010dno\u201c, rekao je ministar Lon\u010dar za TV Informer i napomenuo da je predsednik Srbije Aleksandar Vu\u010di\u0107 od prvog minuta sa njim.<\/p>\n\n\n\n<p>Vu\u010di\u0107 je uputio poruku podr\u0161ke Gli\u0161i\u0107u. &#8220;Dare, dr\u017ei se! Nema predaje&#8221;, napisao je Vu\u010di\u0107 na Instagramu.<\/p>\n\n\n\n<p><\/p>","protected":false},"excerpt":{"rendered":"<p>Ministru za javna ulaganja i predsjedniku Izvr\u0161nog odbora SNS-a Darku Gli\u0161i\u0107u iznenada je pozlilo jutros dok je gostovao u Jutarnjem programu TV Pink. Operacija u Klini\u010dkom centru Srbije je zavr\u0161ena i on je na respiratoru, rekao je ministar zdravlja Zlatibor Lon\u010dar, koji je ranije potvrdio da je rije\u010d o mo\u017edanom udaru i da je ministar Gli\u0161i\u0107 u te\u0161kom stanju.<\/p>","protected":false},"author":1,"featured_media":944475,"comment_status":"open","ping_status":"open","sticky":false,"template":"","format":"standard","meta":{"_acf_changed":false,"footnotes":""},"categories":[103],"tags":[16836,12548,22],"naslovna":[],"class_list":["post-944474","post","type-post","status-publish","format-standard","has-post-thumbnail","hentry","category-region","tag-darko-glisic","tag-mozdani-udar","tag-srbija"],"acf":[],"yoast_head":"<!-- This site is optimized with the Yoast SEO plugin v27.0 - https:\/\/yoast.com\/product\/yoast-seo-wordpress\/ -->\n<title>Srbija: Ministar Gli\u0161i\u0107 operisan poslije mo\u017edanog udara - dmcsrb.com<\/title>\n<meta name=\"robots\" content=\"index, follow, max-snippet:-1, max-image-preview:large, max-video-preview:-1\" \/>\n<link rel=\"canonical\" href=\"https:\/\/dmcsrb.com\/en\/region\/srbija-ministar-glisic-operisan-poslije-mozdanog-udara\/\" \/>\n<meta property=\"og:locale\" content=\"en_GB\" \/>\n<meta property=\"og:type\" content=\"article\" \/>\n<meta property=\"og:title\" content=\"Srbija: Ministar Gli\u0161i\u0107 operisan poslije mo\u017edanog udara - dmcsrb.com\" \/>\n<meta property=\"og:description\" content=\"Ministru za javna ulaganja i predsjedniku Izvr\u0161nog odbora SNS-a Darku Gli\u0161i\u0107u iznenada je pozlilo jutros dok je gostovao u Jutarnjem programu TV Pink. Operacija u Klini\u010dkom centru Srbije je zavr\u0161ena i on je na respiratoru, rekao je ministar zdravlja Zlatibor Lon\u010dar, koji je ranije potvrdio da je rije\u010d o mo\u017edanom udaru i da je ministar Gli\u0161i\u0107 u te\u0161kom stanju.\" \/>\n<meta property=\"og:url\" content=\"https:\/\/dmcsrb.com\/en\/region\/srbija-ministar-glisic-operisan-poslije-mozdanog-udara\/\" \/>\n<meta property=\"og:site_name\" content=\"dmcsrb.com\" \/>\n<meta property=\"article:published_time\" content=\"2025-08-05T13:13:00+00:00\" \/>\n<meta property=\"og:image\" content=\"https:\/\/dmcsrb.com\/wp-content\/uploads\/2026\/01\/2344688.webp\" \/>\n\t<meta property=\"og:image:width\" content=\"688\" \/>\n\t<meta property=\"og:image:height\" content=\"461\" \/>\n\t<meta property=\"og:image:type\" content=\"image\/jpeg\" \/>\n<meta name=\"author\" content=\"dmcsrbija.com@gmail.com\" \/>\n<meta name=\"twitter:card\" content=\"summary_large_image\" \/>\n<meta name=\"twitter:label1\" content=\"Written by\" \/>\n\t<meta name=\"twitter:data1\" content=\"dmcsrbija.com@gmail.com\" \/>\n\t<meta name=\"twitter:label2\" content=\"Estimated reading time\" \/>\n\t<meta name=\"twitter:data2\" content=\"2 minutes\" \/>\n<script type=\"application\/ld+json\" class=\"yoast-schema-graph\">{\"@context\":\"https:\/\/schema.org\",\"@graph\":[{\"@type\":\"Article\",\"@id\":\"https:\/\/dmcsrb.com\/region\/srbija-ministar-glisic-operisan-poslije-mozdanog-udara\/#article\",\"isPartOf\":{\"@id\":\"https:\/\/dmcsrb.com\/region\/srbija-ministar-glisic-operisan-poslije-mozdanog-udara\/\"},\"author\":{\"name\":\"dmcsrbija.com@gmail.com\",\"@id\":\"https:\/\/dmcsrb.com\/#\/schema\/person\/5c39170f12db1b8b457732d0b5c854e2\"},\"headline\":\"Srbija: Ministar Gli\u0161i\u0107 operisan poslije mo\u017edanog udara\",\"datePublished\":\"2025-08-05T13:13:00+00:00\",\"mainEntityOfPage\":{\"@id\":\"https:\/\/dmcsrb.com\/region\/srbija-ministar-glisic-operisan-poslije-mozdanog-udara\/\"},\"wordCount\":466,\"commentCount\":0,\"image\":{\"@id\":\"https:\/\/dmcsrb.com\/region\/srbija-ministar-glisic-operisan-poslije-mozdanog-udara\/#primaryimage\"},\"thumbnailUrl\":\"https:\/\/dmcsrb.com\/wp-content\/uploads\/2026\/01\/2344688.webp\",\"keywords\":[\"Darko Gli\u0161i\u0107\",\"Mo\u017edani udar\",\"Srbija\"],\"articleSection\":[\"Region\"],\"inLanguage\":\"en-GB\",\"potentialAction\":[{\"@type\":\"CommentAction\",\"name\":\"Comment\",\"target\":[\"https:\/\/dmcsrb.com\/region\/srbija-ministar-glisic-operisan-poslije-mozdanog-udara\/#respond\"]}]},{\"@type\":\"WebPage\",\"@id\":\"https:\/\/dmcsrb.com\/region\/srbija-ministar-glisic-operisan-poslije-mozdanog-udara\/\",\"url\":\"https:\/\/dmcsrb.com\/region\/srbija-ministar-glisic-operisan-poslije-mozdanog-udara\/\",\"name\":\"Srbija: Ministar Gli\u0161i\u0107 operisan poslije mo\u017edanog udara - dmcsrb.com\",\"isPartOf\":{\"@id\":\"https:\/\/dmcsrb.com\/#website\"},\"primaryImageOfPage\":{\"@id\":\"https:\/\/dmcsrb.com\/region\/srbija-ministar-glisic-operisan-poslije-mozdanog-udara\/#primaryimage\"},\"image\":{\"@id\":\"https:\/\/dmcsrb.com\/region\/srbija-ministar-glisic-operisan-poslije-mozdanog-udara\/#primaryimage\"},\"thumbnailUrl\":\"https:\/\/dmcsrb.com\/wp-content\/uploads\/2026\/01\/2344688.webp\",\"datePublished\":\"2025-08-05T13:13:00+00:00\",\"author\":{\"@id\":\"https:\/\/dmcsrb.com\/#\/schema\/person\/5c39170f12db1b8b457732d0b5c854e2\"},\"breadcrumb\":{\"@id\":\"https:\/\/dmcsrb.com\/region\/srbija-ministar-glisic-operisan-poslije-mozdanog-udara\/#breadcrumb\"},\"inLanguage\":\"en-GB\",\"potentialAction\":[{\"@type\":\"ReadAction\",\"target\":[\"https:\/\/dmcsrb.com\/region\/srbija-ministar-glisic-operisan-poslije-mozdanog-udara\/\"]}]},{\"@type\":\"ImageObject\",\"inLanguage\":\"en-GB\",\"@id\":\"https:\/\/dmcsrb.com\/region\/srbija-ministar-glisic-operisan-poslije-mozdanog-udara\/#primaryimage\",\"url\":\"https:\/\/dmcsrb.com\/wp-content\/uploads\/2026\/01\/2344688.webp\",\"contentUrl\":\"https:\/\/dmcsrb.com\/wp-content\/uploads\/2026\/01\/2344688.webp\",\"width\":688,\"height\":461},{\"@type\":\"BreadcrumbList\",\"@id\":\"https:\/\/dmcsrb.com\/region\/srbija-ministar-glisic-operisan-poslije-mozdanog-udara\/#breadcrumb\",\"itemListElement\":[{\"@type\":\"ListItem\",\"position\":1,\"name\":\"Home\",\"item\":\"https:\/\/dmcsrb.com\/\"},{\"@type\":\"ListItem\",\"position\":2,\"name\":\"Srbija: Ministar Gli\u0161i\u0107 operisan poslije mo\u017edanog udara\"}]},{\"@type\":\"WebSite\",\"@id\":\"https:\/\/dmcsrb.com\/#website\",\"url\":\"https:\/\/dmcsrb.com\/\",\"name\":\"dmcsrb.com\",\"description\":\"\",\"potentialAction\":[{\"@type\":\"SearchAction\",\"target\":{\"@type\":\"EntryPoint\",\"urlTemplate\":\"https:\/\/dmcsrb.com\/?s={search_term_string}\"},\"query-input\":{\"@type\":\"PropertyValueSpecification\",\"valueRequired\":true,\"valueName\":\"search_term_string\"}}],\"inLanguage\":\"en-GB\"},{\"@type\":\"Person\",\"@id\":\"https:\/\/dmcsrb.com\/#\/schema\/person\/5c39170f12db1b8b457732d0b5c854e2\",\"name\":\"dmcsrbija.com@gmail.com\",\"image\":{\"@type\":\"ImageObject\",\"inLanguage\":\"en-GB\",\"@id\":\"https:\/\/dmcsrb.com\/#\/schema\/person\/image\/\",\"url\":\"https:\/\/secure.gravatar.com\/avatar\/68592660ad6347fad0fb587f8d5d8f1a7b44961362f56e4f2cd524feb87e9069?s=96&d=mm&r=g\",\"contentUrl\":\"https:\/\/secure.gravatar.com\/avatar\/68592660ad6347fad0fb587f8d5d8f1a7b44961362f56e4f2cd524feb87e9069?s=96&d=mm&r=g\",\"caption\":\"dmcsrbija.com@gmail.com\"},\"sameAs\":[\"https:\/\/dmcsrb.com\"],\"url\":\"https:\/\/dmcsrb.com\/en\/author\/dmcsrbija-comgmail-com\/\"}]}<\/script>\n<!-- \/ Yoast SEO plugin. -->","yoast_head_json":{"title":"Srbija: Ministar Gli\u0161i\u0107 operisan poslije mo\u017edanog udara - dmcsrb.com","robots":{"index":"index","follow":"follow","max-snippet":"max-snippet:-1","max-image-preview":"max-image-preview:large","max-video-preview":"max-video-preview:-1"},"canonical":"https:\/\/dmcsrb.com\/en\/region\/srbija-ministar-glisic-operisan-poslije-mozdanog-udara\/","og_locale":"en_GB","og_type":"article","og_title":"Srbija: Ministar Gli\u0161i\u0107 operisan poslije mo\u017edanog udara - dmcsrb.com","og_description":"Ministru za javna ulaganja i predsjedniku Izvr\u0161nog odbora SNS-a Darku Gli\u0161i\u0107u iznenada je pozlilo jutros dok je gostovao u Jutarnjem programu TV Pink. Operacija u Klini\u010dkom centru Srbije je zavr\u0161ena i on je na respiratoru, rekao je ministar zdravlja Zlatibor Lon\u010dar, koji je ranije potvrdio da je rije\u010d o mo\u017edanom udaru i da je ministar Gli\u0161i\u0107 u te\u0161kom stanju.","og_url":"https:\/\/dmcsrb.com\/en\/region\/srbija-ministar-glisic-operisan-poslije-mozdanog-udara\/","og_site_name":"dmcsrb.com","article_published_time":"2025-08-05T13:13:00+00:00","og_image":[{"width":688,"height":461,"url":"https:\/\/dmcsrb.com\/wp-content\/uploads\/2026\/01\/2344688.webp","type":"image\/jpeg"}],"author":"dmcsrbija.com@gmail.com","twitter_card":"summary_large_image","twitter_misc":{"Written by":"dmcsrbija.com@gmail.com","Estimated reading time":"2 minutes"},"schema":{"@context":"https:\/\/schema.org","@graph":[{"@type":"Article","@id":"https:\/\/dmcsrb.com\/region\/srbija-ministar-glisic-operisan-poslije-mozdanog-udara\/#article","isPartOf":{"@id":"https:\/\/dmcsrb.com\/region\/srbija-ministar-glisic-operisan-poslije-mozdanog-udara\/"},"author":{"name":"dmcsrbija.com@gmail.com","@id":"https:\/\/dmcsrb.com\/#\/schema\/person\/5c39170f12db1b8b457732d0b5c854e2"},"headline":"Srbija: Ministar Gli\u0161i\u0107 operisan poslije mo\u017edanog udara","datePublished":"2025-08-05T13:13:00+00:00","mainEntityOfPage":{"@id":"https:\/\/dmcsrb.com\/region\/srbija-ministar-glisic-operisan-poslije-mozdanog-udara\/"},"wordCount":466,"commentCount":0,"image":{"@id":"https:\/\/dmcsrb.com\/region\/srbija-ministar-glisic-operisan-poslije-mozdanog-udara\/#primaryimage"},"thumbnailUrl":"https:\/\/dmcsrb.com\/wp-content\/uploads\/2026\/01\/2344688.webp","keywords":["Darko Gli\u0161i\u0107","Mo\u017edani udar","Srbija"],"articleSection":["Region"],"inLanguage":"en-GB","potentialAction":[{"@type":"CommentAction","name":"Comment","target":["https:\/\/dmcsrb.com\/region\/srbija-ministar-glisic-operisan-poslije-mozdanog-udara\/#respond"]}]},{"@type":"WebPage","@id":"https:\/\/dmcsrb.com\/region\/srbija-ministar-glisic-operisan-poslije-mozdanog-udara\/","url":"https:\/\/dmcsrb.com\/region\/srbija-ministar-glisic-operisan-poslije-mozdanog-udara\/","name":"Srbija: Ministar Gli\u0161i\u0107 operisan poslije mo\u017edanog udara - dmcsrb.com","isPartOf":{"@id":"https:\/\/dmcsrb.com\/#website"},"primaryImageOfPage":{"@id":"https:\/\/dmcsrb.com\/region\/srbija-ministar-glisic-operisan-poslije-mozdanog-udara\/#primaryimage"},"image":{"@id":"https:\/\/dmcsrb.com\/region\/srbija-ministar-glisic-operisan-poslije-mozdanog-udara\/#primaryimage"},"thumbnailUrl":"https:\/\/dmcsrb.com\/wp-content\/uploads\/2026\/01\/2344688.webp","datePublished":"2025-08-05T13:13:00+00:00","author":{"@id":"https:\/\/dmcsrb.com\/#\/schema\/person\/5c39170f12db1b8b457732d0b5c854e2"},"breadcrumb":{"@id":"https:\/\/dmcsrb.com\/region\/srbija-ministar-glisic-operisan-poslije-mozdanog-udara\/#breadcrumb"},"inLanguage":"en-GB","potentialAction":[{"@type":"ReadAction","target":["https:\/\/dmcsrb.com\/region\/srbija-ministar-glisic-operisan-poslije-mozdanog-udara\/"]}]},{"@type":"ImageObject","inLanguage":"en-GB","@id":"https:\/\/dmcsrb.com\/region\/srbija-ministar-glisic-operisan-poslije-mozdanog-udara\/#primaryimage","url":"https:\/\/dmcsrb.com\/wp-content\/uploads\/2026\/01\/2344688.webp","contentUrl":"https:\/\/dmcsrb.com\/wp-content\/uploads\/2026\/01\/2344688.webp","width":688,"height":461},{"@type":"BreadcrumbList","@id":"https:\/\/dmcsrb.com\/region\/srbija-ministar-glisic-operisan-poslije-mozdanog-udara\/#breadcrumb","itemListElement":[{"@type":"ListItem","position":1,"name":"Home","item":"https:\/\/dmcsrb.com\/"},{"@type":"ListItem","position":2,"name":"Srbija: Ministar Gli\u0161i\u0107 operisan poslije mo\u017edanog udara"}]},{"@type":"WebSite","@id":"https:\/\/dmcsrb.com\/#website","url":"https:\/\/dmcsrb.com\/","name":"dmcsrb.com","description":"","potentialAction":[{"@type":"SearchAction","target":{"@type":"EntryPoint","urlTemplate":"https:\/\/dmcsrb.com\/?s={search_term_string}"},"query-input":{"@type":"PropertyValueSpecification","valueRequired":true,"valueName":"search_term_string"}}],"inLanguage":"en-GB"},{"@type":"Person","@id":"https:\/\/dmcsrb.com\/#\/schema\/person\/5c39170f12db1b8b457732d0b5c854e2","name":"dmcsrbija.com@gmail.com","image":{"@type":"ImageObject","inLanguage":"en-GB","@id":"https:\/\/dmcsrb.com\/#\/schema\/person\/image\/","url":"https:\/\/secure.gravatar.com\/avatar\/68592660ad6347fad0fb587f8d5d8f1a7b44961362f56e4f2cd524feb87e9069?s=96&d=mm&r=g","contentUrl":"https:\/\/secure.gravatar.com\/avatar\/68592660ad6347fad0fb587f8d5d8f1a7b44961362f56e4f2cd524feb87e9069?s=96&d=mm&r=g","caption":"dmcsrbija.com@gmail.com"},"sameAs":["https:\/\/dmcsrb.com"],"url":"https:\/\/dmcsrb.com\/en\/author\/dmcsrbija-comgmail-com\/"}]}},"_links":{"self":[{"href":"https:\/\/dmcsrb.com\/en\/wp-json\/wp\/v2\/posts\/944474","targetHints":{"allow":["GET"]}}],"collection":[{"href":"https:\/\/dmcsrb.com\/en\/wp-json\/wp\/v2\/posts"}],"about":[{"href":"https:\/\/dmcsrb.com\/en\/wp-json\/wp\/v2\/types\/post"}],"author":[{"embeddable":true,"href":"https:\/\/dmcsrb.com\/en\/wp-json\/wp\/v2\/users\/1"}],"replies":[{"embeddable":true,"href":"https:\/\/dmcsrb.com\/en\/wp-json\/wp\/v2\/comments?post=944474"}],"version-history":[{"count":0,"href":"https:\/\/dmcsrb.com\/en\/wp-json\/wp\/v2\/posts\/944474\/revisions"}],"wp:featuredmedia":[{"embeddable":true,"href":"https:\/\/dmcsrb.com\/en\/wp-json\/wp\/v2\/media\/944475"}],"wp:attachment":[{"href":"https:\/\/dmcsrb.com\/en\/wp-json\/wp\/v2\/media?parent=944474"}],"wp:term":[{"taxonomy":"category","embeddable":true,"href":"https:\/\/dmcsrb.com\/en\/wp-json\/wp\/v2\/categories?post=944474"},{"taxonomy":"post_tag","embeddable":true,"href":"https:\/\/dmcsrb.com\/en\/wp-json\/wp\/v2\/tags?post=944474"},{"taxonomy":"naslovna","embeddable":true,"href":"https:\/\/dmcsrb.com\/en\/wp-json\/wp\/v2\/naslovna?post=944474"}],"curies":[{"name":"wp","href":"https:\/\/api.w.org\/{rel}","templated":true}]}}