{"id":944458,"date":"2025-08-05T13:31:00","date_gmt":"2025-08-05T11:31:00","guid":{"rendered":"https:\/\/dmcsrb.com\/uncategorized\/loncar-zavrsena-operacija-glisica-pratimo-stanje\/"},"modified":"2025-08-05T13:31:00","modified_gmt":"2025-08-05T11:31:00","slug":"loncar-zavrsena-operacija-glisica-pratimo-stanje","status":"publish","type":"post","link":"https:\/\/dmcsrb.com\/en\/region\/loncar-zavrsena-operacija-glisica-pratimo-stanje\/","title":{"rendered":"Lon\u010dar: Zavr\u0161ena operacija Gli\u0161i\u0107a, pratimo stanje"},"content":{"rendered":"<p><\/p>\n\n\n\n<p>&#8220;Operacija je zavr\u0161ena. Trajala je du\u017ee od o\u010dekivanog. Izuzetno kompleksna operacija. Radilo je vi\u0161e timova, jer se radilo o kombinaciji i tromba i krvarenja. Idemo korak po korak. Krenuli smo na otpu\u0161avanju krvnog suda koji vodi do mozga, centar za govor je tu. Drugi sud je bio i zakr\u010den i krvario je. Sada njegov organizam mora da se izbori. Ono \u0161to je dobro je da se na vrijeme javio i da je operacija ura\u0111ena u prvih nekoliko sati&#8221;, dodao je Lon\u010dar.<\/p>\n\n\n\n<figure class=\"wp-block-embed is-type-wp-embed is-provider-gradski-portal wp-block-embed-gradski-portal\"><div class=\"wp-block-embed__wrapper\">\nhttps:\/\/gradski.me\/srbija-ministru-glisicu-pozlilo-tokom-gostovanja-na-tv-pink-u-teskom-je-zdravstvenom-stanju\/\n<\/div><\/figure>\n\n\n\n<p>Dodao je da je postojao i pro\u0161iren jedan krvni sud u kom se nalazila i trombna masa i da je to rije\u0161eno.<\/p>\n\n\n\n<p>&#8220;Slijedi period u kom njegov organizam mora da se izbori. Ono \u0161to je dobro jeste \u0161to je bio posle 15, 20 minuta u bolnici i u\u0161ao u proceduru za intervenciju koja je ura\u0111ena sat do dva, \u0161to je idealno vrijeme za dobar rezultat. Ne \u017eelimo unaprijed ni\u0161ta da pri\u010damo, idemo korak po korak&#8221; kazao je Lon\u010dar.<\/p>\n\n\n\n<p>Podsjetimo, ministru Darku Gli\u0161i\u0107u pozlilo je tokom gostovanja na televiziji.<\/p>","protected":false},"excerpt":{"rendered":"<p>Operacija ministra Darka Gli\u0161i\u0107a u Klini\u010dkom centru Srbije je zavr\u0161ena i on je preba\u010den u \u0161ok sobu, kazao je ministar zdravlja Zlatibor Lon\u010dar.<\/p>","protected":false},"author":1,"featured_media":944459,"comment_status":"open","ping_status":"open","sticky":false,"template":"","format":"standard","meta":{"_acf_changed":false,"footnotes":""},"categories":[103],"tags":[16836,22,16871],"naslovna":[],"class_list":["post-944458","post","type-post","status-publish","format-standard","has-post-thumbnail","hentry","category-region","tag-darko-glisic","tag-srbija","tag-zlatibor-loncar"],"acf":[],"yoast_head":"<!-- This site is optimized with the Yoast SEO plugin v27.0 - https:\/\/yoast.com\/product\/yoast-seo-wordpress\/ -->\n<title>Lon\u010dar: Zavr\u0161ena operacija Gli\u0161i\u0107a, pratimo stanje - dmcsrb.com<\/title>\n<meta name=\"robots\" content=\"index, follow, max-snippet:-1, max-image-preview:large, max-video-preview:-1\" \/>\n<link rel=\"canonical\" href=\"https:\/\/dmcsrb.com\/en\/region\/loncar-zavrsena-operacija-glisica-pratimo-stanje\/\" \/>\n<meta property=\"og:locale\" content=\"en_GB\" \/>\n<meta property=\"og:type\" content=\"article\" \/>\n<meta property=\"og:title\" content=\"Lon\u010dar: Zavr\u0161ena operacija Gli\u0161i\u0107a, pratimo stanje - dmcsrb.com\" \/>\n<meta property=\"og:description\" content=\"Operacija ministra Darka Gli\u0161i\u0107a u Klini\u010dkom centru Srbije je zavr\u0161ena i on je preba\u010den u \u0161ok sobu, kazao je ministar zdravlja Zlatibor Lon\u010dar.\" \/>\n<meta property=\"og:url\" content=\"https:\/\/dmcsrb.com\/en\/region\/loncar-zavrsena-operacija-glisica-pratimo-stanje\/\" \/>\n<meta property=\"og:site_name\" content=\"dmcsrb.com\" \/>\n<meta property=\"article:published_time\" content=\"2025-08-05T11:31:00+00:00\" \/>\n<meta property=\"og:image\" content=\"https:\/\/dmcsrb.com\/wp-content\/uploads\/2026\/01\/Zlatibor-Loncar-foto-ss-yt.webp\" \/>\n\t<meta property=\"og:image:width\" content=\"741\" \/>\n\t<meta property=\"og:image:height\" content=\"487\" \/>\n\t<meta property=\"og:image:type\" content=\"image\/jpeg\" \/>\n<meta name=\"author\" content=\"dmcsrbija.com@gmail.com\" \/>\n<meta name=\"twitter:card\" content=\"summary_large_image\" \/>\n<meta name=\"twitter:label1\" content=\"Written by\" \/>\n\t<meta name=\"twitter:data1\" content=\"dmcsrbija.com@gmail.com\" \/>\n\t<meta name=\"twitter:label2\" content=\"Estimated reading time\" \/>\n\t<meta name=\"twitter:data2\" content=\"1 minute\" \/>\n<script type=\"application\/ld+json\" class=\"yoast-schema-graph\">{\"@context\":\"https:\/\/schema.org\",\"@graph\":[{\"@type\":\"Article\",\"@id\":\"https:\/\/dmcsrb.com\/region\/loncar-zavrsena-operacija-glisica-pratimo-stanje\/#article\",\"isPartOf\":{\"@id\":\"https:\/\/dmcsrb.com\/region\/loncar-zavrsena-operacija-glisica-pratimo-stanje\/\"},\"author\":{\"name\":\"dmcsrbija.com@gmail.com\",\"@id\":\"https:\/\/dmcsrb.com\/#\/schema\/person\/5c39170f12db1b8b457732d0b5c854e2\"},\"headline\":\"Lon\u010dar: Zavr\u0161ena operacija Gli\u0161i\u0107a, pratimo stanje\",\"datePublished\":\"2025-08-05T11:31:00+00:00\",\"mainEntityOfPage\":{\"@id\":\"https:\/\/dmcsrb.com\/region\/loncar-zavrsena-operacija-glisica-pratimo-stanje\/\"},\"wordCount\":198,\"commentCount\":0,\"image\":{\"@id\":\"https:\/\/dmcsrb.com\/region\/loncar-zavrsena-operacija-glisica-pratimo-stanje\/#primaryimage\"},\"thumbnailUrl\":\"https:\/\/dmcsrb.com\/wp-content\/uploads\/2026\/01\/Zlatibor-Loncar-foto-ss-yt.webp\",\"keywords\":[\"Darko Gli\u0161i\u0107\",\"Srbija\",\"Zlatibor Lon\u010dar\"],\"articleSection\":[\"Region\"],\"inLanguage\":\"en-GB\",\"potentialAction\":[{\"@type\":\"CommentAction\",\"name\":\"Comment\",\"target\":[\"https:\/\/dmcsrb.com\/region\/loncar-zavrsena-operacija-glisica-pratimo-stanje\/#respond\"]}]},{\"@type\":\"WebPage\",\"@id\":\"https:\/\/dmcsrb.com\/region\/loncar-zavrsena-operacija-glisica-pratimo-stanje\/\",\"url\":\"https:\/\/dmcsrb.com\/region\/loncar-zavrsena-operacija-glisica-pratimo-stanje\/\",\"name\":\"Lon\u010dar: Zavr\u0161ena operacija Gli\u0161i\u0107a, pratimo stanje - dmcsrb.com\",\"isPartOf\":{\"@id\":\"https:\/\/dmcsrb.com\/#website\"},\"primaryImageOfPage\":{\"@id\":\"https:\/\/dmcsrb.com\/region\/loncar-zavrsena-operacija-glisica-pratimo-stanje\/#primaryimage\"},\"image\":{\"@id\":\"https:\/\/dmcsrb.com\/region\/loncar-zavrsena-operacija-glisica-pratimo-stanje\/#primaryimage\"},\"thumbnailUrl\":\"https:\/\/dmcsrb.com\/wp-content\/uploads\/2026\/01\/Zlatibor-Loncar-foto-ss-yt.webp\",\"datePublished\":\"2025-08-05T11:31:00+00:00\",\"author\":{\"@id\":\"https:\/\/dmcsrb.com\/#\/schema\/person\/5c39170f12db1b8b457732d0b5c854e2\"},\"breadcrumb\":{\"@id\":\"https:\/\/dmcsrb.com\/region\/loncar-zavrsena-operacija-glisica-pratimo-stanje\/#breadcrumb\"},\"inLanguage\":\"en-GB\",\"potentialAction\":[{\"@type\":\"ReadAction\",\"target\":[\"https:\/\/dmcsrb.com\/region\/loncar-zavrsena-operacija-glisica-pratimo-stanje\/\"]}]},{\"@type\":\"ImageObject\",\"inLanguage\":\"en-GB\",\"@id\":\"https:\/\/dmcsrb.com\/region\/loncar-zavrsena-operacija-glisica-pratimo-stanje\/#primaryimage\",\"url\":\"https:\/\/dmcsrb.com\/wp-content\/uploads\/2026\/01\/Zlatibor-Loncar-foto-ss-yt.webp\",\"contentUrl\":\"https:\/\/dmcsrb.com\/wp-content\/uploads\/2026\/01\/Zlatibor-Loncar-foto-ss-yt.webp\",\"width\":741,\"height\":487},{\"@type\":\"BreadcrumbList\",\"@id\":\"https:\/\/dmcsrb.com\/region\/loncar-zavrsena-operacija-glisica-pratimo-stanje\/#breadcrumb\",\"itemListElement\":[{\"@type\":\"ListItem\",\"position\":1,\"name\":\"Home\",\"item\":\"https:\/\/dmcsrb.com\/\"},{\"@type\":\"ListItem\",\"position\":2,\"name\":\"Lon\u010dar: Zavr\u0161ena operacija Gli\u0161i\u0107a, pratimo stanje\"}]},{\"@type\":\"WebSite\",\"@id\":\"https:\/\/dmcsrb.com\/#website\",\"url\":\"https:\/\/dmcsrb.com\/\",\"name\":\"dmcsrb.com\",\"description\":\"\",\"potentialAction\":[{\"@type\":\"SearchAction\",\"target\":{\"@type\":\"EntryPoint\",\"urlTemplate\":\"https:\/\/dmcsrb.com\/?s={search_term_string}\"},\"query-input\":{\"@type\":\"PropertyValueSpecification\",\"valueRequired\":true,\"valueName\":\"search_term_string\"}}],\"inLanguage\":\"en-GB\"},{\"@type\":\"Person\",\"@id\":\"https:\/\/dmcsrb.com\/#\/schema\/person\/5c39170f12db1b8b457732d0b5c854e2\",\"name\":\"dmcsrbija.com@gmail.com\",\"image\":{\"@type\":\"ImageObject\",\"inLanguage\":\"en-GB\",\"@id\":\"https:\/\/dmcsrb.com\/#\/schema\/person\/image\/\",\"url\":\"https:\/\/secure.gravatar.com\/avatar\/68592660ad6347fad0fb587f8d5d8f1a7b44961362f56e4f2cd524feb87e9069?s=96&d=mm&r=g\",\"contentUrl\":\"https:\/\/secure.gravatar.com\/avatar\/68592660ad6347fad0fb587f8d5d8f1a7b44961362f56e4f2cd524feb87e9069?s=96&d=mm&r=g\",\"caption\":\"dmcsrbija.com@gmail.com\"},\"sameAs\":[\"https:\/\/dmcsrb.com\"],\"url\":\"https:\/\/dmcsrb.com\/en\/author\/dmcsrbija-comgmail-com\/\"}]}<\/script>\n<!-- \/ Yoast SEO plugin. -->","yoast_head_json":{"title":"Lon\u010dar: Zavr\u0161ena operacija Gli\u0161i\u0107a, pratimo stanje - dmcsrb.com","robots":{"index":"index","follow":"follow","max-snippet":"max-snippet:-1","max-image-preview":"max-image-preview:large","max-video-preview":"max-video-preview:-1"},"canonical":"https:\/\/dmcsrb.com\/en\/region\/loncar-zavrsena-operacija-glisica-pratimo-stanje\/","og_locale":"en_GB","og_type":"article","og_title":"Lon\u010dar: Zavr\u0161ena operacija Gli\u0161i\u0107a, pratimo stanje - dmcsrb.com","og_description":"Operacija ministra Darka Gli\u0161i\u0107a u Klini\u010dkom centru Srbije je zavr\u0161ena i on je preba\u010den u \u0161ok sobu, kazao je ministar zdravlja Zlatibor Lon\u010dar.","og_url":"https:\/\/dmcsrb.com\/en\/region\/loncar-zavrsena-operacija-glisica-pratimo-stanje\/","og_site_name":"dmcsrb.com","article_published_time":"2025-08-05T11:31:00+00:00","og_image":[{"width":741,"height":487,"url":"https:\/\/dmcsrb.com\/wp-content\/uploads\/2026\/01\/Zlatibor-Loncar-foto-ss-yt.webp","type":"image\/jpeg"}],"author":"dmcsrbija.com@gmail.com","twitter_card":"summary_large_image","twitter_misc":{"Written by":"dmcsrbija.com@gmail.com","Estimated reading time":"1 minute"},"schema":{"@context":"https:\/\/schema.org","@graph":[{"@type":"Article","@id":"https:\/\/dmcsrb.com\/region\/loncar-zavrsena-operacija-glisica-pratimo-stanje\/#article","isPartOf":{"@id":"https:\/\/dmcsrb.com\/region\/loncar-zavrsena-operacija-glisica-pratimo-stanje\/"},"author":{"name":"dmcsrbija.com@gmail.com","@id":"https:\/\/dmcsrb.com\/#\/schema\/person\/5c39170f12db1b8b457732d0b5c854e2"},"headline":"Lon\u010dar: Zavr\u0161ena operacija Gli\u0161i\u0107a, pratimo stanje","datePublished":"2025-08-05T11:31:00+00:00","mainEntityOfPage":{"@id":"https:\/\/dmcsrb.com\/region\/loncar-zavrsena-operacija-glisica-pratimo-stanje\/"},"wordCount":198,"commentCount":0,"image":{"@id":"https:\/\/dmcsrb.com\/region\/loncar-zavrsena-operacija-glisica-pratimo-stanje\/#primaryimage"},"thumbnailUrl":"https:\/\/dmcsrb.com\/wp-content\/uploads\/2026\/01\/Zlatibor-Loncar-foto-ss-yt.webp","keywords":["Darko Gli\u0161i\u0107","Srbija","Zlatibor Lon\u010dar"],"articleSection":["Region"],"inLanguage":"en-GB","potentialAction":[{"@type":"CommentAction","name":"Comment","target":["https:\/\/dmcsrb.com\/region\/loncar-zavrsena-operacija-glisica-pratimo-stanje\/#respond"]}]},{"@type":"WebPage","@id":"https:\/\/dmcsrb.com\/region\/loncar-zavrsena-operacija-glisica-pratimo-stanje\/","url":"https:\/\/dmcsrb.com\/region\/loncar-zavrsena-operacija-glisica-pratimo-stanje\/","name":"Lon\u010dar: Zavr\u0161ena operacija Gli\u0161i\u0107a, pratimo stanje - dmcsrb.com","isPartOf":{"@id":"https:\/\/dmcsrb.com\/#website"},"primaryImageOfPage":{"@id":"https:\/\/dmcsrb.com\/region\/loncar-zavrsena-operacija-glisica-pratimo-stanje\/#primaryimage"},"image":{"@id":"https:\/\/dmcsrb.com\/region\/loncar-zavrsena-operacija-glisica-pratimo-stanje\/#primaryimage"},"thumbnailUrl":"https:\/\/dmcsrb.com\/wp-content\/uploads\/2026\/01\/Zlatibor-Loncar-foto-ss-yt.webp","datePublished":"2025-08-05T11:31:00+00:00","author":{"@id":"https:\/\/dmcsrb.com\/#\/schema\/person\/5c39170f12db1b8b457732d0b5c854e2"},"breadcrumb":{"@id":"https:\/\/dmcsrb.com\/region\/loncar-zavrsena-operacija-glisica-pratimo-stanje\/#breadcrumb"},"inLanguage":"en-GB","potentialAction":[{"@type":"ReadAction","target":["https:\/\/dmcsrb.com\/region\/loncar-zavrsena-operacija-glisica-pratimo-stanje\/"]}]},{"@type":"ImageObject","inLanguage":"en-GB","@id":"https:\/\/dmcsrb.com\/region\/loncar-zavrsena-operacija-glisica-pratimo-stanje\/#primaryimage","url":"https:\/\/dmcsrb.com\/wp-content\/uploads\/2026\/01\/Zlatibor-Loncar-foto-ss-yt.webp","contentUrl":"https:\/\/dmcsrb.com\/wp-content\/uploads\/2026\/01\/Zlatibor-Loncar-foto-ss-yt.webp","width":741,"height":487},{"@type":"BreadcrumbList","@id":"https:\/\/dmcsrb.com\/region\/loncar-zavrsena-operacija-glisica-pratimo-stanje\/#breadcrumb","itemListElement":[{"@type":"ListItem","position":1,"name":"Home","item":"https:\/\/dmcsrb.com\/"},{"@type":"ListItem","position":2,"name":"Lon\u010dar: Zavr\u0161ena operacija Gli\u0161i\u0107a, pratimo stanje"}]},{"@type":"WebSite","@id":"https:\/\/dmcsrb.com\/#website","url":"https:\/\/dmcsrb.com\/","name":"dmcsrb.com","description":"","potentialAction":[{"@type":"SearchAction","target":{"@type":"EntryPoint","urlTemplate":"https:\/\/dmcsrb.com\/?s={search_term_string}"},"query-input":{"@type":"PropertyValueSpecification","valueRequired":true,"valueName":"search_term_string"}}],"inLanguage":"en-GB"},{"@type":"Person","@id":"https:\/\/dmcsrb.com\/#\/schema\/person\/5c39170f12db1b8b457732d0b5c854e2","name":"dmcsrbija.com@gmail.com","image":{"@type":"ImageObject","inLanguage":"en-GB","@id":"https:\/\/dmcsrb.com\/#\/schema\/person\/image\/","url":"https:\/\/secure.gravatar.com\/avatar\/68592660ad6347fad0fb587f8d5d8f1a7b44961362f56e4f2cd524feb87e9069?s=96&d=mm&r=g","contentUrl":"https:\/\/secure.gravatar.com\/avatar\/68592660ad6347fad0fb587f8d5d8f1a7b44961362f56e4f2cd524feb87e9069?s=96&d=mm&r=g","caption":"dmcsrbija.com@gmail.com"},"sameAs":["https:\/\/dmcsrb.com"],"url":"https:\/\/dmcsrb.com\/en\/author\/dmcsrbija-comgmail-com\/"}]}},"_links":{"self":[{"href":"https:\/\/dmcsrb.com\/en\/wp-json\/wp\/v2\/posts\/944458","targetHints":{"allow":["GET"]}}],"collection":[{"href":"https:\/\/dmcsrb.com\/en\/wp-json\/wp\/v2\/posts"}],"about":[{"href":"https:\/\/dmcsrb.com\/en\/wp-json\/wp\/v2\/types\/post"}],"author":[{"embeddable":true,"href":"https:\/\/dmcsrb.com\/en\/wp-json\/wp\/v2\/users\/1"}],"replies":[{"embeddable":true,"href":"https:\/\/dmcsrb.com\/en\/wp-json\/wp\/v2\/comments?post=944458"}],"version-history":[{"count":0,"href":"https:\/\/dmcsrb.com\/en\/wp-json\/wp\/v2\/posts\/944458\/revisions"}],"wp:featuredmedia":[{"embeddable":true,"href":"https:\/\/dmcsrb.com\/en\/wp-json\/wp\/v2\/media\/944459"}],"wp:attachment":[{"href":"https:\/\/dmcsrb.com\/en\/wp-json\/wp\/v2\/media?parent=944458"}],"wp:term":[{"taxonomy":"category","embeddable":true,"href":"https:\/\/dmcsrb.com\/en\/wp-json\/wp\/v2\/categories?post=944458"},{"taxonomy":"post_tag","embeddable":true,"href":"https:\/\/dmcsrb.com\/en\/wp-json\/wp\/v2\/tags?post=944458"},{"taxonomy":"naslovna","embeddable":true,"href":"https:\/\/dmcsrb.com\/en\/wp-json\/wp\/v2\/naslovna?post=944458"}],"curies":[{"name":"wp","href":"https:\/\/api.w.org\/{rel}","templated":true}]}}