{"id":944453,"date":"2025-08-05T12:10:01","date_gmt":"2025-08-05T10:10:01","guid":{"rendered":"https:\/\/dmcsrb.com\/uncategorized\/ivan-ivanaj-saslusan-u-policiji-povodom-izjava-o-milatovicevoj-odluci-da-vrati-zakon\/"},"modified":"2025-08-05T12:10:01","modified_gmt":"2025-08-05T10:10:01","slug":"ivan-ivanaj-saslusan-u-policiji-povodom-izjava-o-milatovicevoj-odluci-da-vrati-zakon","status":"publish","type":"post","link":"https:\/\/dmcsrb.com\/en\/politika\/ivan-ivanaj-saslusan-u-policiji-povodom-izjava-o-milatovicevoj-odluci-da-vrati-zakon\/","title":{"rendered":"Ivan Ivanaj saslu\u0161an u policiji povodom izjava o Milatovi\u0107evoj odluci da vrati zakon"},"content":{"rendered":"<p><\/p>\n\n\n\n<p>&#8220;Danas sam dao izjavu policiji povodom tu\u017ebe koju je podnio predsjednik dr\u017eave, Jakov Milatovi\u0107. Razlog za ovaj poziv je \u010dlanak objavljen u medijima, u kojem sam iznio svoje politi\u010dke stavove u vezi sa postupcima predsjednika, posebno njegovim naporima da ometa razvoj Malesije&#8221;, rekao je Ivanaj u objavi na Fejsbuku.<\/p>\n\n\n\n<p>Navodi da je&nbsp; Milatovi\u0107 je odbio da potpi\u0161e zakon koji bi donio direktnu korist gra\u0111anima Malesije i doprinio razvoju tog kraja.<\/p>\n\n\n\n<p>&#8220;Ova akcija je jasan primer isklju\u010dive i diskriminatorne politike koja, na\u017ealost, ima za cilj ometanje razvoja&#8221;, ka\u017ee Ivanaj.&nbsp;<\/p>\n\n\n\n<p>Naveo je da je poziv da dam izjavu u policiji u vezi sa politi\u010dkim stavovima shvatio kao pritisak predsjednika i&#8221; njegov poku\u0161aj da nas disciplinuje&#8221;.<\/p>\n\n\n\n<p>&#8220;Me\u0111utim, ne predsjednik Crne Gore, ve\u0107 nema sile koja nas mo\u017ee sprije\u010diti da za\u0161titimo Malesiju i na\u0161 narod. Naprotiv, takve akcije nas jo\u0161 vi\u0161e motivi\u0161u da nastavimo na\u0161 put ka jednakosti, pravdi i razvoju&#8221;, ka\u017ee Ivanaj.&nbsp;<\/p>\n\n\n\n<p>On je u izjavi medijima 2.avgusta rekao da&nbsp;odluka Milatovi\u0107a donosi duboku zabrinutost uz protivljenje tom potezu, koji smatraju politi\u010dki motivisanim i diskriminatornim prema jednoj lokalnoj zajednici u kojoj su Albanci ve\u0107insko stanovni\u0161tvo &#8211; op\u0161tini Tuzi.<\/p>\n\n\n\n<p>&#8220;Jasno je da se ovakvom odlukom poku\u0161ava obesmisliti zakon koji bi obezbijedio pravednije punjenje bud\u017eeta i ravnomjerniji razvoj. Naro\u010dito zabrinjava \u010dinjenica da iza ove odluke stoji uticaj predsjednikovog saradnika, gospodina Vuksanovi\u0107a, koji je, dok je bio na \u010delu Borda direktora AD Planta\u017ee, otvoreno opstruirao naplatu zakonom propisanog poreza na nepokretnosti&#8221;, naveo je Ivanaj u saop\u0161tenju dostavljenom medijima.<\/p>\n\n\n\n<p>On je istakao da ovakvo pona\u0161anje Milatovica podsje\u0107a na odnos koji je prema op\u0161tini Tuzi imalo rukovodstvo Planta\u017ea na \u010delu sa Vericom Mara\u0161, koja je, kako je kazao, i sama priznala da je kompanija godinama manipulisala tr\u017ei\u0161nom vrijedno\u0161\u0107u zemlji\u0161ta kako bi izbjegla poreske obaveze.<\/p>\n\n\n\n<p>&#8220;Predsjednik Milatovi\u0107, vra\u0107anjem zakona na ponovno odlu\u010divanje, na\u017ealost pokazuje spremnost da \u0161titi interese svih onih koji su godinama lo\u0161e upravljali s AD Plantaze, a na \u0161tetu zaposlenih i gra\u0111ana, posebno u Malesiji, gdje se nalazi oko 70% imovine ove kompanije. Sigurni smo da \u0107e Skup\u0161tina jo\u0161 jednom potvrditi svoju odluku i usvojiti zakon, ali poruka koju je ovim potezom poslao predsjednik Milatovi\u0107, koja nije ostala sakrivena \u2013 poruka ignorisanja prava i interesa gra\u0111ana Malesije \u2013 ne\u0107e biti zaboravljena&#8221;, zaklju\u010dio je Ivanaj.<\/p>\n\n\n\n<p>Podsjetimo,&nbsp;Osnovno dr\u017eavno tu\u017eila\u0161tvo u Podgorici formiralo je predmet nakon prijave Jakova Milatovi\u0107a da mu je potpredsjednik Vlade i ministar ekonomskog razvoja Nik \u0110eljo\u0161aj sino\u0107, u telefonskoj prepisci, uputio prijete\u0107e i neprimjerene poruke.<\/p>","protected":false},"excerpt":{"rendered":"<p>Predsjednik Demokratskog saveza Albanaca (DSA) Ivan Ivanaj dao je danas izjavu podgori\u010dkoj policiji povodom izjava u medijima nakon \u0161to je crnogorski predsjednik Jakov Milatovi\u0107 vratio parlamentu zakon o porezu na nepokretnosti. Ivanaj je objavio na Fejsbuku da je saslu\u0161an, i naveo je u policiji da je iznio politi\u010dki stav i da ni na koji na\u010din nije imao namjeru da ugrozi sigurnost predsjednika Crne Gore ili bilo koga drugog.<\/p>","protected":false},"author":1,"featured_media":944454,"comment_status":"open","ping_status":"open","sticky":false,"template":"","format":"standard","meta":{"_acf_changed":false,"footnotes":""},"categories":[12],"tags":[16588,9329,90,87,16866,16867],"naslovna":[],"class_list":["post-944453","post","type-post","status-publish","format-standard","has-post-thumbnail","hentry","category-politika","tag-ivan-ivanaj","tag-izjava","tag-jakov-milatovic","tag-odluka","tag-saslusavanje-u-policiji","tag-vracanje-zakona"],"acf":[],"yoast_head":"<!-- This site is optimized with the Yoast SEO plugin v27.0 - https:\/\/yoast.com\/product\/yoast-seo-wordpress\/ -->\n<title>Ivan Ivanaj saslu\u0161an u policiji povodom izjava o Milatovi\u0107evoj odluci da vrati zakon - dmcsrb.com<\/title>\n<meta name=\"robots\" content=\"index, follow, max-snippet:-1, max-image-preview:large, max-video-preview:-1\" \/>\n<link rel=\"canonical\" href=\"https:\/\/dmcsrb.com\/en\/politika\/ivan-ivanaj-saslusan-u-policiji-povodom-izjava-o-milatovicevoj-odluci-da-vrati-zakon\/\" \/>\n<meta property=\"og:locale\" content=\"en_GB\" \/>\n<meta property=\"og:type\" content=\"article\" \/>\n<meta property=\"og:title\" content=\"Ivan Ivanaj saslu\u0161an u policiji povodom izjava o Milatovi\u0107evoj odluci da vrati zakon - dmcsrb.com\" \/>\n<meta property=\"og:description\" content=\"Predsjednik Demokratskog saveza Albanaca (DSA) Ivan Ivanaj dao je danas izjavu podgori\u010dkoj policiji povodom izjava u medijima nakon \u0161to je crnogorski predsjednik Jakov Milatovi\u0107 vratio parlamentu zakon o porezu na nepokretnosti. Ivanaj je objavio na Fejsbuku da je saslu\u0161an, i naveo je u policiji da je iznio politi\u010dki stav i da ni na koji na\u010din nije imao namjeru da ugrozi sigurnost predsjednika Crne Gore ili bilo koga drugog.\" \/>\n<meta property=\"og:url\" content=\"https:\/\/dmcsrb.com\/en\/politika\/ivan-ivanaj-saslusan-u-policiji-povodom-izjava-o-milatovicevoj-odluci-da-vrati-zakon\/\" \/>\n<meta property=\"og:site_name\" content=\"dmcsrb.com\" \/>\n<meta property=\"article:published_time\" content=\"2025-08-05T10:10:01+00:00\" \/>\n<meta property=\"og:image\" content=\"https:\/\/dmcsrb.com\/wp-content\/uploads\/2026\/01\/528633330_24561887296728446_8287436857549847351_n.webp\" \/>\n\t<meta property=\"og:image:width\" content=\"1291\" \/>\n\t<meta property=\"og:image:height\" content=\"2048\" \/>\n\t<meta property=\"og:image:type\" content=\"image\/jpeg\" \/>\n<meta name=\"author\" content=\"dmcsrbija.com@gmail.com\" \/>\n<meta name=\"twitter:card\" content=\"summary_large_image\" \/>\n<meta name=\"twitter:label1\" content=\"Written by\" \/>\n\t<meta name=\"twitter:data1\" content=\"dmcsrbija.com@gmail.com\" \/>\n\t<meta name=\"twitter:label2\" content=\"Estimated reading time\" \/>\n\t<meta name=\"twitter:data2\" content=\"2 minutes\" \/>\n<script type=\"application\/ld+json\" class=\"yoast-schema-graph\">{\"@context\":\"https:\/\/schema.org\",\"@graph\":[{\"@type\":\"Article\",\"@id\":\"https:\/\/dmcsrb.com\/politika\/ivan-ivanaj-saslusan-u-policiji-povodom-izjava-o-milatovicevoj-odluci-da-vrati-zakon\/#article\",\"isPartOf\":{\"@id\":\"https:\/\/dmcsrb.com\/politika\/ivan-ivanaj-saslusan-u-policiji-povodom-izjava-o-milatovicevoj-odluci-da-vrati-zakon\/\"},\"author\":{\"name\":\"dmcsrbija.com@gmail.com\",\"@id\":\"https:\/\/dmcsrb.com\/#\/schema\/person\/5c39170f12db1b8b457732d0b5c854e2\"},\"headline\":\"Ivan Ivanaj saslu\u0161an u policiji povodom izjava o Milatovi\u0107evoj odluci da vrati zakon\",\"datePublished\":\"2025-08-05T10:10:01+00:00\",\"mainEntityOfPage\":{\"@id\":\"https:\/\/dmcsrb.com\/politika\/ivan-ivanaj-saslusan-u-policiji-povodom-izjava-o-milatovicevoj-odluci-da-vrati-zakon\/\"},\"wordCount\":468,\"commentCount\":0,\"image\":{\"@id\":\"https:\/\/dmcsrb.com\/politika\/ivan-ivanaj-saslusan-u-policiji-povodom-izjava-o-milatovicevoj-odluci-da-vrati-zakon\/#primaryimage\"},\"thumbnailUrl\":\"https:\/\/dmcsrb.com\/wp-content\/uploads\/2026\/01\/528633330_24561887296728446_8287436857549847351_n.webp\",\"keywords\":[\"IVan Ivanaj\",\"Izjava\",\"Jakov Milatovi\u0107\",\"odluka\",\"Saslu\u0161avanje u policiji\",\"Vra\u0107anje zakona\"],\"articleSection\":[\"Politika\"],\"inLanguage\":\"en-GB\",\"potentialAction\":[{\"@type\":\"CommentAction\",\"name\":\"Comment\",\"target\":[\"https:\/\/dmcsrb.com\/politika\/ivan-ivanaj-saslusan-u-policiji-povodom-izjava-o-milatovicevoj-odluci-da-vrati-zakon\/#respond\"]}]},{\"@type\":\"WebPage\",\"@id\":\"https:\/\/dmcsrb.com\/politika\/ivan-ivanaj-saslusan-u-policiji-povodom-izjava-o-milatovicevoj-odluci-da-vrati-zakon\/\",\"url\":\"https:\/\/dmcsrb.com\/politika\/ivan-ivanaj-saslusan-u-policiji-povodom-izjava-o-milatovicevoj-odluci-da-vrati-zakon\/\",\"name\":\"Ivan Ivanaj saslu\u0161an u policiji povodom izjava o Milatovi\u0107evoj odluci da vrati zakon - dmcsrb.com\",\"isPartOf\":{\"@id\":\"https:\/\/dmcsrb.com\/#website\"},\"primaryImageOfPage\":{\"@id\":\"https:\/\/dmcsrb.com\/politika\/ivan-ivanaj-saslusan-u-policiji-povodom-izjava-o-milatovicevoj-odluci-da-vrati-zakon\/#primaryimage\"},\"image\":{\"@id\":\"https:\/\/dmcsrb.com\/politika\/ivan-ivanaj-saslusan-u-policiji-povodom-izjava-o-milatovicevoj-odluci-da-vrati-zakon\/#primaryimage\"},\"thumbnailUrl\":\"https:\/\/dmcsrb.com\/wp-content\/uploads\/2026\/01\/528633330_24561887296728446_8287436857549847351_n.webp\",\"datePublished\":\"2025-08-05T10:10:01+00:00\",\"author\":{\"@id\":\"https:\/\/dmcsrb.com\/#\/schema\/person\/5c39170f12db1b8b457732d0b5c854e2\"},\"breadcrumb\":{\"@id\":\"https:\/\/dmcsrb.com\/politika\/ivan-ivanaj-saslusan-u-policiji-povodom-izjava-o-milatovicevoj-odluci-da-vrati-zakon\/#breadcrumb\"},\"inLanguage\":\"en-GB\",\"potentialAction\":[{\"@type\":\"ReadAction\",\"target\":[\"https:\/\/dmcsrb.com\/politika\/ivan-ivanaj-saslusan-u-policiji-povodom-izjava-o-milatovicevoj-odluci-da-vrati-zakon\/\"]}]},{\"@type\":\"ImageObject\",\"inLanguage\":\"en-GB\",\"@id\":\"https:\/\/dmcsrb.com\/politika\/ivan-ivanaj-saslusan-u-policiji-povodom-izjava-o-milatovicevoj-odluci-da-vrati-zakon\/#primaryimage\",\"url\":\"https:\/\/dmcsrb.com\/wp-content\/uploads\/2026\/01\/528633330_24561887296728446_8287436857549847351_n.webp\",\"contentUrl\":\"https:\/\/dmcsrb.com\/wp-content\/uploads\/2026\/01\/528633330_24561887296728446_8287436857549847351_n.webp\",\"width\":1291,\"height\":2048},{\"@type\":\"BreadcrumbList\",\"@id\":\"https:\/\/dmcsrb.com\/politika\/ivan-ivanaj-saslusan-u-policiji-povodom-izjava-o-milatovicevoj-odluci-da-vrati-zakon\/#breadcrumb\",\"itemListElement\":[{\"@type\":\"ListItem\",\"position\":1,\"name\":\"Home\",\"item\":\"https:\/\/dmcsrb.com\/\"},{\"@type\":\"ListItem\",\"position\":2,\"name\":\"Ivan Ivanaj saslu\u0161an u policiji povodom izjava o Milatovi\u0107evoj odluci da vrati zakon\"}]},{\"@type\":\"WebSite\",\"@id\":\"https:\/\/dmcsrb.com\/#website\",\"url\":\"https:\/\/dmcsrb.com\/\",\"name\":\"dmcsrb.com\",\"description\":\"\",\"potentialAction\":[{\"@type\":\"SearchAction\",\"target\":{\"@type\":\"EntryPoint\",\"urlTemplate\":\"https:\/\/dmcsrb.com\/?s={search_term_string}\"},\"query-input\":{\"@type\":\"PropertyValueSpecification\",\"valueRequired\":true,\"valueName\":\"search_term_string\"}}],\"inLanguage\":\"en-GB\"},{\"@type\":\"Person\",\"@id\":\"https:\/\/dmcsrb.com\/#\/schema\/person\/5c39170f12db1b8b457732d0b5c854e2\",\"name\":\"dmcsrbija.com@gmail.com\",\"image\":{\"@type\":\"ImageObject\",\"inLanguage\":\"en-GB\",\"@id\":\"https:\/\/dmcsrb.com\/#\/schema\/person\/image\/\",\"url\":\"https:\/\/secure.gravatar.com\/avatar\/68592660ad6347fad0fb587f8d5d8f1a7b44961362f56e4f2cd524feb87e9069?s=96&d=mm&r=g\",\"contentUrl\":\"https:\/\/secure.gravatar.com\/avatar\/68592660ad6347fad0fb587f8d5d8f1a7b44961362f56e4f2cd524feb87e9069?s=96&d=mm&r=g\",\"caption\":\"dmcsrbija.com@gmail.com\"},\"sameAs\":[\"https:\/\/dmcsrb.com\"],\"url\":\"https:\/\/dmcsrb.com\/en\/author\/dmcsrbija-comgmail-com\/\"}]}<\/script>\n<!-- \/ Yoast SEO plugin. -->","yoast_head_json":{"title":"Ivan Ivanaj saslu\u0161an u policiji povodom izjava o Milatovi\u0107evoj odluci da vrati zakon - dmcsrb.com","robots":{"index":"index","follow":"follow","max-snippet":"max-snippet:-1","max-image-preview":"max-image-preview:large","max-video-preview":"max-video-preview:-1"},"canonical":"https:\/\/dmcsrb.com\/en\/politika\/ivan-ivanaj-saslusan-u-policiji-povodom-izjava-o-milatovicevoj-odluci-da-vrati-zakon\/","og_locale":"en_GB","og_type":"article","og_title":"Ivan Ivanaj saslu\u0161an u policiji povodom izjava o Milatovi\u0107evoj odluci da vrati zakon - dmcsrb.com","og_description":"Predsjednik Demokratskog saveza Albanaca (DSA) Ivan Ivanaj dao je danas izjavu podgori\u010dkoj policiji povodom izjava u medijima nakon \u0161to je crnogorski predsjednik Jakov Milatovi\u0107 vratio parlamentu zakon o porezu na nepokretnosti. Ivanaj je objavio na Fejsbuku da je saslu\u0161an, i naveo je u policiji da je iznio politi\u010dki stav i da ni na koji na\u010din nije imao namjeru da ugrozi sigurnost predsjednika Crne Gore ili bilo koga drugog.","og_url":"https:\/\/dmcsrb.com\/en\/politika\/ivan-ivanaj-saslusan-u-policiji-povodom-izjava-o-milatovicevoj-odluci-da-vrati-zakon\/","og_site_name":"dmcsrb.com","article_published_time":"2025-08-05T10:10:01+00:00","og_image":[{"width":1291,"height":2048,"url":"https:\/\/dmcsrb.com\/wp-content\/uploads\/2026\/01\/528633330_24561887296728446_8287436857549847351_n.webp","type":"image\/jpeg"}],"author":"dmcsrbija.com@gmail.com","twitter_card":"summary_large_image","twitter_misc":{"Written by":"dmcsrbija.com@gmail.com","Estimated reading time":"2 minutes"},"schema":{"@context":"https:\/\/schema.org","@graph":[{"@type":"Article","@id":"https:\/\/dmcsrb.com\/politika\/ivan-ivanaj-saslusan-u-policiji-povodom-izjava-o-milatovicevoj-odluci-da-vrati-zakon\/#article","isPartOf":{"@id":"https:\/\/dmcsrb.com\/politika\/ivan-ivanaj-saslusan-u-policiji-povodom-izjava-o-milatovicevoj-odluci-da-vrati-zakon\/"},"author":{"name":"dmcsrbija.com@gmail.com","@id":"https:\/\/dmcsrb.com\/#\/schema\/person\/5c39170f12db1b8b457732d0b5c854e2"},"headline":"Ivan Ivanaj saslu\u0161an u policiji povodom izjava o Milatovi\u0107evoj odluci da vrati zakon","datePublished":"2025-08-05T10:10:01+00:00","mainEntityOfPage":{"@id":"https:\/\/dmcsrb.com\/politika\/ivan-ivanaj-saslusan-u-policiji-povodom-izjava-o-milatovicevoj-odluci-da-vrati-zakon\/"},"wordCount":468,"commentCount":0,"image":{"@id":"https:\/\/dmcsrb.com\/politika\/ivan-ivanaj-saslusan-u-policiji-povodom-izjava-o-milatovicevoj-odluci-da-vrati-zakon\/#primaryimage"},"thumbnailUrl":"https:\/\/dmcsrb.com\/wp-content\/uploads\/2026\/01\/528633330_24561887296728446_8287436857549847351_n.webp","keywords":["IVan Ivanaj","Izjava","Jakov Milatovi\u0107","odluka","Saslu\u0161avanje u policiji","Vra\u0107anje zakona"],"articleSection":["Politika"],"inLanguage":"en-GB","potentialAction":[{"@type":"CommentAction","name":"Comment","target":["https:\/\/dmcsrb.com\/politika\/ivan-ivanaj-saslusan-u-policiji-povodom-izjava-o-milatovicevoj-odluci-da-vrati-zakon\/#respond"]}]},{"@type":"WebPage","@id":"https:\/\/dmcsrb.com\/politika\/ivan-ivanaj-saslusan-u-policiji-povodom-izjava-o-milatovicevoj-odluci-da-vrati-zakon\/","url":"https:\/\/dmcsrb.com\/politika\/ivan-ivanaj-saslusan-u-policiji-povodom-izjava-o-milatovicevoj-odluci-da-vrati-zakon\/","name":"Ivan Ivanaj saslu\u0161an u policiji povodom izjava o Milatovi\u0107evoj odluci da vrati zakon - dmcsrb.com","isPartOf":{"@id":"https:\/\/dmcsrb.com\/#website"},"primaryImageOfPage":{"@id":"https:\/\/dmcsrb.com\/politika\/ivan-ivanaj-saslusan-u-policiji-povodom-izjava-o-milatovicevoj-odluci-da-vrati-zakon\/#primaryimage"},"image":{"@id":"https:\/\/dmcsrb.com\/politika\/ivan-ivanaj-saslusan-u-policiji-povodom-izjava-o-milatovicevoj-odluci-da-vrati-zakon\/#primaryimage"},"thumbnailUrl":"https:\/\/dmcsrb.com\/wp-content\/uploads\/2026\/01\/528633330_24561887296728446_8287436857549847351_n.webp","datePublished":"2025-08-05T10:10:01+00:00","author":{"@id":"https:\/\/dmcsrb.com\/#\/schema\/person\/5c39170f12db1b8b457732d0b5c854e2"},"breadcrumb":{"@id":"https:\/\/dmcsrb.com\/politika\/ivan-ivanaj-saslusan-u-policiji-povodom-izjava-o-milatovicevoj-odluci-da-vrati-zakon\/#breadcrumb"},"inLanguage":"en-GB","potentialAction":[{"@type":"ReadAction","target":["https:\/\/dmcsrb.com\/politika\/ivan-ivanaj-saslusan-u-policiji-povodom-izjava-o-milatovicevoj-odluci-da-vrati-zakon\/"]}]},{"@type":"ImageObject","inLanguage":"en-GB","@id":"https:\/\/dmcsrb.com\/politika\/ivan-ivanaj-saslusan-u-policiji-povodom-izjava-o-milatovicevoj-odluci-da-vrati-zakon\/#primaryimage","url":"https:\/\/dmcsrb.com\/wp-content\/uploads\/2026\/01\/528633330_24561887296728446_8287436857549847351_n.webp","contentUrl":"https:\/\/dmcsrb.com\/wp-content\/uploads\/2026\/01\/528633330_24561887296728446_8287436857549847351_n.webp","width":1291,"height":2048},{"@type":"BreadcrumbList","@id":"https:\/\/dmcsrb.com\/politika\/ivan-ivanaj-saslusan-u-policiji-povodom-izjava-o-milatovicevoj-odluci-da-vrati-zakon\/#breadcrumb","itemListElement":[{"@type":"ListItem","position":1,"name":"Home","item":"https:\/\/dmcsrb.com\/"},{"@type":"ListItem","position":2,"name":"Ivan Ivanaj saslu\u0161an u policiji povodom izjava o Milatovi\u0107evoj odluci da vrati zakon"}]},{"@type":"WebSite","@id":"https:\/\/dmcsrb.com\/#website","url":"https:\/\/dmcsrb.com\/","name":"dmcsrb.com","description":"","potentialAction":[{"@type":"SearchAction","target":{"@type":"EntryPoint","urlTemplate":"https:\/\/dmcsrb.com\/?s={search_term_string}"},"query-input":{"@type":"PropertyValueSpecification","valueRequired":true,"valueName":"search_term_string"}}],"inLanguage":"en-GB"},{"@type":"Person","@id":"https:\/\/dmcsrb.com\/#\/schema\/person\/5c39170f12db1b8b457732d0b5c854e2","name":"dmcsrbija.com@gmail.com","image":{"@type":"ImageObject","inLanguage":"en-GB","@id":"https:\/\/dmcsrb.com\/#\/schema\/person\/image\/","url":"https:\/\/secure.gravatar.com\/avatar\/68592660ad6347fad0fb587f8d5d8f1a7b44961362f56e4f2cd524feb87e9069?s=96&d=mm&r=g","contentUrl":"https:\/\/secure.gravatar.com\/avatar\/68592660ad6347fad0fb587f8d5d8f1a7b44961362f56e4f2cd524feb87e9069?s=96&d=mm&r=g","caption":"dmcsrbija.com@gmail.com"},"sameAs":["https:\/\/dmcsrb.com"],"url":"https:\/\/dmcsrb.com\/en\/author\/dmcsrbija-comgmail-com\/"}]}},"_links":{"self":[{"href":"https:\/\/dmcsrb.com\/en\/wp-json\/wp\/v2\/posts\/944453","targetHints":{"allow":["GET"]}}],"collection":[{"href":"https:\/\/dmcsrb.com\/en\/wp-json\/wp\/v2\/posts"}],"about":[{"href":"https:\/\/dmcsrb.com\/en\/wp-json\/wp\/v2\/types\/post"}],"author":[{"embeddable":true,"href":"https:\/\/dmcsrb.com\/en\/wp-json\/wp\/v2\/users\/1"}],"replies":[{"embeddable":true,"href":"https:\/\/dmcsrb.com\/en\/wp-json\/wp\/v2\/comments?post=944453"}],"version-history":[{"count":0,"href":"https:\/\/dmcsrb.com\/en\/wp-json\/wp\/v2\/posts\/944453\/revisions"}],"wp:featuredmedia":[{"embeddable":true,"href":"https:\/\/dmcsrb.com\/en\/wp-json\/wp\/v2\/media\/944454"}],"wp:attachment":[{"href":"https:\/\/dmcsrb.com\/en\/wp-json\/wp\/v2\/media?parent=944453"}],"wp:term":[{"taxonomy":"category","embeddable":true,"href":"https:\/\/dmcsrb.com\/en\/wp-json\/wp\/v2\/categories?post=944453"},{"taxonomy":"post_tag","embeddable":true,"href":"https:\/\/dmcsrb.com\/en\/wp-json\/wp\/v2\/tags?post=944453"},{"taxonomy":"naslovna","embeddable":true,"href":"https:\/\/dmcsrb.com\/en\/wp-json\/wp\/v2\/naslovna?post=944453"}],"curies":[{"name":"wp","href":"https:\/\/api.w.org\/{rel}","templated":true}]}}