{"id":944408,"date":"2025-08-05T11:54:00","date_gmt":"2025-08-05T09:54:00","guid":{"rendered":"https:\/\/dmcsrb.com\/uncategorized\/dokic-sustina-sukoba-oko-poreza-je-status-plantaza\/"},"modified":"2025-08-05T11:54:00","modified_gmt":"2025-08-05T09:54:00","slug":"dokic-sustina-sukoba-oko-poreza-je-status-plantaza","status":"publish","type":"post","link":"https:\/\/dmcsrb.com\/en\/ekonomija\/dokic-sustina-sukoba-oko-poreza-je-status-plantaza\/","title":{"rendered":"Doki\u0107: Su\u0161tina sukoba oko poreza je status &#8220;Planta\u017ea&#8221;"},"content":{"rendered":"<p><\/p>\n\n\n\n<p>Nakon \u0161to je predsjednik dr\u017eave obrazlo\u017eio da je zakon sa amandmanima poslanika Nikole Camaja, Iljira \u010capunija i Artana \u010cobija protivzakonit, protivustavan i diskriminatorski prema 22 hiljade poljoprivrednika, uslijedila je o\u0161tra reakcija ministra ekonomskog razvoja i potpredsjednika Vlade Nika \u0110eljo\u0161aja.<\/p>\n\n\n\n<p>O\u0161tre rije\u010di su razmijenjene odmah nakon \u0161to je predsjednik dr\u017eave saop\u0161tio da nije potpisao taj zakon.<\/p>\n\n\n\n<p>Tenzije su poja\u010dane kada je iz kabineta predsjednika dr\u017eave objavljena telefonska prepiska sa ministrom \u0110eljo\u0161ajem, koji je ubrzo dobio podr\u0161ku poslanika iz albanskih stranaka. Polemika je poprimila novi tok kada je predsjednik dr\u017eave ju\u010de objavio negativno mi\u0161ljenje Ministarstva finansija (MF) o Zakonu o porezu na nepokretnosti sa amandmanima poslanika Camaja, \u010capunija i \u010cobija.<\/p>\n\n\n\n<p>Naime, resor na \u010dijem \u010delu je ministar Novica Vukovi\u0107 jo\u0161 u junu 2024. godine dao je preporuku da se takav zakon ne podr\u017ei.<\/p>\n\n\n\n<p>Tada je MF dostavilo mi\u0161ljenje u kojem se navodi i da se predlo\u017eenim amandmanima poreski obveznici dovode u nepovoljan polo\u017eaj i da zakon ugro\u017eava poljoprivredne proizvo\u0111a\u010de.<\/p>\n\n\n\n<p>Kako se navodi u mi\u0161ljenju, op\u0161tine su imale mogu\u0107nost da odlu\u010de da li \u0107e da primijene poresku olak\u0161icu do 90 odsto poreske obaveze, &#8220;me\u0111utim, naj\u010de\u0161\u0107e su se odlu\u010divale da je ne primijene, \u0161to je direktno dovodilo do destimulisanja poljoprivredne proizvodnje&#8221;.<\/p>\n\n\n\n<p>Kako napominju iz MF-a, tom poreskom olak\u0161icom ne ugro\u017eava se fiskalna stabilnost lokalnih samouprava, imaju\u0107i u vidu da one ne ubiraju prihode isklju\u010divo od poljoprivrednog zemlji\u0161ta, niti se stanovni\u0161tvo u brojnim lokalnim samoupravama ve\u0107inski bavi poljoprivrednom proizvodnjom.<\/p>\n\n\n\n<p>Kako iz redova vode\u0107ih stranaka parlamentarne ve\u0107ine (uprkos telefonskim pozivima i porukama istaknutim \u010dlanovima dviju vladaju\u0107ih stranaka \u2013 Pokreta Evropa sad i Nove srpske demokratije), ju\u010de nismo uspjeli da dobijemo odgovor na pitanje da li \u0107e negativno mi\u0161ljenje Ministarstva finansija, odnosno Vlade, izazvati nove glavobolje unutar parlamentarne ve\u0107ine, za mi\u0161ljenje o su\u0161tini nesuglasica na relaciji predsjednik dr\u017eave \u2013 ministar ekonomskog razvoja Dan je upitao ekonomskog analiti\u010dara Davora Doki\u0107a.<\/p>\n\n\n\n<p>On smatra da je status &#8220;Planta\u017ea&#8221; su\u0161tina sukoba najodgovornijih ljudi u dr\u017eavi oko Zakona o naplati poreza na poljoprivredno zemlji\u0161te.<\/p>\n\n\n\n<p>\u2013 Iako se Tuzi jo\u0161 uvijek nisu do kraja razgrani\u010dile sa Podgoricom, otprilike dvije tre\u0107ine imovine &#8220;Planta\u017ea&#8221; nalaze se u toj op\u0161tini, koja je poku\u0161ala da kroz naplatu poreza na imovinu pobolj\u0161a stanje u svom bud\u017eetu, i zato su \u010dekali ovaj zakon. Me\u0111utim, Milatovi\u0107 je odbio da ga potpi\u0161e, pozivaju\u0107i se na preporuke Vlade, koja je bila protiv usvajanja ovog zakona \u2013 podsjetio je Doki\u0107.<\/p>\n\n\n\n<p>Odbijanjem da potpi\u0161e ovaj zakon, Milatovi\u0107 je stvar vratio na po\u010detak, odnosno u Skup\u0161tinu, koja \u0107e morati opet da obrazlo\u017ei usvajanje zakona, \u0161to mo\u017ee izazvati turbulencije u vladaju\u0107oj koaliciji, jer je Albanska alternativa Nika \u0110eljo\u0161aja dio vlasti u Crnoj Gori.<\/p>\n\n\n\n<p>Iz ugla lokalnih samouprava, Zakon o porezu na nepokretnosti je po\u017eeljan, ali, kako isti\u010de Doki\u0107, on je nepovoljan za privredu, odnosno privatne firme.<\/p>\n\n\n\n<p>\u2013 Poenta \u010ditave pri\u010de je u tome da se stvarno napravi jedna ozbiljna analiza, da se vidi da li &#8220;Planta\u017ee&#8221;, koje su i nezavidnoj finansijskoj situaciji, mogu da podnesu jo\u0161 jedan dodatni namet. Jer to jeste dodatni namet za njih \u2013 navodi Doki\u0107.<\/p>\n\n\n\n<p>On nagla\u0161ava da se privreda u Crnoj Gori lako optere\u0107uje raznim nametima i da se slabo vodi ra\u010duna o prirodnim resursima. S druge strane, jasno je da Tuzi imaju pravo da zarade i da naplate ono \u0161to je na njihovoj teritoriji.<\/p>\n\n\n\n<p>\u2013 Potrebno je na\u0107i mjeru izme\u0111u naplate poreza i optere\u0107enja koje firma mo\u017ee da podnese. Dakle, tu moramo da budemo spremni na kompromis, koji je, po meni, jedino mogu\u0107e rje\u0161enje \u2013 zaklju\u010dio je Doki\u0107.<\/p>\n\n\n\n<p><strong>MF: Amandmani dovode poljoprivrednike u nepovoljan polo\u017eaj<\/strong><\/p>\n\n\n\n<p>Tako\u0111e, isti\u010demo da bi se uvo\u0111enjem \u010dlana 28b, odnosno odredbe koja propisuje povratno dejstvo prema poreskim obveznicima kojima nije utvr\u0111ena obaveza po osnovu poreza na nepokretnosti, kao i u postupcima koji nijesu pravosna\u017eno okon\u010dani, obveznici poreza na nepokretnosti koji su koristili poresku olak\u0161icu iz \u010dlana 12 stav 3 zakona doveli u nepovoljan polo\u017eaj, imaju\u0107i u vidu da bi im se, ako jedinice lokalne samouprave odlu\u010de da ne primijene ovu poresku olak\u0161icu, retroaktivno utvrdio znatno ve\u0107i iznos obaveze po osnovu ovog poreza. Imaju\u0107i u vidu navedeno, smatramo da Predlog o izmjeni i dopuni Zakona o porezu na nepokretnosti (Slu\u017ebeni list CG, br. 25\/19, 49\/22 i 152\/22), koji su Skup\u0161tini Crne Gore podnijeli poslanici Nikola Camaj, Artan \u010cobi i Iljir \u010capuni, ne treba prihvatiti, navodi se u mi\u0161ljenju MF o Predlogu zakona o izmjeni i dopuni Zakona o porezu na nepokretnosti.<\/p>","protected":false},"excerpt":{"rendered":"<p>Zakon o porezu na nepokretnosti, kojem je Skup\u0161tina dala zeleno svjetlo prije nekoliko dana, a predsjednik dr\u017eave Jakov Milatovi\u0107 uskratio podr\u0161ku, na\u0107i \u0107e se ponovo pred poslanicima na jesen.<\/p>","protected":false},"author":1,"featured_media":944409,"comment_status":"open","ping_status":"open","sticky":false,"template":"","format":"standard","meta":{"_acf_changed":false,"footnotes":""},"categories":[27],"tags":[10105,16842,16843],"naslovna":[],"class_list":["post-944408","post","type-post","status-publish","format-standard","has-post-thumbnail","hentry","category-ekonomija","tag-davor-dokic","tag-status-plantaza","tag-sukob-oko-poreza"],"acf":[],"yoast_head":"<!-- This site is optimized with the Yoast SEO plugin v27.4 - https:\/\/yoast.com\/product\/yoast-seo-wordpress\/ -->\n<title>Doki\u0107: Su\u0161tina sukoba oko poreza je status &quot;Planta\u017ea&quot; - dmcsrb.com<\/title>\n<meta name=\"robots\" content=\"index, follow, max-snippet:-1, max-image-preview:large, max-video-preview:-1\" \/>\n<link rel=\"canonical\" href=\"https:\/\/dmcsrb.com\/en\/ekonomija\/dokic-sustina-sukoba-oko-poreza-je-status-plantaza\/\" \/>\n<meta property=\"og:locale\" content=\"en_GB\" \/>\n<meta property=\"og:type\" content=\"article\" \/>\n<meta property=\"og:title\" content=\"Doki\u0107: Su\u0161tina sukoba oko poreza je status &quot;Planta\u017ea&quot; - dmcsrb.com\" \/>\n<meta property=\"og:description\" content=\"Zakon o porezu na nepokretnosti, kojem je Skup\u0161tina dala zeleno svjetlo prije nekoliko dana, a predsjednik dr\u017eave Jakov Milatovi\u0107 uskratio podr\u0161ku, na\u0107i \u0107e se ponovo pred poslanicima na jesen.\" \/>\n<meta property=\"og:url\" content=\"https:\/\/dmcsrb.com\/en\/ekonomija\/dokic-sustina-sukoba-oko-poreza-je-status-plantaza\/\" \/>\n<meta property=\"og:site_name\" content=\"dmcsrb.com\" \/>\n<meta property=\"article:published_time\" content=\"2025-08-05T09:54:00+00:00\" \/>\n<meta property=\"og:image\" content=\"https:\/\/dmcsrb.com\/wp-content\/uploads\/2026\/01\/Davor-Dokic.webp\" \/>\n\t<meta property=\"og:image:width\" content=\"1101\" \/>\n\t<meta property=\"og:image:height\" content=\"542\" \/>\n\t<meta property=\"og:image:type\" content=\"image\/jpeg\" \/>\n<meta name=\"author\" content=\"dmcsrbija.com@gmail.com\" \/>\n<meta name=\"twitter:card\" content=\"summary_large_image\" \/>\n<meta name=\"twitter:label1\" content=\"Written by\" \/>\n\t<meta name=\"twitter:data1\" content=\"dmcsrbija.com@gmail.com\" \/>\n\t<meta name=\"twitter:label2\" content=\"Estimated reading time\" \/>\n\t<meta name=\"twitter:data2\" content=\"4 minutes\" \/>\n<script type=\"application\/ld+json\" class=\"yoast-schema-graph\">{\"@context\":\"https:\\\/\\\/schema.org\",\"@graph\":[{\"@type\":\"Article\",\"@id\":\"https:\\\/\\\/dmcsrb.com\\\/ekonomija\\\/dokic-sustina-sukoba-oko-poreza-je-status-plantaza\\\/#article\",\"isPartOf\":{\"@id\":\"https:\\\/\\\/dmcsrb.com\\\/ekonomija\\\/dokic-sustina-sukoba-oko-poreza-je-status-plantaza\\\/\"},\"author\":{\"name\":\"dmcsrbija.com@gmail.com\",\"@id\":\"https:\\\/\\\/dmcsrb.com\\\/#\\\/schema\\\/person\\\/5c39170f12db1b8b457732d0b5c854e2\"},\"headline\":\"Doki\u0107: Su\u0161tina sukoba oko poreza je status &#8220;Planta\u017ea&#8221;\",\"datePublished\":\"2025-08-05T09:54:00+00:00\",\"mainEntityOfPage\":{\"@id\":\"https:\\\/\\\/dmcsrb.com\\\/ekonomija\\\/dokic-sustina-sukoba-oko-poreza-je-status-plantaza\\\/\"},\"wordCount\":809,\"commentCount\":0,\"image\":{\"@id\":\"https:\\\/\\\/dmcsrb.com\\\/ekonomija\\\/dokic-sustina-sukoba-oko-poreza-je-status-plantaza\\\/#primaryimage\"},\"thumbnailUrl\":\"https:\\\/\\\/dmcsrb.com\\\/wp-content\\\/uploads\\\/2026\\\/01\\\/Davor-Dokic.webp\",\"keywords\":[\"Davor Doki\u0107\",\"Status ''Planta\u017ea''\",\"Sukob oko poreza\"],\"articleSection\":[\"Ekonomija\"],\"inLanguage\":\"en-GB\",\"potentialAction\":[{\"@type\":\"CommentAction\",\"name\":\"Comment\",\"target\":[\"https:\\\/\\\/dmcsrb.com\\\/ekonomija\\\/dokic-sustina-sukoba-oko-poreza-je-status-plantaza\\\/#respond\"]}]},{\"@type\":\"WebPage\",\"@id\":\"https:\\\/\\\/dmcsrb.com\\\/ekonomija\\\/dokic-sustina-sukoba-oko-poreza-je-status-plantaza\\\/\",\"url\":\"https:\\\/\\\/dmcsrb.com\\\/ekonomija\\\/dokic-sustina-sukoba-oko-poreza-je-status-plantaza\\\/\",\"name\":\"Doki\u0107: Su\u0161tina sukoba oko poreza je status \\\"Planta\u017ea\\\" - dmcsrb.com\",\"isPartOf\":{\"@id\":\"https:\\\/\\\/dmcsrb.com\\\/#website\"},\"primaryImageOfPage\":{\"@id\":\"https:\\\/\\\/dmcsrb.com\\\/ekonomija\\\/dokic-sustina-sukoba-oko-poreza-je-status-plantaza\\\/#primaryimage\"},\"image\":{\"@id\":\"https:\\\/\\\/dmcsrb.com\\\/ekonomija\\\/dokic-sustina-sukoba-oko-poreza-je-status-plantaza\\\/#primaryimage\"},\"thumbnailUrl\":\"https:\\\/\\\/dmcsrb.com\\\/wp-content\\\/uploads\\\/2026\\\/01\\\/Davor-Dokic.webp\",\"datePublished\":\"2025-08-05T09:54:00+00:00\",\"author\":{\"@id\":\"https:\\\/\\\/dmcsrb.com\\\/#\\\/schema\\\/person\\\/5c39170f12db1b8b457732d0b5c854e2\"},\"breadcrumb\":{\"@id\":\"https:\\\/\\\/dmcsrb.com\\\/ekonomija\\\/dokic-sustina-sukoba-oko-poreza-je-status-plantaza\\\/#breadcrumb\"},\"inLanguage\":\"en-GB\",\"potentialAction\":[{\"@type\":\"ReadAction\",\"target\":[\"https:\\\/\\\/dmcsrb.com\\\/ekonomija\\\/dokic-sustina-sukoba-oko-poreza-je-status-plantaza\\\/\"]}]},{\"@type\":\"ImageObject\",\"inLanguage\":\"en-GB\",\"@id\":\"https:\\\/\\\/dmcsrb.com\\\/ekonomija\\\/dokic-sustina-sukoba-oko-poreza-je-status-plantaza\\\/#primaryimage\",\"url\":\"https:\\\/\\\/dmcsrb.com\\\/wp-content\\\/uploads\\\/2026\\\/01\\\/Davor-Dokic.webp\",\"contentUrl\":\"https:\\\/\\\/dmcsrb.com\\\/wp-content\\\/uploads\\\/2026\\\/01\\\/Davor-Dokic.webp\",\"width\":1101,\"height\":542},{\"@type\":\"BreadcrumbList\",\"@id\":\"https:\\\/\\\/dmcsrb.com\\\/ekonomija\\\/dokic-sustina-sukoba-oko-poreza-je-status-plantaza\\\/#breadcrumb\",\"itemListElement\":[{\"@type\":\"ListItem\",\"position\":1,\"name\":\"Home\",\"item\":\"https:\\\/\\\/dmcsrb.com\\\/\"},{\"@type\":\"ListItem\",\"position\":2,\"name\":\"Doki\u0107: Su\u0161tina sukoba oko poreza je status &#8220;Planta\u017ea&#8221;\"}]},{\"@type\":\"WebSite\",\"@id\":\"https:\\\/\\\/dmcsrb.com\\\/#website\",\"url\":\"https:\\\/\\\/dmcsrb.com\\\/\",\"name\":\"dmcsrb.com\",\"description\":\"\",\"potentialAction\":[{\"@type\":\"SearchAction\",\"target\":{\"@type\":\"EntryPoint\",\"urlTemplate\":\"https:\\\/\\\/dmcsrb.com\\\/?s={search_term_string}\"},\"query-input\":{\"@type\":\"PropertyValueSpecification\",\"valueRequired\":true,\"valueName\":\"search_term_string\"}}],\"inLanguage\":\"en-GB\"},{\"@type\":\"Person\",\"@id\":\"https:\\\/\\\/dmcsrb.com\\\/#\\\/schema\\\/person\\\/5c39170f12db1b8b457732d0b5c854e2\",\"name\":\"dmcsrbija.com@gmail.com\",\"image\":{\"@type\":\"ImageObject\",\"inLanguage\":\"en-GB\",\"@id\":\"https:\\\/\\\/secure.gravatar.com\\\/avatar\\\/68592660ad6347fad0fb587f8d5d8f1a7b44961362f56e4f2cd524feb87e9069?s=96&d=mm&r=g\",\"url\":\"https:\\\/\\\/secure.gravatar.com\\\/avatar\\\/68592660ad6347fad0fb587f8d5d8f1a7b44961362f56e4f2cd524feb87e9069?s=96&d=mm&r=g\",\"contentUrl\":\"https:\\\/\\\/secure.gravatar.com\\\/avatar\\\/68592660ad6347fad0fb587f8d5d8f1a7b44961362f56e4f2cd524feb87e9069?s=96&d=mm&r=g\",\"caption\":\"dmcsrbija.com@gmail.com\"},\"sameAs\":[\"https:\\\/\\\/dmcsrb.com\"],\"url\":\"https:\\\/\\\/dmcsrb.com\\\/en\\\/author\\\/dmcsrbija-comgmail-com\\\/\"}]}<\/script>\n<!-- \/ Yoast SEO plugin. -->","yoast_head_json":{"title":"Doki\u0107: Su\u0161tina sukoba oko poreza je status \"Planta\u017ea\" - dmcsrb.com","robots":{"index":"index","follow":"follow","max-snippet":"max-snippet:-1","max-image-preview":"max-image-preview:large","max-video-preview":"max-video-preview:-1"},"canonical":"https:\/\/dmcsrb.com\/en\/ekonomija\/dokic-sustina-sukoba-oko-poreza-je-status-plantaza\/","og_locale":"en_GB","og_type":"article","og_title":"Doki\u0107: Su\u0161tina sukoba oko poreza je status \"Planta\u017ea\" - dmcsrb.com","og_description":"Zakon o porezu na nepokretnosti, kojem je Skup\u0161tina dala zeleno svjetlo prije nekoliko dana, a predsjednik dr\u017eave Jakov Milatovi\u0107 uskratio podr\u0161ku, na\u0107i \u0107e se ponovo pred poslanicima na jesen.","og_url":"https:\/\/dmcsrb.com\/en\/ekonomija\/dokic-sustina-sukoba-oko-poreza-je-status-plantaza\/","og_site_name":"dmcsrb.com","article_published_time":"2025-08-05T09:54:00+00:00","og_image":[{"width":1101,"height":542,"url":"https:\/\/dmcsrb.com\/wp-content\/uploads\/2026\/01\/Davor-Dokic.webp","type":"image\/jpeg"}],"author":"dmcsrbija.com@gmail.com","twitter_card":"summary_large_image","twitter_misc":{"Written by":"dmcsrbija.com@gmail.com","Estimated reading time":"4 minutes"},"schema":{"@context":"https:\/\/schema.org","@graph":[{"@type":"Article","@id":"https:\/\/dmcsrb.com\/ekonomija\/dokic-sustina-sukoba-oko-poreza-je-status-plantaza\/#article","isPartOf":{"@id":"https:\/\/dmcsrb.com\/ekonomija\/dokic-sustina-sukoba-oko-poreza-je-status-plantaza\/"},"author":{"name":"dmcsrbija.com@gmail.com","@id":"https:\/\/dmcsrb.com\/#\/schema\/person\/5c39170f12db1b8b457732d0b5c854e2"},"headline":"Doki\u0107: Su\u0161tina sukoba oko poreza je status &#8220;Planta\u017ea&#8221;","datePublished":"2025-08-05T09:54:00+00:00","mainEntityOfPage":{"@id":"https:\/\/dmcsrb.com\/ekonomija\/dokic-sustina-sukoba-oko-poreza-je-status-plantaza\/"},"wordCount":809,"commentCount":0,"image":{"@id":"https:\/\/dmcsrb.com\/ekonomija\/dokic-sustina-sukoba-oko-poreza-je-status-plantaza\/#primaryimage"},"thumbnailUrl":"https:\/\/dmcsrb.com\/wp-content\/uploads\/2026\/01\/Davor-Dokic.webp","keywords":["Davor Doki\u0107","Status ''Planta\u017ea''","Sukob oko poreza"],"articleSection":["Ekonomija"],"inLanguage":"en-GB","potentialAction":[{"@type":"CommentAction","name":"Comment","target":["https:\/\/dmcsrb.com\/ekonomija\/dokic-sustina-sukoba-oko-poreza-je-status-plantaza\/#respond"]}]},{"@type":"WebPage","@id":"https:\/\/dmcsrb.com\/ekonomija\/dokic-sustina-sukoba-oko-poreza-je-status-plantaza\/","url":"https:\/\/dmcsrb.com\/ekonomija\/dokic-sustina-sukoba-oko-poreza-je-status-plantaza\/","name":"Doki\u0107: Su\u0161tina sukoba oko poreza je status \"Planta\u017ea\" - dmcsrb.com","isPartOf":{"@id":"https:\/\/dmcsrb.com\/#website"},"primaryImageOfPage":{"@id":"https:\/\/dmcsrb.com\/ekonomija\/dokic-sustina-sukoba-oko-poreza-je-status-plantaza\/#primaryimage"},"image":{"@id":"https:\/\/dmcsrb.com\/ekonomija\/dokic-sustina-sukoba-oko-poreza-je-status-plantaza\/#primaryimage"},"thumbnailUrl":"https:\/\/dmcsrb.com\/wp-content\/uploads\/2026\/01\/Davor-Dokic.webp","datePublished":"2025-08-05T09:54:00+00:00","author":{"@id":"https:\/\/dmcsrb.com\/#\/schema\/person\/5c39170f12db1b8b457732d0b5c854e2"},"breadcrumb":{"@id":"https:\/\/dmcsrb.com\/ekonomija\/dokic-sustina-sukoba-oko-poreza-je-status-plantaza\/#breadcrumb"},"inLanguage":"en-GB","potentialAction":[{"@type":"ReadAction","target":["https:\/\/dmcsrb.com\/ekonomija\/dokic-sustina-sukoba-oko-poreza-je-status-plantaza\/"]}]},{"@type":"ImageObject","inLanguage":"en-GB","@id":"https:\/\/dmcsrb.com\/ekonomija\/dokic-sustina-sukoba-oko-poreza-je-status-plantaza\/#primaryimage","url":"https:\/\/dmcsrb.com\/wp-content\/uploads\/2026\/01\/Davor-Dokic.webp","contentUrl":"https:\/\/dmcsrb.com\/wp-content\/uploads\/2026\/01\/Davor-Dokic.webp","width":1101,"height":542},{"@type":"BreadcrumbList","@id":"https:\/\/dmcsrb.com\/ekonomija\/dokic-sustina-sukoba-oko-poreza-je-status-plantaza\/#breadcrumb","itemListElement":[{"@type":"ListItem","position":1,"name":"Home","item":"https:\/\/dmcsrb.com\/"},{"@type":"ListItem","position":2,"name":"Doki\u0107: Su\u0161tina sukoba oko poreza je status &#8220;Planta\u017ea&#8221;"}]},{"@type":"WebSite","@id":"https:\/\/dmcsrb.com\/#website","url":"https:\/\/dmcsrb.com\/","name":"dmcsrb.com","description":"","potentialAction":[{"@type":"SearchAction","target":{"@type":"EntryPoint","urlTemplate":"https:\/\/dmcsrb.com\/?s={search_term_string}"},"query-input":{"@type":"PropertyValueSpecification","valueRequired":true,"valueName":"search_term_string"}}],"inLanguage":"en-GB"},{"@type":"Person","@id":"https:\/\/dmcsrb.com\/#\/schema\/person\/5c39170f12db1b8b457732d0b5c854e2","name":"dmcsrbija.com@gmail.com","image":{"@type":"ImageObject","inLanguage":"en-GB","@id":"https:\/\/secure.gravatar.com\/avatar\/68592660ad6347fad0fb587f8d5d8f1a7b44961362f56e4f2cd524feb87e9069?s=96&d=mm&r=g","url":"https:\/\/secure.gravatar.com\/avatar\/68592660ad6347fad0fb587f8d5d8f1a7b44961362f56e4f2cd524feb87e9069?s=96&d=mm&r=g","contentUrl":"https:\/\/secure.gravatar.com\/avatar\/68592660ad6347fad0fb587f8d5d8f1a7b44961362f56e4f2cd524feb87e9069?s=96&d=mm&r=g","caption":"dmcsrbija.com@gmail.com"},"sameAs":["https:\/\/dmcsrb.com"],"url":"https:\/\/dmcsrb.com\/en\/author\/dmcsrbija-comgmail-com\/"}]}},"_links":{"self":[{"href":"https:\/\/dmcsrb.com\/en\/wp-json\/wp\/v2\/posts\/944408","targetHints":{"allow":["GET"]}}],"collection":[{"href":"https:\/\/dmcsrb.com\/en\/wp-json\/wp\/v2\/posts"}],"about":[{"href":"https:\/\/dmcsrb.com\/en\/wp-json\/wp\/v2\/types\/post"}],"author":[{"embeddable":true,"href":"https:\/\/dmcsrb.com\/en\/wp-json\/wp\/v2\/users\/1"}],"replies":[{"embeddable":true,"href":"https:\/\/dmcsrb.com\/en\/wp-json\/wp\/v2\/comments?post=944408"}],"version-history":[{"count":0,"href":"https:\/\/dmcsrb.com\/en\/wp-json\/wp\/v2\/posts\/944408\/revisions"}],"wp:featuredmedia":[{"embeddable":true,"href":"https:\/\/dmcsrb.com\/en\/wp-json\/wp\/v2\/media\/944409"}],"wp:attachment":[{"href":"https:\/\/dmcsrb.com\/en\/wp-json\/wp\/v2\/media?parent=944408"}],"wp:term":[{"taxonomy":"category","embeddable":true,"href":"https:\/\/dmcsrb.com\/en\/wp-json\/wp\/v2\/categories?post=944408"},{"taxonomy":"post_tag","embeddable":true,"href":"https:\/\/dmcsrb.com\/en\/wp-json\/wp\/v2\/tags?post=944408"},{"taxonomy":"naslovna","embeddable":true,"href":"https:\/\/dmcsrb.com\/en\/wp-json\/wp\/v2\/naslovna?post=944408"}],"curies":[{"name":"wp","href":"https:\/\/api.w.org\/{rel}","templated":true}]}}