{"id":944394,"date":"2025-08-05T06:45:00","date_gmt":"2025-08-05T04:45:00","guid":{"rendered":"https:\/\/dmcsrb.com\/uncategorized\/svetlana-bicanin-tijelo-je-na-plazi-ali-glava-ostaje-u-inboksu\/"},"modified":"2025-08-05T06:45:00","modified_gmt":"2025-08-05T04:45:00","slug":"svetlana-bicanin-tijelo-je-na-plazi-ali-glava-ostaje-u-inboksu","status":"publish","type":"post","link":"https:\/\/dmcsrb.com\/en\/zabava\/svetlana-bicanin-tijelo-je-na-plazi-ali-glava-ostaje-u-inboksu\/","title":{"rendered":"Svetlana Bi\u0107anin: Tijelo je na pla\u017ei, ali glava ostaje u inboksu"},"content":{"rendered":"<p><\/p>\n\n\n\n<p><\/p>\n\n\n\n<p><\/p>\n\n\n\n<p>\u201eTijelo je na pla\u017ei, ali misli su u inboksu. Nema odmora dok ne napravimo stvarnu distancu od obaveza i o\u010dekivanja\u201c, obja\u0161njava ona.<\/p>\n\n\n\n<p><strong>Odmor nije zadatak<\/strong><\/p>\n\n\n\n<p>Danas se odmor \u010desto planira kao projekat \u2013 obilazak atrakcija, savr\u0161ene fotografije, sadr\u017eaj za mre\u017ee. Bi\u0107anin upozorava da je klju\u010dno dati sebi dozvolu da ni\u0161ta ne mora\u0161.<\/p>\n\n\n\n<p>\u201eNe mora\u0161 da obilazi\u0161 sve. Dovoljno je da di\u0161e\u0161, \u0107uti\u0161, hoda\u0161 bosa. To je pravo punjenje baterija.\u201c<\/p>\n\n\n\n<p><strong>Za koga se zapravo odmara\u0161?<\/strong><\/p>\n\n\n\n<p>Pravo pitanje nije \u201eGdje da idem?\u201c, nego:<\/p>\n\n\n\n<p>\u201eDa niko ne vidi ovo \u2013 bih li i dalje to \u017eeljela?\u201c<\/p>\n\n\n\n<p>Ako je odmor stvarno tvoj, ne\u0107e\u0161 imati potrebu da ga neko lajkuje. \u201eAko ti\u0161ina postane neprijatna, mo\u017eda je vrijeme da se zapitamo \u2013 od koga bje\u017eimo\u201c, ka\u017ee Bi\u0107anin.<\/p>\n\n\n\n<p><strong>Ne mora\u0161 da putuje\u0161<\/strong><\/p>\n\n\n\n<p>Ne mora\u0161 i\u0107i nigdje da bi se odmorio. \u201eLjeto nije destinacija \u2013 ljeto je osje\u0107aj. Mo\u017ee\u0161 ga prona\u0107i u jutru bez telefona, knjizi pod drvetom, \u0161etnji bez cilja.\u201c<\/p>\n\n\n\n<p>Odmor ne po\u010dinje pakovanjem, ve\u0107 spu\u0161tanjem o\u010dekivanja. Kad prestanemo da ispunjavamo tu\u0111e slike sre\u0107e. Kad prestanemo da bje\u017eimo od sebe i po\u010dnemo da se vra\u0107amo sebi.<\/p>","protected":false},"excerpt":{"rendered":"<p>Ljeto bi trebalo da bude vrijeme odmora, ali mnogi se s mora vra\u0107aju jo\u0161 iscrpljeniji. Psihoterapeutkinja Svetlana Bi\u0107anin ka\u017ee da je glavni problem to \u0161to fizi\u010dki mijenjamo lokaciju, ali psihi\u010dki ostajemo u istom stanju.<\/p>","protected":false},"author":1,"featured_media":944395,"comment_status":"open","ping_status":"open","sticky":false,"template":"","format":"standard","meta":{"_acf_changed":false,"footnotes":""},"categories":[76],"tags":[8799,3893,16835],"naslovna":[],"class_list":["post-944394","post","type-post","status-publish","format-standard","has-post-thumbnail","hentry","category-zabava","tag-odmor","tag-savjeti","tag-svetlana-bicanin"],"acf":[],"yoast_head":"<!-- This site is optimized with the Yoast SEO plugin v27.4 - https:\/\/yoast.com\/product\/yoast-seo-wordpress\/ -->\n<title>Svetlana Bi\u0107anin: Tijelo je na pla\u017ei, ali glava ostaje u inboksu - dmcsrb.com<\/title>\n<meta name=\"robots\" content=\"index, follow, max-snippet:-1, max-image-preview:large, max-video-preview:-1\" \/>\n<link rel=\"canonical\" href=\"https:\/\/dmcsrb.com\/en\/zabava\/svetlana-bicanin-tijelo-je-na-plazi-ali-glava-ostaje-u-inboksu\/\" \/>\n<meta property=\"og:locale\" content=\"en_GB\" \/>\n<meta property=\"og:type\" content=\"article\" \/>\n<meta property=\"og:title\" content=\"Svetlana Bi\u0107anin: Tijelo je na pla\u017ei, ali glava ostaje u inboksu - dmcsrb.com\" \/>\n<meta property=\"og:description\" content=\"Ljeto bi trebalo da bude vrijeme odmora, ali mnogi se s mora vra\u0107aju jo\u0161 iscrpljeniji. Psihoterapeutkinja Svetlana Bi\u0107anin ka\u017ee da je glavni problem to \u0161to fizi\u010dki mijenjamo lokaciju, ali psihi\u010dki ostajemo u istom stanju.\" \/>\n<meta property=\"og:url\" content=\"https:\/\/dmcsrb.com\/en\/zabava\/svetlana-bicanin-tijelo-je-na-plazi-ali-glava-ostaje-u-inboksu\/\" \/>\n<meta property=\"og:site_name\" content=\"dmcsrb.com\" \/>\n<meta property=\"article:published_time\" content=\"2025-08-05T04:45:00+00:00\" \/>\n<meta property=\"og:image\" content=\"https:\/\/dmcsrb.com\/wp-content\/uploads\/2026\/01\/1754336635720105.webp\" \/>\n\t<meta property=\"og:image:width\" content=\"859\" \/>\n\t<meta property=\"og:image:height\" content=\"859\" \/>\n\t<meta property=\"og:image:type\" content=\"image\/jpeg\" \/>\n<meta name=\"author\" content=\"dmcsrbija.com@gmail.com\" \/>\n<meta name=\"twitter:card\" content=\"summary_large_image\" \/>\n<meta name=\"twitter:label1\" content=\"Written by\" \/>\n\t<meta name=\"twitter:data1\" content=\"dmcsrbija.com@gmail.com\" \/>\n\t<meta name=\"twitter:label2\" content=\"Estimated reading time\" \/>\n\t<meta name=\"twitter:data2\" content=\"1 minute\" \/>\n<script type=\"application\/ld+json\" class=\"yoast-schema-graph\">{\"@context\":\"https:\\\/\\\/schema.org\",\"@graph\":[{\"@type\":\"Article\",\"@id\":\"https:\\\/\\\/dmcsrb.com\\\/zabava\\\/svetlana-bicanin-tijelo-je-na-plazi-ali-glava-ostaje-u-inboksu\\\/#article\",\"isPartOf\":{\"@id\":\"https:\\\/\\\/dmcsrb.com\\\/zabava\\\/svetlana-bicanin-tijelo-je-na-plazi-ali-glava-ostaje-u-inboksu\\\/\"},\"author\":{\"name\":\"dmcsrbija.com@gmail.com\",\"@id\":\"https:\\\/\\\/dmcsrb.com\\\/#\\\/schema\\\/person\\\/5c39170f12db1b8b457732d0b5c854e2\"},\"headline\":\"Svetlana Bi\u0107anin: Tijelo je na pla\u017ei, ali glava ostaje u inboksu\",\"datePublished\":\"2025-08-05T04:45:00+00:00\",\"mainEntityOfPage\":{\"@id\":\"https:\\\/\\\/dmcsrb.com\\\/zabava\\\/svetlana-bicanin-tijelo-je-na-plazi-ali-glava-ostaje-u-inboksu\\\/\"},\"wordCount\":216,\"commentCount\":0,\"image\":{\"@id\":\"https:\\\/\\\/dmcsrb.com\\\/zabava\\\/svetlana-bicanin-tijelo-je-na-plazi-ali-glava-ostaje-u-inboksu\\\/#primaryimage\"},\"thumbnailUrl\":\"https:\\\/\\\/dmcsrb.com\\\/wp-content\\\/uploads\\\/2026\\\/01\\\/1754336635720105.webp\",\"keywords\":[\"odmor\",\"savjeti\",\"Svetlana Bi\u0107anin\"],\"articleSection\":[\"Zabava\"],\"inLanguage\":\"en-GB\",\"potentialAction\":[{\"@type\":\"CommentAction\",\"name\":\"Comment\",\"target\":[\"https:\\\/\\\/dmcsrb.com\\\/zabava\\\/svetlana-bicanin-tijelo-je-na-plazi-ali-glava-ostaje-u-inboksu\\\/#respond\"]}]},{\"@type\":\"WebPage\",\"@id\":\"https:\\\/\\\/dmcsrb.com\\\/zabava\\\/svetlana-bicanin-tijelo-je-na-plazi-ali-glava-ostaje-u-inboksu\\\/\",\"url\":\"https:\\\/\\\/dmcsrb.com\\\/zabava\\\/svetlana-bicanin-tijelo-je-na-plazi-ali-glava-ostaje-u-inboksu\\\/\",\"name\":\"Svetlana Bi\u0107anin: Tijelo je na pla\u017ei, ali glava ostaje u inboksu - dmcsrb.com\",\"isPartOf\":{\"@id\":\"https:\\\/\\\/dmcsrb.com\\\/#website\"},\"primaryImageOfPage\":{\"@id\":\"https:\\\/\\\/dmcsrb.com\\\/zabava\\\/svetlana-bicanin-tijelo-je-na-plazi-ali-glava-ostaje-u-inboksu\\\/#primaryimage\"},\"image\":{\"@id\":\"https:\\\/\\\/dmcsrb.com\\\/zabava\\\/svetlana-bicanin-tijelo-je-na-plazi-ali-glava-ostaje-u-inboksu\\\/#primaryimage\"},\"thumbnailUrl\":\"https:\\\/\\\/dmcsrb.com\\\/wp-content\\\/uploads\\\/2026\\\/01\\\/1754336635720105.webp\",\"datePublished\":\"2025-08-05T04:45:00+00:00\",\"author\":{\"@id\":\"https:\\\/\\\/dmcsrb.com\\\/#\\\/schema\\\/person\\\/5c39170f12db1b8b457732d0b5c854e2\"},\"breadcrumb\":{\"@id\":\"https:\\\/\\\/dmcsrb.com\\\/zabava\\\/svetlana-bicanin-tijelo-je-na-plazi-ali-glava-ostaje-u-inboksu\\\/#breadcrumb\"},\"inLanguage\":\"en-GB\",\"potentialAction\":[{\"@type\":\"ReadAction\",\"target\":[\"https:\\\/\\\/dmcsrb.com\\\/zabava\\\/svetlana-bicanin-tijelo-je-na-plazi-ali-glava-ostaje-u-inboksu\\\/\"]}]},{\"@type\":\"ImageObject\",\"inLanguage\":\"en-GB\",\"@id\":\"https:\\\/\\\/dmcsrb.com\\\/zabava\\\/svetlana-bicanin-tijelo-je-na-plazi-ali-glava-ostaje-u-inboksu\\\/#primaryimage\",\"url\":\"https:\\\/\\\/dmcsrb.com\\\/wp-content\\\/uploads\\\/2026\\\/01\\\/1754336635720105.webp\",\"contentUrl\":\"https:\\\/\\\/dmcsrb.com\\\/wp-content\\\/uploads\\\/2026\\\/01\\\/1754336635720105.webp\",\"width\":859,\"height\":859},{\"@type\":\"BreadcrumbList\",\"@id\":\"https:\\\/\\\/dmcsrb.com\\\/zabava\\\/svetlana-bicanin-tijelo-je-na-plazi-ali-glava-ostaje-u-inboksu\\\/#breadcrumb\",\"itemListElement\":[{\"@type\":\"ListItem\",\"position\":1,\"name\":\"Home\",\"item\":\"https:\\\/\\\/dmcsrb.com\\\/\"},{\"@type\":\"ListItem\",\"position\":2,\"name\":\"Svetlana Bi\u0107anin: Tijelo je na pla\u017ei, ali glava ostaje u inboksu\"}]},{\"@type\":\"WebSite\",\"@id\":\"https:\\\/\\\/dmcsrb.com\\\/#website\",\"url\":\"https:\\\/\\\/dmcsrb.com\\\/\",\"name\":\"dmcsrb.com\",\"description\":\"\",\"potentialAction\":[{\"@type\":\"SearchAction\",\"target\":{\"@type\":\"EntryPoint\",\"urlTemplate\":\"https:\\\/\\\/dmcsrb.com\\\/?s={search_term_string}\"},\"query-input\":{\"@type\":\"PropertyValueSpecification\",\"valueRequired\":true,\"valueName\":\"search_term_string\"}}],\"inLanguage\":\"en-GB\"},{\"@type\":\"Person\",\"@id\":\"https:\\\/\\\/dmcsrb.com\\\/#\\\/schema\\\/person\\\/5c39170f12db1b8b457732d0b5c854e2\",\"name\":\"dmcsrbija.com@gmail.com\",\"image\":{\"@type\":\"ImageObject\",\"inLanguage\":\"en-GB\",\"@id\":\"https:\\\/\\\/secure.gravatar.com\\\/avatar\\\/68592660ad6347fad0fb587f8d5d8f1a7b44961362f56e4f2cd524feb87e9069?s=96&d=mm&r=g\",\"url\":\"https:\\\/\\\/secure.gravatar.com\\\/avatar\\\/68592660ad6347fad0fb587f8d5d8f1a7b44961362f56e4f2cd524feb87e9069?s=96&d=mm&r=g\",\"contentUrl\":\"https:\\\/\\\/secure.gravatar.com\\\/avatar\\\/68592660ad6347fad0fb587f8d5d8f1a7b44961362f56e4f2cd524feb87e9069?s=96&d=mm&r=g\",\"caption\":\"dmcsrbija.com@gmail.com\"},\"sameAs\":[\"https:\\\/\\\/dmcsrb.com\"],\"url\":\"https:\\\/\\\/dmcsrb.com\\\/en\\\/author\\\/dmcsrbija-comgmail-com\\\/\"}]}<\/script>\n<!-- \/ Yoast SEO plugin. -->","yoast_head_json":{"title":"Svetlana Bi\u0107anin: Tijelo je na pla\u017ei, ali glava ostaje u inboksu - dmcsrb.com","robots":{"index":"index","follow":"follow","max-snippet":"max-snippet:-1","max-image-preview":"max-image-preview:large","max-video-preview":"max-video-preview:-1"},"canonical":"https:\/\/dmcsrb.com\/en\/zabava\/svetlana-bicanin-tijelo-je-na-plazi-ali-glava-ostaje-u-inboksu\/","og_locale":"en_GB","og_type":"article","og_title":"Svetlana Bi\u0107anin: Tijelo je na pla\u017ei, ali glava ostaje u inboksu - dmcsrb.com","og_description":"Ljeto bi trebalo da bude vrijeme odmora, ali mnogi se s mora vra\u0107aju jo\u0161 iscrpljeniji. Psihoterapeutkinja Svetlana Bi\u0107anin ka\u017ee da je glavni problem to \u0161to fizi\u010dki mijenjamo lokaciju, ali psihi\u010dki ostajemo u istom stanju.","og_url":"https:\/\/dmcsrb.com\/en\/zabava\/svetlana-bicanin-tijelo-je-na-plazi-ali-glava-ostaje-u-inboksu\/","og_site_name":"dmcsrb.com","article_published_time":"2025-08-05T04:45:00+00:00","og_image":[{"width":859,"height":859,"url":"https:\/\/dmcsrb.com\/wp-content\/uploads\/2026\/01\/1754336635720105.webp","type":"image\/jpeg"}],"author":"dmcsrbija.com@gmail.com","twitter_card":"summary_large_image","twitter_misc":{"Written by":"dmcsrbija.com@gmail.com","Estimated reading time":"1 minute"},"schema":{"@context":"https:\/\/schema.org","@graph":[{"@type":"Article","@id":"https:\/\/dmcsrb.com\/zabava\/svetlana-bicanin-tijelo-je-na-plazi-ali-glava-ostaje-u-inboksu\/#article","isPartOf":{"@id":"https:\/\/dmcsrb.com\/zabava\/svetlana-bicanin-tijelo-je-na-plazi-ali-glava-ostaje-u-inboksu\/"},"author":{"name":"dmcsrbija.com@gmail.com","@id":"https:\/\/dmcsrb.com\/#\/schema\/person\/5c39170f12db1b8b457732d0b5c854e2"},"headline":"Svetlana Bi\u0107anin: Tijelo je na pla\u017ei, ali glava ostaje u inboksu","datePublished":"2025-08-05T04:45:00+00:00","mainEntityOfPage":{"@id":"https:\/\/dmcsrb.com\/zabava\/svetlana-bicanin-tijelo-je-na-plazi-ali-glava-ostaje-u-inboksu\/"},"wordCount":216,"commentCount":0,"image":{"@id":"https:\/\/dmcsrb.com\/zabava\/svetlana-bicanin-tijelo-je-na-plazi-ali-glava-ostaje-u-inboksu\/#primaryimage"},"thumbnailUrl":"https:\/\/dmcsrb.com\/wp-content\/uploads\/2026\/01\/1754336635720105.webp","keywords":["odmor","savjeti","Svetlana Bi\u0107anin"],"articleSection":["Zabava"],"inLanguage":"en-GB","potentialAction":[{"@type":"CommentAction","name":"Comment","target":["https:\/\/dmcsrb.com\/zabava\/svetlana-bicanin-tijelo-je-na-plazi-ali-glava-ostaje-u-inboksu\/#respond"]}]},{"@type":"WebPage","@id":"https:\/\/dmcsrb.com\/zabava\/svetlana-bicanin-tijelo-je-na-plazi-ali-glava-ostaje-u-inboksu\/","url":"https:\/\/dmcsrb.com\/zabava\/svetlana-bicanin-tijelo-je-na-plazi-ali-glava-ostaje-u-inboksu\/","name":"Svetlana Bi\u0107anin: Tijelo je na pla\u017ei, ali glava ostaje u inboksu - dmcsrb.com","isPartOf":{"@id":"https:\/\/dmcsrb.com\/#website"},"primaryImageOfPage":{"@id":"https:\/\/dmcsrb.com\/zabava\/svetlana-bicanin-tijelo-je-na-plazi-ali-glava-ostaje-u-inboksu\/#primaryimage"},"image":{"@id":"https:\/\/dmcsrb.com\/zabava\/svetlana-bicanin-tijelo-je-na-plazi-ali-glava-ostaje-u-inboksu\/#primaryimage"},"thumbnailUrl":"https:\/\/dmcsrb.com\/wp-content\/uploads\/2026\/01\/1754336635720105.webp","datePublished":"2025-08-05T04:45:00+00:00","author":{"@id":"https:\/\/dmcsrb.com\/#\/schema\/person\/5c39170f12db1b8b457732d0b5c854e2"},"breadcrumb":{"@id":"https:\/\/dmcsrb.com\/zabava\/svetlana-bicanin-tijelo-je-na-plazi-ali-glava-ostaje-u-inboksu\/#breadcrumb"},"inLanguage":"en-GB","potentialAction":[{"@type":"ReadAction","target":["https:\/\/dmcsrb.com\/zabava\/svetlana-bicanin-tijelo-je-na-plazi-ali-glava-ostaje-u-inboksu\/"]}]},{"@type":"ImageObject","inLanguage":"en-GB","@id":"https:\/\/dmcsrb.com\/zabava\/svetlana-bicanin-tijelo-je-na-plazi-ali-glava-ostaje-u-inboksu\/#primaryimage","url":"https:\/\/dmcsrb.com\/wp-content\/uploads\/2026\/01\/1754336635720105.webp","contentUrl":"https:\/\/dmcsrb.com\/wp-content\/uploads\/2026\/01\/1754336635720105.webp","width":859,"height":859},{"@type":"BreadcrumbList","@id":"https:\/\/dmcsrb.com\/zabava\/svetlana-bicanin-tijelo-je-na-plazi-ali-glava-ostaje-u-inboksu\/#breadcrumb","itemListElement":[{"@type":"ListItem","position":1,"name":"Home","item":"https:\/\/dmcsrb.com\/"},{"@type":"ListItem","position":2,"name":"Svetlana Bi\u0107anin: Tijelo je na pla\u017ei, ali glava ostaje u inboksu"}]},{"@type":"WebSite","@id":"https:\/\/dmcsrb.com\/#website","url":"https:\/\/dmcsrb.com\/","name":"dmcsrb.com","description":"","potentialAction":[{"@type":"SearchAction","target":{"@type":"EntryPoint","urlTemplate":"https:\/\/dmcsrb.com\/?s={search_term_string}"},"query-input":{"@type":"PropertyValueSpecification","valueRequired":true,"valueName":"search_term_string"}}],"inLanguage":"en-GB"},{"@type":"Person","@id":"https:\/\/dmcsrb.com\/#\/schema\/person\/5c39170f12db1b8b457732d0b5c854e2","name":"dmcsrbija.com@gmail.com","image":{"@type":"ImageObject","inLanguage":"en-GB","@id":"https:\/\/secure.gravatar.com\/avatar\/68592660ad6347fad0fb587f8d5d8f1a7b44961362f56e4f2cd524feb87e9069?s=96&d=mm&r=g","url":"https:\/\/secure.gravatar.com\/avatar\/68592660ad6347fad0fb587f8d5d8f1a7b44961362f56e4f2cd524feb87e9069?s=96&d=mm&r=g","contentUrl":"https:\/\/secure.gravatar.com\/avatar\/68592660ad6347fad0fb587f8d5d8f1a7b44961362f56e4f2cd524feb87e9069?s=96&d=mm&r=g","caption":"dmcsrbija.com@gmail.com"},"sameAs":["https:\/\/dmcsrb.com"],"url":"https:\/\/dmcsrb.com\/en\/author\/dmcsrbija-comgmail-com\/"}]}},"_links":{"self":[{"href":"https:\/\/dmcsrb.com\/en\/wp-json\/wp\/v2\/posts\/944394","targetHints":{"allow":["GET"]}}],"collection":[{"href":"https:\/\/dmcsrb.com\/en\/wp-json\/wp\/v2\/posts"}],"about":[{"href":"https:\/\/dmcsrb.com\/en\/wp-json\/wp\/v2\/types\/post"}],"author":[{"embeddable":true,"href":"https:\/\/dmcsrb.com\/en\/wp-json\/wp\/v2\/users\/1"}],"replies":[{"embeddable":true,"href":"https:\/\/dmcsrb.com\/en\/wp-json\/wp\/v2\/comments?post=944394"}],"version-history":[{"count":0,"href":"https:\/\/dmcsrb.com\/en\/wp-json\/wp\/v2\/posts\/944394\/revisions"}],"wp:featuredmedia":[{"embeddable":true,"href":"https:\/\/dmcsrb.com\/en\/wp-json\/wp\/v2\/media\/944395"}],"wp:attachment":[{"href":"https:\/\/dmcsrb.com\/en\/wp-json\/wp\/v2\/media?parent=944394"}],"wp:term":[{"taxonomy":"category","embeddable":true,"href":"https:\/\/dmcsrb.com\/en\/wp-json\/wp\/v2\/categories?post=944394"},{"taxonomy":"post_tag","embeddable":true,"href":"https:\/\/dmcsrb.com\/en\/wp-json\/wp\/v2\/tags?post=944394"},{"taxonomy":"naslovna","embeddable":true,"href":"https:\/\/dmcsrb.com\/en\/wp-json\/wp\/v2\/naslovna?post=944394"}],"curies":[{"name":"wp","href":"https:\/\/api.w.org\/{rel}","templated":true}]}}