{"id":944324,"date":"2025-08-05T05:45:00","date_gmt":"2025-08-05T03:45:00","guid":{"rendered":"https:\/\/dmcsrb.com\/uncategorized\/andjelina-orbovic-ceka-nas-veoma-vazan-mec\/"},"modified":"2025-08-05T05:45:00","modified_gmt":"2025-08-05T03:45:00","slug":"andjelina-orbovic-ceka-nas-veoma-vazan-mec","status":"publish","type":"post","link":"https:\/\/dmcsrb.com\/en\/sport\/andjelina-orbovic-ceka-nas-veoma-vazan-mec\/","title":{"rendered":"An\u0111elina Orbovi\u0107: \u010ceka nas veoma va\u017ean me\u010d"},"content":{"rendered":"<p>Dominirala je Martina Kne\u017eevi\u0107 sa 11 golova, a odli\u010dno je ispratila An\u0111elina Orbovi\u0107 koja je potpisala sedam pogodaka. <\/p>\n\n\n\n<p>\u201cDale smo sve od sebe i presre\u0107ne smo \u0161to smo uspjele da savladamo sna\u017enu reprezentaciju Poljske. Bila je to velika borba od po\u010detka do kraja. Nijednog trenutka nijesmo posustale. Vjerovale smo jedna u drugu, igrale kao pravi tim i svaka igra\u010dica je ostavila srce na terenu\u201c, rekla je Orbovi\u0107 i dodala:<\/p>\n\n\n\n<p>\u201cPonosna sam na na\u010din na koji smo se borile i na to kako smo predstavile Crnu Goru&#8221;. <\/p>\n\n\n\n<p>Danas (17h) slijedi duel sa Hrvatskom. <\/p>\n\n\n\n<p>\u201cIspred nas je jo\u0161 jedan va\u017ean korak \u2013 me\u010d protiv Hrvatske. Znamo da nas \u010deka ozbiljan protivnik, ali vjerujemo u svoj rad, u tim i u ono \u0161to mo\u017eemo da postignemo. Va\u017eno je da se dobro oporavimo, pripremimo i ponovo damo maksimum, jer bi nam ta pobjeda mnogo zna\u010dila u pogledu plasmana i nastavka takmi\u010denja&#8221;, isti\u010de Orbovi\u0107. <\/p>\n\n\n\n<p>Mlada lavica govorila je i o tome koliko je va\u017ena podr\u0161ka sa tribina. <\/p>\n\n\n\n<p>\u201cOva pobjeda nam je veliki podstrek, a svaka podr\u0161ka sa tribina i ispred malih ekrana dodatno nas motivi\u0161e da budemo jo\u0161 bolje u nastavku prvenstva\u201c,  zaklju\u010dila je An\u0111elina Orbovi\u0107. <\/p>","protected":false},"excerpt":{"rendered":"<p>\u017denska kadetska rukometna reprezentacija Crne Gore savladala je Poljsku (30:27) na startu glavne runde i napravila ogroman korak ka plasmanu u \u010detvrtfinale Evropskog prvenstva za igra\u010dice do 17 godina.<\/p>","protected":false},"author":1,"featured_media":944325,"comment_status":"open","ping_status":"open","sticky":false,"template":"","format":"standard","meta":{"_acf_changed":false,"footnotes":""},"categories":[148],"tags":[16791,16382,14803],"naslovna":[],"class_list":["post-944324","post","type-post","status-publish","format-standard","has-post-thumbnail","hentry","category-sport","tag-andjelina-orbovic","tag-evropsko-prvenstvo-za-rukometasice-do-17-godina","tag-zenska-kadetska-rukometna-reprezentacija-crne-gore"],"acf":[],"yoast_head":"<!-- This site is optimized with the Yoast SEO plugin v27.0 - https:\/\/yoast.com\/product\/yoast-seo-wordpress\/ -->\n<title>An\u0111elina Orbovi\u0107: \u010ceka nas veoma va\u017ean me\u010d - dmcsrb.com<\/title>\n<meta name=\"robots\" content=\"index, follow, max-snippet:-1, max-image-preview:large, max-video-preview:-1\" \/>\n<link rel=\"canonical\" href=\"https:\/\/dmcsrb.com\/en\/sport\/andjelina-orbovic-ceka-nas-veoma-vazan-mec\/\" \/>\n<meta property=\"og:locale\" content=\"en_GB\" \/>\n<meta property=\"og:type\" content=\"article\" \/>\n<meta property=\"og:title\" content=\"An\u0111elina Orbovi\u0107: \u010ceka nas veoma va\u017ean me\u010d - dmcsrb.com\" \/>\n<meta property=\"og:description\" content=\"\u017denska kadetska rukometna reprezentacija Crne Gore savladala je Poljsku (30:27) na startu glavne runde i napravila ogroman korak ka plasmanu u \u010detvrtfinale Evropskog prvenstva za igra\u010dice do 17 godina.\" \/>\n<meta property=\"og:url\" content=\"https:\/\/dmcsrb.com\/en\/sport\/andjelina-orbovic-ceka-nas-veoma-vazan-mec\/\" \/>\n<meta property=\"og:site_name\" content=\"dmcsrb.com\" \/>\n<meta property=\"article:published_time\" content=\"2025-08-05T03:45:00+00:00\" \/>\n<meta property=\"og:image\" content=\"https:\/\/dmcsrb.com\/wp-content\/uploads\/2026\/01\/Andjelina-Orbovic-MatchLens.webp\" \/>\n\t<meta property=\"og:image:width\" content=\"1280\" \/>\n\t<meta property=\"og:image:height\" content=\"854\" \/>\n\t<meta property=\"og:image:type\" content=\"image\/webp\" \/>\n<meta name=\"author\" content=\"dmcsrbija.com@gmail.com\" \/>\n<meta name=\"twitter:card\" content=\"summary_large_image\" \/>\n<meta name=\"twitter:label1\" content=\"Written by\" \/>\n\t<meta name=\"twitter:data1\" content=\"dmcsrbija.com@gmail.com\" \/>\n\t<meta name=\"twitter:label2\" content=\"Estimated reading time\" \/>\n\t<meta name=\"twitter:data2\" content=\"1 minute\" \/>\n<script type=\"application\/ld+json\" class=\"yoast-schema-graph\">{\"@context\":\"https:\/\/schema.org\",\"@graph\":[{\"@type\":\"Article\",\"@id\":\"https:\/\/dmcsrb.com\/sport\/andjelina-orbovic-ceka-nas-veoma-vazan-mec\/#article\",\"isPartOf\":{\"@id\":\"https:\/\/dmcsrb.com\/sport\/andjelina-orbovic-ceka-nas-veoma-vazan-mec\/\"},\"author\":{\"name\":\"dmcsrbija.com@gmail.com\",\"@id\":\"https:\/\/dmcsrb.com\/#\/schema\/person\/5c39170f12db1b8b457732d0b5c854e2\"},\"headline\":\"An\u0111elina Orbovi\u0107: \u010ceka nas veoma va\u017ean me\u010d\",\"datePublished\":\"2025-08-05T03:45:00+00:00\",\"mainEntityOfPage\":{\"@id\":\"https:\/\/dmcsrb.com\/sport\/andjelina-orbovic-ceka-nas-veoma-vazan-mec\/\"},\"wordCount\":218,\"commentCount\":0,\"image\":{\"@id\":\"https:\/\/dmcsrb.com\/sport\/andjelina-orbovic-ceka-nas-veoma-vazan-mec\/#primaryimage\"},\"thumbnailUrl\":\"https:\/\/dmcsrb.com\/wp-content\/uploads\/2026\/01\/Andjelina-Orbovic-MatchLens.webp\",\"keywords\":[\"An\u0111elina Orbovi\u0107\",\"Evropsko prvenstvo za rukometa\u0161ice do 17 godina\",\"\u017denska kadetska rukometna reprezentacija Crne Gore\"],\"articleSection\":[\"Sport\"],\"inLanguage\":\"en-GB\",\"potentialAction\":[{\"@type\":\"CommentAction\",\"name\":\"Comment\",\"target\":[\"https:\/\/dmcsrb.com\/sport\/andjelina-orbovic-ceka-nas-veoma-vazan-mec\/#respond\"]}]},{\"@type\":\"WebPage\",\"@id\":\"https:\/\/dmcsrb.com\/sport\/andjelina-orbovic-ceka-nas-veoma-vazan-mec\/\",\"url\":\"https:\/\/dmcsrb.com\/sport\/andjelina-orbovic-ceka-nas-veoma-vazan-mec\/\",\"name\":\"An\u0111elina Orbovi\u0107: \u010ceka nas veoma va\u017ean me\u010d - dmcsrb.com\",\"isPartOf\":{\"@id\":\"https:\/\/dmcsrb.com\/#website\"},\"primaryImageOfPage\":{\"@id\":\"https:\/\/dmcsrb.com\/sport\/andjelina-orbovic-ceka-nas-veoma-vazan-mec\/#primaryimage\"},\"image\":{\"@id\":\"https:\/\/dmcsrb.com\/sport\/andjelina-orbovic-ceka-nas-veoma-vazan-mec\/#primaryimage\"},\"thumbnailUrl\":\"https:\/\/dmcsrb.com\/wp-content\/uploads\/2026\/01\/Andjelina-Orbovic-MatchLens.webp\",\"datePublished\":\"2025-08-05T03:45:00+00:00\",\"author\":{\"@id\":\"https:\/\/dmcsrb.com\/#\/schema\/person\/5c39170f12db1b8b457732d0b5c854e2\"},\"breadcrumb\":{\"@id\":\"https:\/\/dmcsrb.com\/sport\/andjelina-orbovic-ceka-nas-veoma-vazan-mec\/#breadcrumb\"},\"inLanguage\":\"en-GB\",\"potentialAction\":[{\"@type\":\"ReadAction\",\"target\":[\"https:\/\/dmcsrb.com\/sport\/andjelina-orbovic-ceka-nas-veoma-vazan-mec\/\"]}]},{\"@type\":\"ImageObject\",\"inLanguage\":\"en-GB\",\"@id\":\"https:\/\/dmcsrb.com\/sport\/andjelina-orbovic-ceka-nas-veoma-vazan-mec\/#primaryimage\",\"url\":\"https:\/\/dmcsrb.com\/wp-content\/uploads\/2026\/01\/Andjelina-Orbovic-MatchLens.webp\",\"contentUrl\":\"https:\/\/dmcsrb.com\/wp-content\/uploads\/2026\/01\/Andjelina-Orbovic-MatchLens.webp\",\"width\":1280,\"height\":854},{\"@type\":\"BreadcrumbList\",\"@id\":\"https:\/\/dmcsrb.com\/sport\/andjelina-orbovic-ceka-nas-veoma-vazan-mec\/#breadcrumb\",\"itemListElement\":[{\"@type\":\"ListItem\",\"position\":1,\"name\":\"Home\",\"item\":\"https:\/\/dmcsrb.com\/\"},{\"@type\":\"ListItem\",\"position\":2,\"name\":\"An\u0111elina Orbovi\u0107: \u010ceka nas veoma va\u017ean me\u010d\"}]},{\"@type\":\"WebSite\",\"@id\":\"https:\/\/dmcsrb.com\/#website\",\"url\":\"https:\/\/dmcsrb.com\/\",\"name\":\"dmcsrb.com\",\"description\":\"\",\"potentialAction\":[{\"@type\":\"SearchAction\",\"target\":{\"@type\":\"EntryPoint\",\"urlTemplate\":\"https:\/\/dmcsrb.com\/?s={search_term_string}\"},\"query-input\":{\"@type\":\"PropertyValueSpecification\",\"valueRequired\":true,\"valueName\":\"search_term_string\"}}],\"inLanguage\":\"en-GB\"},{\"@type\":\"Person\",\"@id\":\"https:\/\/dmcsrb.com\/#\/schema\/person\/5c39170f12db1b8b457732d0b5c854e2\",\"name\":\"dmcsrbija.com@gmail.com\",\"image\":{\"@type\":\"ImageObject\",\"inLanguage\":\"en-GB\",\"@id\":\"https:\/\/dmcsrb.com\/#\/schema\/person\/image\/\",\"url\":\"https:\/\/secure.gravatar.com\/avatar\/68592660ad6347fad0fb587f8d5d8f1a7b44961362f56e4f2cd524feb87e9069?s=96&d=mm&r=g\",\"contentUrl\":\"https:\/\/secure.gravatar.com\/avatar\/68592660ad6347fad0fb587f8d5d8f1a7b44961362f56e4f2cd524feb87e9069?s=96&d=mm&r=g\",\"caption\":\"dmcsrbija.com@gmail.com\"},\"sameAs\":[\"https:\/\/dmcsrb.com\"],\"url\":\"https:\/\/dmcsrb.com\/en\/author\/dmcsrbija-comgmail-com\/\"}]}<\/script>\n<!-- \/ Yoast SEO plugin. -->","yoast_head_json":{"title":"An\u0111elina Orbovi\u0107: \u010ceka nas veoma va\u017ean me\u010d - dmcsrb.com","robots":{"index":"index","follow":"follow","max-snippet":"max-snippet:-1","max-image-preview":"max-image-preview:large","max-video-preview":"max-video-preview:-1"},"canonical":"https:\/\/dmcsrb.com\/en\/sport\/andjelina-orbovic-ceka-nas-veoma-vazan-mec\/","og_locale":"en_GB","og_type":"article","og_title":"An\u0111elina Orbovi\u0107: \u010ceka nas veoma va\u017ean me\u010d - dmcsrb.com","og_description":"\u017denska kadetska rukometna reprezentacija Crne Gore savladala je Poljsku (30:27) na startu glavne runde i napravila ogroman korak ka plasmanu u \u010detvrtfinale Evropskog prvenstva za igra\u010dice do 17 godina.","og_url":"https:\/\/dmcsrb.com\/en\/sport\/andjelina-orbovic-ceka-nas-veoma-vazan-mec\/","og_site_name":"dmcsrb.com","article_published_time":"2025-08-05T03:45:00+00:00","og_image":[{"width":1280,"height":854,"url":"https:\/\/dmcsrb.com\/wp-content\/uploads\/2026\/01\/Andjelina-Orbovic-MatchLens.webp","type":"image\/webp"}],"author":"dmcsrbija.com@gmail.com","twitter_card":"summary_large_image","twitter_misc":{"Written by":"dmcsrbija.com@gmail.com","Estimated reading time":"1 minute"},"schema":{"@context":"https:\/\/schema.org","@graph":[{"@type":"Article","@id":"https:\/\/dmcsrb.com\/sport\/andjelina-orbovic-ceka-nas-veoma-vazan-mec\/#article","isPartOf":{"@id":"https:\/\/dmcsrb.com\/sport\/andjelina-orbovic-ceka-nas-veoma-vazan-mec\/"},"author":{"name":"dmcsrbija.com@gmail.com","@id":"https:\/\/dmcsrb.com\/#\/schema\/person\/5c39170f12db1b8b457732d0b5c854e2"},"headline":"An\u0111elina Orbovi\u0107: \u010ceka nas veoma va\u017ean me\u010d","datePublished":"2025-08-05T03:45:00+00:00","mainEntityOfPage":{"@id":"https:\/\/dmcsrb.com\/sport\/andjelina-orbovic-ceka-nas-veoma-vazan-mec\/"},"wordCount":218,"commentCount":0,"image":{"@id":"https:\/\/dmcsrb.com\/sport\/andjelina-orbovic-ceka-nas-veoma-vazan-mec\/#primaryimage"},"thumbnailUrl":"https:\/\/dmcsrb.com\/wp-content\/uploads\/2026\/01\/Andjelina-Orbovic-MatchLens.webp","keywords":["An\u0111elina Orbovi\u0107","Evropsko prvenstvo za rukometa\u0161ice do 17 godina","\u017denska kadetska rukometna reprezentacija Crne Gore"],"articleSection":["Sport"],"inLanguage":"en-GB","potentialAction":[{"@type":"CommentAction","name":"Comment","target":["https:\/\/dmcsrb.com\/sport\/andjelina-orbovic-ceka-nas-veoma-vazan-mec\/#respond"]}]},{"@type":"WebPage","@id":"https:\/\/dmcsrb.com\/sport\/andjelina-orbovic-ceka-nas-veoma-vazan-mec\/","url":"https:\/\/dmcsrb.com\/sport\/andjelina-orbovic-ceka-nas-veoma-vazan-mec\/","name":"An\u0111elina Orbovi\u0107: \u010ceka nas veoma va\u017ean me\u010d - dmcsrb.com","isPartOf":{"@id":"https:\/\/dmcsrb.com\/#website"},"primaryImageOfPage":{"@id":"https:\/\/dmcsrb.com\/sport\/andjelina-orbovic-ceka-nas-veoma-vazan-mec\/#primaryimage"},"image":{"@id":"https:\/\/dmcsrb.com\/sport\/andjelina-orbovic-ceka-nas-veoma-vazan-mec\/#primaryimage"},"thumbnailUrl":"https:\/\/dmcsrb.com\/wp-content\/uploads\/2026\/01\/Andjelina-Orbovic-MatchLens.webp","datePublished":"2025-08-05T03:45:00+00:00","author":{"@id":"https:\/\/dmcsrb.com\/#\/schema\/person\/5c39170f12db1b8b457732d0b5c854e2"},"breadcrumb":{"@id":"https:\/\/dmcsrb.com\/sport\/andjelina-orbovic-ceka-nas-veoma-vazan-mec\/#breadcrumb"},"inLanguage":"en-GB","potentialAction":[{"@type":"ReadAction","target":["https:\/\/dmcsrb.com\/sport\/andjelina-orbovic-ceka-nas-veoma-vazan-mec\/"]}]},{"@type":"ImageObject","inLanguage":"en-GB","@id":"https:\/\/dmcsrb.com\/sport\/andjelina-orbovic-ceka-nas-veoma-vazan-mec\/#primaryimage","url":"https:\/\/dmcsrb.com\/wp-content\/uploads\/2026\/01\/Andjelina-Orbovic-MatchLens.webp","contentUrl":"https:\/\/dmcsrb.com\/wp-content\/uploads\/2026\/01\/Andjelina-Orbovic-MatchLens.webp","width":1280,"height":854},{"@type":"BreadcrumbList","@id":"https:\/\/dmcsrb.com\/sport\/andjelina-orbovic-ceka-nas-veoma-vazan-mec\/#breadcrumb","itemListElement":[{"@type":"ListItem","position":1,"name":"Home","item":"https:\/\/dmcsrb.com\/"},{"@type":"ListItem","position":2,"name":"An\u0111elina Orbovi\u0107: \u010ceka nas veoma va\u017ean me\u010d"}]},{"@type":"WebSite","@id":"https:\/\/dmcsrb.com\/#website","url":"https:\/\/dmcsrb.com\/","name":"dmcsrb.com","description":"","potentialAction":[{"@type":"SearchAction","target":{"@type":"EntryPoint","urlTemplate":"https:\/\/dmcsrb.com\/?s={search_term_string}"},"query-input":{"@type":"PropertyValueSpecification","valueRequired":true,"valueName":"search_term_string"}}],"inLanguage":"en-GB"},{"@type":"Person","@id":"https:\/\/dmcsrb.com\/#\/schema\/person\/5c39170f12db1b8b457732d0b5c854e2","name":"dmcsrbija.com@gmail.com","image":{"@type":"ImageObject","inLanguage":"en-GB","@id":"https:\/\/dmcsrb.com\/#\/schema\/person\/image\/","url":"https:\/\/secure.gravatar.com\/avatar\/68592660ad6347fad0fb587f8d5d8f1a7b44961362f56e4f2cd524feb87e9069?s=96&d=mm&r=g","contentUrl":"https:\/\/secure.gravatar.com\/avatar\/68592660ad6347fad0fb587f8d5d8f1a7b44961362f56e4f2cd524feb87e9069?s=96&d=mm&r=g","caption":"dmcsrbija.com@gmail.com"},"sameAs":["https:\/\/dmcsrb.com"],"url":"https:\/\/dmcsrb.com\/en\/author\/dmcsrbija-comgmail-com\/"}]}},"_links":{"self":[{"href":"https:\/\/dmcsrb.com\/en\/wp-json\/wp\/v2\/posts\/944324","targetHints":{"allow":["GET"]}}],"collection":[{"href":"https:\/\/dmcsrb.com\/en\/wp-json\/wp\/v2\/posts"}],"about":[{"href":"https:\/\/dmcsrb.com\/en\/wp-json\/wp\/v2\/types\/post"}],"author":[{"embeddable":true,"href":"https:\/\/dmcsrb.com\/en\/wp-json\/wp\/v2\/users\/1"}],"replies":[{"embeddable":true,"href":"https:\/\/dmcsrb.com\/en\/wp-json\/wp\/v2\/comments?post=944324"}],"version-history":[{"count":0,"href":"https:\/\/dmcsrb.com\/en\/wp-json\/wp\/v2\/posts\/944324\/revisions"}],"wp:featuredmedia":[{"embeddable":true,"href":"https:\/\/dmcsrb.com\/en\/wp-json\/wp\/v2\/media\/944325"}],"wp:attachment":[{"href":"https:\/\/dmcsrb.com\/en\/wp-json\/wp\/v2\/media?parent=944324"}],"wp:term":[{"taxonomy":"category","embeddable":true,"href":"https:\/\/dmcsrb.com\/en\/wp-json\/wp\/v2\/categories?post=944324"},{"taxonomy":"post_tag","embeddable":true,"href":"https:\/\/dmcsrb.com\/en\/wp-json\/wp\/v2\/tags?post=944324"},{"taxonomy":"naslovna","embeddable":true,"href":"https:\/\/dmcsrb.com\/en\/wp-json\/wp\/v2\/naslovna?post=944324"}],"curies":[{"name":"wp","href":"https:\/\/api.w.org\/{rel}","templated":true}]}}