{"id":944322,"date":"2025-08-04T21:23:00","date_gmt":"2025-08-04T19:23:00","guid":{"rendered":"https:\/\/dmcsrb.com\/uncategorized\/crna-gora-porazena-od-francuske\/"},"modified":"2025-08-04T21:23:00","modified_gmt":"2025-08-04T19:23:00","slug":"crna-gora-porazena-od-francuske","status":"publish","type":"post","link":"https:\/\/dmcsrb.com\/en\/sport\/crna-gora-porazena-od-francuske\/","title":{"rendered":"Crna Gora pora\u017eena od Francuske"},"content":{"rendered":"<p>Crveni su samo na startu bili u vo\u0111stvu (5:2), nakon \u010dega su doma\u0107ini sa pet vezanih poena preuzeli kontrolu nad utakmicom. Imali su Trikolori ve\u0107 do kraja prve \u010detvrtine dvocifrenu prednost (24:13).<\/p>\n\n\n\n<p><strong>Usmane Dijeng<\/strong>&nbsp;je u 3. \u010detvrtini pogodio za najve\u0107ih plus 16 doma\u0107ih (47:23). Nakon toga su se razigrali na\u0161i ko\u0161arka\u0161i, prije svih&nbsp;<strong>Nikola Vu\u010devi\u0107<\/strong>, a nakon \u010detiri vezana poena&nbsp;<strong>Jovana Kljaji\u0107a<\/strong>&nbsp;pri\u0161li na samo dva poena zaostatka (55:57) u poslednjem minutu tre\u0107e \u010detvrtine. U jednom momentu su Crveni jurnuli u seriju 14:4.<\/p>\n\n\n\n<p>Francuzi su ipak bolje otvorili poslednji period, pogotovo&nbsp;<strong>Nadir Ifi<\/strong>, vezali 10 poena i rije\u0161ili pitanje pobjednika do 33. minuta (67:55).<\/p>\n\n\n\n<p>Selektor&nbsp;<strong>Bo\u0161ko Radovi\u0107<\/strong>&nbsp;je tra\u017eio tajm-aut, probao da motivi\u0161e svoje izabranike da jurnu u novu seriju i zaprijete, \u0161to su i uspjeli. Sr\u010dani Crnogorci su pogotkom&nbsp;<strong>Vladimira Mihailovi\u0107a&nbsp;<\/strong>sa linije za slobodba bacanja pri\u0161li na \u010detiri poena zaostatka (75:79), ali je do kraja me\u010da ostalo samo desetak sekundi pa su doma\u0107ini sa\u010duvali pobjedu.<\/p>\n\n\n\n<p>U na\u0161em taboru najefikasniji su bili centri. Vuk\u010devi\u0107 je ubacio 19,&nbsp;<strong>Marko Simonovi\u0107<\/strong>&nbsp;11 poena. Dvocifrin je bio jo\u0161&nbsp;<strong>Igor Drobnjak&nbsp;<\/strong>sa 10 poena.<\/p>\n\n\n\n<p><strong>\u0110or\u0111e Jovanovi\u0107<\/strong>&nbsp;je ubacio devet, a Mihailovi\u0107 i&nbsp;<strong>Andrija Slavkovi\u0107<\/strong>&nbsp;po osam poena. Kljaji\u0107 je me\u010d zavr\u0161io sa pet, a&nbsp;<strong>Emir Had\u017eibegovi\u0107&nbsp;<\/strong>sa dva poena.<\/p>\n\n\n\n<p>Kod Francuza najvi\u0161e poena (19) postigao je&nbsp;<strong>Aleksandre Sar<\/strong>&nbsp;iz Va\u0161ingtona. Dvocifreni su bili jo\u0161 Ifi sa 14 i jo\u0161 jedan ko\u0161arka\u0161 Vizardsa,<strong>&nbsp;Bilal Kulibali<\/strong>&nbsp;sa 10 poena.<\/p>","protected":false},"excerpt":{"rendered":"<p>Ko\u0161arka\u0161i Crne Gore pora\u017eeni su u prvom kontrolnom me\u010du na pripremama za Evropsko prvenstvo u Francuskoj od doma\u0107ina rezultatom 75:81 (13:24, 14:14, 28:11, 20:22).<\/p>","protected":false},"author":1,"featured_media":944323,"comment_status":"open","ping_status":"open","sticky":false,"template":"","format":"standard","meta":{"_acf_changed":false,"footnotes":""},"categories":[148],"tags":[5444,6487,16790],"naslovna":[],"class_list":["post-944322","post","type-post","status-publish","format-standard","has-post-thumbnail","hentry","category-sport","tag-muska-kosarkaska-reprezentacija-crne-gore","tag-muska-kosarkaska-reprezentacija-francuske","tag-pripreme-za-eurobasket"],"acf":[],"yoast_head":"<!-- This site is optimized with the Yoast SEO plugin v27.4 - https:\/\/yoast.com\/product\/yoast-seo-wordpress\/ -->\n<title>Crna Gora pora\u017eena od Francuske - dmcsrb.com<\/title>\n<meta name=\"robots\" content=\"index, follow, max-snippet:-1, max-image-preview:large, max-video-preview:-1\" \/>\n<link rel=\"canonical\" href=\"https:\/\/dmcsrb.com\/en\/sport\/crna-gora-porazena-od-francuske\/\" \/>\n<meta property=\"og:locale\" content=\"en_GB\" \/>\n<meta property=\"og:type\" content=\"article\" \/>\n<meta property=\"og:title\" content=\"Crna Gora pora\u017eena od Francuske - dmcsrb.com\" \/>\n<meta property=\"og:description\" content=\"Ko\u0161arka\u0161i Crne Gore pora\u017eeni su u prvom kontrolnom me\u010du na pripremama za Evropsko prvenstvo u Francuskoj od doma\u0107ina rezultatom 75:81 (13:24, 14:14, 28:11, 20:22).\" \/>\n<meta property=\"og:url\" content=\"https:\/\/dmcsrb.com\/en\/sport\/crna-gora-porazena-od-francuske\/\" \/>\n<meta property=\"og:site_name\" content=\"dmcsrb.com\" \/>\n<meta property=\"article:published_time\" content=\"2025-08-04T19:23:00+00:00\" \/>\n<meta property=\"og:image\" content=\"https:\/\/dmcsrb.com\/wp-content\/uploads\/2026\/01\/Marko-Simonovic-FIBA.webp\" \/>\n\t<meta property=\"og:image:width\" content=\"1280\" \/>\n\t<meta property=\"og:image:height\" content=\"853\" \/>\n\t<meta property=\"og:image:type\" content=\"image\/jpeg\" \/>\n<meta name=\"author\" content=\"dmcsrbija.com@gmail.com\" \/>\n<meta name=\"twitter:card\" content=\"summary_large_image\" \/>\n<meta name=\"twitter:label1\" content=\"Written by\" \/>\n\t<meta name=\"twitter:data1\" content=\"dmcsrbija.com@gmail.com\" \/>\n\t<meta name=\"twitter:label2\" content=\"Estimated reading time\" \/>\n\t<meta name=\"twitter:data2\" content=\"1 minute\" \/>\n<script type=\"application\/ld+json\" class=\"yoast-schema-graph\">{\"@context\":\"https:\\\/\\\/schema.org\",\"@graph\":[{\"@type\":\"Article\",\"@id\":\"https:\\\/\\\/dmcsrb.com\\\/sport\\\/crna-gora-porazena-od-francuske\\\/#article\",\"isPartOf\":{\"@id\":\"https:\\\/\\\/dmcsrb.com\\\/sport\\\/crna-gora-porazena-od-francuske\\\/\"},\"author\":{\"name\":\"dmcsrbija.com@gmail.com\",\"@id\":\"https:\\\/\\\/dmcsrb.com\\\/#\\\/schema\\\/person\\\/5c39170f12db1b8b457732d0b5c854e2\"},\"headline\":\"Crna Gora pora\u017eena od Francuske\",\"datePublished\":\"2025-08-04T19:23:00+00:00\",\"mainEntityOfPage\":{\"@id\":\"https:\\\/\\\/dmcsrb.com\\\/sport\\\/crna-gora-porazena-od-francuske\\\/\"},\"wordCount\":275,\"commentCount\":0,\"image\":{\"@id\":\"https:\\\/\\\/dmcsrb.com\\\/sport\\\/crna-gora-porazena-od-francuske\\\/#primaryimage\"},\"thumbnailUrl\":\"https:\\\/\\\/dmcsrb.com\\\/wp-content\\\/uploads\\\/2026\\\/01\\\/Marko-Simonovic-FIBA.webp\",\"keywords\":[\"Mu\u0161ka ko\u0161arka\u0161ka reprezentacija Crne Gore\",\"Mu\u0161ka ko\u0161arka\u0161ka reprezentacija Francuske\",\"pripreme za Eurobasket\"],\"articleSection\":[\"Sport\"],\"inLanguage\":\"en-GB\",\"potentialAction\":[{\"@type\":\"CommentAction\",\"name\":\"Comment\",\"target\":[\"https:\\\/\\\/dmcsrb.com\\\/sport\\\/crna-gora-porazena-od-francuske\\\/#respond\"]}]},{\"@type\":\"WebPage\",\"@id\":\"https:\\\/\\\/dmcsrb.com\\\/sport\\\/crna-gora-porazena-od-francuske\\\/\",\"url\":\"https:\\\/\\\/dmcsrb.com\\\/sport\\\/crna-gora-porazena-od-francuske\\\/\",\"name\":\"Crna Gora pora\u017eena od Francuske - dmcsrb.com\",\"isPartOf\":{\"@id\":\"https:\\\/\\\/dmcsrb.com\\\/#website\"},\"primaryImageOfPage\":{\"@id\":\"https:\\\/\\\/dmcsrb.com\\\/sport\\\/crna-gora-porazena-od-francuske\\\/#primaryimage\"},\"image\":{\"@id\":\"https:\\\/\\\/dmcsrb.com\\\/sport\\\/crna-gora-porazena-od-francuske\\\/#primaryimage\"},\"thumbnailUrl\":\"https:\\\/\\\/dmcsrb.com\\\/wp-content\\\/uploads\\\/2026\\\/01\\\/Marko-Simonovic-FIBA.webp\",\"datePublished\":\"2025-08-04T19:23:00+00:00\",\"author\":{\"@id\":\"https:\\\/\\\/dmcsrb.com\\\/#\\\/schema\\\/person\\\/5c39170f12db1b8b457732d0b5c854e2\"},\"breadcrumb\":{\"@id\":\"https:\\\/\\\/dmcsrb.com\\\/sport\\\/crna-gora-porazena-od-francuske\\\/#breadcrumb\"},\"inLanguage\":\"en-GB\",\"potentialAction\":[{\"@type\":\"ReadAction\",\"target\":[\"https:\\\/\\\/dmcsrb.com\\\/sport\\\/crna-gora-porazena-od-francuske\\\/\"]}]},{\"@type\":\"ImageObject\",\"inLanguage\":\"en-GB\",\"@id\":\"https:\\\/\\\/dmcsrb.com\\\/sport\\\/crna-gora-porazena-od-francuske\\\/#primaryimage\",\"url\":\"https:\\\/\\\/dmcsrb.com\\\/wp-content\\\/uploads\\\/2026\\\/01\\\/Marko-Simonovic-FIBA.webp\",\"contentUrl\":\"https:\\\/\\\/dmcsrb.com\\\/wp-content\\\/uploads\\\/2026\\\/01\\\/Marko-Simonovic-FIBA.webp\",\"width\":1280,\"height\":853},{\"@type\":\"BreadcrumbList\",\"@id\":\"https:\\\/\\\/dmcsrb.com\\\/sport\\\/crna-gora-porazena-od-francuske\\\/#breadcrumb\",\"itemListElement\":[{\"@type\":\"ListItem\",\"position\":1,\"name\":\"Home\",\"item\":\"https:\\\/\\\/dmcsrb.com\\\/\"},{\"@type\":\"ListItem\",\"position\":2,\"name\":\"Crna Gora pora\u017eena od Francuske\"}]},{\"@type\":\"WebSite\",\"@id\":\"https:\\\/\\\/dmcsrb.com\\\/#website\",\"url\":\"https:\\\/\\\/dmcsrb.com\\\/\",\"name\":\"dmcsrb.com\",\"description\":\"\",\"potentialAction\":[{\"@type\":\"SearchAction\",\"target\":{\"@type\":\"EntryPoint\",\"urlTemplate\":\"https:\\\/\\\/dmcsrb.com\\\/?s={search_term_string}\"},\"query-input\":{\"@type\":\"PropertyValueSpecification\",\"valueRequired\":true,\"valueName\":\"search_term_string\"}}],\"inLanguage\":\"en-GB\"},{\"@type\":\"Person\",\"@id\":\"https:\\\/\\\/dmcsrb.com\\\/#\\\/schema\\\/person\\\/5c39170f12db1b8b457732d0b5c854e2\",\"name\":\"dmcsrbija.com@gmail.com\",\"image\":{\"@type\":\"ImageObject\",\"inLanguage\":\"en-GB\",\"@id\":\"https:\\\/\\\/secure.gravatar.com\\\/avatar\\\/68592660ad6347fad0fb587f8d5d8f1a7b44961362f56e4f2cd524feb87e9069?s=96&d=mm&r=g\",\"url\":\"https:\\\/\\\/secure.gravatar.com\\\/avatar\\\/68592660ad6347fad0fb587f8d5d8f1a7b44961362f56e4f2cd524feb87e9069?s=96&d=mm&r=g\",\"contentUrl\":\"https:\\\/\\\/secure.gravatar.com\\\/avatar\\\/68592660ad6347fad0fb587f8d5d8f1a7b44961362f56e4f2cd524feb87e9069?s=96&d=mm&r=g\",\"caption\":\"dmcsrbija.com@gmail.com\"},\"sameAs\":[\"https:\\\/\\\/dmcsrb.com\"],\"url\":\"https:\\\/\\\/dmcsrb.com\\\/en\\\/author\\\/dmcsrbija-comgmail-com\\\/\"}]}<\/script>\n<!-- \/ Yoast SEO plugin. -->","yoast_head_json":{"title":"Crna Gora pora\u017eena od Francuske - dmcsrb.com","robots":{"index":"index","follow":"follow","max-snippet":"max-snippet:-1","max-image-preview":"max-image-preview:large","max-video-preview":"max-video-preview:-1"},"canonical":"https:\/\/dmcsrb.com\/en\/sport\/crna-gora-porazena-od-francuske\/","og_locale":"en_GB","og_type":"article","og_title":"Crna Gora pora\u017eena od Francuske - dmcsrb.com","og_description":"Ko\u0161arka\u0161i Crne Gore pora\u017eeni su u prvom kontrolnom me\u010du na pripremama za Evropsko prvenstvo u Francuskoj od doma\u0107ina rezultatom 75:81 (13:24, 14:14, 28:11, 20:22).","og_url":"https:\/\/dmcsrb.com\/en\/sport\/crna-gora-porazena-od-francuske\/","og_site_name":"dmcsrb.com","article_published_time":"2025-08-04T19:23:00+00:00","og_image":[{"width":1280,"height":853,"url":"https:\/\/dmcsrb.com\/wp-content\/uploads\/2026\/01\/Marko-Simonovic-FIBA.webp","type":"image\/jpeg"}],"author":"dmcsrbija.com@gmail.com","twitter_card":"summary_large_image","twitter_misc":{"Written by":"dmcsrbija.com@gmail.com","Estimated reading time":"1 minute"},"schema":{"@context":"https:\/\/schema.org","@graph":[{"@type":"Article","@id":"https:\/\/dmcsrb.com\/sport\/crna-gora-porazena-od-francuske\/#article","isPartOf":{"@id":"https:\/\/dmcsrb.com\/sport\/crna-gora-porazena-od-francuske\/"},"author":{"name":"dmcsrbija.com@gmail.com","@id":"https:\/\/dmcsrb.com\/#\/schema\/person\/5c39170f12db1b8b457732d0b5c854e2"},"headline":"Crna Gora pora\u017eena od Francuske","datePublished":"2025-08-04T19:23:00+00:00","mainEntityOfPage":{"@id":"https:\/\/dmcsrb.com\/sport\/crna-gora-porazena-od-francuske\/"},"wordCount":275,"commentCount":0,"image":{"@id":"https:\/\/dmcsrb.com\/sport\/crna-gora-porazena-od-francuske\/#primaryimage"},"thumbnailUrl":"https:\/\/dmcsrb.com\/wp-content\/uploads\/2026\/01\/Marko-Simonovic-FIBA.webp","keywords":["Mu\u0161ka ko\u0161arka\u0161ka reprezentacija Crne Gore","Mu\u0161ka ko\u0161arka\u0161ka reprezentacija Francuske","pripreme za Eurobasket"],"articleSection":["Sport"],"inLanguage":"en-GB","potentialAction":[{"@type":"CommentAction","name":"Comment","target":["https:\/\/dmcsrb.com\/sport\/crna-gora-porazena-od-francuske\/#respond"]}]},{"@type":"WebPage","@id":"https:\/\/dmcsrb.com\/sport\/crna-gora-porazena-od-francuske\/","url":"https:\/\/dmcsrb.com\/sport\/crna-gora-porazena-od-francuske\/","name":"Crna Gora pora\u017eena od Francuske - dmcsrb.com","isPartOf":{"@id":"https:\/\/dmcsrb.com\/#website"},"primaryImageOfPage":{"@id":"https:\/\/dmcsrb.com\/sport\/crna-gora-porazena-od-francuske\/#primaryimage"},"image":{"@id":"https:\/\/dmcsrb.com\/sport\/crna-gora-porazena-od-francuske\/#primaryimage"},"thumbnailUrl":"https:\/\/dmcsrb.com\/wp-content\/uploads\/2026\/01\/Marko-Simonovic-FIBA.webp","datePublished":"2025-08-04T19:23:00+00:00","author":{"@id":"https:\/\/dmcsrb.com\/#\/schema\/person\/5c39170f12db1b8b457732d0b5c854e2"},"breadcrumb":{"@id":"https:\/\/dmcsrb.com\/sport\/crna-gora-porazena-od-francuske\/#breadcrumb"},"inLanguage":"en-GB","potentialAction":[{"@type":"ReadAction","target":["https:\/\/dmcsrb.com\/sport\/crna-gora-porazena-od-francuske\/"]}]},{"@type":"ImageObject","inLanguage":"en-GB","@id":"https:\/\/dmcsrb.com\/sport\/crna-gora-porazena-od-francuske\/#primaryimage","url":"https:\/\/dmcsrb.com\/wp-content\/uploads\/2026\/01\/Marko-Simonovic-FIBA.webp","contentUrl":"https:\/\/dmcsrb.com\/wp-content\/uploads\/2026\/01\/Marko-Simonovic-FIBA.webp","width":1280,"height":853},{"@type":"BreadcrumbList","@id":"https:\/\/dmcsrb.com\/sport\/crna-gora-porazena-od-francuske\/#breadcrumb","itemListElement":[{"@type":"ListItem","position":1,"name":"Home","item":"https:\/\/dmcsrb.com\/"},{"@type":"ListItem","position":2,"name":"Crna Gora pora\u017eena od Francuske"}]},{"@type":"WebSite","@id":"https:\/\/dmcsrb.com\/#website","url":"https:\/\/dmcsrb.com\/","name":"dmcsrb.com","description":"","potentialAction":[{"@type":"SearchAction","target":{"@type":"EntryPoint","urlTemplate":"https:\/\/dmcsrb.com\/?s={search_term_string}"},"query-input":{"@type":"PropertyValueSpecification","valueRequired":true,"valueName":"search_term_string"}}],"inLanguage":"en-GB"},{"@type":"Person","@id":"https:\/\/dmcsrb.com\/#\/schema\/person\/5c39170f12db1b8b457732d0b5c854e2","name":"dmcsrbija.com@gmail.com","image":{"@type":"ImageObject","inLanguage":"en-GB","@id":"https:\/\/secure.gravatar.com\/avatar\/68592660ad6347fad0fb587f8d5d8f1a7b44961362f56e4f2cd524feb87e9069?s=96&d=mm&r=g","url":"https:\/\/secure.gravatar.com\/avatar\/68592660ad6347fad0fb587f8d5d8f1a7b44961362f56e4f2cd524feb87e9069?s=96&d=mm&r=g","contentUrl":"https:\/\/secure.gravatar.com\/avatar\/68592660ad6347fad0fb587f8d5d8f1a7b44961362f56e4f2cd524feb87e9069?s=96&d=mm&r=g","caption":"dmcsrbija.com@gmail.com"},"sameAs":["https:\/\/dmcsrb.com"],"url":"https:\/\/dmcsrb.com\/en\/author\/dmcsrbija-comgmail-com\/"}]}},"_links":{"self":[{"href":"https:\/\/dmcsrb.com\/en\/wp-json\/wp\/v2\/posts\/944322","targetHints":{"allow":["GET"]}}],"collection":[{"href":"https:\/\/dmcsrb.com\/en\/wp-json\/wp\/v2\/posts"}],"about":[{"href":"https:\/\/dmcsrb.com\/en\/wp-json\/wp\/v2\/types\/post"}],"author":[{"embeddable":true,"href":"https:\/\/dmcsrb.com\/en\/wp-json\/wp\/v2\/users\/1"}],"replies":[{"embeddable":true,"href":"https:\/\/dmcsrb.com\/en\/wp-json\/wp\/v2\/comments?post=944322"}],"version-history":[{"count":0,"href":"https:\/\/dmcsrb.com\/en\/wp-json\/wp\/v2\/posts\/944322\/revisions"}],"wp:featuredmedia":[{"embeddable":true,"href":"https:\/\/dmcsrb.com\/en\/wp-json\/wp\/v2\/media\/944323"}],"wp:attachment":[{"href":"https:\/\/dmcsrb.com\/en\/wp-json\/wp\/v2\/media?parent=944322"}],"wp:term":[{"taxonomy":"category","embeddable":true,"href":"https:\/\/dmcsrb.com\/en\/wp-json\/wp\/v2\/categories?post=944322"},{"taxonomy":"post_tag","embeddable":true,"href":"https:\/\/dmcsrb.com\/en\/wp-json\/wp\/v2\/tags?post=944322"},{"taxonomy":"naslovna","embeddable":true,"href":"https:\/\/dmcsrb.com\/en\/wp-json\/wp\/v2\/naslovna?post=944322"}],"curies":[{"name":"wp","href":"https:\/\/api.w.org\/{rel}","templated":true}]}}