{"id":944316,"date":"2025-08-04T20:48:00","date_gmt":"2025-08-04T18:48:00","guid":{"rendered":"https:\/\/dmcsrb.com\/uncategorized\/krivicna-prijava-protiv-ane-brnabic-zbog-izazivanja-nacionalne-i-vjerske-mrznje\/"},"modified":"2025-08-04T20:48:00","modified_gmt":"2025-08-04T18:48:00","slug":"krivicna-prijava-protiv-ane-brnabic-zbog-izazivanja-nacionalne-i-vjerske-mrznje","status":"publish","type":"post","link":"https:\/\/dmcsrb.com\/en\/region\/krivicna-prijava-protiv-ane-brnabic-zbog-izazivanja-nacionalne-i-vjerske-mrznje\/","title":{"rendered":"Krivi\u010dna prijava protiv Ane Brnabi\u0107 zbog \u2018izazivanja nacionalne i vjerske mr\u017enje\u2018"},"content":{"rendered":"<p>Ocijenili su da ranija izjava predsjednice parlamenta, u kojoj je vjerski izraz &#8220;Alahu ekber&#8221; (Bog je najve\u0107i) nazvala &#8220;gado\u0161\u0107u&#8221;, predstavlja &#8220;najte\u017ei oblik napada na me\u0111unacionalne i me\u0111ureligijske odnose&#8221;.<\/p>\n\n\n\n<p>&#8211; Ana Brnabi\u0107 je sa pozicije predsjednice Narodne skup\u0161tine iskazala otvorenu namjeru da mr\u017enju i netrpeljivost prema islamu, odnosno islamofobiju, nametne kao prihvatljivu normu dru\u0161tvenog pona\u0161anja- istakli su iz SDA Sand\u017eaka.<\/p>\n\n\n\n<p>Smatraju i da je Brnabi\u0107 time &#8220;iskazala namjeru&#8221; da podstakne &#8220;me\u0111uetni\u010dke sukobe i naru\u0161i odnose izme\u0111u pripadnika razli\u010ditih vjera i nacija sa pripadnicima islama i pripadnicima bo\u0161nja\u010dkog naroda&#8221;.<\/p>\n\n\n\n<p>Ocjenjuju da njena izjava &#8220;sadr\u017ei sve elemente institucionalne islamofobije, ksenofobije, demonizacije vjerskog izraza \u2018Alahu ekber\u2018, legalizacije stereotipa da je islam povezan sa nasiljem&#8221;.<\/p>\n\n\n\n<p>&#8211; A sve sa o\u010diglednim ciljem da se pripadnici islama i bo\u0161nja\u010dkog naroda u Srbiji predstave kao opasnost po dru\u0161tveni i dr\u017eavni poredak, a samim tim kao neprihvatljivi i nepo\u017eeljni u Srbiji- dodaje SDA Sand\u017eaka.<\/p>\n\n\n\n<p>Preciziraju da su prijavu Vi\u0161em javnom tu\u017eila\u0161tvu u Beogradu podnijeli poslanici te stranke&nbsp;Ahmedin \u0160krijelj&nbsp;i&nbsp;Minela Kalender,&nbsp;&#8220;uz podr\u0161ku&#8221; poslanika Partije za demokratsko djelovanje&nbsp;\u0160aipa Kamberija.<\/p>\n\n\n\n<p>Na pitanja Radija Slobodna Evropa u vezi sa podno\u0161enjem prijave, iz Skup\u0161tine Srbije nijesu odgovorili do objavljivanja vijesti.<\/p>\n\n\n\n<p>Brnabi\u0107 je to izjavila komentari\u0161u\u0107i nedavne incidente na Dr\u017eavnom univerzitetu u Novom Pazaru.<\/p>\n\n\n\n<p>U no\u0107i izme\u0111u 27. i 28. jula, grupa maskiranih mu\u0161karaca nasilno je izbacila studente koji blokiraju Dr\u017eavni univerzitet u Novom Pazaru (DUNP). Bili su u pratnji rektorke&nbsp;Zane Doli\u0107anin.<\/p>\n\n\n\n<p>Nakon toga je uslijedio protest stotina studenata i gra\u0111ana. Do\u0161lo je do sukoba sa policijom i hap\u0161enja.<\/p>\n\n\n\n<p>Uslijedila je serija uvreda provladinih tabloida i predstavnika vlasti na ra\u010dun bo\u0161nja\u010dkog stanovni\u0161tva u Novom Pazaru, na jugozapadu Srbije.<\/p>\n\n\n\n<p><\/p>","protected":false},"excerpt":{"rendered":"<p>Poslanici manjinske bo\u0161nja\u010dke Stranke demokratske akcije (SDA) Sand\u017eaka u Skup\u0161tini Srbije podnijeli su krivi\u010dnu prijavu protiv predsjednice parlamenta Ane Brnabi\u0107 zbog &#8220;izazivanja nacionalne, rasne i vjerske mr\u017enje i netrpeljivosti&#8221;, saop\u0161tila je ta partija u ponedjeljak 4. avgusta.<\/p>","protected":false},"author":1,"featured_media":916692,"comment_status":"open","ping_status":"open","sticky":false,"template":"","format":"standard","meta":{"_acf_changed":false,"footnotes":""},"categories":[103],"tags":[3697,16787],"naslovna":[],"class_list":["post-944316","post","type-post","status-publish","format-standard","has-post-thumbnail","hentry","category-region","tag-ana-brnabic","tag-sda-sandzak"],"acf":[],"yoast_head":"<!-- This site is optimized with the Yoast SEO plugin v27.0 - https:\/\/yoast.com\/product\/yoast-seo-wordpress\/ -->\n<title>Krivi\u010dna prijava protiv Ane Brnabi\u0107 zbog \u2018izazivanja nacionalne i vjerske mr\u017enje\u2018 - dmcsrb.com<\/title>\n<meta name=\"robots\" content=\"index, follow, max-snippet:-1, max-image-preview:large, max-video-preview:-1\" \/>\n<link rel=\"canonical\" href=\"https:\/\/dmcsrb.com\/en\/region\/krivicna-prijava-protiv-ane-brnabic-zbog-izazivanja-nacionalne-i-vjerske-mrznje\/\" \/>\n<meta property=\"og:locale\" content=\"en_GB\" \/>\n<meta property=\"og:type\" content=\"article\" \/>\n<meta property=\"og:title\" content=\"Krivi\u010dna prijava protiv Ane Brnabi\u0107 zbog \u2018izazivanja nacionalne i vjerske mr\u017enje\u2018 - dmcsrb.com\" \/>\n<meta property=\"og:description\" content=\"Poslanici manjinske bo\u0161nja\u010dke Stranke demokratske akcije (SDA) Sand\u017eaka u Skup\u0161tini Srbije podnijeli su krivi\u010dnu prijavu protiv predsjednice parlamenta Ane Brnabi\u0107 zbog &quot;izazivanja nacionalne, rasne i vjerske mr\u017enje i netrpeljivosti&quot;, saop\u0161tila je ta partija u ponedjeljak 4. avgusta.\" \/>\n<meta property=\"og:url\" content=\"https:\/\/dmcsrb.com\/en\/region\/krivicna-prijava-protiv-ane-brnabic-zbog-izazivanja-nacionalne-i-vjerske-mrznje\/\" \/>\n<meta property=\"og:site_name\" content=\"dmcsrb.com\" \/>\n<meta property=\"article:published_time\" content=\"2025-08-04T18:48:00+00:00\" \/>\n<meta property=\"og:image\" content=\"https:\/\/dmcsrb.com\/wp-content\/uploads\/2026\/01\/Ana-Brnabic-foto-AP.jpg\" \/>\n\t<meta property=\"og:image:width\" content=\"1174\" \/>\n\t<meta property=\"og:image:height\" content=\"694\" \/>\n\t<meta property=\"og:image:type\" content=\"image\/jpeg\" \/>\n<meta name=\"author\" content=\"dmcsrbija.com@gmail.com\" \/>\n<meta name=\"twitter:card\" content=\"summary_large_image\" \/>\n<meta name=\"twitter:label1\" content=\"Written by\" \/>\n\t<meta name=\"twitter:data1\" content=\"dmcsrbija.com@gmail.com\" \/>\n\t<meta name=\"twitter:label2\" content=\"Estimated reading time\" \/>\n\t<meta name=\"twitter:data2\" content=\"2 minutes\" \/>\n<script type=\"application\/ld+json\" class=\"yoast-schema-graph\">{\"@context\":\"https:\/\/schema.org\",\"@graph\":[{\"@type\":\"Article\",\"@id\":\"https:\/\/dmcsrb.com\/region\/krivicna-prijava-protiv-ane-brnabic-zbog-izazivanja-nacionalne-i-vjerske-mrznje\/#article\",\"isPartOf\":{\"@id\":\"https:\/\/dmcsrb.com\/region\/krivicna-prijava-protiv-ane-brnabic-zbog-izazivanja-nacionalne-i-vjerske-mrznje\/\"},\"author\":{\"name\":\"dmcsrbija.com@gmail.com\",\"@id\":\"https:\/\/dmcsrb.com\/#\/schema\/person\/5c39170f12db1b8b457732d0b5c854e2\"},\"headline\":\"Krivi\u010dna prijava protiv Ane Brnabi\u0107 zbog \u2018izazivanja nacionalne i vjerske mr\u017enje\u2018\",\"datePublished\":\"2025-08-04T18:48:00+00:00\",\"mainEntityOfPage\":{\"@id\":\"https:\/\/dmcsrb.com\/region\/krivicna-prijava-protiv-ane-brnabic-zbog-izazivanja-nacionalne-i-vjerske-mrznje\/\"},\"wordCount\":331,\"commentCount\":0,\"image\":{\"@id\":\"https:\/\/dmcsrb.com\/region\/krivicna-prijava-protiv-ane-brnabic-zbog-izazivanja-nacionalne-i-vjerske-mrznje\/#primaryimage\"},\"thumbnailUrl\":\"https:\/\/dmcsrb.com\/wp-content\/uploads\/2026\/01\/Ana-Brnabic-foto-AP.jpg\",\"keywords\":[\"Ana Brnabi\u0107\",\"SDA Sand\u017eak\"],\"articleSection\":[\"Region\"],\"inLanguage\":\"en-GB\",\"potentialAction\":[{\"@type\":\"CommentAction\",\"name\":\"Comment\",\"target\":[\"https:\/\/dmcsrb.com\/region\/krivicna-prijava-protiv-ane-brnabic-zbog-izazivanja-nacionalne-i-vjerske-mrznje\/#respond\"]}]},{\"@type\":\"WebPage\",\"@id\":\"https:\/\/dmcsrb.com\/region\/krivicna-prijava-protiv-ane-brnabic-zbog-izazivanja-nacionalne-i-vjerske-mrznje\/\",\"url\":\"https:\/\/dmcsrb.com\/region\/krivicna-prijava-protiv-ane-brnabic-zbog-izazivanja-nacionalne-i-vjerske-mrznje\/\",\"name\":\"Krivi\u010dna prijava protiv Ane Brnabi\u0107 zbog \u2018izazivanja nacionalne i vjerske mr\u017enje\u2018 - dmcsrb.com\",\"isPartOf\":{\"@id\":\"https:\/\/dmcsrb.com\/#website\"},\"primaryImageOfPage\":{\"@id\":\"https:\/\/dmcsrb.com\/region\/krivicna-prijava-protiv-ane-brnabic-zbog-izazivanja-nacionalne-i-vjerske-mrznje\/#primaryimage\"},\"image\":{\"@id\":\"https:\/\/dmcsrb.com\/region\/krivicna-prijava-protiv-ane-brnabic-zbog-izazivanja-nacionalne-i-vjerske-mrznje\/#primaryimage\"},\"thumbnailUrl\":\"https:\/\/dmcsrb.com\/wp-content\/uploads\/2026\/01\/Ana-Brnabic-foto-AP.jpg\",\"datePublished\":\"2025-08-04T18:48:00+00:00\",\"author\":{\"@id\":\"https:\/\/dmcsrb.com\/#\/schema\/person\/5c39170f12db1b8b457732d0b5c854e2\"},\"breadcrumb\":{\"@id\":\"https:\/\/dmcsrb.com\/region\/krivicna-prijava-protiv-ane-brnabic-zbog-izazivanja-nacionalne-i-vjerske-mrznje\/#breadcrumb\"},\"inLanguage\":\"en-GB\",\"potentialAction\":[{\"@type\":\"ReadAction\",\"target\":[\"https:\/\/dmcsrb.com\/region\/krivicna-prijava-protiv-ane-brnabic-zbog-izazivanja-nacionalne-i-vjerske-mrznje\/\"]}]},{\"@type\":\"ImageObject\",\"inLanguage\":\"en-GB\",\"@id\":\"https:\/\/dmcsrb.com\/region\/krivicna-prijava-protiv-ane-brnabic-zbog-izazivanja-nacionalne-i-vjerske-mrznje\/#primaryimage\",\"url\":\"https:\/\/dmcsrb.com\/wp-content\/uploads\/2026\/01\/Ana-Brnabic-foto-AP.jpg\",\"contentUrl\":\"https:\/\/dmcsrb.com\/wp-content\/uploads\/2026\/01\/Ana-Brnabic-foto-AP.jpg\",\"width\":1174,\"height\":694},{\"@type\":\"BreadcrumbList\",\"@id\":\"https:\/\/dmcsrb.com\/region\/krivicna-prijava-protiv-ane-brnabic-zbog-izazivanja-nacionalne-i-vjerske-mrznje\/#breadcrumb\",\"itemListElement\":[{\"@type\":\"ListItem\",\"position\":1,\"name\":\"Home\",\"item\":\"https:\/\/dmcsrb.com\/\"},{\"@type\":\"ListItem\",\"position\":2,\"name\":\"Krivi\u010dna prijava protiv Ane Brnabi\u0107 zbog \u2018izazivanja nacionalne i vjerske mr\u017enje\u2018\"}]},{\"@type\":\"WebSite\",\"@id\":\"https:\/\/dmcsrb.com\/#website\",\"url\":\"https:\/\/dmcsrb.com\/\",\"name\":\"dmcsrb.com\",\"description\":\"\",\"potentialAction\":[{\"@type\":\"SearchAction\",\"target\":{\"@type\":\"EntryPoint\",\"urlTemplate\":\"https:\/\/dmcsrb.com\/?s={search_term_string}\"},\"query-input\":{\"@type\":\"PropertyValueSpecification\",\"valueRequired\":true,\"valueName\":\"search_term_string\"}}],\"inLanguage\":\"en-GB\"},{\"@type\":\"Person\",\"@id\":\"https:\/\/dmcsrb.com\/#\/schema\/person\/5c39170f12db1b8b457732d0b5c854e2\",\"name\":\"dmcsrbija.com@gmail.com\",\"image\":{\"@type\":\"ImageObject\",\"inLanguage\":\"en-GB\",\"@id\":\"https:\/\/dmcsrb.com\/#\/schema\/person\/image\/\",\"url\":\"https:\/\/secure.gravatar.com\/avatar\/68592660ad6347fad0fb587f8d5d8f1a7b44961362f56e4f2cd524feb87e9069?s=96&d=mm&r=g\",\"contentUrl\":\"https:\/\/secure.gravatar.com\/avatar\/68592660ad6347fad0fb587f8d5d8f1a7b44961362f56e4f2cd524feb87e9069?s=96&d=mm&r=g\",\"caption\":\"dmcsrbija.com@gmail.com\"},\"sameAs\":[\"https:\/\/dmcsrb.com\"],\"url\":\"https:\/\/dmcsrb.com\/en\/author\/dmcsrbija-comgmail-com\/\"}]}<\/script>\n<!-- \/ Yoast SEO plugin. -->","yoast_head_json":{"title":"Krivi\u010dna prijava protiv Ane Brnabi\u0107 zbog \u2018izazivanja nacionalne i vjerske mr\u017enje\u2018 - dmcsrb.com","robots":{"index":"index","follow":"follow","max-snippet":"max-snippet:-1","max-image-preview":"max-image-preview:large","max-video-preview":"max-video-preview:-1"},"canonical":"https:\/\/dmcsrb.com\/en\/region\/krivicna-prijava-protiv-ane-brnabic-zbog-izazivanja-nacionalne-i-vjerske-mrznje\/","og_locale":"en_GB","og_type":"article","og_title":"Krivi\u010dna prijava protiv Ane Brnabi\u0107 zbog \u2018izazivanja nacionalne i vjerske mr\u017enje\u2018 - dmcsrb.com","og_description":"Poslanici manjinske bo\u0161nja\u010dke Stranke demokratske akcije (SDA) Sand\u017eaka u Skup\u0161tini Srbije podnijeli su krivi\u010dnu prijavu protiv predsjednice parlamenta Ane Brnabi\u0107 zbog \"izazivanja nacionalne, rasne i vjerske mr\u017enje i netrpeljivosti\", saop\u0161tila je ta partija u ponedjeljak 4. avgusta.","og_url":"https:\/\/dmcsrb.com\/en\/region\/krivicna-prijava-protiv-ane-brnabic-zbog-izazivanja-nacionalne-i-vjerske-mrznje\/","og_site_name":"dmcsrb.com","article_published_time":"2025-08-04T18:48:00+00:00","og_image":[{"width":1174,"height":694,"url":"https:\/\/dmcsrb.com\/wp-content\/uploads\/2026\/01\/Ana-Brnabic-foto-AP.jpg","type":"image\/jpeg"}],"author":"dmcsrbija.com@gmail.com","twitter_card":"summary_large_image","twitter_misc":{"Written by":"dmcsrbija.com@gmail.com","Estimated reading time":"2 minutes"},"schema":{"@context":"https:\/\/schema.org","@graph":[{"@type":"Article","@id":"https:\/\/dmcsrb.com\/region\/krivicna-prijava-protiv-ane-brnabic-zbog-izazivanja-nacionalne-i-vjerske-mrznje\/#article","isPartOf":{"@id":"https:\/\/dmcsrb.com\/region\/krivicna-prijava-protiv-ane-brnabic-zbog-izazivanja-nacionalne-i-vjerske-mrznje\/"},"author":{"name":"dmcsrbija.com@gmail.com","@id":"https:\/\/dmcsrb.com\/#\/schema\/person\/5c39170f12db1b8b457732d0b5c854e2"},"headline":"Krivi\u010dna prijava protiv Ane Brnabi\u0107 zbog \u2018izazivanja nacionalne i vjerske mr\u017enje\u2018","datePublished":"2025-08-04T18:48:00+00:00","mainEntityOfPage":{"@id":"https:\/\/dmcsrb.com\/region\/krivicna-prijava-protiv-ane-brnabic-zbog-izazivanja-nacionalne-i-vjerske-mrznje\/"},"wordCount":331,"commentCount":0,"image":{"@id":"https:\/\/dmcsrb.com\/region\/krivicna-prijava-protiv-ane-brnabic-zbog-izazivanja-nacionalne-i-vjerske-mrznje\/#primaryimage"},"thumbnailUrl":"https:\/\/dmcsrb.com\/wp-content\/uploads\/2026\/01\/Ana-Brnabic-foto-AP.jpg","keywords":["Ana Brnabi\u0107","SDA Sand\u017eak"],"articleSection":["Region"],"inLanguage":"en-GB","potentialAction":[{"@type":"CommentAction","name":"Comment","target":["https:\/\/dmcsrb.com\/region\/krivicna-prijava-protiv-ane-brnabic-zbog-izazivanja-nacionalne-i-vjerske-mrznje\/#respond"]}]},{"@type":"WebPage","@id":"https:\/\/dmcsrb.com\/region\/krivicna-prijava-protiv-ane-brnabic-zbog-izazivanja-nacionalne-i-vjerske-mrznje\/","url":"https:\/\/dmcsrb.com\/region\/krivicna-prijava-protiv-ane-brnabic-zbog-izazivanja-nacionalne-i-vjerske-mrznje\/","name":"Krivi\u010dna prijava protiv Ane Brnabi\u0107 zbog \u2018izazivanja nacionalne i vjerske mr\u017enje\u2018 - dmcsrb.com","isPartOf":{"@id":"https:\/\/dmcsrb.com\/#website"},"primaryImageOfPage":{"@id":"https:\/\/dmcsrb.com\/region\/krivicna-prijava-protiv-ane-brnabic-zbog-izazivanja-nacionalne-i-vjerske-mrznje\/#primaryimage"},"image":{"@id":"https:\/\/dmcsrb.com\/region\/krivicna-prijava-protiv-ane-brnabic-zbog-izazivanja-nacionalne-i-vjerske-mrznje\/#primaryimage"},"thumbnailUrl":"https:\/\/dmcsrb.com\/wp-content\/uploads\/2026\/01\/Ana-Brnabic-foto-AP.jpg","datePublished":"2025-08-04T18:48:00+00:00","author":{"@id":"https:\/\/dmcsrb.com\/#\/schema\/person\/5c39170f12db1b8b457732d0b5c854e2"},"breadcrumb":{"@id":"https:\/\/dmcsrb.com\/region\/krivicna-prijava-protiv-ane-brnabic-zbog-izazivanja-nacionalne-i-vjerske-mrznje\/#breadcrumb"},"inLanguage":"en-GB","potentialAction":[{"@type":"ReadAction","target":["https:\/\/dmcsrb.com\/region\/krivicna-prijava-protiv-ane-brnabic-zbog-izazivanja-nacionalne-i-vjerske-mrznje\/"]}]},{"@type":"ImageObject","inLanguage":"en-GB","@id":"https:\/\/dmcsrb.com\/region\/krivicna-prijava-protiv-ane-brnabic-zbog-izazivanja-nacionalne-i-vjerske-mrznje\/#primaryimage","url":"https:\/\/dmcsrb.com\/wp-content\/uploads\/2026\/01\/Ana-Brnabic-foto-AP.jpg","contentUrl":"https:\/\/dmcsrb.com\/wp-content\/uploads\/2026\/01\/Ana-Brnabic-foto-AP.jpg","width":1174,"height":694},{"@type":"BreadcrumbList","@id":"https:\/\/dmcsrb.com\/region\/krivicna-prijava-protiv-ane-brnabic-zbog-izazivanja-nacionalne-i-vjerske-mrznje\/#breadcrumb","itemListElement":[{"@type":"ListItem","position":1,"name":"Home","item":"https:\/\/dmcsrb.com\/"},{"@type":"ListItem","position":2,"name":"Krivi\u010dna prijava protiv Ane Brnabi\u0107 zbog \u2018izazivanja nacionalne i vjerske mr\u017enje\u2018"}]},{"@type":"WebSite","@id":"https:\/\/dmcsrb.com\/#website","url":"https:\/\/dmcsrb.com\/","name":"dmcsrb.com","description":"","potentialAction":[{"@type":"SearchAction","target":{"@type":"EntryPoint","urlTemplate":"https:\/\/dmcsrb.com\/?s={search_term_string}"},"query-input":{"@type":"PropertyValueSpecification","valueRequired":true,"valueName":"search_term_string"}}],"inLanguage":"en-GB"},{"@type":"Person","@id":"https:\/\/dmcsrb.com\/#\/schema\/person\/5c39170f12db1b8b457732d0b5c854e2","name":"dmcsrbija.com@gmail.com","image":{"@type":"ImageObject","inLanguage":"en-GB","@id":"https:\/\/dmcsrb.com\/#\/schema\/person\/image\/","url":"https:\/\/secure.gravatar.com\/avatar\/68592660ad6347fad0fb587f8d5d8f1a7b44961362f56e4f2cd524feb87e9069?s=96&d=mm&r=g","contentUrl":"https:\/\/secure.gravatar.com\/avatar\/68592660ad6347fad0fb587f8d5d8f1a7b44961362f56e4f2cd524feb87e9069?s=96&d=mm&r=g","caption":"dmcsrbija.com@gmail.com"},"sameAs":["https:\/\/dmcsrb.com"],"url":"https:\/\/dmcsrb.com\/en\/author\/dmcsrbija-comgmail-com\/"}]}},"_links":{"self":[{"href":"https:\/\/dmcsrb.com\/en\/wp-json\/wp\/v2\/posts\/944316","targetHints":{"allow":["GET"]}}],"collection":[{"href":"https:\/\/dmcsrb.com\/en\/wp-json\/wp\/v2\/posts"}],"about":[{"href":"https:\/\/dmcsrb.com\/en\/wp-json\/wp\/v2\/types\/post"}],"author":[{"embeddable":true,"href":"https:\/\/dmcsrb.com\/en\/wp-json\/wp\/v2\/users\/1"}],"replies":[{"embeddable":true,"href":"https:\/\/dmcsrb.com\/en\/wp-json\/wp\/v2\/comments?post=944316"}],"version-history":[{"count":0,"href":"https:\/\/dmcsrb.com\/en\/wp-json\/wp\/v2\/posts\/944316\/revisions"}],"wp:featuredmedia":[{"embeddable":true,"href":"https:\/\/dmcsrb.com\/en\/wp-json\/wp\/v2\/media\/916692"}],"wp:attachment":[{"href":"https:\/\/dmcsrb.com\/en\/wp-json\/wp\/v2\/media?parent=944316"}],"wp:term":[{"taxonomy":"category","embeddable":true,"href":"https:\/\/dmcsrb.com\/en\/wp-json\/wp\/v2\/categories?post=944316"},{"taxonomy":"post_tag","embeddable":true,"href":"https:\/\/dmcsrb.com\/en\/wp-json\/wp\/v2\/tags?post=944316"},{"taxonomy":"naslovna","embeddable":true,"href":"https:\/\/dmcsrb.com\/en\/wp-json\/wp\/v2\/naslovna?post=944316"}],"curies":[{"name":"wp","href":"https:\/\/api.w.org\/{rel}","templated":true}]}}