{"id":944242,"date":"2025-08-04T14:40:00","date_gmt":"2025-08-04T12:40:00","guid":{"rendered":"https:\/\/dmcsrb.com\/uncategorized\/usscg-cirovic-da-zastiti-interes-drzave-i-upozori-vladu\/"},"modified":"2025-08-04T14:40:00","modified_gmt":"2025-08-04T12:40:00","slug":"usscg-cirovic-da-zastiti-interes-drzave-i-upozori-vladu","status":"publish","type":"post","link":"https:\/\/dmcsrb.com\/en\/drustvo\/usscg-cirovic-da-zastiti-interes-drzave-i-upozori-vladu\/","title":{"rendered":"USSCG: \u0106irovi\u0107 da za\u0161titi interes dr\u017eave i upozori Vladu"},"content":{"rendered":"<p><br><br>Iz USSCG su u otvorenom pismu za\u0161titnici imovinsko-pravnih interesa Crne Gore Bojani \u0106irovi\u0107 naveli da o\u010dekuju da, \u0161tite\u0107i interes dr\u017eave, u skladu sa ovla\u0161\u0107enjima upozori resorna ministarstva da obustave dalje aktivnosti koje preduzimaju kr\u0161e\u0107i odredbe GKU.<br><br>\u201eI da uz isplatu avgustovske zarade zaposlenima nadoknade razliku manje ispla\u0107ene zarade za jul, do dono\u0161enja kona\u010dne odluke Ustavnog suda po podnijetoj inicijativi\u201c, pi\u0161e u otvorenom pismu.<br><br>Iz USSCG su u pismu \u0106irovi\u0107 naveli da su duboko zabrinuti aktuelnim, vi\u0161emjese\u010dnim de\u0161avanjima sa kojima se suo\u010davaju zaposleni u prosvjeti, a o kojima se dr\u017eavni organ na \u010dijem je \u010delu nije ogla\u0161avao sve do podno\u0161enja Inicijative za ocjenu zakonitosti odre\u0111enih odredaba GKU za oblast prosvjete.<br><br>\u201eOvaj dr\u017eavni organ se ni nakon podno\u0161enja Inicijative, kao organ javne vlasti kojem je povjerena za\u0161tita prava javnopravnih subjekata, odnosno dr\u017eave, uprkos svojim nadle\u017enostima, nije oglasio niti preduzeo konkretne aktivnosti usmjerene na eliminisanje \u0161tetnih posljedica koje, samovoljom odre\u0111enih resora, mogu nastupiti po javni interes i bud\u017eet Crne Gore\u201c, pi\u0161e u pismu.<br><br>Iz USSCG su rekli da je za njih neshvatljivo, zabrinjavaju\u0107e i krajnje neprihvatljivo da odmah nakon podno\u0161enja inicijative taj dr\u017eavni organ nije savjetovao ministarstva finansija i prosvjete, nauke i inovacija da odustanu od jednostranog tuma\u010denja i kr\u0161enja GKU, kako bi se preduprijedile sve o\u010dekivane posljedice do dono\u0161enja odluke Ustavnog suda po podnijetoj inicijativi.<br><br>\u201eOvakvim ne\u010dinjenjem, dr\u017eavni organ koji \u0161titi javni interes omogu\u0107io je jednoj strani potpisnici GKU za oblast prosvjete da prilikom obra\u010duna i isplate julske zarade zaposlenima u prosvjeti (i to dijelu zaposlenih, budu\u0107i da se izmijenjeni obra\u010dun odnosio samo na osnovno obrazovanje) grubo prekr\u0161i imperativne odredbe GKU, uskra\u0107uju\u0107i zaposlenima prava koja im pripadaju i koja su godinama unazad u\u017eivali\u201c, navodi se u pismu.<br><br>Iz USSCG su podsjetili da su GKU, sa svim izmjenama i dopunama, potpisali svi dosada\u0161nji ministri i ministarke prosvjete, kao i da je prije potpisivanja ugovor dobijao saglasnost od Ministarstva finansija.<br><br>\u201eOvo tim prije \u0161to je \u010dlanom 45 Zakona o zaradama u javnom sektoru propisano da svi granski kolektivni ugovori, pa i predmetni GKU, nijesu mogli proizvoditi pravno dejstvo, a da prethodno nijesu bili usagla\u0161eni sa pomenutim zakonom u ostavljenom roku\u201c, pi\u0161e u pismu.<br><br>Iz USSCG su pitali \u0106irovi\u0107 da li je logi\u010dno i pravno utemeljeno da resorna ministarstva, prije dono\u0161enja odluke Ustavnog suda po podnijetoj inicijativi, sami i jednostrano odlu\u010duju o tome da li su odre\u0111ene odredbe GKU nezakonite.<br><br>\u201eDa li \u0107e bilo koji pojedinac odgovarati ukoliko usljed jednostranih, pau\u0161alnih i nezakonitih odluka, a zbog kr\u0161enja GKU, iz bud\u017eeta dr\u017eave budu odlivena sredstva za naknadu sudskih tro\u0161kova, kamata i isplatu razlike zarade za zaposlene u prosvjeti (a ima ih preko 14 hiljada) koji putem sudskih postupaka budu ostvarili zakonsko pravo koje im je prilikom isplate julske zarade grubo prekr\u0161eno\u201c, pi\u0161e u pismu.<br><br>Iz USSCG su pitali \u0106irovi\u0107 da li je Za\u0161titnik imovinsko-pravnih interesa Crne Gore iskoristio mogu\u0107nost da se, prije podno\u0161enja inicijative, umije\u0161a u nastali spor i doprinese sporazumnom rje\u0161avanju sporne situacije i tako doprinese vladavini prava i pravnoj sigurnosti.<br><br>\u201eDa li cijenite simptomati\u010dnim da se Vlada, kao potpisnica GKU, povodom nastale dileme o tuma\u010denju odre\u0111enih odredaba GKU nije obratila paritetnoj Komisiji za sprovo\u0111enje, pra\u0107enje, primjenu i tuma\u010denje GKU kao tijelu koje je ugovorom prepoznato kao prvi institucionalni oblik rje\u0161avanja spornih pitanja u primjeni istog\u201c, navodi se u pismu.<br><br>Iz USSCG su rekli da su njihovi apeli na uspostavljanju socijalnog dijaloga, za\u0161titi interesa svih u\u010desnika u kolektivnom pregovaranju, ali i javnog interesa, ostali bez odgovora.<br><br>\u201eZato o\u010dekujemo da nakon ovog javnog obra\u0107anja, \u0161tite\u0107i interes dr\u017eave, u skladu sa svojim ovla\u0161\u0107enjima upozorite Vladu, odnosno resorna ministarstva, da obustave dalje aktivnosti koje preduzimaju kr\u0161e\u0107i odredbe GKU, i da uz isplatu avgustovske zarade zaposlenima nadoknade razliku manje ispla\u0107ene zarade za jul, do dono\u0161enja kona\u010dne odluke Ustavnog suda po podnijetoj inicijativi\u201c, pi\u0161e u pismu.<br><br>Iz USSCG su kazali da bi svako druga\u010dije postupanje zna\u010dilo namjerno istrajavanje u pogledu potencijalnih, a izvjesnih gubitaka koje bi bud\u017eet, odnosno gra\u0111ani pretrpjeli na ra\u010dun tu\u017ebenih zahtjeva.<br><br>\u201eKoje \u0107e zaposleni u prosvjeti biti prinu\u0111eni da podnesu radi za\u0161tite svojih prava, odnosno va\u017ee\u0107ih i imperativnih normi GKU, na \u010dije po\u0161tovanje su se, podsje\u0107anja radi, obavezali i Sindikat prosvjete i Vlada kao potpisnici\u201c, dodali su iz Unije.<br><br>Oni su poru\u010dili da \u0107e, ukoliko do toga ne do\u0111e, kao organizacija koja se od osnivanja zala\u017ee za uvo\u0111enje instituta odgovornosti na svim nivoima, insistirati na procesuiranju i naknadi materijalne \u0161tete od svih onih koji istrajavaju na nezakonitom postupanju i grubom kr\u0161enju prava zaposlenih u prosvjeti.<\/p>","protected":false},"excerpt":{"rendered":"<p>Za\u0161titnik imovinsko-pravnih interesa Crne Gore je svojim ne\u010dinjenjem omogu\u0107io Vladi da, prilikom obra\u010duna i isplate julske zarade zaposlenima u prosvjeti, grubo prekr\u0161i imperativne odredbe Granskog kolektivnog ugovora (GKU), ocijenili su iz Unije slobodnih sindikata (USSCG).<\/p>","protected":false},"author":1,"featured_media":915513,"comment_status":"open","ping_status":"open","sticky":false,"template":"","format":"standard","meta":{"_acf_changed":false,"footnotes":""},"categories":[2],"tags":[16740,854],"naslovna":[],"class_list":["post-944242","post","type-post","status-publish","format-standard","has-post-thumbnail","hentry","category-drustvo","tag-bojana-cirovic","tag-usscg"],"acf":[],"yoast_head":"<!-- This site is optimized with the Yoast SEO plugin v27.4 - https:\/\/yoast.com\/product\/yoast-seo-wordpress\/ -->\n<title>USSCG: \u0106irovi\u0107 da za\u0161titi interes dr\u017eave i upozori Vladu - dmcsrb.com<\/title>\n<meta name=\"robots\" content=\"index, follow, max-snippet:-1, max-image-preview:large, max-video-preview:-1\" \/>\n<link rel=\"canonical\" href=\"https:\/\/dmcsrb.com\/en\/drustvo\/usscg-cirovic-da-zastiti-interes-drzave-i-upozori-vladu\/\" \/>\n<meta property=\"og:locale\" content=\"en_GB\" \/>\n<meta property=\"og:type\" content=\"article\" \/>\n<meta property=\"og:title\" content=\"USSCG: \u0106irovi\u0107 da za\u0161titi interes dr\u017eave i upozori Vladu - dmcsrb.com\" \/>\n<meta property=\"og:description\" content=\"Za\u0161titnik imovinsko-pravnih interesa Crne Gore je svojim ne\u010dinjenjem omogu\u0107io Vladi da, prilikom obra\u010duna i isplate julske zarade zaposlenima u prosvjeti, grubo prekr\u0161i imperativne odredbe Granskog kolektivnog ugovora (GKU), ocijenili su iz Unije slobodnih sindikata (USSCG).\" \/>\n<meta property=\"og:url\" content=\"https:\/\/dmcsrb.com\/en\/drustvo\/usscg-cirovic-da-zastiti-interes-drzave-i-upozori-vladu\/\" \/>\n<meta property=\"og:site_name\" content=\"dmcsrb.com\" \/>\n<meta property=\"article:published_time\" content=\"2025-08-04T12:40:00+00:00\" \/>\n<meta property=\"og:image\" content=\"https:\/\/dmcsrb.com\/wp-content\/uploads\/2026\/01\/usscg.jpg\" \/>\n\t<meta property=\"og:image:width\" content=\"512\" \/>\n\t<meta property=\"og:image:height\" content=\"364\" \/>\n\t<meta property=\"og:image:type\" content=\"image\/jpeg\" \/>\n<meta name=\"author\" content=\"dmcsrbija.com@gmail.com\" \/>\n<meta name=\"twitter:card\" content=\"summary_large_image\" \/>\n<meta name=\"twitter:label1\" content=\"Written by\" \/>\n\t<meta name=\"twitter:data1\" content=\"dmcsrbija.com@gmail.com\" \/>\n\t<meta name=\"twitter:label2\" content=\"Estimated reading time\" \/>\n\t<meta name=\"twitter:data2\" content=\"4 minutes\" \/>\n<script type=\"application\/ld+json\" class=\"yoast-schema-graph\">{\"@context\":\"https:\\\/\\\/schema.org\",\"@graph\":[{\"@type\":\"Article\",\"@id\":\"https:\\\/\\\/dmcsrb.com\\\/drustvo\\\/usscg-cirovic-da-zastiti-interes-drzave-i-upozori-vladu\\\/#article\",\"isPartOf\":{\"@id\":\"https:\\\/\\\/dmcsrb.com\\\/drustvo\\\/usscg-cirovic-da-zastiti-interes-drzave-i-upozori-vladu\\\/\"},\"author\":{\"name\":\"dmcsrbija.com@gmail.com\",\"@id\":\"https:\\\/\\\/dmcsrb.com\\\/#\\\/schema\\\/person\\\/5c39170f12db1b8b457732d0b5c854e2\"},\"headline\":\"USSCG: \u0106irovi\u0107 da za\u0161titi interes dr\u017eave i upozori Vladu\",\"datePublished\":\"2025-08-04T12:40:00+00:00\",\"mainEntityOfPage\":{\"@id\":\"https:\\\/\\\/dmcsrb.com\\\/drustvo\\\/usscg-cirovic-da-zastiti-interes-drzave-i-upozori-vladu\\\/\"},\"wordCount\":837,\"commentCount\":0,\"image\":{\"@id\":\"https:\\\/\\\/dmcsrb.com\\\/drustvo\\\/usscg-cirovic-da-zastiti-interes-drzave-i-upozori-vladu\\\/#primaryimage\"},\"thumbnailUrl\":\"https:\\\/\\\/dmcsrb.com\\\/wp-content\\\/uploads\\\/2026\\\/01\\\/usscg.jpg\",\"keywords\":[\"Bojana \u0106irovi\u0107\",\"USSCG\"],\"articleSection\":[\"Dru\u0161tvo\"],\"inLanguage\":\"en-GB\",\"potentialAction\":[{\"@type\":\"CommentAction\",\"name\":\"Comment\",\"target\":[\"https:\\\/\\\/dmcsrb.com\\\/drustvo\\\/usscg-cirovic-da-zastiti-interes-drzave-i-upozori-vladu\\\/#respond\"]}]},{\"@type\":\"WebPage\",\"@id\":\"https:\\\/\\\/dmcsrb.com\\\/drustvo\\\/usscg-cirovic-da-zastiti-interes-drzave-i-upozori-vladu\\\/\",\"url\":\"https:\\\/\\\/dmcsrb.com\\\/drustvo\\\/usscg-cirovic-da-zastiti-interes-drzave-i-upozori-vladu\\\/\",\"name\":\"USSCG: \u0106irovi\u0107 da za\u0161titi interes dr\u017eave i upozori Vladu - dmcsrb.com\",\"isPartOf\":{\"@id\":\"https:\\\/\\\/dmcsrb.com\\\/#website\"},\"primaryImageOfPage\":{\"@id\":\"https:\\\/\\\/dmcsrb.com\\\/drustvo\\\/usscg-cirovic-da-zastiti-interes-drzave-i-upozori-vladu\\\/#primaryimage\"},\"image\":{\"@id\":\"https:\\\/\\\/dmcsrb.com\\\/drustvo\\\/usscg-cirovic-da-zastiti-interes-drzave-i-upozori-vladu\\\/#primaryimage\"},\"thumbnailUrl\":\"https:\\\/\\\/dmcsrb.com\\\/wp-content\\\/uploads\\\/2026\\\/01\\\/usscg.jpg\",\"datePublished\":\"2025-08-04T12:40:00+00:00\",\"author\":{\"@id\":\"https:\\\/\\\/dmcsrb.com\\\/#\\\/schema\\\/person\\\/5c39170f12db1b8b457732d0b5c854e2\"},\"breadcrumb\":{\"@id\":\"https:\\\/\\\/dmcsrb.com\\\/drustvo\\\/usscg-cirovic-da-zastiti-interes-drzave-i-upozori-vladu\\\/#breadcrumb\"},\"inLanguage\":\"en-GB\",\"potentialAction\":[{\"@type\":\"ReadAction\",\"target\":[\"https:\\\/\\\/dmcsrb.com\\\/drustvo\\\/usscg-cirovic-da-zastiti-interes-drzave-i-upozori-vladu\\\/\"]}]},{\"@type\":\"ImageObject\",\"inLanguage\":\"en-GB\",\"@id\":\"https:\\\/\\\/dmcsrb.com\\\/drustvo\\\/usscg-cirovic-da-zastiti-interes-drzave-i-upozori-vladu\\\/#primaryimage\",\"url\":\"https:\\\/\\\/dmcsrb.com\\\/wp-content\\\/uploads\\\/2026\\\/01\\\/usscg.jpg\",\"contentUrl\":\"https:\\\/\\\/dmcsrb.com\\\/wp-content\\\/uploads\\\/2026\\\/01\\\/usscg.jpg\",\"width\":512,\"height\":364},{\"@type\":\"BreadcrumbList\",\"@id\":\"https:\\\/\\\/dmcsrb.com\\\/drustvo\\\/usscg-cirovic-da-zastiti-interes-drzave-i-upozori-vladu\\\/#breadcrumb\",\"itemListElement\":[{\"@type\":\"ListItem\",\"position\":1,\"name\":\"Home\",\"item\":\"https:\\\/\\\/dmcsrb.com\\\/\"},{\"@type\":\"ListItem\",\"position\":2,\"name\":\"USSCG: \u0106irovi\u0107 da za\u0161titi interes dr\u017eave i upozori Vladu\"}]},{\"@type\":\"WebSite\",\"@id\":\"https:\\\/\\\/dmcsrb.com\\\/#website\",\"url\":\"https:\\\/\\\/dmcsrb.com\\\/\",\"name\":\"dmcsrb.com\",\"description\":\"\",\"potentialAction\":[{\"@type\":\"SearchAction\",\"target\":{\"@type\":\"EntryPoint\",\"urlTemplate\":\"https:\\\/\\\/dmcsrb.com\\\/?s={search_term_string}\"},\"query-input\":{\"@type\":\"PropertyValueSpecification\",\"valueRequired\":true,\"valueName\":\"search_term_string\"}}],\"inLanguage\":\"en-GB\"},{\"@type\":\"Person\",\"@id\":\"https:\\\/\\\/dmcsrb.com\\\/#\\\/schema\\\/person\\\/5c39170f12db1b8b457732d0b5c854e2\",\"name\":\"dmcsrbija.com@gmail.com\",\"image\":{\"@type\":\"ImageObject\",\"inLanguage\":\"en-GB\",\"@id\":\"https:\\\/\\\/secure.gravatar.com\\\/avatar\\\/68592660ad6347fad0fb587f8d5d8f1a7b44961362f56e4f2cd524feb87e9069?s=96&d=mm&r=g\",\"url\":\"https:\\\/\\\/secure.gravatar.com\\\/avatar\\\/68592660ad6347fad0fb587f8d5d8f1a7b44961362f56e4f2cd524feb87e9069?s=96&d=mm&r=g\",\"contentUrl\":\"https:\\\/\\\/secure.gravatar.com\\\/avatar\\\/68592660ad6347fad0fb587f8d5d8f1a7b44961362f56e4f2cd524feb87e9069?s=96&d=mm&r=g\",\"caption\":\"dmcsrbija.com@gmail.com\"},\"sameAs\":[\"https:\\\/\\\/dmcsrb.com\"],\"url\":\"https:\\\/\\\/dmcsrb.com\\\/en\\\/author\\\/dmcsrbija-comgmail-com\\\/\"}]}<\/script>\n<!-- \/ Yoast SEO plugin. -->","yoast_head_json":{"title":"USSCG: \u0106irovi\u0107 da za\u0161titi interes dr\u017eave i upozori Vladu - dmcsrb.com","robots":{"index":"index","follow":"follow","max-snippet":"max-snippet:-1","max-image-preview":"max-image-preview:large","max-video-preview":"max-video-preview:-1"},"canonical":"https:\/\/dmcsrb.com\/en\/drustvo\/usscg-cirovic-da-zastiti-interes-drzave-i-upozori-vladu\/","og_locale":"en_GB","og_type":"article","og_title":"USSCG: \u0106irovi\u0107 da za\u0161titi interes dr\u017eave i upozori Vladu - dmcsrb.com","og_description":"Za\u0161titnik imovinsko-pravnih interesa Crne Gore je svojim ne\u010dinjenjem omogu\u0107io Vladi da, prilikom obra\u010duna i isplate julske zarade zaposlenima u prosvjeti, grubo prekr\u0161i imperativne odredbe Granskog kolektivnog ugovora (GKU), ocijenili su iz Unije slobodnih sindikata (USSCG).","og_url":"https:\/\/dmcsrb.com\/en\/drustvo\/usscg-cirovic-da-zastiti-interes-drzave-i-upozori-vladu\/","og_site_name":"dmcsrb.com","article_published_time":"2025-08-04T12:40:00+00:00","og_image":[{"width":512,"height":364,"url":"https:\/\/dmcsrb.com\/wp-content\/uploads\/2026\/01\/usscg.jpg","type":"image\/jpeg"}],"author":"dmcsrbija.com@gmail.com","twitter_card":"summary_large_image","twitter_misc":{"Written by":"dmcsrbija.com@gmail.com","Estimated reading time":"4 minutes"},"schema":{"@context":"https:\/\/schema.org","@graph":[{"@type":"Article","@id":"https:\/\/dmcsrb.com\/drustvo\/usscg-cirovic-da-zastiti-interes-drzave-i-upozori-vladu\/#article","isPartOf":{"@id":"https:\/\/dmcsrb.com\/drustvo\/usscg-cirovic-da-zastiti-interes-drzave-i-upozori-vladu\/"},"author":{"name":"dmcsrbija.com@gmail.com","@id":"https:\/\/dmcsrb.com\/#\/schema\/person\/5c39170f12db1b8b457732d0b5c854e2"},"headline":"USSCG: \u0106irovi\u0107 da za\u0161titi interes dr\u017eave i upozori Vladu","datePublished":"2025-08-04T12:40:00+00:00","mainEntityOfPage":{"@id":"https:\/\/dmcsrb.com\/drustvo\/usscg-cirovic-da-zastiti-interes-drzave-i-upozori-vladu\/"},"wordCount":837,"commentCount":0,"image":{"@id":"https:\/\/dmcsrb.com\/drustvo\/usscg-cirovic-da-zastiti-interes-drzave-i-upozori-vladu\/#primaryimage"},"thumbnailUrl":"https:\/\/dmcsrb.com\/wp-content\/uploads\/2026\/01\/usscg.jpg","keywords":["Bojana \u0106irovi\u0107","USSCG"],"articleSection":["Dru\u0161tvo"],"inLanguage":"en-GB","potentialAction":[{"@type":"CommentAction","name":"Comment","target":["https:\/\/dmcsrb.com\/drustvo\/usscg-cirovic-da-zastiti-interes-drzave-i-upozori-vladu\/#respond"]}]},{"@type":"WebPage","@id":"https:\/\/dmcsrb.com\/drustvo\/usscg-cirovic-da-zastiti-interes-drzave-i-upozori-vladu\/","url":"https:\/\/dmcsrb.com\/drustvo\/usscg-cirovic-da-zastiti-interes-drzave-i-upozori-vladu\/","name":"USSCG: \u0106irovi\u0107 da za\u0161titi interes dr\u017eave i upozori Vladu - dmcsrb.com","isPartOf":{"@id":"https:\/\/dmcsrb.com\/#website"},"primaryImageOfPage":{"@id":"https:\/\/dmcsrb.com\/drustvo\/usscg-cirovic-da-zastiti-interes-drzave-i-upozori-vladu\/#primaryimage"},"image":{"@id":"https:\/\/dmcsrb.com\/drustvo\/usscg-cirovic-da-zastiti-interes-drzave-i-upozori-vladu\/#primaryimage"},"thumbnailUrl":"https:\/\/dmcsrb.com\/wp-content\/uploads\/2026\/01\/usscg.jpg","datePublished":"2025-08-04T12:40:00+00:00","author":{"@id":"https:\/\/dmcsrb.com\/#\/schema\/person\/5c39170f12db1b8b457732d0b5c854e2"},"breadcrumb":{"@id":"https:\/\/dmcsrb.com\/drustvo\/usscg-cirovic-da-zastiti-interes-drzave-i-upozori-vladu\/#breadcrumb"},"inLanguage":"en-GB","potentialAction":[{"@type":"ReadAction","target":["https:\/\/dmcsrb.com\/drustvo\/usscg-cirovic-da-zastiti-interes-drzave-i-upozori-vladu\/"]}]},{"@type":"ImageObject","inLanguage":"en-GB","@id":"https:\/\/dmcsrb.com\/drustvo\/usscg-cirovic-da-zastiti-interes-drzave-i-upozori-vladu\/#primaryimage","url":"https:\/\/dmcsrb.com\/wp-content\/uploads\/2026\/01\/usscg.jpg","contentUrl":"https:\/\/dmcsrb.com\/wp-content\/uploads\/2026\/01\/usscg.jpg","width":512,"height":364},{"@type":"BreadcrumbList","@id":"https:\/\/dmcsrb.com\/drustvo\/usscg-cirovic-da-zastiti-interes-drzave-i-upozori-vladu\/#breadcrumb","itemListElement":[{"@type":"ListItem","position":1,"name":"Home","item":"https:\/\/dmcsrb.com\/"},{"@type":"ListItem","position":2,"name":"USSCG: \u0106irovi\u0107 da za\u0161titi interes dr\u017eave i upozori Vladu"}]},{"@type":"WebSite","@id":"https:\/\/dmcsrb.com\/#website","url":"https:\/\/dmcsrb.com\/","name":"dmcsrb.com","description":"","potentialAction":[{"@type":"SearchAction","target":{"@type":"EntryPoint","urlTemplate":"https:\/\/dmcsrb.com\/?s={search_term_string}"},"query-input":{"@type":"PropertyValueSpecification","valueRequired":true,"valueName":"search_term_string"}}],"inLanguage":"en-GB"},{"@type":"Person","@id":"https:\/\/dmcsrb.com\/#\/schema\/person\/5c39170f12db1b8b457732d0b5c854e2","name":"dmcsrbija.com@gmail.com","image":{"@type":"ImageObject","inLanguage":"en-GB","@id":"https:\/\/secure.gravatar.com\/avatar\/68592660ad6347fad0fb587f8d5d8f1a7b44961362f56e4f2cd524feb87e9069?s=96&d=mm&r=g","url":"https:\/\/secure.gravatar.com\/avatar\/68592660ad6347fad0fb587f8d5d8f1a7b44961362f56e4f2cd524feb87e9069?s=96&d=mm&r=g","contentUrl":"https:\/\/secure.gravatar.com\/avatar\/68592660ad6347fad0fb587f8d5d8f1a7b44961362f56e4f2cd524feb87e9069?s=96&d=mm&r=g","caption":"dmcsrbija.com@gmail.com"},"sameAs":["https:\/\/dmcsrb.com"],"url":"https:\/\/dmcsrb.com\/en\/author\/dmcsrbija-comgmail-com\/"}]}},"_links":{"self":[{"href":"https:\/\/dmcsrb.com\/en\/wp-json\/wp\/v2\/posts\/944242","targetHints":{"allow":["GET"]}}],"collection":[{"href":"https:\/\/dmcsrb.com\/en\/wp-json\/wp\/v2\/posts"}],"about":[{"href":"https:\/\/dmcsrb.com\/en\/wp-json\/wp\/v2\/types\/post"}],"author":[{"embeddable":true,"href":"https:\/\/dmcsrb.com\/en\/wp-json\/wp\/v2\/users\/1"}],"replies":[{"embeddable":true,"href":"https:\/\/dmcsrb.com\/en\/wp-json\/wp\/v2\/comments?post=944242"}],"version-history":[{"count":0,"href":"https:\/\/dmcsrb.com\/en\/wp-json\/wp\/v2\/posts\/944242\/revisions"}],"wp:featuredmedia":[{"embeddable":true,"href":"https:\/\/dmcsrb.com\/en\/wp-json\/wp\/v2\/media\/915513"}],"wp:attachment":[{"href":"https:\/\/dmcsrb.com\/en\/wp-json\/wp\/v2\/media?parent=944242"}],"wp:term":[{"taxonomy":"category","embeddable":true,"href":"https:\/\/dmcsrb.com\/en\/wp-json\/wp\/v2\/categories?post=944242"},{"taxonomy":"post_tag","embeddable":true,"href":"https:\/\/dmcsrb.com\/en\/wp-json\/wp\/v2\/tags?post=944242"},{"taxonomy":"naslovna","embeddable":true,"href":"https:\/\/dmcsrb.com\/en\/wp-json\/wp\/v2\/naslovna?post=944242"}],"curies":[{"name":"wp","href":"https:\/\/api.w.org\/{rel}","templated":true}]}}