{"id":944212,"date":"2025-08-04T12:12:00","date_gmt":"2025-08-04T10:12:00","guid":{"rendered":"https:\/\/dmcsrb.com\/uncategorized\/krnic-ponovo-briljirao-nakon-podgorice-i-mostara-osvojio-i-sarajevo\/"},"modified":"2025-08-04T12:12:00","modified_gmt":"2025-08-04T10:12:00","slug":"krnic-ponovo-briljirao-nakon-podgorice-i-mostara-osvojio-i-sarajevo","status":"publish","type":"post","link":"https:\/\/dmcsrb.com\/en\/sport\/krnic-ponovo-briljirao-nakon-podgorice-i-mostara-osvojio-i-sarajevo\/","title":{"rendered":"Krni\u0107 ponovo briljirao: Nakon Podgorice i Mostara, osvojio i Sarajevo"},"content":{"rendered":"<p>Najbolji skaka\u010d Crne Gore i regiona Evald Krni\u0107, kompletirao je ovo ljeto sjaajnim skokovima sa Bentba\u0161e u Miljacku u Sarajevu. Ovom pobjedom, Krni\u0107 je pokazao zbog \u010dega nosi epitet najboljek skaka\u010da u regionu. <\/p>\n\n\n\n<p>Tuzanin je osvojio prvo mjesto na 11. izdanju &#8220;Bentba\u0161a Cliff divinga&#8221; u Sarajevu, gdje je iza sebe ostavio Igora Arseni\u0107a iz Banje Luke i Vedada Dedi\u0107a iz Zenice.<\/p>\n\n\n\n<p>Ove godine Bentba\u0161a je okupila najbolje skaka\u010de iz cijelog regiona i Evrope, a ni uporna ki\u0161a nije sprije\u010dila prave majstore da publici prirede uzbudljiv sportski spektakl. Krni\u0107 je i ovoga puta zablistao, istakav\u0161i nakon progla\u0161enja da ga uvijek raduje povratak u Sarajevo.<\/p>\n\n\n\n<p><\/p>","protected":false},"excerpt":{"rendered":"<p>Najbolji skaka\u010d Crne Gore i regiona Evald Krni\u0107, kompletirao je ovo ljeto sjaajnim skokovima sa Bentba\u0161e u Miljacku u Sarajevu. Ovom pobjedom, Krni\u0107 je pokazao zbog \u010dega nosi epitet najboljek skaka\u010da u regionu. Tuzanin je osvojio prvo mjesto na 11. izdanju &#8220;Bentba\u0161a Cliff divinga&#8221; u Sarajevu, gdje je iza sebe ostavio Igora Arseni\u0107a iz Banje [&hellip;]<\/p>\n","protected":false},"author":1,"featured_media":944129,"comment_status":"open","ping_status":"open","sticky":false,"template":"","format":"standard","meta":{"_acf_changed":false,"footnotes":""},"categories":[148],"tags":[16709,16730,1879,16731],"naslovna":[],"class_list":["post-944212","post","type-post","status-publish","format-standard","has-post-thumbnail","hentry","category-sport","tag-evald-krnic","tag-miljacka","tag-sarajevo","tag-skakanje-u-vodu"],"acf":[],"yoast_head":"<!-- This site is optimized with the Yoast SEO plugin v27.0 - https:\/\/yoast.com\/product\/yoast-seo-wordpress\/ -->\n<title>Krni\u0107 ponovo briljirao: Nakon Podgorice i Mostara, osvojio i Sarajevo - dmcsrb.com<\/title>\n<meta name=\"robots\" content=\"index, follow, max-snippet:-1, max-image-preview:large, max-video-preview:-1\" \/>\n<link rel=\"canonical\" href=\"https:\/\/dmcsrb.com\/en\/sport\/krnic-ponovo-briljirao-nakon-podgorice-i-mostara-osvojio-i-sarajevo\/\" \/>\n<meta property=\"og:locale\" content=\"en_GB\" \/>\n<meta property=\"og:type\" content=\"article\" \/>\n<meta property=\"og:title\" content=\"Krni\u0107 ponovo briljirao: Nakon Podgorice i Mostara, osvojio i Sarajevo - dmcsrb.com\" \/>\n<meta property=\"og:description\" content=\"Najbolji skaka\u010d Crne Gore i regiona Evald Krni\u0107, kompletirao je ovo ljeto sjaajnim skokovima sa Bentba\u0161e u Miljacku u Sarajevu. Ovom pobjedom, Krni\u0107 je pokazao zbog \u010dega nosi epitet najboljek skaka\u010da u regionu. Tuzanin je osvojio prvo mjesto na 11. izdanju &#8220;Bentba\u0161a Cliff divinga&#8221; u Sarajevu, gdje je iza sebe ostavio Igora Arseni\u0107a iz Banje [&hellip;]\" \/>\n<meta property=\"og:url\" content=\"https:\/\/dmcsrb.com\/en\/sport\/krnic-ponovo-briljirao-nakon-podgorice-i-mostara-osvojio-i-sarajevo\/\" \/>\n<meta property=\"og:site_name\" content=\"dmcsrb.com\" \/>\n<meta property=\"article:published_time\" content=\"2025-08-04T10:12:00+00:00\" \/>\n<meta property=\"og:image\" content=\"https:\/\/dmcsrb.com\/wp-content\/uploads\/2026\/01\/Krnic-960x555-1.webp\" \/>\n\t<meta property=\"og:image:width\" content=\"960\" \/>\n\t<meta property=\"og:image:height\" content=\"555\" \/>\n\t<meta property=\"og:image:type\" content=\"image\/jpeg\" \/>\n<meta name=\"author\" content=\"dmcsrbija.com@gmail.com\" \/>\n<meta name=\"twitter:card\" content=\"summary_large_image\" \/>\n<meta name=\"twitter:label1\" content=\"Written by\" \/>\n\t<meta name=\"twitter:data1\" content=\"dmcsrbija.com@gmail.com\" \/>\n\t<meta name=\"twitter:label2\" content=\"Estimated reading time\" \/>\n\t<meta name=\"twitter:data2\" content=\"1 minute\" \/>\n<script type=\"application\/ld+json\" class=\"yoast-schema-graph\">{\"@context\":\"https:\/\/schema.org\",\"@graph\":[{\"@type\":\"Article\",\"@id\":\"https:\/\/dmcsrb.com\/sport\/krnic-ponovo-briljirao-nakon-podgorice-i-mostara-osvojio-i-sarajevo\/#article\",\"isPartOf\":{\"@id\":\"https:\/\/dmcsrb.com\/sport\/krnic-ponovo-briljirao-nakon-podgorice-i-mostara-osvojio-i-sarajevo\/\"},\"author\":{\"name\":\"dmcsrbija.com@gmail.com\",\"@id\":\"https:\/\/dmcsrb.com\/#\/schema\/person\/5c39170f12db1b8b457732d0b5c854e2\"},\"headline\":\"Krni\u0107 ponovo briljirao: Nakon Podgorice i Mostara, osvojio i Sarajevo\",\"datePublished\":\"2025-08-04T10:12:00+00:00\",\"mainEntityOfPage\":{\"@id\":\"https:\/\/dmcsrb.com\/sport\/krnic-ponovo-briljirao-nakon-podgorice-i-mostara-osvojio-i-sarajevo\/\"},\"wordCount\":123,\"commentCount\":0,\"image\":{\"@id\":\"https:\/\/dmcsrb.com\/sport\/krnic-ponovo-briljirao-nakon-podgorice-i-mostara-osvojio-i-sarajevo\/#primaryimage\"},\"thumbnailUrl\":\"https:\/\/dmcsrb.com\/wp-content\/uploads\/2026\/01\/Krnic-960x555-1.webp\",\"keywords\":[\"Evald Krni\u0107\",\"Miljacka\",\"Sarajevo\",\"Skakanje u vodu\"],\"articleSection\":[\"Sport\"],\"inLanguage\":\"en-GB\",\"potentialAction\":[{\"@type\":\"CommentAction\",\"name\":\"Comment\",\"target\":[\"https:\/\/dmcsrb.com\/sport\/krnic-ponovo-briljirao-nakon-podgorice-i-mostara-osvojio-i-sarajevo\/#respond\"]}]},{\"@type\":\"WebPage\",\"@id\":\"https:\/\/dmcsrb.com\/sport\/krnic-ponovo-briljirao-nakon-podgorice-i-mostara-osvojio-i-sarajevo\/\",\"url\":\"https:\/\/dmcsrb.com\/sport\/krnic-ponovo-briljirao-nakon-podgorice-i-mostara-osvojio-i-sarajevo\/\",\"name\":\"Krni\u0107 ponovo briljirao: Nakon Podgorice i Mostara, osvojio i Sarajevo - dmcsrb.com\",\"isPartOf\":{\"@id\":\"https:\/\/dmcsrb.com\/#website\"},\"primaryImageOfPage\":{\"@id\":\"https:\/\/dmcsrb.com\/sport\/krnic-ponovo-briljirao-nakon-podgorice-i-mostara-osvojio-i-sarajevo\/#primaryimage\"},\"image\":{\"@id\":\"https:\/\/dmcsrb.com\/sport\/krnic-ponovo-briljirao-nakon-podgorice-i-mostara-osvojio-i-sarajevo\/#primaryimage\"},\"thumbnailUrl\":\"https:\/\/dmcsrb.com\/wp-content\/uploads\/2026\/01\/Krnic-960x555-1.webp\",\"datePublished\":\"2025-08-04T10:12:00+00:00\",\"author\":{\"@id\":\"https:\/\/dmcsrb.com\/#\/schema\/person\/5c39170f12db1b8b457732d0b5c854e2\"},\"breadcrumb\":{\"@id\":\"https:\/\/dmcsrb.com\/sport\/krnic-ponovo-briljirao-nakon-podgorice-i-mostara-osvojio-i-sarajevo\/#breadcrumb\"},\"inLanguage\":\"en-GB\",\"potentialAction\":[{\"@type\":\"ReadAction\",\"target\":[\"https:\/\/dmcsrb.com\/sport\/krnic-ponovo-briljirao-nakon-podgorice-i-mostara-osvojio-i-sarajevo\/\"]}]},{\"@type\":\"ImageObject\",\"inLanguage\":\"en-GB\",\"@id\":\"https:\/\/dmcsrb.com\/sport\/krnic-ponovo-briljirao-nakon-podgorice-i-mostara-osvojio-i-sarajevo\/#primaryimage\",\"url\":\"https:\/\/dmcsrb.com\/wp-content\/uploads\/2026\/01\/Krnic-960x555-1.webp\",\"contentUrl\":\"https:\/\/dmcsrb.com\/wp-content\/uploads\/2026\/01\/Krnic-960x555-1.webp\",\"width\":960,\"height\":555},{\"@type\":\"BreadcrumbList\",\"@id\":\"https:\/\/dmcsrb.com\/sport\/krnic-ponovo-briljirao-nakon-podgorice-i-mostara-osvojio-i-sarajevo\/#breadcrumb\",\"itemListElement\":[{\"@type\":\"ListItem\",\"position\":1,\"name\":\"Home\",\"item\":\"https:\/\/dmcsrb.com\/\"},{\"@type\":\"ListItem\",\"position\":2,\"name\":\"Krni\u0107 ponovo briljirao: Nakon Podgorice i Mostara, osvojio i Sarajevo\"}]},{\"@type\":\"WebSite\",\"@id\":\"https:\/\/dmcsrb.com\/#website\",\"url\":\"https:\/\/dmcsrb.com\/\",\"name\":\"dmcsrb.com\",\"description\":\"\",\"potentialAction\":[{\"@type\":\"SearchAction\",\"target\":{\"@type\":\"EntryPoint\",\"urlTemplate\":\"https:\/\/dmcsrb.com\/?s={search_term_string}\"},\"query-input\":{\"@type\":\"PropertyValueSpecification\",\"valueRequired\":true,\"valueName\":\"search_term_string\"}}],\"inLanguage\":\"en-GB\"},{\"@type\":\"Person\",\"@id\":\"https:\/\/dmcsrb.com\/#\/schema\/person\/5c39170f12db1b8b457732d0b5c854e2\",\"name\":\"dmcsrbija.com@gmail.com\",\"image\":{\"@type\":\"ImageObject\",\"inLanguage\":\"en-GB\",\"@id\":\"https:\/\/dmcsrb.com\/#\/schema\/person\/image\/\",\"url\":\"https:\/\/secure.gravatar.com\/avatar\/68592660ad6347fad0fb587f8d5d8f1a7b44961362f56e4f2cd524feb87e9069?s=96&d=mm&r=g\",\"contentUrl\":\"https:\/\/secure.gravatar.com\/avatar\/68592660ad6347fad0fb587f8d5d8f1a7b44961362f56e4f2cd524feb87e9069?s=96&d=mm&r=g\",\"caption\":\"dmcsrbija.com@gmail.com\"},\"sameAs\":[\"https:\/\/dmcsrb.com\"],\"url\":\"https:\/\/dmcsrb.com\/en\/author\/dmcsrbija-comgmail-com\/\"}]}<\/script>\n<!-- \/ Yoast SEO plugin. -->","yoast_head_json":{"title":"Krni\u0107 ponovo briljirao: Nakon Podgorice i Mostara, osvojio i Sarajevo - dmcsrb.com","robots":{"index":"index","follow":"follow","max-snippet":"max-snippet:-1","max-image-preview":"max-image-preview:large","max-video-preview":"max-video-preview:-1"},"canonical":"https:\/\/dmcsrb.com\/en\/sport\/krnic-ponovo-briljirao-nakon-podgorice-i-mostara-osvojio-i-sarajevo\/","og_locale":"en_GB","og_type":"article","og_title":"Krni\u0107 ponovo briljirao: Nakon Podgorice i Mostara, osvojio i Sarajevo - dmcsrb.com","og_description":"Najbolji skaka\u010d Crne Gore i regiona Evald Krni\u0107, kompletirao je ovo ljeto sjaajnim skokovima sa Bentba\u0161e u Miljacku u Sarajevu. Ovom pobjedom, Krni\u0107 je pokazao zbog \u010dega nosi epitet najboljek skaka\u010da u regionu. Tuzanin je osvojio prvo mjesto na 11. izdanju &#8220;Bentba\u0161a Cliff divinga&#8221; u Sarajevu, gdje je iza sebe ostavio Igora Arseni\u0107a iz Banje [&hellip;]","og_url":"https:\/\/dmcsrb.com\/en\/sport\/krnic-ponovo-briljirao-nakon-podgorice-i-mostara-osvojio-i-sarajevo\/","og_site_name":"dmcsrb.com","article_published_time":"2025-08-04T10:12:00+00:00","og_image":[{"width":960,"height":555,"url":"https:\/\/dmcsrb.com\/wp-content\/uploads\/2026\/01\/Krnic-960x555-1.webp","type":"image\/jpeg"}],"author":"dmcsrbija.com@gmail.com","twitter_card":"summary_large_image","twitter_misc":{"Written by":"dmcsrbija.com@gmail.com","Estimated reading time":"1 minute"},"schema":{"@context":"https:\/\/schema.org","@graph":[{"@type":"Article","@id":"https:\/\/dmcsrb.com\/sport\/krnic-ponovo-briljirao-nakon-podgorice-i-mostara-osvojio-i-sarajevo\/#article","isPartOf":{"@id":"https:\/\/dmcsrb.com\/sport\/krnic-ponovo-briljirao-nakon-podgorice-i-mostara-osvojio-i-sarajevo\/"},"author":{"name":"dmcsrbija.com@gmail.com","@id":"https:\/\/dmcsrb.com\/#\/schema\/person\/5c39170f12db1b8b457732d0b5c854e2"},"headline":"Krni\u0107 ponovo briljirao: Nakon Podgorice i Mostara, osvojio i Sarajevo","datePublished":"2025-08-04T10:12:00+00:00","mainEntityOfPage":{"@id":"https:\/\/dmcsrb.com\/sport\/krnic-ponovo-briljirao-nakon-podgorice-i-mostara-osvojio-i-sarajevo\/"},"wordCount":123,"commentCount":0,"image":{"@id":"https:\/\/dmcsrb.com\/sport\/krnic-ponovo-briljirao-nakon-podgorice-i-mostara-osvojio-i-sarajevo\/#primaryimage"},"thumbnailUrl":"https:\/\/dmcsrb.com\/wp-content\/uploads\/2026\/01\/Krnic-960x555-1.webp","keywords":["Evald Krni\u0107","Miljacka","Sarajevo","Skakanje u vodu"],"articleSection":["Sport"],"inLanguage":"en-GB","potentialAction":[{"@type":"CommentAction","name":"Comment","target":["https:\/\/dmcsrb.com\/sport\/krnic-ponovo-briljirao-nakon-podgorice-i-mostara-osvojio-i-sarajevo\/#respond"]}]},{"@type":"WebPage","@id":"https:\/\/dmcsrb.com\/sport\/krnic-ponovo-briljirao-nakon-podgorice-i-mostara-osvojio-i-sarajevo\/","url":"https:\/\/dmcsrb.com\/sport\/krnic-ponovo-briljirao-nakon-podgorice-i-mostara-osvojio-i-sarajevo\/","name":"Krni\u0107 ponovo briljirao: Nakon Podgorice i Mostara, osvojio i Sarajevo - dmcsrb.com","isPartOf":{"@id":"https:\/\/dmcsrb.com\/#website"},"primaryImageOfPage":{"@id":"https:\/\/dmcsrb.com\/sport\/krnic-ponovo-briljirao-nakon-podgorice-i-mostara-osvojio-i-sarajevo\/#primaryimage"},"image":{"@id":"https:\/\/dmcsrb.com\/sport\/krnic-ponovo-briljirao-nakon-podgorice-i-mostara-osvojio-i-sarajevo\/#primaryimage"},"thumbnailUrl":"https:\/\/dmcsrb.com\/wp-content\/uploads\/2026\/01\/Krnic-960x555-1.webp","datePublished":"2025-08-04T10:12:00+00:00","author":{"@id":"https:\/\/dmcsrb.com\/#\/schema\/person\/5c39170f12db1b8b457732d0b5c854e2"},"breadcrumb":{"@id":"https:\/\/dmcsrb.com\/sport\/krnic-ponovo-briljirao-nakon-podgorice-i-mostara-osvojio-i-sarajevo\/#breadcrumb"},"inLanguage":"en-GB","potentialAction":[{"@type":"ReadAction","target":["https:\/\/dmcsrb.com\/sport\/krnic-ponovo-briljirao-nakon-podgorice-i-mostara-osvojio-i-sarajevo\/"]}]},{"@type":"ImageObject","inLanguage":"en-GB","@id":"https:\/\/dmcsrb.com\/sport\/krnic-ponovo-briljirao-nakon-podgorice-i-mostara-osvojio-i-sarajevo\/#primaryimage","url":"https:\/\/dmcsrb.com\/wp-content\/uploads\/2026\/01\/Krnic-960x555-1.webp","contentUrl":"https:\/\/dmcsrb.com\/wp-content\/uploads\/2026\/01\/Krnic-960x555-1.webp","width":960,"height":555},{"@type":"BreadcrumbList","@id":"https:\/\/dmcsrb.com\/sport\/krnic-ponovo-briljirao-nakon-podgorice-i-mostara-osvojio-i-sarajevo\/#breadcrumb","itemListElement":[{"@type":"ListItem","position":1,"name":"Home","item":"https:\/\/dmcsrb.com\/"},{"@type":"ListItem","position":2,"name":"Krni\u0107 ponovo briljirao: Nakon Podgorice i Mostara, osvojio i Sarajevo"}]},{"@type":"WebSite","@id":"https:\/\/dmcsrb.com\/#website","url":"https:\/\/dmcsrb.com\/","name":"dmcsrb.com","description":"","potentialAction":[{"@type":"SearchAction","target":{"@type":"EntryPoint","urlTemplate":"https:\/\/dmcsrb.com\/?s={search_term_string}"},"query-input":{"@type":"PropertyValueSpecification","valueRequired":true,"valueName":"search_term_string"}}],"inLanguage":"en-GB"},{"@type":"Person","@id":"https:\/\/dmcsrb.com\/#\/schema\/person\/5c39170f12db1b8b457732d0b5c854e2","name":"dmcsrbija.com@gmail.com","image":{"@type":"ImageObject","inLanguage":"en-GB","@id":"https:\/\/dmcsrb.com\/#\/schema\/person\/image\/","url":"https:\/\/secure.gravatar.com\/avatar\/68592660ad6347fad0fb587f8d5d8f1a7b44961362f56e4f2cd524feb87e9069?s=96&d=mm&r=g","contentUrl":"https:\/\/secure.gravatar.com\/avatar\/68592660ad6347fad0fb587f8d5d8f1a7b44961362f56e4f2cd524feb87e9069?s=96&d=mm&r=g","caption":"dmcsrbija.com@gmail.com"},"sameAs":["https:\/\/dmcsrb.com"],"url":"https:\/\/dmcsrb.com\/en\/author\/dmcsrbija-comgmail-com\/"}]}},"_links":{"self":[{"href":"https:\/\/dmcsrb.com\/en\/wp-json\/wp\/v2\/posts\/944212","targetHints":{"allow":["GET"]}}],"collection":[{"href":"https:\/\/dmcsrb.com\/en\/wp-json\/wp\/v2\/posts"}],"about":[{"href":"https:\/\/dmcsrb.com\/en\/wp-json\/wp\/v2\/types\/post"}],"author":[{"embeddable":true,"href":"https:\/\/dmcsrb.com\/en\/wp-json\/wp\/v2\/users\/1"}],"replies":[{"embeddable":true,"href":"https:\/\/dmcsrb.com\/en\/wp-json\/wp\/v2\/comments?post=944212"}],"version-history":[{"count":0,"href":"https:\/\/dmcsrb.com\/en\/wp-json\/wp\/v2\/posts\/944212\/revisions"}],"wp:featuredmedia":[{"embeddable":true,"href":"https:\/\/dmcsrb.com\/en\/wp-json\/wp\/v2\/media\/944129"}],"wp:attachment":[{"href":"https:\/\/dmcsrb.com\/en\/wp-json\/wp\/v2\/media?parent=944212"}],"wp:term":[{"taxonomy":"category","embeddable":true,"href":"https:\/\/dmcsrb.com\/en\/wp-json\/wp\/v2\/categories?post=944212"},{"taxonomy":"post_tag","embeddable":true,"href":"https:\/\/dmcsrb.com\/en\/wp-json\/wp\/v2\/tags?post=944212"},{"taxonomy":"naslovna","embeddable":true,"href":"https:\/\/dmcsrb.com\/en\/wp-json\/wp\/v2\/naslovna?post=944212"}],"curies":[{"name":"wp","href":"https:\/\/api.w.org\/{rel}","templated":true}]}}