{"id":944194,"date":"2025-08-04T10:16:00","date_gmt":"2025-08-04T08:16:00","guid":{"rendered":"https:\/\/dmcsrb.com\/uncategorized\/borovinic-bojovic-ugostila-azemovica-podrska-svim-inicijativama-koje-doprinose-boljoj-povezanosti-sa-dijasporom\/"},"modified":"2025-08-04T10:16:00","modified_gmt":"2025-08-04T08:16:00","slug":"borovinic-bojovic-ugostila-azemovica-podrska-svim-inicijativama-koje-doprinose-boljoj-povezanosti-sa-dijasporom","status":"publish","type":"post","link":"https:\/\/dmcsrb.com\/en\/podgorica\/borovinic-bojovic-ugostila-azemovica-podrska-svim-inicijativama-koje-doprinose-boljoj-povezanosti-sa-dijasporom\/","title":{"rendered":"Borovini\u0107 Bojovi\u0107 ugostila Azemovi\u0107a: Podr\u0161ka svim inicijativama koje doprinose boljoj povezanosti sa dijasporom"},"content":{"rendered":"<p><\/p>\n\n\n\n<p>Na sastanku se razgovaralo o digitalnom povezivanju gra\u0111ana iz dijaspore sa lokalnim institucijama, uz poseban fokus na pojednostavljenje administrativnih procedura, naro\u010dito u vezi sa izdavanjem li\u010dnih dokumenata i pristupom uslugama lokalne samouprave. U tom kontekstu, predsjednica Skup\u0161tine je istakla va\u017enost ubrzane digitalizacije procesa u nadle\u017enosti Glavnog grada, kako bi se dijaspori omogu\u0107ila efikasnija i kvalitetnija komunikacija sa institucijama mati\u010dne zemlje.<\/p>\n\n\n\n<p>\u201eSkup\u0161tina Glavnog grada \u0107e, u okviru svojih nadle\u017enosti, pru\u017eiti punu podr\u0161ku svim inicijativama koje doprinose boljoj povezanosti sa dijasporom \u2013 kroz zakonodavne aktivnosti, institucionalne projekte i promociju saradnje. Na\u0161a dijaspora je sna\u017ean resurs i \u017eelimo da se u Podgorici osje\u0107a prepoznatom i dobrodo\u0161lom,\u201c istakla je dr Borovini\u0107 Bojovi\u0107.<\/p>\n\n\n\n<p>Zajedni\u010dki je razmatrana inicijativa za otvaranje Kancelarije za dijasporu u okviru Glavnog grada, kao va\u017ene karike u povezivanju sa iseljenicima, a koja bi slu\u017eila kao kontakt ta\u010dka za sve na\u0161e gra\u0111ane u inostranstvu.<\/p>\n\n\n\n<p>Obje strane su izrazile spremnost da, u okviru svojih nadle\u017enosti, u\u010dine sve kako bi se afirmisala i unaprijedila saradnja mati\u010dne zemlje sa dijasporom, naro\u010dito imaju\u0107i u vidu potencijal koji dijaspora ima u sveobuhvatnom razvoju i promociji Crne Gore.<\/p>\n\n\n\n<p>Dogovoreno je da \u0107e se u narednom periodu saradnja intenzivirati kroz konkretne projekte i zajedni\u010dke aktivnosti, koje \u0107e poslu\u017eiti kao model za druge lokalne samouprave u zemlji.<\/p>\n\n\n\n<p>Sastanku su prisustvovali i dr\u017eavni sekretar u Ministarstvu dijaspore Adel Omeragi\u0107, kao i na\u010delnica Direkcije za saradnju sa dijasporom u Regionu i Evropi Ajla Dervi\u0161evi\u0107.<\/p>","protected":false},"excerpt":{"rendered":"<p>Predsjednica Skup\u0161tine Glavnog grada dr Jelena Borovini\u0107 Bojovi\u0107 ugostila je ministra za dijasporu Mirsada Azemovi\u0107a, kako bi zajedno razmotrili mogu\u0107nosti unapre\u0111enja saradnje Glavnog grada sa dijasporom Crne Gore, kroz ja\u010danje institucionalnih i digitalnih mehanizama.<\/p>","protected":false},"author":1,"featured_media":944195,"comment_status":"open","ping_status":"open","sticky":false,"template":"","format":"standard","meta":{"_acf_changed":false,"footnotes":""},"categories":[56],"tags":[574,6032],"naslovna":[],"class_list":["post-944194","post","type-post","status-publish","format-standard","has-post-thumbnail","hentry","category-podgorica","tag-jelena-borovinic-bojovic","tag-mirsad-azemovic"],"acf":[],"yoast_head":"<!-- This site is optimized with the Yoast SEO plugin v27.4 - https:\/\/yoast.com\/product\/yoast-seo-wordpress\/ -->\n<title>Borovini\u0107 Bojovi\u0107 ugostila Azemovi\u0107a: Podr\u0161ka svim inicijativama koje doprinose boljoj povezanosti sa dijasporom - dmcsrb.com<\/title>\n<meta name=\"robots\" content=\"index, follow, max-snippet:-1, max-image-preview:large, max-video-preview:-1\" \/>\n<link rel=\"canonical\" href=\"https:\/\/dmcsrb.com\/en\/podgorica\/borovinic-bojovic-ugostila-azemovica-podrska-svim-inicijativama-koje-doprinose-boljoj-povezanosti-sa-dijasporom\/\" \/>\n<meta property=\"og:locale\" content=\"en_GB\" \/>\n<meta property=\"og:type\" content=\"article\" \/>\n<meta property=\"og:title\" content=\"Borovini\u0107 Bojovi\u0107 ugostila Azemovi\u0107a: Podr\u0161ka svim inicijativama koje doprinose boljoj povezanosti sa dijasporom - dmcsrb.com\" \/>\n<meta property=\"og:description\" content=\"Predsjednica Skup\u0161tine Glavnog grada dr Jelena Borovini\u0107 Bojovi\u0107 ugostila je ministra za dijasporu Mirsada Azemovi\u0107a, kako bi zajedno razmotrili mogu\u0107nosti unapre\u0111enja saradnje Glavnog grada sa dijasporom Crne Gore, kroz ja\u010danje institucionalnih i digitalnih mehanizama.\" \/>\n<meta property=\"og:url\" content=\"https:\/\/dmcsrb.com\/en\/podgorica\/borovinic-bojovic-ugostila-azemovica-podrska-svim-inicijativama-koje-doprinose-boljoj-povezanosti-sa-dijasporom\/\" \/>\n<meta property=\"og:site_name\" content=\"dmcsrb.com\" \/>\n<meta property=\"article:published_time\" content=\"2025-08-04T08:16:00+00:00\" \/>\n<meta property=\"og:image\" content=\"https:\/\/dmcsrb.com\/wp-content\/uploads\/2026\/01\/Azemovic-i-Borovinic-Bojovic-foto-Ministarstvo-dijaspore.webp\" \/>\n\t<meta property=\"og:image:width\" content=\"860\" \/>\n\t<meta property=\"og:image:height\" content=\"609\" \/>\n\t<meta property=\"og:image:type\" content=\"image\/jpeg\" \/>\n<meta name=\"author\" content=\"dmcsrbija.com@gmail.com\" \/>\n<meta name=\"twitter:card\" content=\"summary_large_image\" \/>\n<meta name=\"twitter:label1\" content=\"Written by\" \/>\n\t<meta name=\"twitter:data1\" content=\"dmcsrbija.com@gmail.com\" \/>\n\t<meta name=\"twitter:label2\" content=\"Estimated reading time\" \/>\n\t<meta name=\"twitter:data2\" content=\"1 minute\" \/>\n<script type=\"application\/ld+json\" class=\"yoast-schema-graph\">{\"@context\":\"https:\\\/\\\/schema.org\",\"@graph\":[{\"@type\":\"Article\",\"@id\":\"https:\\\/\\\/dmcsrb.com\\\/podgorica\\\/borovinic-bojovic-ugostila-azemovica-podrska-svim-inicijativama-koje-doprinose-boljoj-povezanosti-sa-dijasporom\\\/#article\",\"isPartOf\":{\"@id\":\"https:\\\/\\\/dmcsrb.com\\\/podgorica\\\/borovinic-bojovic-ugostila-azemovica-podrska-svim-inicijativama-koje-doprinose-boljoj-povezanosti-sa-dijasporom\\\/\"},\"author\":{\"name\":\"dmcsrbija.com@gmail.com\",\"@id\":\"https:\\\/\\\/dmcsrb.com\\\/#\\\/schema\\\/person\\\/5c39170f12db1b8b457732d0b5c854e2\"},\"headline\":\"Borovini\u0107 Bojovi\u0107 ugostila Azemovi\u0107a: Podr\u0161ka svim inicijativama koje doprinose boljoj povezanosti sa dijasporom\",\"datePublished\":\"2025-08-04T08:16:00+00:00\",\"mainEntityOfPage\":{\"@id\":\"https:\\\/\\\/dmcsrb.com\\\/podgorica\\\/borovinic-bojovic-ugostila-azemovica-podrska-svim-inicijativama-koje-doprinose-boljoj-povezanosti-sa-dijasporom\\\/\"},\"wordCount\":277,\"commentCount\":0,\"image\":{\"@id\":\"https:\\\/\\\/dmcsrb.com\\\/podgorica\\\/borovinic-bojovic-ugostila-azemovica-podrska-svim-inicijativama-koje-doprinose-boljoj-povezanosti-sa-dijasporom\\\/#primaryimage\"},\"thumbnailUrl\":\"https:\\\/\\\/dmcsrb.com\\\/wp-content\\\/uploads\\\/2026\\\/01\\\/Azemovic-i-Borovinic-Bojovic-foto-Ministarstvo-dijaspore.webp\",\"keywords\":[\"Jelena Borovini\u0107 Bojovi\u0107\",\"Mirsad Azemovi\u0107\"],\"articleSection\":[\"Podgorica\"],\"inLanguage\":\"en-GB\",\"potentialAction\":[{\"@type\":\"CommentAction\",\"name\":\"Comment\",\"target\":[\"https:\\\/\\\/dmcsrb.com\\\/podgorica\\\/borovinic-bojovic-ugostila-azemovica-podrska-svim-inicijativama-koje-doprinose-boljoj-povezanosti-sa-dijasporom\\\/#respond\"]}]},{\"@type\":\"WebPage\",\"@id\":\"https:\\\/\\\/dmcsrb.com\\\/podgorica\\\/borovinic-bojovic-ugostila-azemovica-podrska-svim-inicijativama-koje-doprinose-boljoj-povezanosti-sa-dijasporom\\\/\",\"url\":\"https:\\\/\\\/dmcsrb.com\\\/podgorica\\\/borovinic-bojovic-ugostila-azemovica-podrska-svim-inicijativama-koje-doprinose-boljoj-povezanosti-sa-dijasporom\\\/\",\"name\":\"Borovini\u0107 Bojovi\u0107 ugostila Azemovi\u0107a: Podr\u0161ka svim inicijativama koje doprinose boljoj povezanosti sa dijasporom - dmcsrb.com\",\"isPartOf\":{\"@id\":\"https:\\\/\\\/dmcsrb.com\\\/#website\"},\"primaryImageOfPage\":{\"@id\":\"https:\\\/\\\/dmcsrb.com\\\/podgorica\\\/borovinic-bojovic-ugostila-azemovica-podrska-svim-inicijativama-koje-doprinose-boljoj-povezanosti-sa-dijasporom\\\/#primaryimage\"},\"image\":{\"@id\":\"https:\\\/\\\/dmcsrb.com\\\/podgorica\\\/borovinic-bojovic-ugostila-azemovica-podrska-svim-inicijativama-koje-doprinose-boljoj-povezanosti-sa-dijasporom\\\/#primaryimage\"},\"thumbnailUrl\":\"https:\\\/\\\/dmcsrb.com\\\/wp-content\\\/uploads\\\/2026\\\/01\\\/Azemovic-i-Borovinic-Bojovic-foto-Ministarstvo-dijaspore.webp\",\"datePublished\":\"2025-08-04T08:16:00+00:00\",\"author\":{\"@id\":\"https:\\\/\\\/dmcsrb.com\\\/#\\\/schema\\\/person\\\/5c39170f12db1b8b457732d0b5c854e2\"},\"breadcrumb\":{\"@id\":\"https:\\\/\\\/dmcsrb.com\\\/podgorica\\\/borovinic-bojovic-ugostila-azemovica-podrska-svim-inicijativama-koje-doprinose-boljoj-povezanosti-sa-dijasporom\\\/#breadcrumb\"},\"inLanguage\":\"en-GB\",\"potentialAction\":[{\"@type\":\"ReadAction\",\"target\":[\"https:\\\/\\\/dmcsrb.com\\\/podgorica\\\/borovinic-bojovic-ugostila-azemovica-podrska-svim-inicijativama-koje-doprinose-boljoj-povezanosti-sa-dijasporom\\\/\"]}]},{\"@type\":\"ImageObject\",\"inLanguage\":\"en-GB\",\"@id\":\"https:\\\/\\\/dmcsrb.com\\\/podgorica\\\/borovinic-bojovic-ugostila-azemovica-podrska-svim-inicijativama-koje-doprinose-boljoj-povezanosti-sa-dijasporom\\\/#primaryimage\",\"url\":\"https:\\\/\\\/dmcsrb.com\\\/wp-content\\\/uploads\\\/2026\\\/01\\\/Azemovic-i-Borovinic-Bojovic-foto-Ministarstvo-dijaspore.webp\",\"contentUrl\":\"https:\\\/\\\/dmcsrb.com\\\/wp-content\\\/uploads\\\/2026\\\/01\\\/Azemovic-i-Borovinic-Bojovic-foto-Ministarstvo-dijaspore.webp\",\"width\":860,\"height\":609},{\"@type\":\"BreadcrumbList\",\"@id\":\"https:\\\/\\\/dmcsrb.com\\\/podgorica\\\/borovinic-bojovic-ugostila-azemovica-podrska-svim-inicijativama-koje-doprinose-boljoj-povezanosti-sa-dijasporom\\\/#breadcrumb\",\"itemListElement\":[{\"@type\":\"ListItem\",\"position\":1,\"name\":\"Home\",\"item\":\"https:\\\/\\\/dmcsrb.com\\\/\"},{\"@type\":\"ListItem\",\"position\":2,\"name\":\"Borovini\u0107 Bojovi\u0107 ugostila Azemovi\u0107a: Podr\u0161ka svim inicijativama koje doprinose boljoj povezanosti sa dijasporom\"}]},{\"@type\":\"WebSite\",\"@id\":\"https:\\\/\\\/dmcsrb.com\\\/#website\",\"url\":\"https:\\\/\\\/dmcsrb.com\\\/\",\"name\":\"dmcsrb.com\",\"description\":\"\",\"potentialAction\":[{\"@type\":\"SearchAction\",\"target\":{\"@type\":\"EntryPoint\",\"urlTemplate\":\"https:\\\/\\\/dmcsrb.com\\\/?s={search_term_string}\"},\"query-input\":{\"@type\":\"PropertyValueSpecification\",\"valueRequired\":true,\"valueName\":\"search_term_string\"}}],\"inLanguage\":\"en-GB\"},{\"@type\":\"Person\",\"@id\":\"https:\\\/\\\/dmcsrb.com\\\/#\\\/schema\\\/person\\\/5c39170f12db1b8b457732d0b5c854e2\",\"name\":\"dmcsrbija.com@gmail.com\",\"image\":{\"@type\":\"ImageObject\",\"inLanguage\":\"en-GB\",\"@id\":\"https:\\\/\\\/secure.gravatar.com\\\/avatar\\\/68592660ad6347fad0fb587f8d5d8f1a7b44961362f56e4f2cd524feb87e9069?s=96&d=mm&r=g\",\"url\":\"https:\\\/\\\/secure.gravatar.com\\\/avatar\\\/68592660ad6347fad0fb587f8d5d8f1a7b44961362f56e4f2cd524feb87e9069?s=96&d=mm&r=g\",\"contentUrl\":\"https:\\\/\\\/secure.gravatar.com\\\/avatar\\\/68592660ad6347fad0fb587f8d5d8f1a7b44961362f56e4f2cd524feb87e9069?s=96&d=mm&r=g\",\"caption\":\"dmcsrbija.com@gmail.com\"},\"sameAs\":[\"https:\\\/\\\/dmcsrb.com\"],\"url\":\"https:\\\/\\\/dmcsrb.com\\\/en\\\/author\\\/dmcsrbija-comgmail-com\\\/\"}]}<\/script>\n<!-- \/ Yoast SEO plugin. -->","yoast_head_json":{"title":"Borovini\u0107 Bojovi\u0107 ugostila Azemovi\u0107a: Podr\u0161ka svim inicijativama koje doprinose boljoj povezanosti sa dijasporom - dmcsrb.com","robots":{"index":"index","follow":"follow","max-snippet":"max-snippet:-1","max-image-preview":"max-image-preview:large","max-video-preview":"max-video-preview:-1"},"canonical":"https:\/\/dmcsrb.com\/en\/podgorica\/borovinic-bojovic-ugostila-azemovica-podrska-svim-inicijativama-koje-doprinose-boljoj-povezanosti-sa-dijasporom\/","og_locale":"en_GB","og_type":"article","og_title":"Borovini\u0107 Bojovi\u0107 ugostila Azemovi\u0107a: Podr\u0161ka svim inicijativama koje doprinose boljoj povezanosti sa dijasporom - dmcsrb.com","og_description":"Predsjednica Skup\u0161tine Glavnog grada dr Jelena Borovini\u0107 Bojovi\u0107 ugostila je ministra za dijasporu Mirsada Azemovi\u0107a, kako bi zajedno razmotrili mogu\u0107nosti unapre\u0111enja saradnje Glavnog grada sa dijasporom Crne Gore, kroz ja\u010danje institucionalnih i digitalnih mehanizama.","og_url":"https:\/\/dmcsrb.com\/en\/podgorica\/borovinic-bojovic-ugostila-azemovica-podrska-svim-inicijativama-koje-doprinose-boljoj-povezanosti-sa-dijasporom\/","og_site_name":"dmcsrb.com","article_published_time":"2025-08-04T08:16:00+00:00","og_image":[{"width":860,"height":609,"url":"https:\/\/dmcsrb.com\/wp-content\/uploads\/2026\/01\/Azemovic-i-Borovinic-Bojovic-foto-Ministarstvo-dijaspore.webp","type":"image\/jpeg"}],"author":"dmcsrbija.com@gmail.com","twitter_card":"summary_large_image","twitter_misc":{"Written by":"dmcsrbija.com@gmail.com","Estimated reading time":"1 minute"},"schema":{"@context":"https:\/\/schema.org","@graph":[{"@type":"Article","@id":"https:\/\/dmcsrb.com\/podgorica\/borovinic-bojovic-ugostila-azemovica-podrska-svim-inicijativama-koje-doprinose-boljoj-povezanosti-sa-dijasporom\/#article","isPartOf":{"@id":"https:\/\/dmcsrb.com\/podgorica\/borovinic-bojovic-ugostila-azemovica-podrska-svim-inicijativama-koje-doprinose-boljoj-povezanosti-sa-dijasporom\/"},"author":{"name":"dmcsrbija.com@gmail.com","@id":"https:\/\/dmcsrb.com\/#\/schema\/person\/5c39170f12db1b8b457732d0b5c854e2"},"headline":"Borovini\u0107 Bojovi\u0107 ugostila Azemovi\u0107a: Podr\u0161ka svim inicijativama koje doprinose boljoj povezanosti sa dijasporom","datePublished":"2025-08-04T08:16:00+00:00","mainEntityOfPage":{"@id":"https:\/\/dmcsrb.com\/podgorica\/borovinic-bojovic-ugostila-azemovica-podrska-svim-inicijativama-koje-doprinose-boljoj-povezanosti-sa-dijasporom\/"},"wordCount":277,"commentCount":0,"image":{"@id":"https:\/\/dmcsrb.com\/podgorica\/borovinic-bojovic-ugostila-azemovica-podrska-svim-inicijativama-koje-doprinose-boljoj-povezanosti-sa-dijasporom\/#primaryimage"},"thumbnailUrl":"https:\/\/dmcsrb.com\/wp-content\/uploads\/2026\/01\/Azemovic-i-Borovinic-Bojovic-foto-Ministarstvo-dijaspore.webp","keywords":["Jelena Borovini\u0107 Bojovi\u0107","Mirsad Azemovi\u0107"],"articleSection":["Podgorica"],"inLanguage":"en-GB","potentialAction":[{"@type":"CommentAction","name":"Comment","target":["https:\/\/dmcsrb.com\/podgorica\/borovinic-bojovic-ugostila-azemovica-podrska-svim-inicijativama-koje-doprinose-boljoj-povezanosti-sa-dijasporom\/#respond"]}]},{"@type":"WebPage","@id":"https:\/\/dmcsrb.com\/podgorica\/borovinic-bojovic-ugostila-azemovica-podrska-svim-inicijativama-koje-doprinose-boljoj-povezanosti-sa-dijasporom\/","url":"https:\/\/dmcsrb.com\/podgorica\/borovinic-bojovic-ugostila-azemovica-podrska-svim-inicijativama-koje-doprinose-boljoj-povezanosti-sa-dijasporom\/","name":"Borovini\u0107 Bojovi\u0107 ugostila Azemovi\u0107a: Podr\u0161ka svim inicijativama koje doprinose boljoj povezanosti sa dijasporom - dmcsrb.com","isPartOf":{"@id":"https:\/\/dmcsrb.com\/#website"},"primaryImageOfPage":{"@id":"https:\/\/dmcsrb.com\/podgorica\/borovinic-bojovic-ugostila-azemovica-podrska-svim-inicijativama-koje-doprinose-boljoj-povezanosti-sa-dijasporom\/#primaryimage"},"image":{"@id":"https:\/\/dmcsrb.com\/podgorica\/borovinic-bojovic-ugostila-azemovica-podrska-svim-inicijativama-koje-doprinose-boljoj-povezanosti-sa-dijasporom\/#primaryimage"},"thumbnailUrl":"https:\/\/dmcsrb.com\/wp-content\/uploads\/2026\/01\/Azemovic-i-Borovinic-Bojovic-foto-Ministarstvo-dijaspore.webp","datePublished":"2025-08-04T08:16:00+00:00","author":{"@id":"https:\/\/dmcsrb.com\/#\/schema\/person\/5c39170f12db1b8b457732d0b5c854e2"},"breadcrumb":{"@id":"https:\/\/dmcsrb.com\/podgorica\/borovinic-bojovic-ugostila-azemovica-podrska-svim-inicijativama-koje-doprinose-boljoj-povezanosti-sa-dijasporom\/#breadcrumb"},"inLanguage":"en-GB","potentialAction":[{"@type":"ReadAction","target":["https:\/\/dmcsrb.com\/podgorica\/borovinic-bojovic-ugostila-azemovica-podrska-svim-inicijativama-koje-doprinose-boljoj-povezanosti-sa-dijasporom\/"]}]},{"@type":"ImageObject","inLanguage":"en-GB","@id":"https:\/\/dmcsrb.com\/podgorica\/borovinic-bojovic-ugostila-azemovica-podrska-svim-inicijativama-koje-doprinose-boljoj-povezanosti-sa-dijasporom\/#primaryimage","url":"https:\/\/dmcsrb.com\/wp-content\/uploads\/2026\/01\/Azemovic-i-Borovinic-Bojovic-foto-Ministarstvo-dijaspore.webp","contentUrl":"https:\/\/dmcsrb.com\/wp-content\/uploads\/2026\/01\/Azemovic-i-Borovinic-Bojovic-foto-Ministarstvo-dijaspore.webp","width":860,"height":609},{"@type":"BreadcrumbList","@id":"https:\/\/dmcsrb.com\/podgorica\/borovinic-bojovic-ugostila-azemovica-podrska-svim-inicijativama-koje-doprinose-boljoj-povezanosti-sa-dijasporom\/#breadcrumb","itemListElement":[{"@type":"ListItem","position":1,"name":"Home","item":"https:\/\/dmcsrb.com\/"},{"@type":"ListItem","position":2,"name":"Borovini\u0107 Bojovi\u0107 ugostila Azemovi\u0107a: Podr\u0161ka svim inicijativama koje doprinose boljoj povezanosti sa dijasporom"}]},{"@type":"WebSite","@id":"https:\/\/dmcsrb.com\/#website","url":"https:\/\/dmcsrb.com\/","name":"dmcsrb.com","description":"","potentialAction":[{"@type":"SearchAction","target":{"@type":"EntryPoint","urlTemplate":"https:\/\/dmcsrb.com\/?s={search_term_string}"},"query-input":{"@type":"PropertyValueSpecification","valueRequired":true,"valueName":"search_term_string"}}],"inLanguage":"en-GB"},{"@type":"Person","@id":"https:\/\/dmcsrb.com\/#\/schema\/person\/5c39170f12db1b8b457732d0b5c854e2","name":"dmcsrbija.com@gmail.com","image":{"@type":"ImageObject","inLanguage":"en-GB","@id":"https:\/\/secure.gravatar.com\/avatar\/68592660ad6347fad0fb587f8d5d8f1a7b44961362f56e4f2cd524feb87e9069?s=96&d=mm&r=g","url":"https:\/\/secure.gravatar.com\/avatar\/68592660ad6347fad0fb587f8d5d8f1a7b44961362f56e4f2cd524feb87e9069?s=96&d=mm&r=g","contentUrl":"https:\/\/secure.gravatar.com\/avatar\/68592660ad6347fad0fb587f8d5d8f1a7b44961362f56e4f2cd524feb87e9069?s=96&d=mm&r=g","caption":"dmcsrbija.com@gmail.com"},"sameAs":["https:\/\/dmcsrb.com"],"url":"https:\/\/dmcsrb.com\/en\/author\/dmcsrbija-comgmail-com\/"}]}},"_links":{"self":[{"href":"https:\/\/dmcsrb.com\/en\/wp-json\/wp\/v2\/posts\/944194","targetHints":{"allow":["GET"]}}],"collection":[{"href":"https:\/\/dmcsrb.com\/en\/wp-json\/wp\/v2\/posts"}],"about":[{"href":"https:\/\/dmcsrb.com\/en\/wp-json\/wp\/v2\/types\/post"}],"author":[{"embeddable":true,"href":"https:\/\/dmcsrb.com\/en\/wp-json\/wp\/v2\/users\/1"}],"replies":[{"embeddable":true,"href":"https:\/\/dmcsrb.com\/en\/wp-json\/wp\/v2\/comments?post=944194"}],"version-history":[{"count":0,"href":"https:\/\/dmcsrb.com\/en\/wp-json\/wp\/v2\/posts\/944194\/revisions"}],"wp:featuredmedia":[{"embeddable":true,"href":"https:\/\/dmcsrb.com\/en\/wp-json\/wp\/v2\/media\/944195"}],"wp:attachment":[{"href":"https:\/\/dmcsrb.com\/en\/wp-json\/wp\/v2\/media?parent=944194"}],"wp:term":[{"taxonomy":"category","embeddable":true,"href":"https:\/\/dmcsrb.com\/en\/wp-json\/wp\/v2\/categories?post=944194"},{"taxonomy":"post_tag","embeddable":true,"href":"https:\/\/dmcsrb.com\/en\/wp-json\/wp\/v2\/tags?post=944194"},{"taxonomy":"naslovna","embeddable":true,"href":"https:\/\/dmcsrb.com\/en\/wp-json\/wp\/v2\/naslovna?post=944194"}],"curies":[{"name":"wp","href":"https:\/\/api.w.org\/{rel}","templated":true}]}}