{"id":944128,"date":"2025-08-03T20:15:15","date_gmt":"2025-08-03T18:15:15","guid":{"rendered":"https:\/\/dmcsrb.com\/uncategorized\/evald-krnic-nezaustavljiv-nakon-podgorice-slavio-i-u-sarajevu\/"},"modified":"2025-08-03T20:15:15","modified_gmt":"2025-08-03T18:15:15","slug":"evald-krnic-nezaustavljiv-nakon-podgorice-slavio-i-u-sarajevu","status":"publish","type":"post","link":"https:\/\/dmcsrb.com\/en\/sport\/evald-krnic-nezaustavljiv-nakon-podgorice-slavio-i-u-sarajevu\/","title":{"rendered":"Evald Krni\u0107 nezaustavljiv &#8211; nakon Podgorice, slavio i u Sarajevu"},"content":{"rendered":"<p>Najbolji skaka\u010di iz cijelog regiona i Evrope okupili su se u Sarajevu na sportsko-turisti\u010dkom doga\u0111aju &#8220;Bentba\u0161a Cliff diving&#8221; kako bi pokazali svoje vje\u0161tine i preciznost u izvedbi skokova sa visine od 19 metara u \u010demu ih nije sprije\u010dila ni ki\u0161a.<\/p>\n\n\n\n<p>Krni\u0107 je pohvalio organizaciju &#8220;Bentba\u0161a Cliff divinga&#8221; i posve\u0107enost doma\u0107ina dodaju\u0107i da je osim skokova imao priliku u\u017eivati i u drugim sadr\u017eajima &#8220;Summer Festa&#8221;.<\/p>\n\n\n\n<p>&#8220;Sarajevo je lijep grad i ja se uvijek rado odazivam pozivu, a i moram jer sam po peti put branio titulu i odbranio \u0161to mi je veliko zadovoljstvo. Ne sumnjam da \u0107e manifestacija rasti iz godine u godinu jer vidite koliko je publike ostalo uprkos lo\u0161em vremenu&#8221;, rekao je Krni\u0107 nakon progla\u0161enja.<\/p>\n\n\n\n<p>Igor Arseni\u0107, zauzeo je drugo mjesto i istakao da je prezadovoljan svojim nastupom.<\/p>\n\n\n\n<p>&#8220;Mislim da Sarajevo zaslu\u017euje da ima jednu ovakvu manifestaciju i da treba da se odr\u017eava svake godine jer je to jedinstven sport koji zaslu\u017euje du\u017enu pa\u017enju. Najva\u017enije mi je da sam skokove izveo kako treba i da sam \u017eiv i zdrav. Zahvaljujem se doma\u0107inu Dinu Bajri\u0107u, koji je jedan od najboljih organizatora u regionu. U Sarajevu se osje\u0107am kao kod ku\u0107e&#8221;, rekao je Arseni\u0107.<\/p>\n\n\n\n<p>Vedad Dedi\u0107, kojem je ovo bilo peto u\u010de\u0161\u0107e na Bentba\u0161a Cliff divingu, po prvi put osvojio je trofej.<\/p>\n\n\n\n<p>&#8220;Konkurencija je bila besprekorna, nisam o\u010dekivao plasman, ali sam se trudio da izvedem dva dobra skoka. Ocjene \u017eirija su mi donijele tre\u0107e mjesto i jako sam sretan zbog toga&#8221;, izjavio je Dedi\u0107.<\/p>\n\n\n\n<p>Organizator manifestacije Dino Bajri\u0107 se posebno zahvalio skaka\u010dima dodaju\u0107i da ogroman trud, zalaganje i entuzijazam stoje iza same ideje i pri\u010de koja treba da raste.<\/p>\n\n\n\n<p>&#8220;Dosta smo aktivnosti uradili i pored skokova i poku\u0161avamo napraviti jednu ljetnju pri\u010du na ovoj i drugim najljep\u0161im prirodnim lokacijama u Sarajevu&#8221;, rekao je Bajri\u0107.<\/p>\n\n\n\n<p>Spektakularni skokovi u vodu na kultnoj Bentba\u0161i ponovo su dana\u0161njim takmi\u010denjem o\u017eivjeli duh grada jer se Bentba\u0161a Cliff Diving vratila kao jedan od najprepoznatljivijih brendova sarajevskog ljeta.<\/p>\n\n\n\n<p>&#8220;Bentba\u0161a Cliff Diving&#8221;, kao i prethodnu godinu, dio je &#8220;Summer Festa&#8221;, koji je odr\u017ean od 30. jula do 3. avgusta na tri atraktivne lokacije u Sarajevu &#8211; Bentba\u0161i, Darivi i parku \u201cSafet Zajko\u201d.<\/p>\n\n\n\n<p>Festival je obuhvatio bogat i raznovrstan program koji spaja sport, kulturu i prirodni potencijal grada, a uklju\u010duje muzi\u010dki doga\u0111aj, umjetni\u010dke performanse, art radionice, turnir u odbojci na pijesku, edukativne i sportske radionice.<\/p>\n\n\n\n<p>Ovogodi\u0161nji doga\u0111aj podr\u017eali su Ministarstvo kulture i sporta Kantona Sarajevo, Grad Sarajevo, Op\u0161tina Stari Grad Sarajevo, Visit Sarajevo, Olimpijski komitet BiH kao specijalni partner, Vlada Federacije BiH, te brojne kompanije kao sponzori i mediji.<\/p>","protected":false},"excerpt":{"rendered":"<p>Na ovogodi\u0161njem 11. izdanju &#8220;Bentba\u0161a Cliff divinga&#8221; prvo mjesto osvojio je Evald Krni\u0107 iz Crne Gore, drugi je bio Igor Arseni\u0107 iz Banje Luke, a tre\u0107i Vedad Dedi\u0107 iz Zenice.<\/p>","protected":false},"author":1,"featured_media":944129,"comment_status":"open","ping_status":"open","sticky":false,"template":"","format":"standard","meta":{"_acf_changed":false,"footnotes":""},"categories":[148],"tags":[16709,1879,16710],"naslovna":[],"class_list":["post-944128","post","type-post","status-publish","format-standard","has-post-thumbnail","hentry","category-sport","tag-evald-krnic","tag-sarajevo","tag-skokovi-u-vodu"],"acf":[],"yoast_head":"<!-- This site is optimized with the Yoast SEO plugin v27.0 - https:\/\/yoast.com\/product\/yoast-seo-wordpress\/ -->\n<title>Evald Krni\u0107 nezaustavljiv - nakon Podgorice, slavio i u Sarajevu - dmcsrb.com<\/title>\n<meta name=\"robots\" content=\"index, follow, max-snippet:-1, max-image-preview:large, max-video-preview:-1\" \/>\n<link rel=\"canonical\" href=\"https:\/\/dmcsrb.com\/en\/sport\/evald-krnic-nezaustavljiv-nakon-podgorice-slavio-i-u-sarajevu\/\" \/>\n<meta property=\"og:locale\" content=\"en_GB\" \/>\n<meta property=\"og:type\" content=\"article\" \/>\n<meta property=\"og:title\" content=\"Evald Krni\u0107 nezaustavljiv - nakon Podgorice, slavio i u Sarajevu - dmcsrb.com\" \/>\n<meta property=\"og:description\" content=\"Na ovogodi\u0161njem 11. izdanju &quot;Bentba\u0161a Cliff divinga&quot; prvo mjesto osvojio je Evald Krni\u0107 iz Crne Gore, drugi je bio Igor Arseni\u0107 iz Banje Luke, a tre\u0107i Vedad Dedi\u0107 iz Zenice.\" \/>\n<meta property=\"og:url\" content=\"https:\/\/dmcsrb.com\/en\/sport\/evald-krnic-nezaustavljiv-nakon-podgorice-slavio-i-u-sarajevu\/\" \/>\n<meta property=\"og:site_name\" content=\"dmcsrb.com\" \/>\n<meta property=\"article:published_time\" content=\"2025-08-03T18:15:15+00:00\" \/>\n<meta property=\"og:image\" content=\"https:\/\/dmcsrb.com\/wp-content\/uploads\/2026\/01\/Krnic-960x555-1.webp\" \/>\n\t<meta property=\"og:image:width\" content=\"960\" \/>\n\t<meta property=\"og:image:height\" content=\"555\" \/>\n\t<meta property=\"og:image:type\" content=\"image\/jpeg\" \/>\n<meta name=\"author\" content=\"dmcsrbija.com@gmail.com\" \/>\n<meta name=\"twitter:card\" content=\"summary_large_image\" \/>\n<meta name=\"twitter:label1\" content=\"Written by\" \/>\n\t<meta name=\"twitter:data1\" content=\"dmcsrbija.com@gmail.com\" \/>\n\t<meta name=\"twitter:label2\" content=\"Estimated reading time\" \/>\n\t<meta name=\"twitter:data2\" content=\"2 minutes\" \/>\n<script type=\"application\/ld+json\" class=\"yoast-schema-graph\">{\"@context\":\"https:\/\/schema.org\",\"@graph\":[{\"@type\":\"Article\",\"@id\":\"https:\/\/dmcsrb.com\/sport\/evald-krnic-nezaustavljiv-nakon-podgorice-slavio-i-u-sarajevu\/#article\",\"isPartOf\":{\"@id\":\"https:\/\/dmcsrb.com\/sport\/evald-krnic-nezaustavljiv-nakon-podgorice-slavio-i-u-sarajevu\/\"},\"author\":{\"name\":\"dmcsrbija.com@gmail.com\",\"@id\":\"https:\/\/dmcsrb.com\/#\/schema\/person\/5c39170f12db1b8b457732d0b5c854e2\"},\"headline\":\"Evald Krni\u0107 nezaustavljiv &#8211; nakon Podgorice, slavio i u Sarajevu\",\"datePublished\":\"2025-08-03T18:15:15+00:00\",\"mainEntityOfPage\":{\"@id\":\"https:\/\/dmcsrb.com\/sport\/evald-krnic-nezaustavljiv-nakon-podgorice-slavio-i-u-sarajevu\/\"},\"wordCount\":478,\"commentCount\":0,\"image\":{\"@id\":\"https:\/\/dmcsrb.com\/sport\/evald-krnic-nezaustavljiv-nakon-podgorice-slavio-i-u-sarajevu\/#primaryimage\"},\"thumbnailUrl\":\"https:\/\/dmcsrb.com\/wp-content\/uploads\/2026\/01\/Krnic-960x555-1.webp\",\"keywords\":[\"Evald Krni\u0107\",\"Sarajevo\",\"Skokovi u vodu\"],\"articleSection\":[\"Sport\"],\"inLanguage\":\"en-GB\",\"potentialAction\":[{\"@type\":\"CommentAction\",\"name\":\"Comment\",\"target\":[\"https:\/\/dmcsrb.com\/sport\/evald-krnic-nezaustavljiv-nakon-podgorice-slavio-i-u-sarajevu\/#respond\"]}]},{\"@type\":\"WebPage\",\"@id\":\"https:\/\/dmcsrb.com\/sport\/evald-krnic-nezaustavljiv-nakon-podgorice-slavio-i-u-sarajevu\/\",\"url\":\"https:\/\/dmcsrb.com\/sport\/evald-krnic-nezaustavljiv-nakon-podgorice-slavio-i-u-sarajevu\/\",\"name\":\"Evald Krni\u0107 nezaustavljiv - nakon Podgorice, slavio i u Sarajevu - dmcsrb.com\",\"isPartOf\":{\"@id\":\"https:\/\/dmcsrb.com\/#website\"},\"primaryImageOfPage\":{\"@id\":\"https:\/\/dmcsrb.com\/sport\/evald-krnic-nezaustavljiv-nakon-podgorice-slavio-i-u-sarajevu\/#primaryimage\"},\"image\":{\"@id\":\"https:\/\/dmcsrb.com\/sport\/evald-krnic-nezaustavljiv-nakon-podgorice-slavio-i-u-sarajevu\/#primaryimage\"},\"thumbnailUrl\":\"https:\/\/dmcsrb.com\/wp-content\/uploads\/2026\/01\/Krnic-960x555-1.webp\",\"datePublished\":\"2025-08-03T18:15:15+00:00\",\"author\":{\"@id\":\"https:\/\/dmcsrb.com\/#\/schema\/person\/5c39170f12db1b8b457732d0b5c854e2\"},\"breadcrumb\":{\"@id\":\"https:\/\/dmcsrb.com\/sport\/evald-krnic-nezaustavljiv-nakon-podgorice-slavio-i-u-sarajevu\/#breadcrumb\"},\"inLanguage\":\"en-GB\",\"potentialAction\":[{\"@type\":\"ReadAction\",\"target\":[\"https:\/\/dmcsrb.com\/sport\/evald-krnic-nezaustavljiv-nakon-podgorice-slavio-i-u-sarajevu\/\"]}]},{\"@type\":\"ImageObject\",\"inLanguage\":\"en-GB\",\"@id\":\"https:\/\/dmcsrb.com\/sport\/evald-krnic-nezaustavljiv-nakon-podgorice-slavio-i-u-sarajevu\/#primaryimage\",\"url\":\"https:\/\/dmcsrb.com\/wp-content\/uploads\/2026\/01\/Krnic-960x555-1.webp\",\"contentUrl\":\"https:\/\/dmcsrb.com\/wp-content\/uploads\/2026\/01\/Krnic-960x555-1.webp\",\"width\":960,\"height\":555},{\"@type\":\"BreadcrumbList\",\"@id\":\"https:\/\/dmcsrb.com\/sport\/evald-krnic-nezaustavljiv-nakon-podgorice-slavio-i-u-sarajevu\/#breadcrumb\",\"itemListElement\":[{\"@type\":\"ListItem\",\"position\":1,\"name\":\"Home\",\"item\":\"https:\/\/dmcsrb.com\/\"},{\"@type\":\"ListItem\",\"position\":2,\"name\":\"Evald Krni\u0107 nezaustavljiv &#8211; nakon Podgorice, slavio i u Sarajevu\"}]},{\"@type\":\"WebSite\",\"@id\":\"https:\/\/dmcsrb.com\/#website\",\"url\":\"https:\/\/dmcsrb.com\/\",\"name\":\"dmcsrb.com\",\"description\":\"\",\"potentialAction\":[{\"@type\":\"SearchAction\",\"target\":{\"@type\":\"EntryPoint\",\"urlTemplate\":\"https:\/\/dmcsrb.com\/?s={search_term_string}\"},\"query-input\":{\"@type\":\"PropertyValueSpecification\",\"valueRequired\":true,\"valueName\":\"search_term_string\"}}],\"inLanguage\":\"en-GB\"},{\"@type\":\"Person\",\"@id\":\"https:\/\/dmcsrb.com\/#\/schema\/person\/5c39170f12db1b8b457732d0b5c854e2\",\"name\":\"dmcsrbija.com@gmail.com\",\"image\":{\"@type\":\"ImageObject\",\"inLanguage\":\"en-GB\",\"@id\":\"https:\/\/dmcsrb.com\/#\/schema\/person\/image\/\",\"url\":\"https:\/\/secure.gravatar.com\/avatar\/68592660ad6347fad0fb587f8d5d8f1a7b44961362f56e4f2cd524feb87e9069?s=96&d=mm&r=g\",\"contentUrl\":\"https:\/\/secure.gravatar.com\/avatar\/68592660ad6347fad0fb587f8d5d8f1a7b44961362f56e4f2cd524feb87e9069?s=96&d=mm&r=g\",\"caption\":\"dmcsrbija.com@gmail.com\"},\"sameAs\":[\"https:\/\/dmcsrb.com\"],\"url\":\"https:\/\/dmcsrb.com\/en\/author\/dmcsrbija-comgmail-com\/\"}]}<\/script>\n<!-- \/ Yoast SEO plugin. -->","yoast_head_json":{"title":"Evald Krni\u0107 nezaustavljiv - nakon Podgorice, slavio i u Sarajevu - dmcsrb.com","robots":{"index":"index","follow":"follow","max-snippet":"max-snippet:-1","max-image-preview":"max-image-preview:large","max-video-preview":"max-video-preview:-1"},"canonical":"https:\/\/dmcsrb.com\/en\/sport\/evald-krnic-nezaustavljiv-nakon-podgorice-slavio-i-u-sarajevu\/","og_locale":"en_GB","og_type":"article","og_title":"Evald Krni\u0107 nezaustavljiv - nakon Podgorice, slavio i u Sarajevu - dmcsrb.com","og_description":"Na ovogodi\u0161njem 11. izdanju \"Bentba\u0161a Cliff divinga\" prvo mjesto osvojio je Evald Krni\u0107 iz Crne Gore, drugi je bio Igor Arseni\u0107 iz Banje Luke, a tre\u0107i Vedad Dedi\u0107 iz Zenice.","og_url":"https:\/\/dmcsrb.com\/en\/sport\/evald-krnic-nezaustavljiv-nakon-podgorice-slavio-i-u-sarajevu\/","og_site_name":"dmcsrb.com","article_published_time":"2025-08-03T18:15:15+00:00","og_image":[{"width":960,"height":555,"url":"https:\/\/dmcsrb.com\/wp-content\/uploads\/2026\/01\/Krnic-960x555-1.webp","type":"image\/jpeg"}],"author":"dmcsrbija.com@gmail.com","twitter_card":"summary_large_image","twitter_misc":{"Written by":"dmcsrbija.com@gmail.com","Estimated reading time":"2 minutes"},"schema":{"@context":"https:\/\/schema.org","@graph":[{"@type":"Article","@id":"https:\/\/dmcsrb.com\/sport\/evald-krnic-nezaustavljiv-nakon-podgorice-slavio-i-u-sarajevu\/#article","isPartOf":{"@id":"https:\/\/dmcsrb.com\/sport\/evald-krnic-nezaustavljiv-nakon-podgorice-slavio-i-u-sarajevu\/"},"author":{"name":"dmcsrbija.com@gmail.com","@id":"https:\/\/dmcsrb.com\/#\/schema\/person\/5c39170f12db1b8b457732d0b5c854e2"},"headline":"Evald Krni\u0107 nezaustavljiv &#8211; nakon Podgorice, slavio i u Sarajevu","datePublished":"2025-08-03T18:15:15+00:00","mainEntityOfPage":{"@id":"https:\/\/dmcsrb.com\/sport\/evald-krnic-nezaustavljiv-nakon-podgorice-slavio-i-u-sarajevu\/"},"wordCount":478,"commentCount":0,"image":{"@id":"https:\/\/dmcsrb.com\/sport\/evald-krnic-nezaustavljiv-nakon-podgorice-slavio-i-u-sarajevu\/#primaryimage"},"thumbnailUrl":"https:\/\/dmcsrb.com\/wp-content\/uploads\/2026\/01\/Krnic-960x555-1.webp","keywords":["Evald Krni\u0107","Sarajevo","Skokovi u vodu"],"articleSection":["Sport"],"inLanguage":"en-GB","potentialAction":[{"@type":"CommentAction","name":"Comment","target":["https:\/\/dmcsrb.com\/sport\/evald-krnic-nezaustavljiv-nakon-podgorice-slavio-i-u-sarajevu\/#respond"]}]},{"@type":"WebPage","@id":"https:\/\/dmcsrb.com\/sport\/evald-krnic-nezaustavljiv-nakon-podgorice-slavio-i-u-sarajevu\/","url":"https:\/\/dmcsrb.com\/sport\/evald-krnic-nezaustavljiv-nakon-podgorice-slavio-i-u-sarajevu\/","name":"Evald Krni\u0107 nezaustavljiv - nakon Podgorice, slavio i u Sarajevu - dmcsrb.com","isPartOf":{"@id":"https:\/\/dmcsrb.com\/#website"},"primaryImageOfPage":{"@id":"https:\/\/dmcsrb.com\/sport\/evald-krnic-nezaustavljiv-nakon-podgorice-slavio-i-u-sarajevu\/#primaryimage"},"image":{"@id":"https:\/\/dmcsrb.com\/sport\/evald-krnic-nezaustavljiv-nakon-podgorice-slavio-i-u-sarajevu\/#primaryimage"},"thumbnailUrl":"https:\/\/dmcsrb.com\/wp-content\/uploads\/2026\/01\/Krnic-960x555-1.webp","datePublished":"2025-08-03T18:15:15+00:00","author":{"@id":"https:\/\/dmcsrb.com\/#\/schema\/person\/5c39170f12db1b8b457732d0b5c854e2"},"breadcrumb":{"@id":"https:\/\/dmcsrb.com\/sport\/evald-krnic-nezaustavljiv-nakon-podgorice-slavio-i-u-sarajevu\/#breadcrumb"},"inLanguage":"en-GB","potentialAction":[{"@type":"ReadAction","target":["https:\/\/dmcsrb.com\/sport\/evald-krnic-nezaustavljiv-nakon-podgorice-slavio-i-u-sarajevu\/"]}]},{"@type":"ImageObject","inLanguage":"en-GB","@id":"https:\/\/dmcsrb.com\/sport\/evald-krnic-nezaustavljiv-nakon-podgorice-slavio-i-u-sarajevu\/#primaryimage","url":"https:\/\/dmcsrb.com\/wp-content\/uploads\/2026\/01\/Krnic-960x555-1.webp","contentUrl":"https:\/\/dmcsrb.com\/wp-content\/uploads\/2026\/01\/Krnic-960x555-1.webp","width":960,"height":555},{"@type":"BreadcrumbList","@id":"https:\/\/dmcsrb.com\/sport\/evald-krnic-nezaustavljiv-nakon-podgorice-slavio-i-u-sarajevu\/#breadcrumb","itemListElement":[{"@type":"ListItem","position":1,"name":"Home","item":"https:\/\/dmcsrb.com\/"},{"@type":"ListItem","position":2,"name":"Evald Krni\u0107 nezaustavljiv &#8211; nakon Podgorice, slavio i u Sarajevu"}]},{"@type":"WebSite","@id":"https:\/\/dmcsrb.com\/#website","url":"https:\/\/dmcsrb.com\/","name":"dmcsrb.com","description":"","potentialAction":[{"@type":"SearchAction","target":{"@type":"EntryPoint","urlTemplate":"https:\/\/dmcsrb.com\/?s={search_term_string}"},"query-input":{"@type":"PropertyValueSpecification","valueRequired":true,"valueName":"search_term_string"}}],"inLanguage":"en-GB"},{"@type":"Person","@id":"https:\/\/dmcsrb.com\/#\/schema\/person\/5c39170f12db1b8b457732d0b5c854e2","name":"dmcsrbija.com@gmail.com","image":{"@type":"ImageObject","inLanguage":"en-GB","@id":"https:\/\/dmcsrb.com\/#\/schema\/person\/image\/","url":"https:\/\/secure.gravatar.com\/avatar\/68592660ad6347fad0fb587f8d5d8f1a7b44961362f56e4f2cd524feb87e9069?s=96&d=mm&r=g","contentUrl":"https:\/\/secure.gravatar.com\/avatar\/68592660ad6347fad0fb587f8d5d8f1a7b44961362f56e4f2cd524feb87e9069?s=96&d=mm&r=g","caption":"dmcsrbija.com@gmail.com"},"sameAs":["https:\/\/dmcsrb.com"],"url":"https:\/\/dmcsrb.com\/en\/author\/dmcsrbija-comgmail-com\/"}]}},"_links":{"self":[{"href":"https:\/\/dmcsrb.com\/en\/wp-json\/wp\/v2\/posts\/944128","targetHints":{"allow":["GET"]}}],"collection":[{"href":"https:\/\/dmcsrb.com\/en\/wp-json\/wp\/v2\/posts"}],"about":[{"href":"https:\/\/dmcsrb.com\/en\/wp-json\/wp\/v2\/types\/post"}],"author":[{"embeddable":true,"href":"https:\/\/dmcsrb.com\/en\/wp-json\/wp\/v2\/users\/1"}],"replies":[{"embeddable":true,"href":"https:\/\/dmcsrb.com\/en\/wp-json\/wp\/v2\/comments?post=944128"}],"version-history":[{"count":0,"href":"https:\/\/dmcsrb.com\/en\/wp-json\/wp\/v2\/posts\/944128\/revisions"}],"wp:featuredmedia":[{"embeddable":true,"href":"https:\/\/dmcsrb.com\/en\/wp-json\/wp\/v2\/media\/944129"}],"wp:attachment":[{"href":"https:\/\/dmcsrb.com\/en\/wp-json\/wp\/v2\/media?parent=944128"}],"wp:term":[{"taxonomy":"category","embeddable":true,"href":"https:\/\/dmcsrb.com\/en\/wp-json\/wp\/v2\/categories?post=944128"},{"taxonomy":"post_tag","embeddable":true,"href":"https:\/\/dmcsrb.com\/en\/wp-json\/wp\/v2\/tags?post=944128"},{"taxonomy":"naslovna","embeddable":true,"href":"https:\/\/dmcsrb.com\/en\/wp-json\/wp\/v2\/naslovna?post=944128"}],"curies":[{"name":"wp","href":"https:\/\/api.w.org\/{rel}","templated":true}]}}