{"id":944101,"date":"2025-08-03T17:45:00","date_gmt":"2025-08-03T15:45:00","guid":{"rendered":"https:\/\/dmcsrb.com\/uncategorized\/protestna-nota-hrvatske-zbog-broda-jadran-na-znackama-posade\/"},"modified":"2025-08-03T17:45:00","modified_gmt":"2025-08-03T15:45:00","slug":"protestna-nota-hrvatske-zbog-broda-jadran-na-znackama-posade","status":"publish","type":"post","link":"https:\/\/dmcsrb.com\/en\/politika\/protestna-nota-hrvatske-zbog-broda-jadran-na-znackama-posade\/","title":{"rendered":"Protestna nota Hrvatske zbog broda Jadran na zna\u010dkama posade"},"content":{"rendered":"<p><\/p>\n\n\n\n<p>Iz hrvatskog Ministarstva vanjskih i evropskih poslova kazali su Vijestima da takvi potezi i poruke nijesu u duhu dobrosusjedskih odnosa, ali ni kriterijuma i vrijednosti Evropske unije (EU) koje je Hrvatska du\u017ena da po\u0161tuje.<\/p>\n\n\n\n<p>\u0160kolski brod Jadran, kako su dodali, prema stavu Hrvatske, predstavlja dio vojne imovine koja pripada toj dr\u017eavi.<\/p>\n\n\n\n<p>Iz hrvatskog Ministarstva su, kako su kazali, notom najavili detaljnu analizu ukupne vojne sukcesije, prema kojoj Crna Gora Hrvatskoj duguje vi\u0161e od dvije milijarde ameri\u010dkih dolara.<\/p>\n\n\n\n<p>&#8220;Hrvatska ostaje posve\u0107ena dijalogu i nastavi\u0107e se zalagati za evropski put Crne Gore, ali o\u010dekuje izbjegavanje jednostranih i simboli\u010dki provokativnih poteza&#8221;, rekli su iz Ministarstva vanjskih i evropskih poslova Hrvatske.<\/p>\n\n\n\n<p>Iz Ministarstva odbrane Crne Gore krajem jula je saop\u0161teno da su taj resor i Vojska Crne Gore izradili novu seriju zna\u010dki, posebno dizajniranih za posadu \u0161kolskog broda Jadran.<\/p>\n\n\n\n<p>To je, kako su pojasnili, u\u010dinjeno u znak po\u0161tovanja prema dugoj pomorskoj tradiciji i zna\u010daju koji taj brod ima za Crnu Goru.<\/p>\n\n\n\n<p>&#8220;Dizajn zna\u010dke osmi\u0161ljen je kako bi vizuelno izrazio identitet Jadrana i njegove posade. U centralnom dijelu nalazi se stilizovani prikaz broda u punom jedrenju, kao simbol snage, slobode i pomorskog naslje\u0111a&#8221;, kazali su iz Ministarstva odbrane.<\/p>\n\n\n\n<p>Kako su dodali, iznad broda je istaknuta 1933. godina, kada je brod porinut, a u donjem dijelu zna\u010dke nalazi se dr\u017eavna zastava Crne Gore.<\/p>\n\n\n\n<p>&#8220;Sve je uokvireno stilizovanom upletenom sajlom, kao tradicionalnim mornarskim motivom&#8221;, kazali su iz Ministarstva odbrane.<\/p>","protected":false},"excerpt":{"rendered":"<p>Hrvatska je Crnoj Gori uputila protestnu notu zbog, kako su naveli iz Ministarstva vanjskih i evropskih poslova te dr\u017eave, jednostrane odluke crnogorskog Ministarstva odbrane o izradi zna\u010dki s likom \u0161kolskog broda Jadran.<\/p>","protected":false},"author":1,"featured_media":913992,"comment_status":"open","ping_status":"open","sticky":false,"template":"","format":"standard","meta":{"_acf_changed":false,"footnotes":""},"categories":[12],"tags":[3406,806,16692,16693],"naslovna":[],"class_list":["post-944101","post","type-post","status-publish","format-standard","has-post-thumbnail","hentry","category-politika","tag-brod-jadran","tag-hrvatska","tag-protestna-nota","tag-znacke-posade"],"acf":[],"yoast_head":"<!-- This site is optimized with the Yoast SEO plugin v27.4 - https:\/\/yoast.com\/product\/yoast-seo-wordpress\/ -->\n<title>Protestna nota Hrvatske zbog broda Jadran na zna\u010dkama posade - dmcsrb.com<\/title>\n<meta name=\"robots\" content=\"index, follow, max-snippet:-1, max-image-preview:large, max-video-preview:-1\" \/>\n<link rel=\"canonical\" href=\"https:\/\/dmcsrb.com\/en\/politika\/protestna-nota-hrvatske-zbog-broda-jadran-na-znackama-posade\/\" \/>\n<meta property=\"og:locale\" content=\"en_GB\" \/>\n<meta property=\"og:type\" content=\"article\" \/>\n<meta property=\"og:title\" content=\"Protestna nota Hrvatske zbog broda Jadran na zna\u010dkama posade - dmcsrb.com\" \/>\n<meta property=\"og:description\" content=\"Hrvatska je Crnoj Gori uputila protestnu notu zbog, kako su naveli iz Ministarstva vanjskih i evropskih poslova te dr\u017eave, jednostrane odluke crnogorskog Ministarstva odbrane o izradi zna\u010dki s likom \u0161kolskog broda Jadran.\" \/>\n<meta property=\"og:url\" content=\"https:\/\/dmcsrb.com\/en\/politika\/protestna-nota-hrvatske-zbog-broda-jadran-na-znackama-posade\/\" \/>\n<meta property=\"og:site_name\" content=\"dmcsrb.com\" \/>\n<meta property=\"article:published_time\" content=\"2025-08-03T15:45:00+00:00\" \/>\n<meta property=\"og:image\" content=\"https:\/\/dmcsrb.com\/wp-content\/uploads\/2026\/01\/Brod-Jadran-foto-ss-yt.jpg\" \/>\n\t<meta property=\"og:image:width\" content=\"881\" \/>\n\t<meta property=\"og:image:height\" content=\"463\" \/>\n\t<meta property=\"og:image:type\" content=\"image\/jpeg\" \/>\n<meta name=\"author\" content=\"dmcsrbija.com@gmail.com\" \/>\n<meta name=\"twitter:card\" content=\"summary_large_image\" \/>\n<meta name=\"twitter:label1\" content=\"Written by\" \/>\n\t<meta name=\"twitter:data1\" content=\"dmcsrbija.com@gmail.com\" \/>\n\t<meta name=\"twitter:label2\" content=\"Estimated reading time\" \/>\n\t<meta name=\"twitter:data2\" content=\"1 minute\" \/>\n<script type=\"application\/ld+json\" class=\"yoast-schema-graph\">{\"@context\":\"https:\\\/\\\/schema.org\",\"@graph\":[{\"@type\":\"Article\",\"@id\":\"https:\\\/\\\/dmcsrb.com\\\/politika\\\/protestna-nota-hrvatske-zbog-broda-jadran-na-znackama-posade\\\/#article\",\"isPartOf\":{\"@id\":\"https:\\\/\\\/dmcsrb.com\\\/politika\\\/protestna-nota-hrvatske-zbog-broda-jadran-na-znackama-posade\\\/\"},\"author\":{\"name\":\"dmcsrbija.com@gmail.com\",\"@id\":\"https:\\\/\\\/dmcsrb.com\\\/#\\\/schema\\\/person\\\/5c39170f12db1b8b457732d0b5c854e2\"},\"headline\":\"Protestna nota Hrvatske zbog broda Jadran na zna\u010dkama posade\",\"datePublished\":\"2025-08-03T15:45:00+00:00\",\"mainEntityOfPage\":{\"@id\":\"https:\\\/\\\/dmcsrb.com\\\/politika\\\/protestna-nota-hrvatske-zbog-broda-jadran-na-znackama-posade\\\/\"},\"wordCount\":260,\"commentCount\":0,\"image\":{\"@id\":\"https:\\\/\\\/dmcsrb.com\\\/politika\\\/protestna-nota-hrvatske-zbog-broda-jadran-na-znackama-posade\\\/#primaryimage\"},\"thumbnailUrl\":\"https:\\\/\\\/dmcsrb.com\\\/wp-content\\\/uploads\\\/2026\\\/01\\\/Brod-Jadran-foto-ss-yt.jpg\",\"keywords\":[\"brod jadran\",\"Hrvatska\",\"protestna nota\",\"Zna\u010dke posade\"],\"articleSection\":[\"Politika\"],\"inLanguage\":\"en-GB\",\"potentialAction\":[{\"@type\":\"CommentAction\",\"name\":\"Comment\",\"target\":[\"https:\\\/\\\/dmcsrb.com\\\/politika\\\/protestna-nota-hrvatske-zbog-broda-jadran-na-znackama-posade\\\/#respond\"]}]},{\"@type\":\"WebPage\",\"@id\":\"https:\\\/\\\/dmcsrb.com\\\/politika\\\/protestna-nota-hrvatske-zbog-broda-jadran-na-znackama-posade\\\/\",\"url\":\"https:\\\/\\\/dmcsrb.com\\\/politika\\\/protestna-nota-hrvatske-zbog-broda-jadran-na-znackama-posade\\\/\",\"name\":\"Protestna nota Hrvatske zbog broda Jadran na zna\u010dkama posade - dmcsrb.com\",\"isPartOf\":{\"@id\":\"https:\\\/\\\/dmcsrb.com\\\/#website\"},\"primaryImageOfPage\":{\"@id\":\"https:\\\/\\\/dmcsrb.com\\\/politika\\\/protestna-nota-hrvatske-zbog-broda-jadran-na-znackama-posade\\\/#primaryimage\"},\"image\":{\"@id\":\"https:\\\/\\\/dmcsrb.com\\\/politika\\\/protestna-nota-hrvatske-zbog-broda-jadran-na-znackama-posade\\\/#primaryimage\"},\"thumbnailUrl\":\"https:\\\/\\\/dmcsrb.com\\\/wp-content\\\/uploads\\\/2026\\\/01\\\/Brod-Jadran-foto-ss-yt.jpg\",\"datePublished\":\"2025-08-03T15:45:00+00:00\",\"author\":{\"@id\":\"https:\\\/\\\/dmcsrb.com\\\/#\\\/schema\\\/person\\\/5c39170f12db1b8b457732d0b5c854e2\"},\"breadcrumb\":{\"@id\":\"https:\\\/\\\/dmcsrb.com\\\/politika\\\/protestna-nota-hrvatske-zbog-broda-jadran-na-znackama-posade\\\/#breadcrumb\"},\"inLanguage\":\"en-GB\",\"potentialAction\":[{\"@type\":\"ReadAction\",\"target\":[\"https:\\\/\\\/dmcsrb.com\\\/politika\\\/protestna-nota-hrvatske-zbog-broda-jadran-na-znackama-posade\\\/\"]}]},{\"@type\":\"ImageObject\",\"inLanguage\":\"en-GB\",\"@id\":\"https:\\\/\\\/dmcsrb.com\\\/politika\\\/protestna-nota-hrvatske-zbog-broda-jadran-na-znackama-posade\\\/#primaryimage\",\"url\":\"https:\\\/\\\/dmcsrb.com\\\/wp-content\\\/uploads\\\/2026\\\/01\\\/Brod-Jadran-foto-ss-yt.jpg\",\"contentUrl\":\"https:\\\/\\\/dmcsrb.com\\\/wp-content\\\/uploads\\\/2026\\\/01\\\/Brod-Jadran-foto-ss-yt.jpg\",\"width\":881,\"height\":463},{\"@type\":\"BreadcrumbList\",\"@id\":\"https:\\\/\\\/dmcsrb.com\\\/politika\\\/protestna-nota-hrvatske-zbog-broda-jadran-na-znackama-posade\\\/#breadcrumb\",\"itemListElement\":[{\"@type\":\"ListItem\",\"position\":1,\"name\":\"Home\",\"item\":\"https:\\\/\\\/dmcsrb.com\\\/\"},{\"@type\":\"ListItem\",\"position\":2,\"name\":\"Protestna nota Hrvatske zbog broda Jadran na zna\u010dkama posade\"}]},{\"@type\":\"WebSite\",\"@id\":\"https:\\\/\\\/dmcsrb.com\\\/#website\",\"url\":\"https:\\\/\\\/dmcsrb.com\\\/\",\"name\":\"dmcsrb.com\",\"description\":\"\",\"potentialAction\":[{\"@type\":\"SearchAction\",\"target\":{\"@type\":\"EntryPoint\",\"urlTemplate\":\"https:\\\/\\\/dmcsrb.com\\\/?s={search_term_string}\"},\"query-input\":{\"@type\":\"PropertyValueSpecification\",\"valueRequired\":true,\"valueName\":\"search_term_string\"}}],\"inLanguage\":\"en-GB\"},{\"@type\":\"Person\",\"@id\":\"https:\\\/\\\/dmcsrb.com\\\/#\\\/schema\\\/person\\\/5c39170f12db1b8b457732d0b5c854e2\",\"name\":\"dmcsrbija.com@gmail.com\",\"image\":{\"@type\":\"ImageObject\",\"inLanguage\":\"en-GB\",\"@id\":\"https:\\\/\\\/secure.gravatar.com\\\/avatar\\\/68592660ad6347fad0fb587f8d5d8f1a7b44961362f56e4f2cd524feb87e9069?s=96&d=mm&r=g\",\"url\":\"https:\\\/\\\/secure.gravatar.com\\\/avatar\\\/68592660ad6347fad0fb587f8d5d8f1a7b44961362f56e4f2cd524feb87e9069?s=96&d=mm&r=g\",\"contentUrl\":\"https:\\\/\\\/secure.gravatar.com\\\/avatar\\\/68592660ad6347fad0fb587f8d5d8f1a7b44961362f56e4f2cd524feb87e9069?s=96&d=mm&r=g\",\"caption\":\"dmcsrbija.com@gmail.com\"},\"sameAs\":[\"https:\\\/\\\/dmcsrb.com\"],\"url\":\"https:\\\/\\\/dmcsrb.com\\\/en\\\/author\\\/dmcsrbija-comgmail-com\\\/\"}]}<\/script>\n<!-- \/ Yoast SEO plugin. -->","yoast_head_json":{"title":"Protestna nota Hrvatske zbog broda Jadran na zna\u010dkama posade - dmcsrb.com","robots":{"index":"index","follow":"follow","max-snippet":"max-snippet:-1","max-image-preview":"max-image-preview:large","max-video-preview":"max-video-preview:-1"},"canonical":"https:\/\/dmcsrb.com\/en\/politika\/protestna-nota-hrvatske-zbog-broda-jadran-na-znackama-posade\/","og_locale":"en_GB","og_type":"article","og_title":"Protestna nota Hrvatske zbog broda Jadran na zna\u010dkama posade - dmcsrb.com","og_description":"Hrvatska je Crnoj Gori uputila protestnu notu zbog, kako su naveli iz Ministarstva vanjskih i evropskih poslova te dr\u017eave, jednostrane odluke crnogorskog Ministarstva odbrane o izradi zna\u010dki s likom \u0161kolskog broda Jadran.","og_url":"https:\/\/dmcsrb.com\/en\/politika\/protestna-nota-hrvatske-zbog-broda-jadran-na-znackama-posade\/","og_site_name":"dmcsrb.com","article_published_time":"2025-08-03T15:45:00+00:00","og_image":[{"width":881,"height":463,"url":"https:\/\/dmcsrb.com\/wp-content\/uploads\/2026\/01\/Brod-Jadran-foto-ss-yt.jpg","type":"image\/jpeg"}],"author":"dmcsrbija.com@gmail.com","twitter_card":"summary_large_image","twitter_misc":{"Written by":"dmcsrbija.com@gmail.com","Estimated reading time":"1 minute"},"schema":{"@context":"https:\/\/schema.org","@graph":[{"@type":"Article","@id":"https:\/\/dmcsrb.com\/politika\/protestna-nota-hrvatske-zbog-broda-jadran-na-znackama-posade\/#article","isPartOf":{"@id":"https:\/\/dmcsrb.com\/politika\/protestna-nota-hrvatske-zbog-broda-jadran-na-znackama-posade\/"},"author":{"name":"dmcsrbija.com@gmail.com","@id":"https:\/\/dmcsrb.com\/#\/schema\/person\/5c39170f12db1b8b457732d0b5c854e2"},"headline":"Protestna nota Hrvatske zbog broda Jadran na zna\u010dkama posade","datePublished":"2025-08-03T15:45:00+00:00","mainEntityOfPage":{"@id":"https:\/\/dmcsrb.com\/politika\/protestna-nota-hrvatske-zbog-broda-jadran-na-znackama-posade\/"},"wordCount":260,"commentCount":0,"image":{"@id":"https:\/\/dmcsrb.com\/politika\/protestna-nota-hrvatske-zbog-broda-jadran-na-znackama-posade\/#primaryimage"},"thumbnailUrl":"https:\/\/dmcsrb.com\/wp-content\/uploads\/2026\/01\/Brod-Jadran-foto-ss-yt.jpg","keywords":["brod jadran","Hrvatska","protestna nota","Zna\u010dke posade"],"articleSection":["Politika"],"inLanguage":"en-GB","potentialAction":[{"@type":"CommentAction","name":"Comment","target":["https:\/\/dmcsrb.com\/politika\/protestna-nota-hrvatske-zbog-broda-jadran-na-znackama-posade\/#respond"]}]},{"@type":"WebPage","@id":"https:\/\/dmcsrb.com\/politika\/protestna-nota-hrvatske-zbog-broda-jadran-na-znackama-posade\/","url":"https:\/\/dmcsrb.com\/politika\/protestna-nota-hrvatske-zbog-broda-jadran-na-znackama-posade\/","name":"Protestna nota Hrvatske zbog broda Jadran na zna\u010dkama posade - dmcsrb.com","isPartOf":{"@id":"https:\/\/dmcsrb.com\/#website"},"primaryImageOfPage":{"@id":"https:\/\/dmcsrb.com\/politika\/protestna-nota-hrvatske-zbog-broda-jadran-na-znackama-posade\/#primaryimage"},"image":{"@id":"https:\/\/dmcsrb.com\/politika\/protestna-nota-hrvatske-zbog-broda-jadran-na-znackama-posade\/#primaryimage"},"thumbnailUrl":"https:\/\/dmcsrb.com\/wp-content\/uploads\/2026\/01\/Brod-Jadran-foto-ss-yt.jpg","datePublished":"2025-08-03T15:45:00+00:00","author":{"@id":"https:\/\/dmcsrb.com\/#\/schema\/person\/5c39170f12db1b8b457732d0b5c854e2"},"breadcrumb":{"@id":"https:\/\/dmcsrb.com\/politika\/protestna-nota-hrvatske-zbog-broda-jadran-na-znackama-posade\/#breadcrumb"},"inLanguage":"en-GB","potentialAction":[{"@type":"ReadAction","target":["https:\/\/dmcsrb.com\/politika\/protestna-nota-hrvatske-zbog-broda-jadran-na-znackama-posade\/"]}]},{"@type":"ImageObject","inLanguage":"en-GB","@id":"https:\/\/dmcsrb.com\/politika\/protestna-nota-hrvatske-zbog-broda-jadran-na-znackama-posade\/#primaryimage","url":"https:\/\/dmcsrb.com\/wp-content\/uploads\/2026\/01\/Brod-Jadran-foto-ss-yt.jpg","contentUrl":"https:\/\/dmcsrb.com\/wp-content\/uploads\/2026\/01\/Brod-Jadran-foto-ss-yt.jpg","width":881,"height":463},{"@type":"BreadcrumbList","@id":"https:\/\/dmcsrb.com\/politika\/protestna-nota-hrvatske-zbog-broda-jadran-na-znackama-posade\/#breadcrumb","itemListElement":[{"@type":"ListItem","position":1,"name":"Home","item":"https:\/\/dmcsrb.com\/"},{"@type":"ListItem","position":2,"name":"Protestna nota Hrvatske zbog broda Jadran na zna\u010dkama posade"}]},{"@type":"WebSite","@id":"https:\/\/dmcsrb.com\/#website","url":"https:\/\/dmcsrb.com\/","name":"dmcsrb.com","description":"","potentialAction":[{"@type":"SearchAction","target":{"@type":"EntryPoint","urlTemplate":"https:\/\/dmcsrb.com\/?s={search_term_string}"},"query-input":{"@type":"PropertyValueSpecification","valueRequired":true,"valueName":"search_term_string"}}],"inLanguage":"en-GB"},{"@type":"Person","@id":"https:\/\/dmcsrb.com\/#\/schema\/person\/5c39170f12db1b8b457732d0b5c854e2","name":"dmcsrbija.com@gmail.com","image":{"@type":"ImageObject","inLanguage":"en-GB","@id":"https:\/\/secure.gravatar.com\/avatar\/68592660ad6347fad0fb587f8d5d8f1a7b44961362f56e4f2cd524feb87e9069?s=96&d=mm&r=g","url":"https:\/\/secure.gravatar.com\/avatar\/68592660ad6347fad0fb587f8d5d8f1a7b44961362f56e4f2cd524feb87e9069?s=96&d=mm&r=g","contentUrl":"https:\/\/secure.gravatar.com\/avatar\/68592660ad6347fad0fb587f8d5d8f1a7b44961362f56e4f2cd524feb87e9069?s=96&d=mm&r=g","caption":"dmcsrbija.com@gmail.com"},"sameAs":["https:\/\/dmcsrb.com"],"url":"https:\/\/dmcsrb.com\/en\/author\/dmcsrbija-comgmail-com\/"}]}},"_links":{"self":[{"href":"https:\/\/dmcsrb.com\/en\/wp-json\/wp\/v2\/posts\/944101","targetHints":{"allow":["GET"]}}],"collection":[{"href":"https:\/\/dmcsrb.com\/en\/wp-json\/wp\/v2\/posts"}],"about":[{"href":"https:\/\/dmcsrb.com\/en\/wp-json\/wp\/v2\/types\/post"}],"author":[{"embeddable":true,"href":"https:\/\/dmcsrb.com\/en\/wp-json\/wp\/v2\/users\/1"}],"replies":[{"embeddable":true,"href":"https:\/\/dmcsrb.com\/en\/wp-json\/wp\/v2\/comments?post=944101"}],"version-history":[{"count":0,"href":"https:\/\/dmcsrb.com\/en\/wp-json\/wp\/v2\/posts\/944101\/revisions"}],"wp:featuredmedia":[{"embeddable":true,"href":"https:\/\/dmcsrb.com\/en\/wp-json\/wp\/v2\/media\/913992"}],"wp:attachment":[{"href":"https:\/\/dmcsrb.com\/en\/wp-json\/wp\/v2\/media?parent=944101"}],"wp:term":[{"taxonomy":"category","embeddable":true,"href":"https:\/\/dmcsrb.com\/en\/wp-json\/wp\/v2\/categories?post=944101"},{"taxonomy":"post_tag","embeddable":true,"href":"https:\/\/dmcsrb.com\/en\/wp-json\/wp\/v2\/tags?post=944101"},{"taxonomy":"naslovna","embeddable":true,"href":"https:\/\/dmcsrb.com\/en\/wp-json\/wp\/v2\/naslovna?post=944101"}],"curies":[{"name":"wp","href":"https:\/\/api.w.org\/{rel}","templated":true}]}}