{"id":944007,"date":"2025-08-03T09:35:00","date_gmt":"2025-08-03T07:35:00","guid":{"rendered":"https:\/\/dmcsrb.com\/uncategorized\/zverev-na-branioca-titule-u-cetvrtfinalu\/"},"modified":"2025-08-03T09:35:00","modified_gmt":"2025-08-03T07:35:00","slug":"zverev-na-branioca-titule-u-cetvrtfinalu","status":"publish","type":"post","link":"https:\/\/dmcsrb.com\/en\/sport\/zverev-na-branioca-titule-u-cetvrtfinalu\/","title":{"rendered":"Zverev na branioca titule u \u010detvrtfinalu"},"content":{"rendered":"<p>Prvi favorit Rod\u017eers kupa rano jutros po na\u0161em vremenu bio je bolji od Argentinca Fransiska Serundola, koji je nakon izgubljenog seta 6:4 (1:0 u drugom) morao da preda me\u010d zbog povrede. <\/p>\n\n\n\n<figure class=\"wp-block-embed is-type-rich is-provider-twitter wp-block-embed-twitter\"><div class=\"wp-block-embed__wrapper\">\n<blockquote class=\"twitter-tweet\" data-width=\"500\" data-dnt=\"true\"><p lang=\"en\" dir=\"ltr\">Wishing a speedy recovery to <a href=\"https:\/\/twitter.com\/FranCerundolo?ref_src=twsrc%5Etfw\">@FranCerundolo<\/a>  \ud83e\udef6<a href=\"https:\/\/twitter.com\/AlexZverev?ref_src=twsrc%5Etfw\">@AlexZverev<\/a> is quarter-final bound after Cerundolo is forced to retire due to injury at 6-4 1-0.<a href=\"https:\/\/twitter.com\/NBOtoronto?ref_src=twsrc%5Etfw\">@NBOtoronto<\/a> | <a href=\"https:\/\/twitter.com\/hashtag\/NBO25?src=hash&amp;ref_src=twsrc%5Etfw\">#NBO25<\/a> <a href=\"https:\/\/t.co\/zdEm2PL1rI\">pic.twitter.com\/zdEm2PL1rI<\/a><\/p>&mdash; ATP Tour (@atptour) <a href=\"https:\/\/twitter.com\/atptour\/status\/1951835842940412012?ref_src=twsrc%5Etfw\">August 3, 2025<\/a><\/blockquote><script async src=\"https:\/\/platform.twitter.com\/widgets.js\" charset=\"utf-8\"><\/script>\n<\/div><\/figure>\n\n\n\n<p>Zverev \u0107e u narednom kolu ukrstiti rekete sa aktuelnim \u0161ampionom Australijancem Aleksejom Popirinom, koji je nakon Danila Medvedeva &#8220;okrenuo&#8221; i Holgera Runea &#8211; 4:6, 6:2, 6:3 i nastavio svoj put ka odbrani titule. <\/p>\n\n\n\n<figure class=\"wp-block-embed is-type-rich is-provider-twitter wp-block-embed-twitter\"><div class=\"wp-block-embed__wrapper\">\n<blockquote class=\"twitter-tweet\" data-width=\"500\" data-dnt=\"true\"><p lang=\"en\" dir=\"ltr\">Champion mindset \ud83d\udc49\ud83e\udde0<br><br>Defending champ Alexei Popyrin comes from a set down to defeat Rune 4-6 6-2 6-3 to reach the quarter-finals in Toronto! <a href=\"https:\/\/twitter.com\/NBOtoronto?ref_src=twsrc%5Etfw\">@NBOtoronto<\/a> | <a href=\"https:\/\/twitter.com\/hashtag\/NBO25?src=hash&amp;ref_src=twsrc%5Etfw\">#NBO25<\/a> <a href=\"https:\/\/t.co\/nB0g0YdlTF\">pic.twitter.com\/nB0g0YdlTF<\/a><\/p>&mdash; ATP Tour (@atptour) <a href=\"https:\/\/twitter.com\/atptour\/status\/1951814236692246873?ref_src=twsrc%5Etfw\">August 3, 2025<\/a><\/blockquote><script async src=\"https:\/\/platform.twitter.com\/widgets.js\" charset=\"utf-8\"><\/script>\n<\/div><\/figure>\n\n\n\n<p>Popirin i Zverev do sada su tri puta odmjerili snage i sva tri puta radovao se njema\u010dki teniser i to bez izgubljenog seta. <\/p>\n\n\n\n<p>U gornjoj polovini \u017erijeba poznat je i drugi \u010detvrtfinalni par, a \u010dine ga Aleks Mikelsen i Karen Ha\u010danov. <\/p>\n\n\n\n<p>Podsjetimo, pred sam po\u010detak turnira od u\u010de\u0161\u0107a su odustali Janik Siner, Karlos Alkaraz, Novak \u0110okovi\u0107 i D\u017eek Drejper. <\/p>","protected":false},"excerpt":{"rendered":"<p>Tre\u0107i teniser svijeta Aleksandar Zverev plasirao se u \u010detvrtfinale mastersa u Torontu.<\/p>","protected":false},"author":1,"featured_media":944008,"comment_status":"open","ping_status":"open","sticky":false,"template":"","format":"standard","meta":{"_acf_changed":false,"footnotes":""},"categories":[148],"tags":[16620,16621,16622,16623,16624],"naslovna":[],"class_list":["post-944007","post","type-post","status-publish","format-standard","has-post-thumbnail","hentry","category-sport","tag-aleksandar-zverev","tag-aleksej-popirin","tag-fransisko-serundolo","tag-holger-rune","tag-masters-u-torontu"],"acf":[],"yoast_head":"<!-- This site is optimized with the Yoast SEO plugin v27.4 - https:\/\/yoast.com\/product\/yoast-seo-wordpress\/ -->\n<title>Zverev na branioca titule u \u010detvrtfinalu - dmcsrb.com<\/title>\n<meta name=\"robots\" content=\"index, follow, max-snippet:-1, max-image-preview:large, max-video-preview:-1\" \/>\n<link rel=\"canonical\" href=\"https:\/\/dmcsrb.com\/en\/sport\/zverev-na-branioca-titule-u-cetvrtfinalu\/\" \/>\n<meta property=\"og:locale\" content=\"en_GB\" \/>\n<meta property=\"og:type\" content=\"article\" \/>\n<meta property=\"og:title\" content=\"Zverev na branioca titule u \u010detvrtfinalu - dmcsrb.com\" \/>\n<meta property=\"og:description\" content=\"Tre\u0107i teniser svijeta Aleksandar Zverev plasirao se u \u010detvrtfinale mastersa u Torontu.\" \/>\n<meta property=\"og:url\" content=\"https:\/\/dmcsrb.com\/en\/sport\/zverev-na-branioca-titule-u-cetvrtfinalu\/\" \/>\n<meta property=\"og:site_name\" content=\"dmcsrb.com\" \/>\n<meta property=\"article:published_time\" content=\"2025-08-03T07:35:00+00:00\" \/>\n<meta property=\"og:image\" content=\"https:\/\/dmcsrb.com\/wp-content\/uploads\/2026\/01\/Zverev-AusOpen-Twitter.webp\" \/>\n\t<meta property=\"og:image:width\" content=\"792\" \/>\n\t<meta property=\"og:image:height\" content=\"562\" \/>\n\t<meta property=\"og:image:type\" content=\"image\/jpeg\" \/>\n<meta name=\"author\" content=\"dmcsrbija.com@gmail.com\" \/>\n<meta name=\"twitter:card\" content=\"summary_large_image\" \/>\n<meta name=\"twitter:label1\" content=\"Written by\" \/>\n\t<meta name=\"twitter:data1\" content=\"dmcsrbija.com@gmail.com\" \/>\n\t<meta name=\"twitter:label2\" content=\"Estimated reading time\" \/>\n\t<meta name=\"twitter:data2\" content=\"1 minute\" \/>\n<script type=\"application\/ld+json\" class=\"yoast-schema-graph\">{\"@context\":\"https:\\\/\\\/schema.org\",\"@graph\":[{\"@type\":\"Article\",\"@id\":\"https:\\\/\\\/dmcsrb.com\\\/sport\\\/zverev-na-branioca-titule-u-cetvrtfinalu\\\/#article\",\"isPartOf\":{\"@id\":\"https:\\\/\\\/dmcsrb.com\\\/sport\\\/zverev-na-branioca-titule-u-cetvrtfinalu\\\/\"},\"author\":{\"name\":\"dmcsrbija.com@gmail.com\",\"@id\":\"https:\\\/\\\/dmcsrb.com\\\/#\\\/schema\\\/person\\\/5c39170f12db1b8b457732d0b5c854e2\"},\"headline\":\"Zverev na branioca titule u \u010detvrtfinalu\",\"datePublished\":\"2025-08-03T07:35:00+00:00\",\"mainEntityOfPage\":{\"@id\":\"https:\\\/\\\/dmcsrb.com\\\/sport\\\/zverev-na-branioca-titule-u-cetvrtfinalu\\\/\"},\"wordCount\":142,\"commentCount\":0,\"image\":{\"@id\":\"https:\\\/\\\/dmcsrb.com\\\/sport\\\/zverev-na-branioca-titule-u-cetvrtfinalu\\\/#primaryimage\"},\"thumbnailUrl\":\"https:\\\/\\\/dmcsrb.com\\\/wp-content\\\/uploads\\\/2026\\\/01\\\/Zverev-AusOpen-Twitter.webp\",\"keywords\":[\"Aleksandar Zverev\",\"Aleksej Popirin\",\"Fransisko Serundolo\",\"Holger Rune\",\"masters u Torontu\"],\"articleSection\":[\"Sport\"],\"inLanguage\":\"en-GB\",\"potentialAction\":[{\"@type\":\"CommentAction\",\"name\":\"Comment\",\"target\":[\"https:\\\/\\\/dmcsrb.com\\\/sport\\\/zverev-na-branioca-titule-u-cetvrtfinalu\\\/#respond\"]}]},{\"@type\":\"WebPage\",\"@id\":\"https:\\\/\\\/dmcsrb.com\\\/sport\\\/zverev-na-branioca-titule-u-cetvrtfinalu\\\/\",\"url\":\"https:\\\/\\\/dmcsrb.com\\\/sport\\\/zverev-na-branioca-titule-u-cetvrtfinalu\\\/\",\"name\":\"Zverev na branioca titule u \u010detvrtfinalu - dmcsrb.com\",\"isPartOf\":{\"@id\":\"https:\\\/\\\/dmcsrb.com\\\/#website\"},\"primaryImageOfPage\":{\"@id\":\"https:\\\/\\\/dmcsrb.com\\\/sport\\\/zverev-na-branioca-titule-u-cetvrtfinalu\\\/#primaryimage\"},\"image\":{\"@id\":\"https:\\\/\\\/dmcsrb.com\\\/sport\\\/zverev-na-branioca-titule-u-cetvrtfinalu\\\/#primaryimage\"},\"thumbnailUrl\":\"https:\\\/\\\/dmcsrb.com\\\/wp-content\\\/uploads\\\/2026\\\/01\\\/Zverev-AusOpen-Twitter.webp\",\"datePublished\":\"2025-08-03T07:35:00+00:00\",\"author\":{\"@id\":\"https:\\\/\\\/dmcsrb.com\\\/#\\\/schema\\\/person\\\/5c39170f12db1b8b457732d0b5c854e2\"},\"breadcrumb\":{\"@id\":\"https:\\\/\\\/dmcsrb.com\\\/sport\\\/zverev-na-branioca-titule-u-cetvrtfinalu\\\/#breadcrumb\"},\"inLanguage\":\"en-GB\",\"potentialAction\":[{\"@type\":\"ReadAction\",\"target\":[\"https:\\\/\\\/dmcsrb.com\\\/sport\\\/zverev-na-branioca-titule-u-cetvrtfinalu\\\/\"]}]},{\"@type\":\"ImageObject\",\"inLanguage\":\"en-GB\",\"@id\":\"https:\\\/\\\/dmcsrb.com\\\/sport\\\/zverev-na-branioca-titule-u-cetvrtfinalu\\\/#primaryimage\",\"url\":\"https:\\\/\\\/dmcsrb.com\\\/wp-content\\\/uploads\\\/2026\\\/01\\\/Zverev-AusOpen-Twitter.webp\",\"contentUrl\":\"https:\\\/\\\/dmcsrb.com\\\/wp-content\\\/uploads\\\/2026\\\/01\\\/Zverev-AusOpen-Twitter.webp\",\"width\":792,\"height\":562},{\"@type\":\"BreadcrumbList\",\"@id\":\"https:\\\/\\\/dmcsrb.com\\\/sport\\\/zverev-na-branioca-titule-u-cetvrtfinalu\\\/#breadcrumb\",\"itemListElement\":[{\"@type\":\"ListItem\",\"position\":1,\"name\":\"Home\",\"item\":\"https:\\\/\\\/dmcsrb.com\\\/\"},{\"@type\":\"ListItem\",\"position\":2,\"name\":\"Zverev na branioca titule u \u010detvrtfinalu\"}]},{\"@type\":\"WebSite\",\"@id\":\"https:\\\/\\\/dmcsrb.com\\\/#website\",\"url\":\"https:\\\/\\\/dmcsrb.com\\\/\",\"name\":\"dmcsrb.com\",\"description\":\"\",\"potentialAction\":[{\"@type\":\"SearchAction\",\"target\":{\"@type\":\"EntryPoint\",\"urlTemplate\":\"https:\\\/\\\/dmcsrb.com\\\/?s={search_term_string}\"},\"query-input\":{\"@type\":\"PropertyValueSpecification\",\"valueRequired\":true,\"valueName\":\"search_term_string\"}}],\"inLanguage\":\"en-GB\"},{\"@type\":\"Person\",\"@id\":\"https:\\\/\\\/dmcsrb.com\\\/#\\\/schema\\\/person\\\/5c39170f12db1b8b457732d0b5c854e2\",\"name\":\"dmcsrbija.com@gmail.com\",\"image\":{\"@type\":\"ImageObject\",\"inLanguage\":\"en-GB\",\"@id\":\"https:\\\/\\\/secure.gravatar.com\\\/avatar\\\/68592660ad6347fad0fb587f8d5d8f1a7b44961362f56e4f2cd524feb87e9069?s=96&d=mm&r=g\",\"url\":\"https:\\\/\\\/secure.gravatar.com\\\/avatar\\\/68592660ad6347fad0fb587f8d5d8f1a7b44961362f56e4f2cd524feb87e9069?s=96&d=mm&r=g\",\"contentUrl\":\"https:\\\/\\\/secure.gravatar.com\\\/avatar\\\/68592660ad6347fad0fb587f8d5d8f1a7b44961362f56e4f2cd524feb87e9069?s=96&d=mm&r=g\",\"caption\":\"dmcsrbija.com@gmail.com\"},\"sameAs\":[\"https:\\\/\\\/dmcsrb.com\"],\"url\":\"https:\\\/\\\/dmcsrb.com\\\/en\\\/author\\\/dmcsrbija-comgmail-com\\\/\"}]}<\/script>\n<!-- \/ Yoast SEO plugin. -->","yoast_head_json":{"title":"Zverev na branioca titule u \u010detvrtfinalu - dmcsrb.com","robots":{"index":"index","follow":"follow","max-snippet":"max-snippet:-1","max-image-preview":"max-image-preview:large","max-video-preview":"max-video-preview:-1"},"canonical":"https:\/\/dmcsrb.com\/en\/sport\/zverev-na-branioca-titule-u-cetvrtfinalu\/","og_locale":"en_GB","og_type":"article","og_title":"Zverev na branioca titule u \u010detvrtfinalu - dmcsrb.com","og_description":"Tre\u0107i teniser svijeta Aleksandar Zverev plasirao se u \u010detvrtfinale mastersa u Torontu.","og_url":"https:\/\/dmcsrb.com\/en\/sport\/zverev-na-branioca-titule-u-cetvrtfinalu\/","og_site_name":"dmcsrb.com","article_published_time":"2025-08-03T07:35:00+00:00","og_image":[{"width":792,"height":562,"url":"https:\/\/dmcsrb.com\/wp-content\/uploads\/2026\/01\/Zverev-AusOpen-Twitter.webp","type":"image\/jpeg"}],"author":"dmcsrbija.com@gmail.com","twitter_card":"summary_large_image","twitter_misc":{"Written by":"dmcsrbija.com@gmail.com","Estimated reading time":"1 minute"},"schema":{"@context":"https:\/\/schema.org","@graph":[{"@type":"Article","@id":"https:\/\/dmcsrb.com\/sport\/zverev-na-branioca-titule-u-cetvrtfinalu\/#article","isPartOf":{"@id":"https:\/\/dmcsrb.com\/sport\/zverev-na-branioca-titule-u-cetvrtfinalu\/"},"author":{"name":"dmcsrbija.com@gmail.com","@id":"https:\/\/dmcsrb.com\/#\/schema\/person\/5c39170f12db1b8b457732d0b5c854e2"},"headline":"Zverev na branioca titule u \u010detvrtfinalu","datePublished":"2025-08-03T07:35:00+00:00","mainEntityOfPage":{"@id":"https:\/\/dmcsrb.com\/sport\/zverev-na-branioca-titule-u-cetvrtfinalu\/"},"wordCount":142,"commentCount":0,"image":{"@id":"https:\/\/dmcsrb.com\/sport\/zverev-na-branioca-titule-u-cetvrtfinalu\/#primaryimage"},"thumbnailUrl":"https:\/\/dmcsrb.com\/wp-content\/uploads\/2026\/01\/Zverev-AusOpen-Twitter.webp","keywords":["Aleksandar Zverev","Aleksej Popirin","Fransisko Serundolo","Holger Rune","masters u Torontu"],"articleSection":["Sport"],"inLanguage":"en-GB","potentialAction":[{"@type":"CommentAction","name":"Comment","target":["https:\/\/dmcsrb.com\/sport\/zverev-na-branioca-titule-u-cetvrtfinalu\/#respond"]}]},{"@type":"WebPage","@id":"https:\/\/dmcsrb.com\/sport\/zverev-na-branioca-titule-u-cetvrtfinalu\/","url":"https:\/\/dmcsrb.com\/sport\/zverev-na-branioca-titule-u-cetvrtfinalu\/","name":"Zverev na branioca titule u \u010detvrtfinalu - dmcsrb.com","isPartOf":{"@id":"https:\/\/dmcsrb.com\/#website"},"primaryImageOfPage":{"@id":"https:\/\/dmcsrb.com\/sport\/zverev-na-branioca-titule-u-cetvrtfinalu\/#primaryimage"},"image":{"@id":"https:\/\/dmcsrb.com\/sport\/zverev-na-branioca-titule-u-cetvrtfinalu\/#primaryimage"},"thumbnailUrl":"https:\/\/dmcsrb.com\/wp-content\/uploads\/2026\/01\/Zverev-AusOpen-Twitter.webp","datePublished":"2025-08-03T07:35:00+00:00","author":{"@id":"https:\/\/dmcsrb.com\/#\/schema\/person\/5c39170f12db1b8b457732d0b5c854e2"},"breadcrumb":{"@id":"https:\/\/dmcsrb.com\/sport\/zverev-na-branioca-titule-u-cetvrtfinalu\/#breadcrumb"},"inLanguage":"en-GB","potentialAction":[{"@type":"ReadAction","target":["https:\/\/dmcsrb.com\/sport\/zverev-na-branioca-titule-u-cetvrtfinalu\/"]}]},{"@type":"ImageObject","inLanguage":"en-GB","@id":"https:\/\/dmcsrb.com\/sport\/zverev-na-branioca-titule-u-cetvrtfinalu\/#primaryimage","url":"https:\/\/dmcsrb.com\/wp-content\/uploads\/2026\/01\/Zverev-AusOpen-Twitter.webp","contentUrl":"https:\/\/dmcsrb.com\/wp-content\/uploads\/2026\/01\/Zverev-AusOpen-Twitter.webp","width":792,"height":562},{"@type":"BreadcrumbList","@id":"https:\/\/dmcsrb.com\/sport\/zverev-na-branioca-titule-u-cetvrtfinalu\/#breadcrumb","itemListElement":[{"@type":"ListItem","position":1,"name":"Home","item":"https:\/\/dmcsrb.com\/"},{"@type":"ListItem","position":2,"name":"Zverev na branioca titule u \u010detvrtfinalu"}]},{"@type":"WebSite","@id":"https:\/\/dmcsrb.com\/#website","url":"https:\/\/dmcsrb.com\/","name":"dmcsrb.com","description":"","potentialAction":[{"@type":"SearchAction","target":{"@type":"EntryPoint","urlTemplate":"https:\/\/dmcsrb.com\/?s={search_term_string}"},"query-input":{"@type":"PropertyValueSpecification","valueRequired":true,"valueName":"search_term_string"}}],"inLanguage":"en-GB"},{"@type":"Person","@id":"https:\/\/dmcsrb.com\/#\/schema\/person\/5c39170f12db1b8b457732d0b5c854e2","name":"dmcsrbija.com@gmail.com","image":{"@type":"ImageObject","inLanguage":"en-GB","@id":"https:\/\/secure.gravatar.com\/avatar\/68592660ad6347fad0fb587f8d5d8f1a7b44961362f56e4f2cd524feb87e9069?s=96&d=mm&r=g","url":"https:\/\/secure.gravatar.com\/avatar\/68592660ad6347fad0fb587f8d5d8f1a7b44961362f56e4f2cd524feb87e9069?s=96&d=mm&r=g","contentUrl":"https:\/\/secure.gravatar.com\/avatar\/68592660ad6347fad0fb587f8d5d8f1a7b44961362f56e4f2cd524feb87e9069?s=96&d=mm&r=g","caption":"dmcsrbija.com@gmail.com"},"sameAs":["https:\/\/dmcsrb.com"],"url":"https:\/\/dmcsrb.com\/en\/author\/dmcsrbija-comgmail-com\/"}]}},"_links":{"self":[{"href":"https:\/\/dmcsrb.com\/en\/wp-json\/wp\/v2\/posts\/944007","targetHints":{"allow":["GET"]}}],"collection":[{"href":"https:\/\/dmcsrb.com\/en\/wp-json\/wp\/v2\/posts"}],"about":[{"href":"https:\/\/dmcsrb.com\/en\/wp-json\/wp\/v2\/types\/post"}],"author":[{"embeddable":true,"href":"https:\/\/dmcsrb.com\/en\/wp-json\/wp\/v2\/users\/1"}],"replies":[{"embeddable":true,"href":"https:\/\/dmcsrb.com\/en\/wp-json\/wp\/v2\/comments?post=944007"}],"version-history":[{"count":0,"href":"https:\/\/dmcsrb.com\/en\/wp-json\/wp\/v2\/posts\/944007\/revisions"}],"wp:featuredmedia":[{"embeddable":true,"href":"https:\/\/dmcsrb.com\/en\/wp-json\/wp\/v2\/media\/944008"}],"wp:attachment":[{"href":"https:\/\/dmcsrb.com\/en\/wp-json\/wp\/v2\/media?parent=944007"}],"wp:term":[{"taxonomy":"category","embeddable":true,"href":"https:\/\/dmcsrb.com\/en\/wp-json\/wp\/v2\/categories?post=944007"},{"taxonomy":"post_tag","embeddable":true,"href":"https:\/\/dmcsrb.com\/en\/wp-json\/wp\/v2\/tags?post=944007"},{"taxonomy":"naslovna","embeddable":true,"href":"https:\/\/dmcsrb.com\/en\/wp-json\/wp\/v2\/naslovna?post=944007"}],"curies":[{"name":"wp","href":"https:\/\/api.w.org\/{rel}","templated":true}]}}