{"id":943999,"date":"2025-08-03T10:00:00","date_gmt":"2025-08-03T08:00:00","guid":{"rendered":"https:\/\/dmcsrb.com\/uncategorized\/milatovic-bokeljska-mornarica-korak-blize-posebnom-zakonu\/"},"modified":"2025-08-03T10:00:00","modified_gmt":"2025-08-03T08:00:00","slug":"milatovic-bokeljska-mornarica-korak-blize-posebnom-zakonu","status":"publish","type":"post","link":"https:\/\/dmcsrb.com\/en\/politika\/milatovic-bokeljska-mornarica-korak-blize-posebnom-zakonu\/","title":{"rendered":"Milatovi\u0107: Bokeljska mornarica korak bli\u017ee posebnom zakonu"},"content":{"rendered":"<p><\/p>\n\n\n\n<p>\u201cDopunama zakona omogu\u0107eno je da nosioci nematerijalnog kulturnog naslje\u0111a, koji se nalaze na presti\u017enoj UNESCO listi, dobiju status dobra od posebnog dr\u017eavnog interesa. Time im se obezbje\u0111uje ve\u0107a institucionalna i finansijska podr\u0161ka, kao i mogu\u0107nost da njihov status bude ure\u0111en posebnim zakonom\u201d, navosi se u saop\u0161tenju Kancelarije za odnosu s javno\u0161\u0107u predsjednika Crne Gore.<\/p>\n\n\n\n<p>Bokeljska mornarica, kao memorijalna zajednica koja \u010duva tradiciju dugu preko dvanaest vjekova, predstavlja organizaciju jedinstvene kulturno-istorijske i duhovne vrijednosti. Od 2013. godine ima status nematerijalnog kulturnog dobra Crne Gore, a 2021. godine postala je prvo i jedino crnogorsko nematerijalno dobro upisano na UNESCO listu.<\/p>\n\n\n\n<p>\u201cUsvajanjem dopuna Zakona o za\u0161titi kulturnih dobara, otvorena je mogu\u0107nost da se izradi i usvoji poseban Zakon o Bokeljskoj mornarici, kojim bi se na savremen na\u010din uredio njen status, a istovremeno osigurala dugoro\u010dna za\u0161tita, valorizacija i razvoj ovog izuzetnog kulturnog naslje\u0111a\u201d, isti\u010de se u saop\u0161tenju.<\/p>\n\n\n\n<p>Milatovi\u0107 je pozvao Vladu Crne Gore i Ministarstvo kulture i medija da, u okviru svojih nadle\u017enosti, pokrenu proceduru za izradu posebnog zakona, isti\u010du\u0107i da bi takav dokument bio jasna potvrda dr\u017eavne posve\u0107enosti o\u010duvanju kulturnog identiteta i doprinos vezama Crne Gore sa evropskom i mediteranskom kulturnom ba\u0161tinom.<\/p>","protected":false},"excerpt":{"rendered":"<p>Predsjednik Crne Gore Jakov Milatovi\u0107 donio je Ukaz o progla\u0161enju Zakona o dopuni Zakona o za\u0161titi kulturnih dobara, \u010dime je otvoren put za dono\u0161enje posebnog zakona o Bokeljskoj mornarici \u2013 jedinom crnogorskom predstavniku na UNESCO-voj Reprezentativnoj listi nematerijalne kulturne ba\u0161tine \u010dovje\u010danstva.<\/p>","protected":false},"author":1,"featured_media":944000,"comment_status":"open","ping_status":"open","sticky":false,"template":"","format":"standard","meta":{"_acf_changed":false,"footnotes":""},"categories":[12],"tags":[3437,90],"naslovna":[],"class_list":["post-943999","post","type-post","status-publish","format-standard","has-post-thumbnail","hentry","category-politika","tag-bokeljska-mornarica","tag-jakov-milatovic"],"acf":[],"yoast_head":"<!-- This site is optimized with the Yoast SEO plugin v27.4 - https:\/\/yoast.com\/product\/yoast-seo-wordpress\/ -->\n<title>Milatovi\u0107: Bokeljska mornarica korak bli\u017ee posebnom zakonu - dmcsrb.com<\/title>\n<meta name=\"robots\" content=\"index, follow, max-snippet:-1, max-image-preview:large, max-video-preview:-1\" \/>\n<link rel=\"canonical\" href=\"https:\/\/dmcsrb.com\/en\/politika\/milatovic-bokeljska-mornarica-korak-blize-posebnom-zakonu\/\" \/>\n<meta property=\"og:locale\" content=\"en_GB\" \/>\n<meta property=\"og:type\" content=\"article\" \/>\n<meta property=\"og:title\" content=\"Milatovi\u0107: Bokeljska mornarica korak bli\u017ee posebnom zakonu - dmcsrb.com\" \/>\n<meta property=\"og:description\" content=\"Predsjednik Crne Gore Jakov Milatovi\u0107 donio je Ukaz o progla\u0161enju Zakona o dopuni Zakona o za\u0161titi kulturnih dobara, \u010dime je otvoren put za dono\u0161enje posebnog zakona o Bokeljskoj mornarici \u2013 jedinom crnogorskom predstavniku na UNESCO-voj Reprezentativnoj listi nematerijalne kulturne ba\u0161tine \u010dovje\u010danstva.\" \/>\n<meta property=\"og:url\" content=\"https:\/\/dmcsrb.com\/en\/politika\/milatovic-bokeljska-mornarica-korak-blize-posebnom-zakonu\/\" \/>\n<meta property=\"og:site_name\" content=\"dmcsrb.com\" \/>\n<meta property=\"article:published_time\" content=\"2025-08-03T08:00:00+00:00\" \/>\n<meta property=\"og:image\" content=\"https:\/\/dmcsrb.com\/wp-content\/uploads\/2026\/01\/jakov-1_499x900.webp\" \/>\n\t<meta property=\"og:image:width\" content=\"900\" \/>\n\t<meta property=\"og:image:height\" content=\"499\" \/>\n\t<meta property=\"og:image:type\" content=\"image\/jpeg\" \/>\n<meta name=\"author\" content=\"dmcsrbija.com@gmail.com\" \/>\n<meta name=\"twitter:card\" content=\"summary_large_image\" \/>\n<meta name=\"twitter:label1\" content=\"Written by\" \/>\n\t<meta name=\"twitter:data1\" content=\"dmcsrbija.com@gmail.com\" \/>\n\t<meta name=\"twitter:label2\" content=\"Estimated reading time\" \/>\n\t<meta name=\"twitter:data2\" content=\"1 minute\" \/>\n<script type=\"application\/ld+json\" class=\"yoast-schema-graph\">{\"@context\":\"https:\\\/\\\/schema.org\",\"@graph\":[{\"@type\":\"Article\",\"@id\":\"https:\\\/\\\/dmcsrb.com\\\/politika\\\/milatovic-bokeljska-mornarica-korak-blize-posebnom-zakonu\\\/#article\",\"isPartOf\":{\"@id\":\"https:\\\/\\\/dmcsrb.com\\\/politika\\\/milatovic-bokeljska-mornarica-korak-blize-posebnom-zakonu\\\/\"},\"author\":{\"name\":\"dmcsrbija.com@gmail.com\",\"@id\":\"https:\\\/\\\/dmcsrb.com\\\/#\\\/schema\\\/person\\\/5c39170f12db1b8b457732d0b5c854e2\"},\"headline\":\"Milatovi\u0107: Bokeljska mornarica korak bli\u017ee posebnom zakonu\",\"datePublished\":\"2025-08-03T08:00:00+00:00\",\"mainEntityOfPage\":{\"@id\":\"https:\\\/\\\/dmcsrb.com\\\/politika\\\/milatovic-bokeljska-mornarica-korak-blize-posebnom-zakonu\\\/\"},\"wordCount\":221,\"commentCount\":0,\"image\":{\"@id\":\"https:\\\/\\\/dmcsrb.com\\\/politika\\\/milatovic-bokeljska-mornarica-korak-blize-posebnom-zakonu\\\/#primaryimage\"},\"thumbnailUrl\":\"https:\\\/\\\/dmcsrb.com\\\/wp-content\\\/uploads\\\/2026\\\/01\\\/jakov-1_499x900.webp\",\"keywords\":[\"Bokeljska mornarica\",\"Jakov Milatovi\u0107\"],\"articleSection\":[\"Politika\"],\"inLanguage\":\"en-GB\",\"potentialAction\":[{\"@type\":\"CommentAction\",\"name\":\"Comment\",\"target\":[\"https:\\\/\\\/dmcsrb.com\\\/politika\\\/milatovic-bokeljska-mornarica-korak-blize-posebnom-zakonu\\\/#respond\"]}]},{\"@type\":\"WebPage\",\"@id\":\"https:\\\/\\\/dmcsrb.com\\\/politika\\\/milatovic-bokeljska-mornarica-korak-blize-posebnom-zakonu\\\/\",\"url\":\"https:\\\/\\\/dmcsrb.com\\\/politika\\\/milatovic-bokeljska-mornarica-korak-blize-posebnom-zakonu\\\/\",\"name\":\"Milatovi\u0107: Bokeljska mornarica korak bli\u017ee posebnom zakonu - dmcsrb.com\",\"isPartOf\":{\"@id\":\"https:\\\/\\\/dmcsrb.com\\\/#website\"},\"primaryImageOfPage\":{\"@id\":\"https:\\\/\\\/dmcsrb.com\\\/politika\\\/milatovic-bokeljska-mornarica-korak-blize-posebnom-zakonu\\\/#primaryimage\"},\"image\":{\"@id\":\"https:\\\/\\\/dmcsrb.com\\\/politika\\\/milatovic-bokeljska-mornarica-korak-blize-posebnom-zakonu\\\/#primaryimage\"},\"thumbnailUrl\":\"https:\\\/\\\/dmcsrb.com\\\/wp-content\\\/uploads\\\/2026\\\/01\\\/jakov-1_499x900.webp\",\"datePublished\":\"2025-08-03T08:00:00+00:00\",\"author\":{\"@id\":\"https:\\\/\\\/dmcsrb.com\\\/#\\\/schema\\\/person\\\/5c39170f12db1b8b457732d0b5c854e2\"},\"breadcrumb\":{\"@id\":\"https:\\\/\\\/dmcsrb.com\\\/politika\\\/milatovic-bokeljska-mornarica-korak-blize-posebnom-zakonu\\\/#breadcrumb\"},\"inLanguage\":\"en-GB\",\"potentialAction\":[{\"@type\":\"ReadAction\",\"target\":[\"https:\\\/\\\/dmcsrb.com\\\/politika\\\/milatovic-bokeljska-mornarica-korak-blize-posebnom-zakonu\\\/\"]}]},{\"@type\":\"ImageObject\",\"inLanguage\":\"en-GB\",\"@id\":\"https:\\\/\\\/dmcsrb.com\\\/politika\\\/milatovic-bokeljska-mornarica-korak-blize-posebnom-zakonu\\\/#primaryimage\",\"url\":\"https:\\\/\\\/dmcsrb.com\\\/wp-content\\\/uploads\\\/2026\\\/01\\\/jakov-1_499x900.webp\",\"contentUrl\":\"https:\\\/\\\/dmcsrb.com\\\/wp-content\\\/uploads\\\/2026\\\/01\\\/jakov-1_499x900.webp\",\"width\":900,\"height\":499},{\"@type\":\"BreadcrumbList\",\"@id\":\"https:\\\/\\\/dmcsrb.com\\\/politika\\\/milatovic-bokeljska-mornarica-korak-blize-posebnom-zakonu\\\/#breadcrumb\",\"itemListElement\":[{\"@type\":\"ListItem\",\"position\":1,\"name\":\"Home\",\"item\":\"https:\\\/\\\/dmcsrb.com\\\/\"},{\"@type\":\"ListItem\",\"position\":2,\"name\":\"Milatovi\u0107: Bokeljska mornarica korak bli\u017ee posebnom zakonu\"}]},{\"@type\":\"WebSite\",\"@id\":\"https:\\\/\\\/dmcsrb.com\\\/#website\",\"url\":\"https:\\\/\\\/dmcsrb.com\\\/\",\"name\":\"dmcsrb.com\",\"description\":\"\",\"potentialAction\":[{\"@type\":\"SearchAction\",\"target\":{\"@type\":\"EntryPoint\",\"urlTemplate\":\"https:\\\/\\\/dmcsrb.com\\\/?s={search_term_string}\"},\"query-input\":{\"@type\":\"PropertyValueSpecification\",\"valueRequired\":true,\"valueName\":\"search_term_string\"}}],\"inLanguage\":\"en-GB\"},{\"@type\":\"Person\",\"@id\":\"https:\\\/\\\/dmcsrb.com\\\/#\\\/schema\\\/person\\\/5c39170f12db1b8b457732d0b5c854e2\",\"name\":\"dmcsrbija.com@gmail.com\",\"image\":{\"@type\":\"ImageObject\",\"inLanguage\":\"en-GB\",\"@id\":\"https:\\\/\\\/secure.gravatar.com\\\/avatar\\\/68592660ad6347fad0fb587f8d5d8f1a7b44961362f56e4f2cd524feb87e9069?s=96&d=mm&r=g\",\"url\":\"https:\\\/\\\/secure.gravatar.com\\\/avatar\\\/68592660ad6347fad0fb587f8d5d8f1a7b44961362f56e4f2cd524feb87e9069?s=96&d=mm&r=g\",\"contentUrl\":\"https:\\\/\\\/secure.gravatar.com\\\/avatar\\\/68592660ad6347fad0fb587f8d5d8f1a7b44961362f56e4f2cd524feb87e9069?s=96&d=mm&r=g\",\"caption\":\"dmcsrbija.com@gmail.com\"},\"sameAs\":[\"https:\\\/\\\/dmcsrb.com\"],\"url\":\"https:\\\/\\\/dmcsrb.com\\\/en\\\/author\\\/dmcsrbija-comgmail-com\\\/\"}]}<\/script>\n<!-- \/ Yoast SEO plugin. -->","yoast_head_json":{"title":"Milatovi\u0107: Bokeljska mornarica korak bli\u017ee posebnom zakonu - dmcsrb.com","robots":{"index":"index","follow":"follow","max-snippet":"max-snippet:-1","max-image-preview":"max-image-preview:large","max-video-preview":"max-video-preview:-1"},"canonical":"https:\/\/dmcsrb.com\/en\/politika\/milatovic-bokeljska-mornarica-korak-blize-posebnom-zakonu\/","og_locale":"en_GB","og_type":"article","og_title":"Milatovi\u0107: Bokeljska mornarica korak bli\u017ee posebnom zakonu - dmcsrb.com","og_description":"Predsjednik Crne Gore Jakov Milatovi\u0107 donio je Ukaz o progla\u0161enju Zakona o dopuni Zakona o za\u0161titi kulturnih dobara, \u010dime je otvoren put za dono\u0161enje posebnog zakona o Bokeljskoj mornarici \u2013 jedinom crnogorskom predstavniku na UNESCO-voj Reprezentativnoj listi nematerijalne kulturne ba\u0161tine \u010dovje\u010danstva.","og_url":"https:\/\/dmcsrb.com\/en\/politika\/milatovic-bokeljska-mornarica-korak-blize-posebnom-zakonu\/","og_site_name":"dmcsrb.com","article_published_time":"2025-08-03T08:00:00+00:00","og_image":[{"width":900,"height":499,"url":"https:\/\/dmcsrb.com\/wp-content\/uploads\/2026\/01\/jakov-1_499x900.webp","type":"image\/jpeg"}],"author":"dmcsrbija.com@gmail.com","twitter_card":"summary_large_image","twitter_misc":{"Written by":"dmcsrbija.com@gmail.com","Estimated reading time":"1 minute"},"schema":{"@context":"https:\/\/schema.org","@graph":[{"@type":"Article","@id":"https:\/\/dmcsrb.com\/politika\/milatovic-bokeljska-mornarica-korak-blize-posebnom-zakonu\/#article","isPartOf":{"@id":"https:\/\/dmcsrb.com\/politika\/milatovic-bokeljska-mornarica-korak-blize-posebnom-zakonu\/"},"author":{"name":"dmcsrbija.com@gmail.com","@id":"https:\/\/dmcsrb.com\/#\/schema\/person\/5c39170f12db1b8b457732d0b5c854e2"},"headline":"Milatovi\u0107: Bokeljska mornarica korak bli\u017ee posebnom zakonu","datePublished":"2025-08-03T08:00:00+00:00","mainEntityOfPage":{"@id":"https:\/\/dmcsrb.com\/politika\/milatovic-bokeljska-mornarica-korak-blize-posebnom-zakonu\/"},"wordCount":221,"commentCount":0,"image":{"@id":"https:\/\/dmcsrb.com\/politika\/milatovic-bokeljska-mornarica-korak-blize-posebnom-zakonu\/#primaryimage"},"thumbnailUrl":"https:\/\/dmcsrb.com\/wp-content\/uploads\/2026\/01\/jakov-1_499x900.webp","keywords":["Bokeljska mornarica","Jakov Milatovi\u0107"],"articleSection":["Politika"],"inLanguage":"en-GB","potentialAction":[{"@type":"CommentAction","name":"Comment","target":["https:\/\/dmcsrb.com\/politika\/milatovic-bokeljska-mornarica-korak-blize-posebnom-zakonu\/#respond"]}]},{"@type":"WebPage","@id":"https:\/\/dmcsrb.com\/politika\/milatovic-bokeljska-mornarica-korak-blize-posebnom-zakonu\/","url":"https:\/\/dmcsrb.com\/politika\/milatovic-bokeljska-mornarica-korak-blize-posebnom-zakonu\/","name":"Milatovi\u0107: Bokeljska mornarica korak bli\u017ee posebnom zakonu - dmcsrb.com","isPartOf":{"@id":"https:\/\/dmcsrb.com\/#website"},"primaryImageOfPage":{"@id":"https:\/\/dmcsrb.com\/politika\/milatovic-bokeljska-mornarica-korak-blize-posebnom-zakonu\/#primaryimage"},"image":{"@id":"https:\/\/dmcsrb.com\/politika\/milatovic-bokeljska-mornarica-korak-blize-posebnom-zakonu\/#primaryimage"},"thumbnailUrl":"https:\/\/dmcsrb.com\/wp-content\/uploads\/2026\/01\/jakov-1_499x900.webp","datePublished":"2025-08-03T08:00:00+00:00","author":{"@id":"https:\/\/dmcsrb.com\/#\/schema\/person\/5c39170f12db1b8b457732d0b5c854e2"},"breadcrumb":{"@id":"https:\/\/dmcsrb.com\/politika\/milatovic-bokeljska-mornarica-korak-blize-posebnom-zakonu\/#breadcrumb"},"inLanguage":"en-GB","potentialAction":[{"@type":"ReadAction","target":["https:\/\/dmcsrb.com\/politika\/milatovic-bokeljska-mornarica-korak-blize-posebnom-zakonu\/"]}]},{"@type":"ImageObject","inLanguage":"en-GB","@id":"https:\/\/dmcsrb.com\/politika\/milatovic-bokeljska-mornarica-korak-blize-posebnom-zakonu\/#primaryimage","url":"https:\/\/dmcsrb.com\/wp-content\/uploads\/2026\/01\/jakov-1_499x900.webp","contentUrl":"https:\/\/dmcsrb.com\/wp-content\/uploads\/2026\/01\/jakov-1_499x900.webp","width":900,"height":499},{"@type":"BreadcrumbList","@id":"https:\/\/dmcsrb.com\/politika\/milatovic-bokeljska-mornarica-korak-blize-posebnom-zakonu\/#breadcrumb","itemListElement":[{"@type":"ListItem","position":1,"name":"Home","item":"https:\/\/dmcsrb.com\/"},{"@type":"ListItem","position":2,"name":"Milatovi\u0107: Bokeljska mornarica korak bli\u017ee posebnom zakonu"}]},{"@type":"WebSite","@id":"https:\/\/dmcsrb.com\/#website","url":"https:\/\/dmcsrb.com\/","name":"dmcsrb.com","description":"","potentialAction":[{"@type":"SearchAction","target":{"@type":"EntryPoint","urlTemplate":"https:\/\/dmcsrb.com\/?s={search_term_string}"},"query-input":{"@type":"PropertyValueSpecification","valueRequired":true,"valueName":"search_term_string"}}],"inLanguage":"en-GB"},{"@type":"Person","@id":"https:\/\/dmcsrb.com\/#\/schema\/person\/5c39170f12db1b8b457732d0b5c854e2","name":"dmcsrbija.com@gmail.com","image":{"@type":"ImageObject","inLanguage":"en-GB","@id":"https:\/\/secure.gravatar.com\/avatar\/68592660ad6347fad0fb587f8d5d8f1a7b44961362f56e4f2cd524feb87e9069?s=96&d=mm&r=g","url":"https:\/\/secure.gravatar.com\/avatar\/68592660ad6347fad0fb587f8d5d8f1a7b44961362f56e4f2cd524feb87e9069?s=96&d=mm&r=g","contentUrl":"https:\/\/secure.gravatar.com\/avatar\/68592660ad6347fad0fb587f8d5d8f1a7b44961362f56e4f2cd524feb87e9069?s=96&d=mm&r=g","caption":"dmcsrbija.com@gmail.com"},"sameAs":["https:\/\/dmcsrb.com"],"url":"https:\/\/dmcsrb.com\/en\/author\/dmcsrbija-comgmail-com\/"}]}},"_links":{"self":[{"href":"https:\/\/dmcsrb.com\/en\/wp-json\/wp\/v2\/posts\/943999","targetHints":{"allow":["GET"]}}],"collection":[{"href":"https:\/\/dmcsrb.com\/en\/wp-json\/wp\/v2\/posts"}],"about":[{"href":"https:\/\/dmcsrb.com\/en\/wp-json\/wp\/v2\/types\/post"}],"author":[{"embeddable":true,"href":"https:\/\/dmcsrb.com\/en\/wp-json\/wp\/v2\/users\/1"}],"replies":[{"embeddable":true,"href":"https:\/\/dmcsrb.com\/en\/wp-json\/wp\/v2\/comments?post=943999"}],"version-history":[{"count":0,"href":"https:\/\/dmcsrb.com\/en\/wp-json\/wp\/v2\/posts\/943999\/revisions"}],"wp:featuredmedia":[{"embeddable":true,"href":"https:\/\/dmcsrb.com\/en\/wp-json\/wp\/v2\/media\/944000"}],"wp:attachment":[{"href":"https:\/\/dmcsrb.com\/en\/wp-json\/wp\/v2\/media?parent=943999"}],"wp:term":[{"taxonomy":"category","embeddable":true,"href":"https:\/\/dmcsrb.com\/en\/wp-json\/wp\/v2\/categories?post=943999"},{"taxonomy":"post_tag","embeddable":true,"href":"https:\/\/dmcsrb.com\/en\/wp-json\/wp\/v2\/tags?post=943999"},{"taxonomy":"naslovna","embeddable":true,"href":"https:\/\/dmcsrb.com\/en\/wp-json\/wp\/v2\/naslovna?post=943999"}],"curies":[{"name":"wp","href":"https:\/\/api.w.org\/{rel}","templated":true}]}}