{"id":943988,"date":"2025-08-03T08:24:00","date_gmt":"2025-08-03T06:24:00","guid":{"rendered":"https:\/\/dmcsrb.com\/uncategorized\/orban-ne-priznajemo-presudu-dodiku-madjarska-mora-da-stvori-istorijski-savez-sa-srbima\/"},"modified":"2025-08-03T08:24:00","modified_gmt":"2025-08-03T06:24:00","slug":"orban-ne-priznajemo-presudu-dodiku-madjarska-mora-da-stvori-istorijski-savez-sa-srbima","status":"publish","type":"post","link":"https:\/\/dmcsrb.com\/en\/region\/orban-ne-priznajemo-presudu-dodiku-madjarska-mora-da-stvori-istorijski-savez-sa-srbima\/","title":{"rendered":"Orban: Ne priznajemo presudu Dodiku, Ma\u0111arska mora da stvori istorijski savez sa Srbima"},"content":{"rendered":"<p>Dodik je osu\u0111en na godinu zatvora i \u0161est godina zabrane politi\u010dkog djelovanja zbog nepo\u0161tovanja odluka visokog predstavnika u Bosni i Hercegovini Kristijana \u0160mita.<\/p>\n\n\n\n<p>Kako prenosi N1.ba, Orban je ocijenio da je \u201eneprihvatljivo\u201c da \u201enamjesnik\u201c kojeg je imenovala Evropska unija smjenjuje i sudi predsjedniku kojeg su izabrali Srbi, prenosi agencija MTI.<\/p>\n\n\n\n<p>Ma\u0111arski premijer naglasio je da presuda nije donesena zbog korupcije, ve\u0107 zbog toga \u0161to Dodik nije sproveo odre\u0111ene odluke koje su stigle iz Evropske unije.<\/p>\n\n\n\n<p>\u201cPredsjednik Dodik ostaje izabrani lider Srba koji \u017eive u BiH i mi \u0107emo na\u0161u politiku oblikovati u skladu s tim\u201d, poru\u010dio je Orban.<\/p>\n\n\n\n<p>On je dodao da Ma\u0111arska mora da stvori istorijski savez sa Srbima.<\/p>\n\n\n\n<p>\u201cAko Ma\u0111arska \u017eeli da ostane sna\u017ena, to ne mo\u017ee posti\u0107i bez saveza sa Srbima. A i Srbima je, tako\u0111e, potrebna saradnja sa Ma\u0111arskom\u201d, poru\u010dio je Orban, prenosi RTRS.<\/p>","protected":false},"excerpt":{"rendered":"<p>Premijer Ma\u0111arske Viktor Orban izjavio je da Ma\u0111arska ne\u0107e priznati presudu protiv Milorada Dodika, predsjednika entiteta Republika Srpska.<\/p>","protected":false},"author":1,"featured_media":943989,"comment_status":"open","ping_status":"open","sticky":false,"template":"","format":"standard","meta":{"_acf_changed":false,"footnotes":""},"categories":[103],"tags":[6776,2946],"naslovna":[],"class_list":["post-943988","post","type-post","status-publish","format-standard","has-post-thumbnail","hentry","category-region","tag-dodik","tag-orban"],"acf":[],"yoast_head":"<!-- This site is optimized with the Yoast SEO plugin v27.4 - https:\/\/yoast.com\/product\/yoast-seo-wordpress\/ -->\n<title>Orban: Ne priznajemo presudu Dodiku, Ma\u0111arska mora da stvori istorijski savez sa Srbima - dmcsrb.com<\/title>\n<meta name=\"robots\" content=\"index, follow, max-snippet:-1, max-image-preview:large, max-video-preview:-1\" \/>\n<link rel=\"canonical\" href=\"https:\/\/dmcsrb.com\/en\/region\/orban-ne-priznajemo-presudu-dodiku-madjarska-mora-da-stvori-istorijski-savez-sa-srbima\/\" \/>\n<meta property=\"og:locale\" content=\"en_GB\" \/>\n<meta property=\"og:type\" content=\"article\" \/>\n<meta property=\"og:title\" content=\"Orban: Ne priznajemo presudu Dodiku, Ma\u0111arska mora da stvori istorijski savez sa Srbima - dmcsrb.com\" \/>\n<meta property=\"og:description\" content=\"Premijer Ma\u0111arske Viktor Orban izjavio je da Ma\u0111arska ne\u0107e priznati presudu protiv Milorada Dodika, predsjednika entiteta Republika Srpska.\" \/>\n<meta property=\"og:url\" content=\"https:\/\/dmcsrb.com\/en\/region\/orban-ne-priznajemo-presudu-dodiku-madjarska-mora-da-stvori-istorijski-savez-sa-srbima\/\" \/>\n<meta property=\"og:site_name\" content=\"dmcsrb.com\" \/>\n<meta property=\"article:published_time\" content=\"2025-08-03T06:24:00+00:00\" \/>\n<meta property=\"og:image\" content=\"https:\/\/dmcsrb.com\/wp-content\/uploads\/2026\/01\/1649176045-dodik-i-orban-750x422-1.webp\" \/>\n\t<meta property=\"og:image:width\" content=\"750\" \/>\n\t<meta property=\"og:image:height\" content=\"422\" \/>\n\t<meta property=\"og:image:type\" content=\"image\/jpeg\" \/>\n<meta name=\"author\" content=\"dmcsrbija.com@gmail.com\" \/>\n<meta name=\"twitter:card\" content=\"summary_large_image\" \/>\n<meta name=\"twitter:label1\" content=\"Written by\" \/>\n\t<meta name=\"twitter:data1\" content=\"dmcsrbija.com@gmail.com\" \/>\n\t<meta name=\"twitter:label2\" content=\"Estimated reading time\" \/>\n\t<meta name=\"twitter:data2\" content=\"1 minute\" \/>\n<script type=\"application\/ld+json\" class=\"yoast-schema-graph\">{\"@context\":\"https:\\\/\\\/schema.org\",\"@graph\":[{\"@type\":\"Article\",\"@id\":\"https:\\\/\\\/dmcsrb.com\\\/region\\\/orban-ne-priznajemo-presudu-dodiku-madjarska-mora-da-stvori-istorijski-savez-sa-srbima\\\/#article\",\"isPartOf\":{\"@id\":\"https:\\\/\\\/dmcsrb.com\\\/region\\\/orban-ne-priznajemo-presudu-dodiku-madjarska-mora-da-stvori-istorijski-savez-sa-srbima\\\/\"},\"author\":{\"name\":\"dmcsrbija.com@gmail.com\",\"@id\":\"https:\\\/\\\/dmcsrb.com\\\/#\\\/schema\\\/person\\\/5c39170f12db1b8b457732d0b5c854e2\"},\"headline\":\"Orban: Ne priznajemo presudu Dodiku, Ma\u0111arska mora da stvori istorijski savez sa Srbima\",\"datePublished\":\"2025-08-03T06:24:00+00:00\",\"mainEntityOfPage\":{\"@id\":\"https:\\\/\\\/dmcsrb.com\\\/region\\\/orban-ne-priznajemo-presudu-dodiku-madjarska-mora-da-stvori-istorijski-savez-sa-srbima\\\/\"},\"wordCount\":168,\"commentCount\":0,\"image\":{\"@id\":\"https:\\\/\\\/dmcsrb.com\\\/region\\\/orban-ne-priznajemo-presudu-dodiku-madjarska-mora-da-stvori-istorijski-savez-sa-srbima\\\/#primaryimage\"},\"thumbnailUrl\":\"https:\\\/\\\/dmcsrb.com\\\/wp-content\\\/uploads\\\/2026\\\/01\\\/1649176045-dodik-i-orban-750x422-1.webp\",\"keywords\":[\"Dodik\",\"orban\"],\"articleSection\":[\"Region\"],\"inLanguage\":\"en-GB\",\"potentialAction\":[{\"@type\":\"CommentAction\",\"name\":\"Comment\",\"target\":[\"https:\\\/\\\/dmcsrb.com\\\/region\\\/orban-ne-priznajemo-presudu-dodiku-madjarska-mora-da-stvori-istorijski-savez-sa-srbima\\\/#respond\"]}]},{\"@type\":\"WebPage\",\"@id\":\"https:\\\/\\\/dmcsrb.com\\\/region\\\/orban-ne-priznajemo-presudu-dodiku-madjarska-mora-da-stvori-istorijski-savez-sa-srbima\\\/\",\"url\":\"https:\\\/\\\/dmcsrb.com\\\/region\\\/orban-ne-priznajemo-presudu-dodiku-madjarska-mora-da-stvori-istorijski-savez-sa-srbima\\\/\",\"name\":\"Orban: Ne priznajemo presudu Dodiku, Ma\u0111arska mora da stvori istorijski savez sa Srbima - dmcsrb.com\",\"isPartOf\":{\"@id\":\"https:\\\/\\\/dmcsrb.com\\\/#website\"},\"primaryImageOfPage\":{\"@id\":\"https:\\\/\\\/dmcsrb.com\\\/region\\\/orban-ne-priznajemo-presudu-dodiku-madjarska-mora-da-stvori-istorijski-savez-sa-srbima\\\/#primaryimage\"},\"image\":{\"@id\":\"https:\\\/\\\/dmcsrb.com\\\/region\\\/orban-ne-priznajemo-presudu-dodiku-madjarska-mora-da-stvori-istorijski-savez-sa-srbima\\\/#primaryimage\"},\"thumbnailUrl\":\"https:\\\/\\\/dmcsrb.com\\\/wp-content\\\/uploads\\\/2026\\\/01\\\/1649176045-dodik-i-orban-750x422-1.webp\",\"datePublished\":\"2025-08-03T06:24:00+00:00\",\"author\":{\"@id\":\"https:\\\/\\\/dmcsrb.com\\\/#\\\/schema\\\/person\\\/5c39170f12db1b8b457732d0b5c854e2\"},\"breadcrumb\":{\"@id\":\"https:\\\/\\\/dmcsrb.com\\\/region\\\/orban-ne-priznajemo-presudu-dodiku-madjarska-mora-da-stvori-istorijski-savez-sa-srbima\\\/#breadcrumb\"},\"inLanguage\":\"en-GB\",\"potentialAction\":[{\"@type\":\"ReadAction\",\"target\":[\"https:\\\/\\\/dmcsrb.com\\\/region\\\/orban-ne-priznajemo-presudu-dodiku-madjarska-mora-da-stvori-istorijski-savez-sa-srbima\\\/\"]}]},{\"@type\":\"ImageObject\",\"inLanguage\":\"en-GB\",\"@id\":\"https:\\\/\\\/dmcsrb.com\\\/region\\\/orban-ne-priznajemo-presudu-dodiku-madjarska-mora-da-stvori-istorijski-savez-sa-srbima\\\/#primaryimage\",\"url\":\"https:\\\/\\\/dmcsrb.com\\\/wp-content\\\/uploads\\\/2026\\\/01\\\/1649176045-dodik-i-orban-750x422-1.webp\",\"contentUrl\":\"https:\\\/\\\/dmcsrb.com\\\/wp-content\\\/uploads\\\/2026\\\/01\\\/1649176045-dodik-i-orban-750x422-1.webp\",\"width\":750,\"height\":422},{\"@type\":\"BreadcrumbList\",\"@id\":\"https:\\\/\\\/dmcsrb.com\\\/region\\\/orban-ne-priznajemo-presudu-dodiku-madjarska-mora-da-stvori-istorijski-savez-sa-srbima\\\/#breadcrumb\",\"itemListElement\":[{\"@type\":\"ListItem\",\"position\":1,\"name\":\"Home\",\"item\":\"https:\\\/\\\/dmcsrb.com\\\/\"},{\"@type\":\"ListItem\",\"position\":2,\"name\":\"Orban: Ne priznajemo presudu Dodiku, Ma\u0111arska mora da stvori istorijski savez sa Srbima\"}]},{\"@type\":\"WebSite\",\"@id\":\"https:\\\/\\\/dmcsrb.com\\\/#website\",\"url\":\"https:\\\/\\\/dmcsrb.com\\\/\",\"name\":\"dmcsrb.com\",\"description\":\"\",\"potentialAction\":[{\"@type\":\"SearchAction\",\"target\":{\"@type\":\"EntryPoint\",\"urlTemplate\":\"https:\\\/\\\/dmcsrb.com\\\/?s={search_term_string}\"},\"query-input\":{\"@type\":\"PropertyValueSpecification\",\"valueRequired\":true,\"valueName\":\"search_term_string\"}}],\"inLanguage\":\"en-GB\"},{\"@type\":\"Person\",\"@id\":\"https:\\\/\\\/dmcsrb.com\\\/#\\\/schema\\\/person\\\/5c39170f12db1b8b457732d0b5c854e2\",\"name\":\"dmcsrbija.com@gmail.com\",\"image\":{\"@type\":\"ImageObject\",\"inLanguage\":\"en-GB\",\"@id\":\"https:\\\/\\\/secure.gravatar.com\\\/avatar\\\/68592660ad6347fad0fb587f8d5d8f1a7b44961362f56e4f2cd524feb87e9069?s=96&d=mm&r=g\",\"url\":\"https:\\\/\\\/secure.gravatar.com\\\/avatar\\\/68592660ad6347fad0fb587f8d5d8f1a7b44961362f56e4f2cd524feb87e9069?s=96&d=mm&r=g\",\"contentUrl\":\"https:\\\/\\\/secure.gravatar.com\\\/avatar\\\/68592660ad6347fad0fb587f8d5d8f1a7b44961362f56e4f2cd524feb87e9069?s=96&d=mm&r=g\",\"caption\":\"dmcsrbija.com@gmail.com\"},\"sameAs\":[\"https:\\\/\\\/dmcsrb.com\"],\"url\":\"https:\\\/\\\/dmcsrb.com\\\/en\\\/author\\\/dmcsrbija-comgmail-com\\\/\"}]}<\/script>\n<!-- \/ Yoast SEO plugin. -->","yoast_head_json":{"title":"Orban: Ne priznajemo presudu Dodiku, Ma\u0111arska mora da stvori istorijski savez sa Srbima - dmcsrb.com","robots":{"index":"index","follow":"follow","max-snippet":"max-snippet:-1","max-image-preview":"max-image-preview:large","max-video-preview":"max-video-preview:-1"},"canonical":"https:\/\/dmcsrb.com\/en\/region\/orban-ne-priznajemo-presudu-dodiku-madjarska-mora-da-stvori-istorijski-savez-sa-srbima\/","og_locale":"en_GB","og_type":"article","og_title":"Orban: Ne priznajemo presudu Dodiku, Ma\u0111arska mora da stvori istorijski savez sa Srbima - dmcsrb.com","og_description":"Premijer Ma\u0111arske Viktor Orban izjavio je da Ma\u0111arska ne\u0107e priznati presudu protiv Milorada Dodika, predsjednika entiteta Republika Srpska.","og_url":"https:\/\/dmcsrb.com\/en\/region\/orban-ne-priznajemo-presudu-dodiku-madjarska-mora-da-stvori-istorijski-savez-sa-srbima\/","og_site_name":"dmcsrb.com","article_published_time":"2025-08-03T06:24:00+00:00","og_image":[{"width":750,"height":422,"url":"https:\/\/dmcsrb.com\/wp-content\/uploads\/2026\/01\/1649176045-dodik-i-orban-750x422-1.webp","type":"image\/jpeg"}],"author":"dmcsrbija.com@gmail.com","twitter_card":"summary_large_image","twitter_misc":{"Written by":"dmcsrbija.com@gmail.com","Estimated reading time":"1 minute"},"schema":{"@context":"https:\/\/schema.org","@graph":[{"@type":"Article","@id":"https:\/\/dmcsrb.com\/region\/orban-ne-priznajemo-presudu-dodiku-madjarska-mora-da-stvori-istorijski-savez-sa-srbima\/#article","isPartOf":{"@id":"https:\/\/dmcsrb.com\/region\/orban-ne-priznajemo-presudu-dodiku-madjarska-mora-da-stvori-istorijski-savez-sa-srbima\/"},"author":{"name":"dmcsrbija.com@gmail.com","@id":"https:\/\/dmcsrb.com\/#\/schema\/person\/5c39170f12db1b8b457732d0b5c854e2"},"headline":"Orban: Ne priznajemo presudu Dodiku, Ma\u0111arska mora da stvori istorijski savez sa Srbima","datePublished":"2025-08-03T06:24:00+00:00","mainEntityOfPage":{"@id":"https:\/\/dmcsrb.com\/region\/orban-ne-priznajemo-presudu-dodiku-madjarska-mora-da-stvori-istorijski-savez-sa-srbima\/"},"wordCount":168,"commentCount":0,"image":{"@id":"https:\/\/dmcsrb.com\/region\/orban-ne-priznajemo-presudu-dodiku-madjarska-mora-da-stvori-istorijski-savez-sa-srbima\/#primaryimage"},"thumbnailUrl":"https:\/\/dmcsrb.com\/wp-content\/uploads\/2026\/01\/1649176045-dodik-i-orban-750x422-1.webp","keywords":["Dodik","orban"],"articleSection":["Region"],"inLanguage":"en-GB","potentialAction":[{"@type":"CommentAction","name":"Comment","target":["https:\/\/dmcsrb.com\/region\/orban-ne-priznajemo-presudu-dodiku-madjarska-mora-da-stvori-istorijski-savez-sa-srbima\/#respond"]}]},{"@type":"WebPage","@id":"https:\/\/dmcsrb.com\/region\/orban-ne-priznajemo-presudu-dodiku-madjarska-mora-da-stvori-istorijski-savez-sa-srbima\/","url":"https:\/\/dmcsrb.com\/region\/orban-ne-priznajemo-presudu-dodiku-madjarska-mora-da-stvori-istorijski-savez-sa-srbima\/","name":"Orban: Ne priznajemo presudu Dodiku, Ma\u0111arska mora da stvori istorijski savez sa Srbima - dmcsrb.com","isPartOf":{"@id":"https:\/\/dmcsrb.com\/#website"},"primaryImageOfPage":{"@id":"https:\/\/dmcsrb.com\/region\/orban-ne-priznajemo-presudu-dodiku-madjarska-mora-da-stvori-istorijski-savez-sa-srbima\/#primaryimage"},"image":{"@id":"https:\/\/dmcsrb.com\/region\/orban-ne-priznajemo-presudu-dodiku-madjarska-mora-da-stvori-istorijski-savez-sa-srbima\/#primaryimage"},"thumbnailUrl":"https:\/\/dmcsrb.com\/wp-content\/uploads\/2026\/01\/1649176045-dodik-i-orban-750x422-1.webp","datePublished":"2025-08-03T06:24:00+00:00","author":{"@id":"https:\/\/dmcsrb.com\/#\/schema\/person\/5c39170f12db1b8b457732d0b5c854e2"},"breadcrumb":{"@id":"https:\/\/dmcsrb.com\/region\/orban-ne-priznajemo-presudu-dodiku-madjarska-mora-da-stvori-istorijski-savez-sa-srbima\/#breadcrumb"},"inLanguage":"en-GB","potentialAction":[{"@type":"ReadAction","target":["https:\/\/dmcsrb.com\/region\/orban-ne-priznajemo-presudu-dodiku-madjarska-mora-da-stvori-istorijski-savez-sa-srbima\/"]}]},{"@type":"ImageObject","inLanguage":"en-GB","@id":"https:\/\/dmcsrb.com\/region\/orban-ne-priznajemo-presudu-dodiku-madjarska-mora-da-stvori-istorijski-savez-sa-srbima\/#primaryimage","url":"https:\/\/dmcsrb.com\/wp-content\/uploads\/2026\/01\/1649176045-dodik-i-orban-750x422-1.webp","contentUrl":"https:\/\/dmcsrb.com\/wp-content\/uploads\/2026\/01\/1649176045-dodik-i-orban-750x422-1.webp","width":750,"height":422},{"@type":"BreadcrumbList","@id":"https:\/\/dmcsrb.com\/region\/orban-ne-priznajemo-presudu-dodiku-madjarska-mora-da-stvori-istorijski-savez-sa-srbima\/#breadcrumb","itemListElement":[{"@type":"ListItem","position":1,"name":"Home","item":"https:\/\/dmcsrb.com\/"},{"@type":"ListItem","position":2,"name":"Orban: Ne priznajemo presudu Dodiku, Ma\u0111arska mora da stvori istorijski savez sa Srbima"}]},{"@type":"WebSite","@id":"https:\/\/dmcsrb.com\/#website","url":"https:\/\/dmcsrb.com\/","name":"dmcsrb.com","description":"","potentialAction":[{"@type":"SearchAction","target":{"@type":"EntryPoint","urlTemplate":"https:\/\/dmcsrb.com\/?s={search_term_string}"},"query-input":{"@type":"PropertyValueSpecification","valueRequired":true,"valueName":"search_term_string"}}],"inLanguage":"en-GB"},{"@type":"Person","@id":"https:\/\/dmcsrb.com\/#\/schema\/person\/5c39170f12db1b8b457732d0b5c854e2","name":"dmcsrbija.com@gmail.com","image":{"@type":"ImageObject","inLanguage":"en-GB","@id":"https:\/\/secure.gravatar.com\/avatar\/68592660ad6347fad0fb587f8d5d8f1a7b44961362f56e4f2cd524feb87e9069?s=96&d=mm&r=g","url":"https:\/\/secure.gravatar.com\/avatar\/68592660ad6347fad0fb587f8d5d8f1a7b44961362f56e4f2cd524feb87e9069?s=96&d=mm&r=g","contentUrl":"https:\/\/secure.gravatar.com\/avatar\/68592660ad6347fad0fb587f8d5d8f1a7b44961362f56e4f2cd524feb87e9069?s=96&d=mm&r=g","caption":"dmcsrbija.com@gmail.com"},"sameAs":["https:\/\/dmcsrb.com"],"url":"https:\/\/dmcsrb.com\/en\/author\/dmcsrbija-comgmail-com\/"}]}},"_links":{"self":[{"href":"https:\/\/dmcsrb.com\/en\/wp-json\/wp\/v2\/posts\/943988","targetHints":{"allow":["GET"]}}],"collection":[{"href":"https:\/\/dmcsrb.com\/en\/wp-json\/wp\/v2\/posts"}],"about":[{"href":"https:\/\/dmcsrb.com\/en\/wp-json\/wp\/v2\/types\/post"}],"author":[{"embeddable":true,"href":"https:\/\/dmcsrb.com\/en\/wp-json\/wp\/v2\/users\/1"}],"replies":[{"embeddable":true,"href":"https:\/\/dmcsrb.com\/en\/wp-json\/wp\/v2\/comments?post=943988"}],"version-history":[{"count":0,"href":"https:\/\/dmcsrb.com\/en\/wp-json\/wp\/v2\/posts\/943988\/revisions"}],"wp:featuredmedia":[{"embeddable":true,"href":"https:\/\/dmcsrb.com\/en\/wp-json\/wp\/v2\/media\/943989"}],"wp:attachment":[{"href":"https:\/\/dmcsrb.com\/en\/wp-json\/wp\/v2\/media?parent=943988"}],"wp:term":[{"taxonomy":"category","embeddable":true,"href":"https:\/\/dmcsrb.com\/en\/wp-json\/wp\/v2\/categories?post=943988"},{"taxonomy":"post_tag","embeddable":true,"href":"https:\/\/dmcsrb.com\/en\/wp-json\/wp\/v2\/tags?post=943988"},{"taxonomy":"naslovna","embeddable":true,"href":"https:\/\/dmcsrb.com\/en\/wp-json\/wp\/v2\/naslovna?post=943988"}],"curies":[{"name":"wp","href":"https:\/\/api.w.org\/{rel}","templated":true}]}}