{"id":943948,"date":"2025-08-02T20:25:00","date_gmt":"2025-08-02T18:25:00","guid":{"rendered":"https:\/\/dmcsrb.com\/uncategorized\/u-sloveniji-padao-grad-velicine-jajeta\/"},"modified":"2025-08-02T20:25:00","modified_gmt":"2025-08-02T18:25:00","slug":"u-sloveniji-padao-grad-velicine-jajeta","status":"publish","type":"post","link":"https:\/\/dmcsrb.com\/en\/region\/u-sloveniji-padao-grad-velicine-jajeta\/","title":{"rendered":"U Sloveniji padao grad veli\u010dine jajeta"},"content":{"rendered":"<p><\/p>\n\n\n\n<p>Manji grad pao je prvo u Kopru i Ankaranu, prenose slovena\u010dki mediji.<\/p>\n\n\n\n<p>Oko 15.00 \u010dasova kod meteorolo\u0161ke stanice Vol\u010de kod Tolmina palo je oko 24 litra ki\u0161e po metru kvadratnom, a u Tatrama za pola sata 20 litara.<\/p>\n\n\n\n<p>Do kraja dana, prema prognozi meteorologa, o\u010dekuje se da \u0107e oluja zahvatiti i druge krajeve Slovenije.<\/p>\n\n\n\n<p>\u0408a\u010da oluja se, kako se navodi, razvila iznad Italije i sjevernog \u0408adrana ne\u0161to poslije 01.20 satI, a zatim se kretala ka istoku i sjeveroistoku, prenosi &#8220;<a href=\"https:\/\/lat.rtrs.tv\/vijesti\/vijest.php?id=609312\" target=\"_blank\" rel=\"noreferrer noopener\">RTRS<\/a>&#8220;.<\/p>","protected":false},"excerpt":{"rendered":"<p>Olujno nevrijeme zahvatilo je slovena\u010dki region Savinje i sjeveroistok zemlje, gdje je padao grad veli\u010dine jajeta.<\/p>","protected":false},"author":1,"featured_media":943949,"comment_status":"open","ping_status":"open","sticky":false,"template":"","format":"standard","meta":{"_acf_changed":false,"footnotes":""},"categories":[103],"tags":[1287,191],"naslovna":[],"class_list":["post-943948","post","type-post","status-publish","format-standard","has-post-thumbnail","hentry","category-region","tag-grad","tag-slovenija"],"acf":[],"yoast_head":"<!-- This site is optimized with the Yoast SEO plugin v27.4 - https:\/\/yoast.com\/product\/yoast-seo-wordpress\/ -->\n<title>U Sloveniji padao grad veli\u010dine jajeta - dmcsrb.com<\/title>\n<meta name=\"robots\" content=\"index, follow, max-snippet:-1, max-image-preview:large, max-video-preview:-1\" \/>\n<link rel=\"canonical\" href=\"https:\/\/dmcsrb.com\/en\/region\/u-sloveniji-padao-grad-velicine-jajeta\/\" \/>\n<meta property=\"og:locale\" content=\"en_GB\" \/>\n<meta property=\"og:type\" content=\"article\" \/>\n<meta property=\"og:title\" content=\"U Sloveniji padao grad veli\u010dine jajeta - dmcsrb.com\" \/>\n<meta property=\"og:description\" content=\"Olujno nevrijeme zahvatilo je slovena\u010dki region Savinje i sjeveroistok zemlje, gdje je padao grad veli\u010dine jajeta.\" \/>\n<meta property=\"og:url\" content=\"https:\/\/dmcsrb.com\/en\/region\/u-sloveniji-padao-grad-velicine-jajeta\/\" \/>\n<meta property=\"og:site_name\" content=\"dmcsrb.com\" \/>\n<meta property=\"article:published_time\" content=\"2025-08-02T18:25:00+00:00\" \/>\n<meta property=\"og:image\" content=\"https:\/\/dmcsrb.com\/wp-content\/uploads\/2026\/01\/grad.webp\" \/>\n\t<meta property=\"og:image:width\" content=\"970\" \/>\n\t<meta property=\"og:image:height\" content=\"530\" \/>\n\t<meta property=\"og:image:type\" content=\"image\/webp\" \/>\n<meta name=\"author\" content=\"dmcsrbija.com@gmail.com\" \/>\n<meta name=\"twitter:card\" content=\"summary_large_image\" \/>\n<meta name=\"twitter:label1\" content=\"Written by\" \/>\n\t<meta name=\"twitter:data1\" content=\"dmcsrbija.com@gmail.com\" \/>\n<script type=\"application\/ld+json\" class=\"yoast-schema-graph\">{\"@context\":\"https:\\\/\\\/schema.org\",\"@graph\":[{\"@type\":\"Article\",\"@id\":\"https:\\\/\\\/dmcsrb.com\\\/region\\\/u-sloveniji-padao-grad-velicine-jajeta\\\/#article\",\"isPartOf\":{\"@id\":\"https:\\\/\\\/dmcsrb.com\\\/region\\\/u-sloveniji-padao-grad-velicine-jajeta\\\/\"},\"author\":{\"name\":\"dmcsrbija.com@gmail.com\",\"@id\":\"https:\\\/\\\/dmcsrb.com\\\/#\\\/schema\\\/person\\\/5c39170f12db1b8b457732d0b5c854e2\"},\"headline\":\"U Sloveniji padao grad veli\u010dine jajeta\",\"datePublished\":\"2025-08-02T18:25:00+00:00\",\"mainEntityOfPage\":{\"@id\":\"https:\\\/\\\/dmcsrb.com\\\/region\\\/u-sloveniji-padao-grad-velicine-jajeta\\\/\"},\"wordCount\":90,\"commentCount\":0,\"image\":{\"@id\":\"https:\\\/\\\/dmcsrb.com\\\/region\\\/u-sloveniji-padao-grad-velicine-jajeta\\\/#primaryimage\"},\"thumbnailUrl\":\"https:\\\/\\\/dmcsrb.com\\\/wp-content\\\/uploads\\\/2026\\\/01\\\/grad.webp\",\"keywords\":[\"Grad\",\"Slovenija\"],\"articleSection\":[\"Region\"],\"inLanguage\":\"en-GB\",\"potentialAction\":[{\"@type\":\"CommentAction\",\"name\":\"Comment\",\"target\":[\"https:\\\/\\\/dmcsrb.com\\\/region\\\/u-sloveniji-padao-grad-velicine-jajeta\\\/#respond\"]}]},{\"@type\":\"WebPage\",\"@id\":\"https:\\\/\\\/dmcsrb.com\\\/region\\\/u-sloveniji-padao-grad-velicine-jajeta\\\/\",\"url\":\"https:\\\/\\\/dmcsrb.com\\\/region\\\/u-sloveniji-padao-grad-velicine-jajeta\\\/\",\"name\":\"U Sloveniji padao grad veli\u010dine jajeta - dmcsrb.com\",\"isPartOf\":{\"@id\":\"https:\\\/\\\/dmcsrb.com\\\/#website\"},\"primaryImageOfPage\":{\"@id\":\"https:\\\/\\\/dmcsrb.com\\\/region\\\/u-sloveniji-padao-grad-velicine-jajeta\\\/#primaryimage\"},\"image\":{\"@id\":\"https:\\\/\\\/dmcsrb.com\\\/region\\\/u-sloveniji-padao-grad-velicine-jajeta\\\/#primaryimage\"},\"thumbnailUrl\":\"https:\\\/\\\/dmcsrb.com\\\/wp-content\\\/uploads\\\/2026\\\/01\\\/grad.webp\",\"datePublished\":\"2025-08-02T18:25:00+00:00\",\"author\":{\"@id\":\"https:\\\/\\\/dmcsrb.com\\\/#\\\/schema\\\/person\\\/5c39170f12db1b8b457732d0b5c854e2\"},\"breadcrumb\":{\"@id\":\"https:\\\/\\\/dmcsrb.com\\\/region\\\/u-sloveniji-padao-grad-velicine-jajeta\\\/#breadcrumb\"},\"inLanguage\":\"en-GB\",\"potentialAction\":[{\"@type\":\"ReadAction\",\"target\":[\"https:\\\/\\\/dmcsrb.com\\\/region\\\/u-sloveniji-padao-grad-velicine-jajeta\\\/\"]}]},{\"@type\":\"ImageObject\",\"inLanguage\":\"en-GB\",\"@id\":\"https:\\\/\\\/dmcsrb.com\\\/region\\\/u-sloveniji-padao-grad-velicine-jajeta\\\/#primaryimage\",\"url\":\"https:\\\/\\\/dmcsrb.com\\\/wp-content\\\/uploads\\\/2026\\\/01\\\/grad.webp\",\"contentUrl\":\"https:\\\/\\\/dmcsrb.com\\\/wp-content\\\/uploads\\\/2026\\\/01\\\/grad.webp\",\"width\":970,\"height\":530},{\"@type\":\"BreadcrumbList\",\"@id\":\"https:\\\/\\\/dmcsrb.com\\\/region\\\/u-sloveniji-padao-grad-velicine-jajeta\\\/#breadcrumb\",\"itemListElement\":[{\"@type\":\"ListItem\",\"position\":1,\"name\":\"Home\",\"item\":\"https:\\\/\\\/dmcsrb.com\\\/\"},{\"@type\":\"ListItem\",\"position\":2,\"name\":\"U Sloveniji padao grad veli\u010dine jajeta\"}]},{\"@type\":\"WebSite\",\"@id\":\"https:\\\/\\\/dmcsrb.com\\\/#website\",\"url\":\"https:\\\/\\\/dmcsrb.com\\\/\",\"name\":\"dmcsrb.com\",\"description\":\"\",\"potentialAction\":[{\"@type\":\"SearchAction\",\"target\":{\"@type\":\"EntryPoint\",\"urlTemplate\":\"https:\\\/\\\/dmcsrb.com\\\/?s={search_term_string}\"},\"query-input\":{\"@type\":\"PropertyValueSpecification\",\"valueRequired\":true,\"valueName\":\"search_term_string\"}}],\"inLanguage\":\"en-GB\"},{\"@type\":\"Person\",\"@id\":\"https:\\\/\\\/dmcsrb.com\\\/#\\\/schema\\\/person\\\/5c39170f12db1b8b457732d0b5c854e2\",\"name\":\"dmcsrbija.com@gmail.com\",\"image\":{\"@type\":\"ImageObject\",\"inLanguage\":\"en-GB\",\"@id\":\"https:\\\/\\\/secure.gravatar.com\\\/avatar\\\/68592660ad6347fad0fb587f8d5d8f1a7b44961362f56e4f2cd524feb87e9069?s=96&d=mm&r=g\",\"url\":\"https:\\\/\\\/secure.gravatar.com\\\/avatar\\\/68592660ad6347fad0fb587f8d5d8f1a7b44961362f56e4f2cd524feb87e9069?s=96&d=mm&r=g\",\"contentUrl\":\"https:\\\/\\\/secure.gravatar.com\\\/avatar\\\/68592660ad6347fad0fb587f8d5d8f1a7b44961362f56e4f2cd524feb87e9069?s=96&d=mm&r=g\",\"caption\":\"dmcsrbija.com@gmail.com\"},\"sameAs\":[\"https:\\\/\\\/dmcsrb.com\"],\"url\":\"https:\\\/\\\/dmcsrb.com\\\/en\\\/author\\\/dmcsrbija-comgmail-com\\\/\"}]}<\/script>\n<!-- \/ Yoast SEO plugin. -->","yoast_head_json":{"title":"U Sloveniji padao grad veli\u010dine jajeta - dmcsrb.com","robots":{"index":"index","follow":"follow","max-snippet":"max-snippet:-1","max-image-preview":"max-image-preview:large","max-video-preview":"max-video-preview:-1"},"canonical":"https:\/\/dmcsrb.com\/en\/region\/u-sloveniji-padao-grad-velicine-jajeta\/","og_locale":"en_GB","og_type":"article","og_title":"U Sloveniji padao grad veli\u010dine jajeta - dmcsrb.com","og_description":"Olujno nevrijeme zahvatilo je slovena\u010dki region Savinje i sjeveroistok zemlje, gdje je padao grad veli\u010dine jajeta.","og_url":"https:\/\/dmcsrb.com\/en\/region\/u-sloveniji-padao-grad-velicine-jajeta\/","og_site_name":"dmcsrb.com","article_published_time":"2025-08-02T18:25:00+00:00","og_image":[{"width":970,"height":530,"url":"https:\/\/dmcsrb.com\/wp-content\/uploads\/2026\/01\/grad.webp","type":"image\/webp"}],"author":"dmcsrbija.com@gmail.com","twitter_card":"summary_large_image","twitter_misc":{"Written by":"dmcsrbija.com@gmail.com"},"schema":{"@context":"https:\/\/schema.org","@graph":[{"@type":"Article","@id":"https:\/\/dmcsrb.com\/region\/u-sloveniji-padao-grad-velicine-jajeta\/#article","isPartOf":{"@id":"https:\/\/dmcsrb.com\/region\/u-sloveniji-padao-grad-velicine-jajeta\/"},"author":{"name":"dmcsrbija.com@gmail.com","@id":"https:\/\/dmcsrb.com\/#\/schema\/person\/5c39170f12db1b8b457732d0b5c854e2"},"headline":"U Sloveniji padao grad veli\u010dine jajeta","datePublished":"2025-08-02T18:25:00+00:00","mainEntityOfPage":{"@id":"https:\/\/dmcsrb.com\/region\/u-sloveniji-padao-grad-velicine-jajeta\/"},"wordCount":90,"commentCount":0,"image":{"@id":"https:\/\/dmcsrb.com\/region\/u-sloveniji-padao-grad-velicine-jajeta\/#primaryimage"},"thumbnailUrl":"https:\/\/dmcsrb.com\/wp-content\/uploads\/2026\/01\/grad.webp","keywords":["Grad","Slovenija"],"articleSection":["Region"],"inLanguage":"en-GB","potentialAction":[{"@type":"CommentAction","name":"Comment","target":["https:\/\/dmcsrb.com\/region\/u-sloveniji-padao-grad-velicine-jajeta\/#respond"]}]},{"@type":"WebPage","@id":"https:\/\/dmcsrb.com\/region\/u-sloveniji-padao-grad-velicine-jajeta\/","url":"https:\/\/dmcsrb.com\/region\/u-sloveniji-padao-grad-velicine-jajeta\/","name":"U Sloveniji padao grad veli\u010dine jajeta - dmcsrb.com","isPartOf":{"@id":"https:\/\/dmcsrb.com\/#website"},"primaryImageOfPage":{"@id":"https:\/\/dmcsrb.com\/region\/u-sloveniji-padao-grad-velicine-jajeta\/#primaryimage"},"image":{"@id":"https:\/\/dmcsrb.com\/region\/u-sloveniji-padao-grad-velicine-jajeta\/#primaryimage"},"thumbnailUrl":"https:\/\/dmcsrb.com\/wp-content\/uploads\/2026\/01\/grad.webp","datePublished":"2025-08-02T18:25:00+00:00","author":{"@id":"https:\/\/dmcsrb.com\/#\/schema\/person\/5c39170f12db1b8b457732d0b5c854e2"},"breadcrumb":{"@id":"https:\/\/dmcsrb.com\/region\/u-sloveniji-padao-grad-velicine-jajeta\/#breadcrumb"},"inLanguage":"en-GB","potentialAction":[{"@type":"ReadAction","target":["https:\/\/dmcsrb.com\/region\/u-sloveniji-padao-grad-velicine-jajeta\/"]}]},{"@type":"ImageObject","inLanguage":"en-GB","@id":"https:\/\/dmcsrb.com\/region\/u-sloveniji-padao-grad-velicine-jajeta\/#primaryimage","url":"https:\/\/dmcsrb.com\/wp-content\/uploads\/2026\/01\/grad.webp","contentUrl":"https:\/\/dmcsrb.com\/wp-content\/uploads\/2026\/01\/grad.webp","width":970,"height":530},{"@type":"BreadcrumbList","@id":"https:\/\/dmcsrb.com\/region\/u-sloveniji-padao-grad-velicine-jajeta\/#breadcrumb","itemListElement":[{"@type":"ListItem","position":1,"name":"Home","item":"https:\/\/dmcsrb.com\/"},{"@type":"ListItem","position":2,"name":"U Sloveniji padao grad veli\u010dine jajeta"}]},{"@type":"WebSite","@id":"https:\/\/dmcsrb.com\/#website","url":"https:\/\/dmcsrb.com\/","name":"dmcsrb.com","description":"","potentialAction":[{"@type":"SearchAction","target":{"@type":"EntryPoint","urlTemplate":"https:\/\/dmcsrb.com\/?s={search_term_string}"},"query-input":{"@type":"PropertyValueSpecification","valueRequired":true,"valueName":"search_term_string"}}],"inLanguage":"en-GB"},{"@type":"Person","@id":"https:\/\/dmcsrb.com\/#\/schema\/person\/5c39170f12db1b8b457732d0b5c854e2","name":"dmcsrbija.com@gmail.com","image":{"@type":"ImageObject","inLanguage":"en-GB","@id":"https:\/\/secure.gravatar.com\/avatar\/68592660ad6347fad0fb587f8d5d8f1a7b44961362f56e4f2cd524feb87e9069?s=96&d=mm&r=g","url":"https:\/\/secure.gravatar.com\/avatar\/68592660ad6347fad0fb587f8d5d8f1a7b44961362f56e4f2cd524feb87e9069?s=96&d=mm&r=g","contentUrl":"https:\/\/secure.gravatar.com\/avatar\/68592660ad6347fad0fb587f8d5d8f1a7b44961362f56e4f2cd524feb87e9069?s=96&d=mm&r=g","caption":"dmcsrbija.com@gmail.com"},"sameAs":["https:\/\/dmcsrb.com"],"url":"https:\/\/dmcsrb.com\/en\/author\/dmcsrbija-comgmail-com\/"}]}},"_links":{"self":[{"href":"https:\/\/dmcsrb.com\/en\/wp-json\/wp\/v2\/posts\/943948","targetHints":{"allow":["GET"]}}],"collection":[{"href":"https:\/\/dmcsrb.com\/en\/wp-json\/wp\/v2\/posts"}],"about":[{"href":"https:\/\/dmcsrb.com\/en\/wp-json\/wp\/v2\/types\/post"}],"author":[{"embeddable":true,"href":"https:\/\/dmcsrb.com\/en\/wp-json\/wp\/v2\/users\/1"}],"replies":[{"embeddable":true,"href":"https:\/\/dmcsrb.com\/en\/wp-json\/wp\/v2\/comments?post=943948"}],"version-history":[{"count":0,"href":"https:\/\/dmcsrb.com\/en\/wp-json\/wp\/v2\/posts\/943948\/revisions"}],"wp:featuredmedia":[{"embeddable":true,"href":"https:\/\/dmcsrb.com\/en\/wp-json\/wp\/v2\/media\/943949"}],"wp:attachment":[{"href":"https:\/\/dmcsrb.com\/en\/wp-json\/wp\/v2\/media?parent=943948"}],"wp:term":[{"taxonomy":"category","embeddable":true,"href":"https:\/\/dmcsrb.com\/en\/wp-json\/wp\/v2\/categories?post=943948"},{"taxonomy":"post_tag","embeddable":true,"href":"https:\/\/dmcsrb.com\/en\/wp-json\/wp\/v2\/tags?post=943948"},{"taxonomy":"naslovna","embeddable":true,"href":"https:\/\/dmcsrb.com\/en\/wp-json\/wp\/v2\/naslovna?post=943948"}],"curies":[{"name":"wp","href":"https:\/\/api.w.org\/{rel}","templated":true}]}}