{"id":943918,"date":"2025-08-02T16:49:02","date_gmt":"2025-08-02T14:49:02","guid":{"rendered":"https:\/\/dmcsrb.com\/uncategorized\/kadetkinje-izborile-glavnu-fazu-masa-dubljevic-ponovo-spustila-roletnu\/"},"modified":"2025-08-02T16:49:02","modified_gmt":"2025-08-02T14:49:02","slug":"kadetkinje-izborile-glavnu-fazu-masa-dubljevic-ponovo-spustila-roletnu","status":"publish","type":"post","link":"https:\/\/dmcsrb.com\/en\/sport\/kadetkinje-izborile-glavnu-fazu-masa-dubljevic-ponovo-spustila-roletnu\/","title":{"rendered":"Kadetkinje izborile glavnu fazu, Ma\u0161a Dubljevi\u0107 ponovo &#8220;spustila roletnu&#8221;"},"content":{"rendered":"<p><a><\/a>To su nakon juniorki pokazale i kadetkinje koje su tako\u0111e, izborile plasman u glavnu rundu Evropskog prvenstva u kojoj \u0107e igrati 12 najboljih timova kontinenta.<\/p>\n\n\n\n<p>Jo\u0161 jedan veliki rezultat na\u0161eg rukometa i potvrda da stasavaju nove generacije koje \u0107e biti dostojne nasljednice \u201elavica\u201c u eliti evropskog rukometa.<\/p>\n\n\n\n<p>U me\u010du odluke za drugo mjesto u grupi, An\u0111elina Orbovi\u0107 i saigra\u010dice savladale su \u010ce\u0161ku (26:19), pa su sa dvije pobjede i porazom izborile plasman u glavnu fazu u kojoj \u0107e u ponedjeljak i utorak igrati protiv dvije prvoplasirane selekcije iz grupe F &#8211; Hrvatske i Poljska ili Rumunije..<\/p>\n\n\n\n<figure class=\"wp-block-image size-large\"><img decoding=\"async\" src=\"https:\/\/gradski.me\/wp-content\/uploads\/2025\/08\/Mlade-lavice-protiv-Ceske-MatchLens-Stefan-Ivanovic-1024x683.webp\" alt=\"\" class=\"wp-image-805791\"\/><figcaption class=\"wp-element-caption\">Foto: MatchLens\/Stefan Ivanovi\u0107<\/figcaption><\/figure>\n\n\n\n<p>Nije dobro krenulo u \u201eBemax areni\u201c, jer je \u010ce\u0161ka u 10. minutu vodila 6:2. U 15. minutu bilo je 7:7, a do kraja prvog poluvremena na\u0161a reprezentacija imala je sjajan period igre, primila je samo gol i na velikom odmoru vodila 12:8.<\/p>\n\n\n\n<p>I po\u010detak drugog poluvremena pripao je na\u0161oj reprezentaciji, a da \u0107e cilj biti ispunjen i osvojena dva boda za plasman u glavnu rundu moglo se naslutiti u 42. minutu, kada je Ivana Savi\u0107 postigla svoj \u010detvrti gol za vo\u0111stvo 17:11. Do kraja me\u010da razlika je samo rasla iako su u fini\u0161u priliku dobile i igra\u010dice sa manjom minuta\u017eom u dosada\u0161njim me\u010devima.<\/p>\n\n\n\n<p>An\u0111elina Orbovi\u0107 je progla\u0161ena za igra\u010dicu utakmice sa \u0161est golova, Andrea Jovanovi\u0107 je postigla pet, a Ivana Savi\u0107 i Andrea Dragni\u0107 po \u010detiri.<\/p>\n\n\n\n<p>Ponovo je sjajna bila golmanka Ma\u0161a Dubljevi\u0107 koja je imala 15 odbrana (51% uspje\u0161nih intervencija).<\/p>","protected":false},"excerpt":{"rendered":"<p>Za budu\u0107nost \u017eenskog rukometa u Crnoj Gori ne treba brinuti.<\/p>","protected":false},"author":1,"featured_media":943919,"comment_status":"open","ping_status":"open","sticky":false,"template":"","format":"standard","meta":{"_acf_changed":false,"footnotes":""},"categories":[148],"tags":[16382,16594,14803],"naslovna":[],"class_list":["post-943918","post","type-post","status-publish","format-standard","has-post-thumbnail","hentry","category-sport","tag-evropsko-prvenstvo-za-rukometasice-do-17-godina","tag-zenska-kadetska-rukometna-reprezentacija-ceske","tag-zenska-kadetska-rukometna-reprezentacija-crne-gore"],"acf":[],"yoast_head":"<!-- This site is optimized with the Yoast SEO plugin v27.0 - https:\/\/yoast.com\/product\/yoast-seo-wordpress\/ -->\n<title>Kadetkinje izborile glavnu fazu, Ma\u0161a Dubljevi\u0107 ponovo &quot;spustila roletnu&quot; - dmcsrb.com<\/title>\n<meta name=\"robots\" content=\"index, follow, max-snippet:-1, max-image-preview:large, max-video-preview:-1\" \/>\n<link rel=\"canonical\" href=\"https:\/\/dmcsrb.com\/en\/sport\/kadetkinje-izborile-glavnu-fazu-masa-dubljevic-ponovo-spustila-roletnu\/\" \/>\n<meta property=\"og:locale\" content=\"en_GB\" \/>\n<meta property=\"og:type\" content=\"article\" \/>\n<meta property=\"og:title\" content=\"Kadetkinje izborile glavnu fazu, Ma\u0161a Dubljevi\u0107 ponovo &quot;spustila roletnu&quot; - dmcsrb.com\" \/>\n<meta property=\"og:description\" content=\"Za budu\u0107nost \u017eenskog rukometa u Crnoj Gori ne treba brinuti.\" \/>\n<meta property=\"og:url\" content=\"https:\/\/dmcsrb.com\/en\/sport\/kadetkinje-izborile-glavnu-fazu-masa-dubljevic-ponovo-spustila-roletnu\/\" \/>\n<meta property=\"og:site_name\" content=\"dmcsrb.com\" \/>\n<meta property=\"article:published_time\" content=\"2025-08-02T14:49:02+00:00\" \/>\n<meta property=\"og:image\" content=\"https:\/\/dmcsrb.com\/wp-content\/uploads\/2026\/01\/Kadetkinje-protiv-Ceske-MatchLens-Stefan-Ivanovic.webp\" \/>\n\t<meta property=\"og:image:width\" content=\"1280\" \/>\n\t<meta property=\"og:image:height\" content=\"853\" \/>\n\t<meta property=\"og:image:type\" content=\"image\/webp\" \/>\n<meta name=\"author\" content=\"dmcsrbija.com@gmail.com\" \/>\n<meta name=\"twitter:card\" content=\"summary_large_image\" \/>\n<meta name=\"twitter:label1\" content=\"Written by\" \/>\n\t<meta name=\"twitter:data1\" content=\"dmcsrbija.com@gmail.com\" \/>\n\t<meta name=\"twitter:label2\" content=\"Estimated reading time\" \/>\n\t<meta name=\"twitter:data2\" content=\"1 minute\" \/>\n<script type=\"application\/ld+json\" class=\"yoast-schema-graph\">{\"@context\":\"https:\/\/schema.org\",\"@graph\":[{\"@type\":\"Article\",\"@id\":\"https:\/\/dmcsrb.com\/sport\/kadetkinje-izborile-glavnu-fazu-masa-dubljevic-ponovo-spustila-roletnu\/#article\",\"isPartOf\":{\"@id\":\"https:\/\/dmcsrb.com\/sport\/kadetkinje-izborile-glavnu-fazu-masa-dubljevic-ponovo-spustila-roletnu\/\"},\"author\":{\"name\":\"dmcsrbija.com@gmail.com\",\"@id\":\"https:\/\/dmcsrb.com\/#\/schema\/person\/5c39170f12db1b8b457732d0b5c854e2\"},\"headline\":\"Kadetkinje izborile glavnu fazu, Ma\u0161a Dubljevi\u0107 ponovo &#8220;spustila roletnu&#8221;\",\"datePublished\":\"2025-08-02T14:49:02+00:00\",\"mainEntityOfPage\":{\"@id\":\"https:\/\/dmcsrb.com\/sport\/kadetkinje-izborile-glavnu-fazu-masa-dubljevic-ponovo-spustila-roletnu\/\"},\"wordCount\":262,\"commentCount\":0,\"image\":{\"@id\":\"https:\/\/dmcsrb.com\/sport\/kadetkinje-izborile-glavnu-fazu-masa-dubljevic-ponovo-spustila-roletnu\/#primaryimage\"},\"thumbnailUrl\":\"https:\/\/dmcsrb.com\/wp-content\/uploads\/2026\/01\/Kadetkinje-protiv-Ceske-MatchLens-Stefan-Ivanovic.webp\",\"keywords\":[\"Evropsko prvenstvo za rukometa\u0161ice do 17 godina\",\"\u017denska kadetska rukometna reprezentacija \u010ce\u0161ke\",\"\u017denska kadetska rukometna reprezentacija Crne Gore\"],\"articleSection\":[\"Sport\"],\"inLanguage\":\"en-GB\",\"potentialAction\":[{\"@type\":\"CommentAction\",\"name\":\"Comment\",\"target\":[\"https:\/\/dmcsrb.com\/sport\/kadetkinje-izborile-glavnu-fazu-masa-dubljevic-ponovo-spustila-roletnu\/#respond\"]}]},{\"@type\":\"WebPage\",\"@id\":\"https:\/\/dmcsrb.com\/sport\/kadetkinje-izborile-glavnu-fazu-masa-dubljevic-ponovo-spustila-roletnu\/\",\"url\":\"https:\/\/dmcsrb.com\/sport\/kadetkinje-izborile-glavnu-fazu-masa-dubljevic-ponovo-spustila-roletnu\/\",\"name\":\"Kadetkinje izborile glavnu fazu, Ma\u0161a Dubljevi\u0107 ponovo \\\"spustila roletnu\\\" - dmcsrb.com\",\"isPartOf\":{\"@id\":\"https:\/\/dmcsrb.com\/#website\"},\"primaryImageOfPage\":{\"@id\":\"https:\/\/dmcsrb.com\/sport\/kadetkinje-izborile-glavnu-fazu-masa-dubljevic-ponovo-spustila-roletnu\/#primaryimage\"},\"image\":{\"@id\":\"https:\/\/dmcsrb.com\/sport\/kadetkinje-izborile-glavnu-fazu-masa-dubljevic-ponovo-spustila-roletnu\/#primaryimage\"},\"thumbnailUrl\":\"https:\/\/dmcsrb.com\/wp-content\/uploads\/2026\/01\/Kadetkinje-protiv-Ceske-MatchLens-Stefan-Ivanovic.webp\",\"datePublished\":\"2025-08-02T14:49:02+00:00\",\"author\":{\"@id\":\"https:\/\/dmcsrb.com\/#\/schema\/person\/5c39170f12db1b8b457732d0b5c854e2\"},\"breadcrumb\":{\"@id\":\"https:\/\/dmcsrb.com\/sport\/kadetkinje-izborile-glavnu-fazu-masa-dubljevic-ponovo-spustila-roletnu\/#breadcrumb\"},\"inLanguage\":\"en-GB\",\"potentialAction\":[{\"@type\":\"ReadAction\",\"target\":[\"https:\/\/dmcsrb.com\/sport\/kadetkinje-izborile-glavnu-fazu-masa-dubljevic-ponovo-spustila-roletnu\/\"]}]},{\"@type\":\"ImageObject\",\"inLanguage\":\"en-GB\",\"@id\":\"https:\/\/dmcsrb.com\/sport\/kadetkinje-izborile-glavnu-fazu-masa-dubljevic-ponovo-spustila-roletnu\/#primaryimage\",\"url\":\"https:\/\/dmcsrb.com\/wp-content\/uploads\/2026\/01\/Kadetkinje-protiv-Ceske-MatchLens-Stefan-Ivanovic.webp\",\"contentUrl\":\"https:\/\/dmcsrb.com\/wp-content\/uploads\/2026\/01\/Kadetkinje-protiv-Ceske-MatchLens-Stefan-Ivanovic.webp\",\"width\":1280,\"height\":853},{\"@type\":\"BreadcrumbList\",\"@id\":\"https:\/\/dmcsrb.com\/sport\/kadetkinje-izborile-glavnu-fazu-masa-dubljevic-ponovo-spustila-roletnu\/#breadcrumb\",\"itemListElement\":[{\"@type\":\"ListItem\",\"position\":1,\"name\":\"Home\",\"item\":\"https:\/\/dmcsrb.com\/\"},{\"@type\":\"ListItem\",\"position\":2,\"name\":\"Kadetkinje izborile glavnu fazu, Ma\u0161a Dubljevi\u0107 ponovo &#8220;spustila roletnu&#8221;\"}]},{\"@type\":\"WebSite\",\"@id\":\"https:\/\/dmcsrb.com\/#website\",\"url\":\"https:\/\/dmcsrb.com\/\",\"name\":\"dmcsrb.com\",\"description\":\"\",\"potentialAction\":[{\"@type\":\"SearchAction\",\"target\":{\"@type\":\"EntryPoint\",\"urlTemplate\":\"https:\/\/dmcsrb.com\/?s={search_term_string}\"},\"query-input\":{\"@type\":\"PropertyValueSpecification\",\"valueRequired\":true,\"valueName\":\"search_term_string\"}}],\"inLanguage\":\"en-GB\"},{\"@type\":\"Person\",\"@id\":\"https:\/\/dmcsrb.com\/#\/schema\/person\/5c39170f12db1b8b457732d0b5c854e2\",\"name\":\"dmcsrbija.com@gmail.com\",\"image\":{\"@type\":\"ImageObject\",\"inLanguage\":\"en-GB\",\"@id\":\"https:\/\/dmcsrb.com\/#\/schema\/person\/image\/\",\"url\":\"https:\/\/secure.gravatar.com\/avatar\/68592660ad6347fad0fb587f8d5d8f1a7b44961362f56e4f2cd524feb87e9069?s=96&d=mm&r=g\",\"contentUrl\":\"https:\/\/secure.gravatar.com\/avatar\/68592660ad6347fad0fb587f8d5d8f1a7b44961362f56e4f2cd524feb87e9069?s=96&d=mm&r=g\",\"caption\":\"dmcsrbija.com@gmail.com\"},\"sameAs\":[\"https:\/\/dmcsrb.com\"],\"url\":\"https:\/\/dmcsrb.com\/en\/author\/dmcsrbija-comgmail-com\/\"}]}<\/script>\n<!-- \/ Yoast SEO plugin. -->","yoast_head_json":{"title":"Kadetkinje izborile glavnu fazu, Ma\u0161a Dubljevi\u0107 ponovo \"spustila roletnu\" - dmcsrb.com","robots":{"index":"index","follow":"follow","max-snippet":"max-snippet:-1","max-image-preview":"max-image-preview:large","max-video-preview":"max-video-preview:-1"},"canonical":"https:\/\/dmcsrb.com\/en\/sport\/kadetkinje-izborile-glavnu-fazu-masa-dubljevic-ponovo-spustila-roletnu\/","og_locale":"en_GB","og_type":"article","og_title":"Kadetkinje izborile glavnu fazu, Ma\u0161a Dubljevi\u0107 ponovo \"spustila roletnu\" - dmcsrb.com","og_description":"Za budu\u0107nost \u017eenskog rukometa u Crnoj Gori ne treba brinuti.","og_url":"https:\/\/dmcsrb.com\/en\/sport\/kadetkinje-izborile-glavnu-fazu-masa-dubljevic-ponovo-spustila-roletnu\/","og_site_name":"dmcsrb.com","article_published_time":"2025-08-02T14:49:02+00:00","og_image":[{"width":1280,"height":853,"url":"https:\/\/dmcsrb.com\/wp-content\/uploads\/2026\/01\/Kadetkinje-protiv-Ceske-MatchLens-Stefan-Ivanovic.webp","type":"image\/webp"}],"author":"dmcsrbija.com@gmail.com","twitter_card":"summary_large_image","twitter_misc":{"Written by":"dmcsrbija.com@gmail.com","Estimated reading time":"1 minute"},"schema":{"@context":"https:\/\/schema.org","@graph":[{"@type":"Article","@id":"https:\/\/dmcsrb.com\/sport\/kadetkinje-izborile-glavnu-fazu-masa-dubljevic-ponovo-spustila-roletnu\/#article","isPartOf":{"@id":"https:\/\/dmcsrb.com\/sport\/kadetkinje-izborile-glavnu-fazu-masa-dubljevic-ponovo-spustila-roletnu\/"},"author":{"name":"dmcsrbija.com@gmail.com","@id":"https:\/\/dmcsrb.com\/#\/schema\/person\/5c39170f12db1b8b457732d0b5c854e2"},"headline":"Kadetkinje izborile glavnu fazu, Ma\u0161a Dubljevi\u0107 ponovo &#8220;spustila roletnu&#8221;","datePublished":"2025-08-02T14:49:02+00:00","mainEntityOfPage":{"@id":"https:\/\/dmcsrb.com\/sport\/kadetkinje-izborile-glavnu-fazu-masa-dubljevic-ponovo-spustila-roletnu\/"},"wordCount":262,"commentCount":0,"image":{"@id":"https:\/\/dmcsrb.com\/sport\/kadetkinje-izborile-glavnu-fazu-masa-dubljevic-ponovo-spustila-roletnu\/#primaryimage"},"thumbnailUrl":"https:\/\/dmcsrb.com\/wp-content\/uploads\/2026\/01\/Kadetkinje-protiv-Ceske-MatchLens-Stefan-Ivanovic.webp","keywords":["Evropsko prvenstvo za rukometa\u0161ice do 17 godina","\u017denska kadetska rukometna reprezentacija \u010ce\u0161ke","\u017denska kadetska rukometna reprezentacija Crne Gore"],"articleSection":["Sport"],"inLanguage":"en-GB","potentialAction":[{"@type":"CommentAction","name":"Comment","target":["https:\/\/dmcsrb.com\/sport\/kadetkinje-izborile-glavnu-fazu-masa-dubljevic-ponovo-spustila-roletnu\/#respond"]}]},{"@type":"WebPage","@id":"https:\/\/dmcsrb.com\/sport\/kadetkinje-izborile-glavnu-fazu-masa-dubljevic-ponovo-spustila-roletnu\/","url":"https:\/\/dmcsrb.com\/sport\/kadetkinje-izborile-glavnu-fazu-masa-dubljevic-ponovo-spustila-roletnu\/","name":"Kadetkinje izborile glavnu fazu, Ma\u0161a Dubljevi\u0107 ponovo \"spustila roletnu\" - dmcsrb.com","isPartOf":{"@id":"https:\/\/dmcsrb.com\/#website"},"primaryImageOfPage":{"@id":"https:\/\/dmcsrb.com\/sport\/kadetkinje-izborile-glavnu-fazu-masa-dubljevic-ponovo-spustila-roletnu\/#primaryimage"},"image":{"@id":"https:\/\/dmcsrb.com\/sport\/kadetkinje-izborile-glavnu-fazu-masa-dubljevic-ponovo-spustila-roletnu\/#primaryimage"},"thumbnailUrl":"https:\/\/dmcsrb.com\/wp-content\/uploads\/2026\/01\/Kadetkinje-protiv-Ceske-MatchLens-Stefan-Ivanovic.webp","datePublished":"2025-08-02T14:49:02+00:00","author":{"@id":"https:\/\/dmcsrb.com\/#\/schema\/person\/5c39170f12db1b8b457732d0b5c854e2"},"breadcrumb":{"@id":"https:\/\/dmcsrb.com\/sport\/kadetkinje-izborile-glavnu-fazu-masa-dubljevic-ponovo-spustila-roletnu\/#breadcrumb"},"inLanguage":"en-GB","potentialAction":[{"@type":"ReadAction","target":["https:\/\/dmcsrb.com\/sport\/kadetkinje-izborile-glavnu-fazu-masa-dubljevic-ponovo-spustila-roletnu\/"]}]},{"@type":"ImageObject","inLanguage":"en-GB","@id":"https:\/\/dmcsrb.com\/sport\/kadetkinje-izborile-glavnu-fazu-masa-dubljevic-ponovo-spustila-roletnu\/#primaryimage","url":"https:\/\/dmcsrb.com\/wp-content\/uploads\/2026\/01\/Kadetkinje-protiv-Ceske-MatchLens-Stefan-Ivanovic.webp","contentUrl":"https:\/\/dmcsrb.com\/wp-content\/uploads\/2026\/01\/Kadetkinje-protiv-Ceske-MatchLens-Stefan-Ivanovic.webp","width":1280,"height":853},{"@type":"BreadcrumbList","@id":"https:\/\/dmcsrb.com\/sport\/kadetkinje-izborile-glavnu-fazu-masa-dubljevic-ponovo-spustila-roletnu\/#breadcrumb","itemListElement":[{"@type":"ListItem","position":1,"name":"Home","item":"https:\/\/dmcsrb.com\/"},{"@type":"ListItem","position":2,"name":"Kadetkinje izborile glavnu fazu, Ma\u0161a Dubljevi\u0107 ponovo &#8220;spustila roletnu&#8221;"}]},{"@type":"WebSite","@id":"https:\/\/dmcsrb.com\/#website","url":"https:\/\/dmcsrb.com\/","name":"dmcsrb.com","description":"","potentialAction":[{"@type":"SearchAction","target":{"@type":"EntryPoint","urlTemplate":"https:\/\/dmcsrb.com\/?s={search_term_string}"},"query-input":{"@type":"PropertyValueSpecification","valueRequired":true,"valueName":"search_term_string"}}],"inLanguage":"en-GB"},{"@type":"Person","@id":"https:\/\/dmcsrb.com\/#\/schema\/person\/5c39170f12db1b8b457732d0b5c854e2","name":"dmcsrbija.com@gmail.com","image":{"@type":"ImageObject","inLanguage":"en-GB","@id":"https:\/\/dmcsrb.com\/#\/schema\/person\/image\/","url":"https:\/\/secure.gravatar.com\/avatar\/68592660ad6347fad0fb587f8d5d8f1a7b44961362f56e4f2cd524feb87e9069?s=96&d=mm&r=g","contentUrl":"https:\/\/secure.gravatar.com\/avatar\/68592660ad6347fad0fb587f8d5d8f1a7b44961362f56e4f2cd524feb87e9069?s=96&d=mm&r=g","caption":"dmcsrbija.com@gmail.com"},"sameAs":["https:\/\/dmcsrb.com"],"url":"https:\/\/dmcsrb.com\/en\/author\/dmcsrbija-comgmail-com\/"}]}},"_links":{"self":[{"href":"https:\/\/dmcsrb.com\/en\/wp-json\/wp\/v2\/posts\/943918","targetHints":{"allow":["GET"]}}],"collection":[{"href":"https:\/\/dmcsrb.com\/en\/wp-json\/wp\/v2\/posts"}],"about":[{"href":"https:\/\/dmcsrb.com\/en\/wp-json\/wp\/v2\/types\/post"}],"author":[{"embeddable":true,"href":"https:\/\/dmcsrb.com\/en\/wp-json\/wp\/v2\/users\/1"}],"replies":[{"embeddable":true,"href":"https:\/\/dmcsrb.com\/en\/wp-json\/wp\/v2\/comments?post=943918"}],"version-history":[{"count":0,"href":"https:\/\/dmcsrb.com\/en\/wp-json\/wp\/v2\/posts\/943918\/revisions"}],"wp:featuredmedia":[{"embeddable":true,"href":"https:\/\/dmcsrb.com\/en\/wp-json\/wp\/v2\/media\/943919"}],"wp:attachment":[{"href":"https:\/\/dmcsrb.com\/en\/wp-json\/wp\/v2\/media?parent=943918"}],"wp:term":[{"taxonomy":"category","embeddable":true,"href":"https:\/\/dmcsrb.com\/en\/wp-json\/wp\/v2\/categories?post=943918"},{"taxonomy":"post_tag","embeddable":true,"href":"https:\/\/dmcsrb.com\/en\/wp-json\/wp\/v2\/tags?post=943918"},{"taxonomy":"naslovna","embeddable":true,"href":"https:\/\/dmcsrb.com\/en\/wp-json\/wp\/v2\/naslovna?post=943918"}],"curies":[{"name":"wp","href":"https:\/\/api.w.org\/{rel}","templated":true}]}}