{"id":943911,"date":"2025-08-02T16:12:34","date_gmt":"2025-08-02T14:12:34","guid":{"rendered":"https:\/\/dmcsrb.com\/uncategorized\/koji-su-kljucni-elementi-afere-telekom\/"},"modified":"2025-08-02T16:12:34","modified_gmt":"2025-08-02T14:12:34","slug":"koji-su-kljucni-elementi-afere-telekom","status":"publish","type":"post","link":"https:\/\/dmcsrb.com\/en\/politika\/koji-su-kljucni-elementi-afere-telekom\/","title":{"rendered":"Koji su klju\u010dni elementi afere &#8220;Telekom&#8221;"},"content":{"rendered":"<p>Po navodima SEC iz 2011. godine, podmi\u0107ivanje su omogu\u0107ila dva \u010dlana uprave crnogorskog Telekoma i advokatica, sestra jednog od vode\u0107ih funkcionera. \u0110ukanovi\u0107 je tu\u017eila medije koji su tvrdili da je ona pomenuta u tu\u017ebi.<\/p>\n\n\n\n<p>Crnogorska dr\u017eavna kompanija Telekom prodata je 2005. godine Ma\u0111ar Telekomu, u vlasni\u0161tvu Doj\u010de Telekoma, za 114 miliona, od \u010dega su tri miliona izdvojena za dotaciju otkupa akcija manjinskih akcionara.<\/p>\n\n\n\n<p>Po\u010detkom 2012.godine Komisija za hartije od vrijednosti SAD-a objavila je da je Doj\u010de Telekom, navodno, preko svoje podru\u017enice crnogorskim zvani\u010dnicima u postupku privatizacije isplatio mito.<\/p>\n\n\n\n<p>U tu\u017ebi ameri\u010dke Komisije ukazivano je da su podmi\u0107ivanje omogu\u0107ila dva \u010dlana uprave crnogorskog Telekoma i advokatica, sestra jednog od vode\u0107ih funkcionera. U pitanju su \u010detiri la\u017ena konsultantska ugovora, preko \u010detiri of-\u0161or firme koje su aga\u017eovane navodno od Ma\u0111ar Telekoma za konsalting ali su u stvari poslu\u017eile da bi se isplatilo mito kako bi ma\u0111arski investitor do\u0161ao do \u017eeljenog procenta vlasni\u0161tva.<\/p>\n\n\n\n<p>Dio javnosti odmah je u navodima ameri\u010dke komisije prepoznao Anu \u0110ukanovi\u0107, sestru ranijeg crnogorskog predsjednika Mila \u0110ukanovi\u0107a. Ana \u0110ukanovi\u0107 je kasnije tu\u017eila jedan broj medija koji su pisali da je ona &#8220;prva sestra&#8221;.<\/p>\n\n\n\n<p>Postupak u SAD, pred njujor\u0161kim sudom, vo\u0111en je protiv trojice ma\u0111arskih direktora, ali je u kasnijoj fazi dio o Crnoj Gori obustavljen. Optu\u017enica se potpuno bazirala na navodima o korupciji u Sjevernoj Makedoniji, gdje je tako\u0111e Telekom privatizovan na krajnje sumnjiv na\u010din. Postupak u SAD je, me\u0111utim, zavr\u0161en vansudskim poravnanjem.<\/p>\n\n\n\n<p>U Crnoj Gori, slu\u010dajem &#8220;Telekom&#8221; bavio se i Anketni odbor Skup\u0161tine Crne Gore, ali je ipak na kraju usvojio samo tehni\u010dki izvje\u0161taj o radu, bez direktnog zaklju\u010dka je li ili ne u ovoj privatizaciji bilo sumnjivih poslova i kombinacija.<\/p>\n\n\n\n<p>Specijalna tu\u017eiteljka Ana Perovi\u0107-Vojinovi\u0107 odbacila je krivi\u010dnu prijavu Mre\u017ee za afirmaciju nevladinog sektora (MANS) protiv biv\u0161eg \u0161efa dr\u017eave Mila \u0110ukanovi\u0107a, njegove sestre Ane \u0110ukanovi\u0107 i vi\u0161e drugih osoba, koje je ta NVO sumnji\u010dila za zloupotrebu slu\u017ebenog polo\u017eaja, primanje mita i stvaranje kriminalne organizacije.<\/p>\n\n\n\n<p>Perovi\u0107-Vojinovi\u0107 je u obrazlo\u017eenju, pored ostalog, navela da je zastara za dio krivi\u010dnih djela, za koje je MANS teretio \u0110ukanovi\u0107e i ostale, nastupila jo\u0161 prije 15, dok su neka zastarjela prije ne\u0161to vi\u0161e od \u010detiri godine.<\/p>","protected":false},"excerpt":{"rendered":"<p>Krajem decembra 2011. godine otvorena je afera &#8220;Telekom&#8221;, ali ni 14 godina kasnije niko nije osu\u0111en. Ameri\u010dka Komisija za hartije od vrijednosti (SEC) saop\u0161tila je prije 14 godina da ima dokaze da je bilo podmi\u0107ivanja u Crnoj Gori i Makedoniji tokom privatizacije telekomunikacionih kompanija. Optu\u017enica u na\u0161oj zemlji je, nakon sedam godina, podignuta protiv biv\u0161ih direktora Crnogorskog Telekoma &#8211; Olega Obradovi\u0107a i Miodraga Ivanovi\u0107a, ali ne i sestre predsjednika dr\u017eave, advokatice Ane \u0110ukanovi\u0107, koja je ranije negirala da je primila mito. Obradovi\u0107 i Ivanovi\u0107 su oslobo\u0111eni, pi\u0161e RTCG.<\/p>","protected":false},"author":1,"featured_media":943912,"comment_status":"open","ping_status":"open","sticky":false,"template":"","format":"standard","meta":{"_acf_changed":false,"footnotes":""},"categories":[12],"tags":[8946,8980],"naslovna":[],"class_list":["post-943911","post","type-post","status-publish","format-standard","has-post-thumbnail","hentry","category-politika","tag-afera-telekom","tag-telekom"],"acf":[],"yoast_head":"<!-- This site is optimized with the Yoast SEO plugin v27.4 - https:\/\/yoast.com\/product\/yoast-seo-wordpress\/ -->\n<title>Koji su klju\u010dni elementi afere &quot;Telekom&quot; - dmcsrb.com<\/title>\n<meta name=\"robots\" content=\"index, follow, max-snippet:-1, max-image-preview:large, max-video-preview:-1\" \/>\n<link rel=\"canonical\" href=\"https:\/\/dmcsrb.com\/en\/politika\/koji-su-kljucni-elementi-afere-telekom\/\" \/>\n<meta property=\"og:locale\" content=\"en_GB\" \/>\n<meta property=\"og:type\" content=\"article\" \/>\n<meta property=\"og:title\" content=\"Koji su klju\u010dni elementi afere &quot;Telekom&quot; - dmcsrb.com\" \/>\n<meta property=\"og:description\" content=\"Krajem decembra 2011. godine otvorena je afera &quot;Telekom&quot;, ali ni 14 godina kasnije niko nije osu\u0111en. Ameri\u010dka Komisija za hartije od vrijednosti (SEC) saop\u0161tila je prije 14 godina da ima dokaze da je bilo podmi\u0107ivanja u Crnoj Gori i Makedoniji tokom privatizacije telekomunikacionih kompanija. Optu\u017enica u na\u0161oj zemlji je, nakon sedam godina, podignuta protiv biv\u0161ih direktora Crnogorskog Telekoma - Olega Obradovi\u0107a i Miodraga Ivanovi\u0107a, ali ne i sestre predsjednika dr\u017eave, advokatice Ane \u0110ukanovi\u0107, koja je ranije negirala da je primila mito. Obradovi\u0107 i Ivanovi\u0107 su oslobo\u0111eni, pi\u0161e RTCG.\" \/>\n<meta property=\"og:url\" content=\"https:\/\/dmcsrb.com\/en\/politika\/koji-su-kljucni-elementi-afere-telekom\/\" \/>\n<meta property=\"og:site_name\" content=\"dmcsrb.com\" \/>\n<meta property=\"article:published_time\" content=\"2025-08-02T14:12:34+00:00\" \/>\n<meta property=\"og:image\" content=\"https:\/\/dmcsrb.com\/wp-content\/uploads\/2026\/01\/Telekom_RTCG_1_675x900.webp\" \/>\n\t<meta property=\"og:image:width\" content=\"900\" \/>\n\t<meta property=\"og:image:height\" content=\"675\" \/>\n\t<meta property=\"og:image:type\" content=\"image\/jpeg\" \/>\n<meta name=\"author\" content=\"dmcsrbija.com@gmail.com\" \/>\n<meta name=\"twitter:card\" content=\"summary_large_image\" \/>\n<meta name=\"twitter:label1\" content=\"Written by\" \/>\n\t<meta name=\"twitter:data1\" content=\"dmcsrbija.com@gmail.com\" \/>\n\t<meta name=\"twitter:label2\" content=\"Estimated reading time\" \/>\n\t<meta name=\"twitter:data2\" content=\"2 minutes\" \/>\n<script type=\"application\/ld+json\" class=\"yoast-schema-graph\">{\"@context\":\"https:\\\/\\\/schema.org\",\"@graph\":[{\"@type\":\"Article\",\"@id\":\"https:\\\/\\\/dmcsrb.com\\\/politika\\\/koji-su-kljucni-elementi-afere-telekom\\\/#article\",\"isPartOf\":{\"@id\":\"https:\\\/\\\/dmcsrb.com\\\/politika\\\/koji-su-kljucni-elementi-afere-telekom\\\/\"},\"author\":{\"name\":\"dmcsrbija.com@gmail.com\",\"@id\":\"https:\\\/\\\/dmcsrb.com\\\/#\\\/schema\\\/person\\\/5c39170f12db1b8b457732d0b5c854e2\"},\"headline\":\"Koji su klju\u010dni elementi afere &#8220;Telekom&#8221;\",\"datePublished\":\"2025-08-02T14:12:34+00:00\",\"mainEntityOfPage\":{\"@id\":\"https:\\\/\\\/dmcsrb.com\\\/politika\\\/koji-su-kljucni-elementi-afere-telekom\\\/\"},\"wordCount\":412,\"commentCount\":0,\"image\":{\"@id\":\"https:\\\/\\\/dmcsrb.com\\\/politika\\\/koji-su-kljucni-elementi-afere-telekom\\\/#primaryimage\"},\"thumbnailUrl\":\"https:\\\/\\\/dmcsrb.com\\\/wp-content\\\/uploads\\\/2026\\\/01\\\/Telekom_RTCG_1_675x900.webp\",\"keywords\":[\"Afera ''Telekom''\",\"Telekom\"],\"articleSection\":[\"Politika\"],\"inLanguage\":\"en-GB\",\"potentialAction\":[{\"@type\":\"CommentAction\",\"name\":\"Comment\",\"target\":[\"https:\\\/\\\/dmcsrb.com\\\/politika\\\/koji-su-kljucni-elementi-afere-telekom\\\/#respond\"]}]},{\"@type\":\"WebPage\",\"@id\":\"https:\\\/\\\/dmcsrb.com\\\/politika\\\/koji-su-kljucni-elementi-afere-telekom\\\/\",\"url\":\"https:\\\/\\\/dmcsrb.com\\\/politika\\\/koji-su-kljucni-elementi-afere-telekom\\\/\",\"name\":\"Koji su klju\u010dni elementi afere \\\"Telekom\\\" - dmcsrb.com\",\"isPartOf\":{\"@id\":\"https:\\\/\\\/dmcsrb.com\\\/#website\"},\"primaryImageOfPage\":{\"@id\":\"https:\\\/\\\/dmcsrb.com\\\/politika\\\/koji-su-kljucni-elementi-afere-telekom\\\/#primaryimage\"},\"image\":{\"@id\":\"https:\\\/\\\/dmcsrb.com\\\/politika\\\/koji-su-kljucni-elementi-afere-telekom\\\/#primaryimage\"},\"thumbnailUrl\":\"https:\\\/\\\/dmcsrb.com\\\/wp-content\\\/uploads\\\/2026\\\/01\\\/Telekom_RTCG_1_675x900.webp\",\"datePublished\":\"2025-08-02T14:12:34+00:00\",\"author\":{\"@id\":\"https:\\\/\\\/dmcsrb.com\\\/#\\\/schema\\\/person\\\/5c39170f12db1b8b457732d0b5c854e2\"},\"breadcrumb\":{\"@id\":\"https:\\\/\\\/dmcsrb.com\\\/politika\\\/koji-su-kljucni-elementi-afere-telekom\\\/#breadcrumb\"},\"inLanguage\":\"en-GB\",\"potentialAction\":[{\"@type\":\"ReadAction\",\"target\":[\"https:\\\/\\\/dmcsrb.com\\\/politika\\\/koji-su-kljucni-elementi-afere-telekom\\\/\"]}]},{\"@type\":\"ImageObject\",\"inLanguage\":\"en-GB\",\"@id\":\"https:\\\/\\\/dmcsrb.com\\\/politika\\\/koji-su-kljucni-elementi-afere-telekom\\\/#primaryimage\",\"url\":\"https:\\\/\\\/dmcsrb.com\\\/wp-content\\\/uploads\\\/2026\\\/01\\\/Telekom_RTCG_1_675x900.webp\",\"contentUrl\":\"https:\\\/\\\/dmcsrb.com\\\/wp-content\\\/uploads\\\/2026\\\/01\\\/Telekom_RTCG_1_675x900.webp\",\"width\":900,\"height\":675},{\"@type\":\"BreadcrumbList\",\"@id\":\"https:\\\/\\\/dmcsrb.com\\\/politika\\\/koji-su-kljucni-elementi-afere-telekom\\\/#breadcrumb\",\"itemListElement\":[{\"@type\":\"ListItem\",\"position\":1,\"name\":\"Home\",\"item\":\"https:\\\/\\\/dmcsrb.com\\\/\"},{\"@type\":\"ListItem\",\"position\":2,\"name\":\"Koji su klju\u010dni elementi afere &#8220;Telekom&#8221;\"}]},{\"@type\":\"WebSite\",\"@id\":\"https:\\\/\\\/dmcsrb.com\\\/#website\",\"url\":\"https:\\\/\\\/dmcsrb.com\\\/\",\"name\":\"dmcsrb.com\",\"description\":\"\",\"potentialAction\":[{\"@type\":\"SearchAction\",\"target\":{\"@type\":\"EntryPoint\",\"urlTemplate\":\"https:\\\/\\\/dmcsrb.com\\\/?s={search_term_string}\"},\"query-input\":{\"@type\":\"PropertyValueSpecification\",\"valueRequired\":true,\"valueName\":\"search_term_string\"}}],\"inLanguage\":\"en-GB\"},{\"@type\":\"Person\",\"@id\":\"https:\\\/\\\/dmcsrb.com\\\/#\\\/schema\\\/person\\\/5c39170f12db1b8b457732d0b5c854e2\",\"name\":\"dmcsrbija.com@gmail.com\",\"image\":{\"@type\":\"ImageObject\",\"inLanguage\":\"en-GB\",\"@id\":\"https:\\\/\\\/secure.gravatar.com\\\/avatar\\\/68592660ad6347fad0fb587f8d5d8f1a7b44961362f56e4f2cd524feb87e9069?s=96&d=mm&r=g\",\"url\":\"https:\\\/\\\/secure.gravatar.com\\\/avatar\\\/68592660ad6347fad0fb587f8d5d8f1a7b44961362f56e4f2cd524feb87e9069?s=96&d=mm&r=g\",\"contentUrl\":\"https:\\\/\\\/secure.gravatar.com\\\/avatar\\\/68592660ad6347fad0fb587f8d5d8f1a7b44961362f56e4f2cd524feb87e9069?s=96&d=mm&r=g\",\"caption\":\"dmcsrbija.com@gmail.com\"},\"sameAs\":[\"https:\\\/\\\/dmcsrb.com\"],\"url\":\"https:\\\/\\\/dmcsrb.com\\\/en\\\/author\\\/dmcsrbija-comgmail-com\\\/\"}]}<\/script>\n<!-- \/ Yoast SEO plugin. -->","yoast_head_json":{"title":"Koji su klju\u010dni elementi afere \"Telekom\" - dmcsrb.com","robots":{"index":"index","follow":"follow","max-snippet":"max-snippet:-1","max-image-preview":"max-image-preview:large","max-video-preview":"max-video-preview:-1"},"canonical":"https:\/\/dmcsrb.com\/en\/politika\/koji-su-kljucni-elementi-afere-telekom\/","og_locale":"en_GB","og_type":"article","og_title":"Koji su klju\u010dni elementi afere \"Telekom\" - dmcsrb.com","og_description":"Krajem decembra 2011. godine otvorena je afera \"Telekom\", ali ni 14 godina kasnije niko nije osu\u0111en. Ameri\u010dka Komisija za hartije od vrijednosti (SEC) saop\u0161tila je prije 14 godina da ima dokaze da je bilo podmi\u0107ivanja u Crnoj Gori i Makedoniji tokom privatizacije telekomunikacionih kompanija. Optu\u017enica u na\u0161oj zemlji je, nakon sedam godina, podignuta protiv biv\u0161ih direktora Crnogorskog Telekoma - Olega Obradovi\u0107a i Miodraga Ivanovi\u0107a, ali ne i sestre predsjednika dr\u017eave, advokatice Ane \u0110ukanovi\u0107, koja je ranije negirala da je primila mito. Obradovi\u0107 i Ivanovi\u0107 su oslobo\u0111eni, pi\u0161e RTCG.","og_url":"https:\/\/dmcsrb.com\/en\/politika\/koji-su-kljucni-elementi-afere-telekom\/","og_site_name":"dmcsrb.com","article_published_time":"2025-08-02T14:12:34+00:00","og_image":[{"width":900,"height":675,"url":"https:\/\/dmcsrb.com\/wp-content\/uploads\/2026\/01\/Telekom_RTCG_1_675x900.webp","type":"image\/jpeg"}],"author":"dmcsrbija.com@gmail.com","twitter_card":"summary_large_image","twitter_misc":{"Written by":"dmcsrbija.com@gmail.com","Estimated reading time":"2 minutes"},"schema":{"@context":"https:\/\/schema.org","@graph":[{"@type":"Article","@id":"https:\/\/dmcsrb.com\/politika\/koji-su-kljucni-elementi-afere-telekom\/#article","isPartOf":{"@id":"https:\/\/dmcsrb.com\/politika\/koji-su-kljucni-elementi-afere-telekom\/"},"author":{"name":"dmcsrbija.com@gmail.com","@id":"https:\/\/dmcsrb.com\/#\/schema\/person\/5c39170f12db1b8b457732d0b5c854e2"},"headline":"Koji su klju\u010dni elementi afere &#8220;Telekom&#8221;","datePublished":"2025-08-02T14:12:34+00:00","mainEntityOfPage":{"@id":"https:\/\/dmcsrb.com\/politika\/koji-su-kljucni-elementi-afere-telekom\/"},"wordCount":412,"commentCount":0,"image":{"@id":"https:\/\/dmcsrb.com\/politika\/koji-su-kljucni-elementi-afere-telekom\/#primaryimage"},"thumbnailUrl":"https:\/\/dmcsrb.com\/wp-content\/uploads\/2026\/01\/Telekom_RTCG_1_675x900.webp","keywords":["Afera ''Telekom''","Telekom"],"articleSection":["Politika"],"inLanguage":"en-GB","potentialAction":[{"@type":"CommentAction","name":"Comment","target":["https:\/\/dmcsrb.com\/politika\/koji-su-kljucni-elementi-afere-telekom\/#respond"]}]},{"@type":"WebPage","@id":"https:\/\/dmcsrb.com\/politika\/koji-su-kljucni-elementi-afere-telekom\/","url":"https:\/\/dmcsrb.com\/politika\/koji-su-kljucni-elementi-afere-telekom\/","name":"Koji su klju\u010dni elementi afere \"Telekom\" - dmcsrb.com","isPartOf":{"@id":"https:\/\/dmcsrb.com\/#website"},"primaryImageOfPage":{"@id":"https:\/\/dmcsrb.com\/politika\/koji-su-kljucni-elementi-afere-telekom\/#primaryimage"},"image":{"@id":"https:\/\/dmcsrb.com\/politika\/koji-su-kljucni-elementi-afere-telekom\/#primaryimage"},"thumbnailUrl":"https:\/\/dmcsrb.com\/wp-content\/uploads\/2026\/01\/Telekom_RTCG_1_675x900.webp","datePublished":"2025-08-02T14:12:34+00:00","author":{"@id":"https:\/\/dmcsrb.com\/#\/schema\/person\/5c39170f12db1b8b457732d0b5c854e2"},"breadcrumb":{"@id":"https:\/\/dmcsrb.com\/politika\/koji-su-kljucni-elementi-afere-telekom\/#breadcrumb"},"inLanguage":"en-GB","potentialAction":[{"@type":"ReadAction","target":["https:\/\/dmcsrb.com\/politika\/koji-su-kljucni-elementi-afere-telekom\/"]}]},{"@type":"ImageObject","inLanguage":"en-GB","@id":"https:\/\/dmcsrb.com\/politika\/koji-su-kljucni-elementi-afere-telekom\/#primaryimage","url":"https:\/\/dmcsrb.com\/wp-content\/uploads\/2026\/01\/Telekom_RTCG_1_675x900.webp","contentUrl":"https:\/\/dmcsrb.com\/wp-content\/uploads\/2026\/01\/Telekom_RTCG_1_675x900.webp","width":900,"height":675},{"@type":"BreadcrumbList","@id":"https:\/\/dmcsrb.com\/politika\/koji-su-kljucni-elementi-afere-telekom\/#breadcrumb","itemListElement":[{"@type":"ListItem","position":1,"name":"Home","item":"https:\/\/dmcsrb.com\/"},{"@type":"ListItem","position":2,"name":"Koji su klju\u010dni elementi afere &#8220;Telekom&#8221;"}]},{"@type":"WebSite","@id":"https:\/\/dmcsrb.com\/#website","url":"https:\/\/dmcsrb.com\/","name":"dmcsrb.com","description":"","potentialAction":[{"@type":"SearchAction","target":{"@type":"EntryPoint","urlTemplate":"https:\/\/dmcsrb.com\/?s={search_term_string}"},"query-input":{"@type":"PropertyValueSpecification","valueRequired":true,"valueName":"search_term_string"}}],"inLanguage":"en-GB"},{"@type":"Person","@id":"https:\/\/dmcsrb.com\/#\/schema\/person\/5c39170f12db1b8b457732d0b5c854e2","name":"dmcsrbija.com@gmail.com","image":{"@type":"ImageObject","inLanguage":"en-GB","@id":"https:\/\/secure.gravatar.com\/avatar\/68592660ad6347fad0fb587f8d5d8f1a7b44961362f56e4f2cd524feb87e9069?s=96&d=mm&r=g","url":"https:\/\/secure.gravatar.com\/avatar\/68592660ad6347fad0fb587f8d5d8f1a7b44961362f56e4f2cd524feb87e9069?s=96&d=mm&r=g","contentUrl":"https:\/\/secure.gravatar.com\/avatar\/68592660ad6347fad0fb587f8d5d8f1a7b44961362f56e4f2cd524feb87e9069?s=96&d=mm&r=g","caption":"dmcsrbija.com@gmail.com"},"sameAs":["https:\/\/dmcsrb.com"],"url":"https:\/\/dmcsrb.com\/en\/author\/dmcsrbija-comgmail-com\/"}]}},"_links":{"self":[{"href":"https:\/\/dmcsrb.com\/en\/wp-json\/wp\/v2\/posts\/943911","targetHints":{"allow":["GET"]}}],"collection":[{"href":"https:\/\/dmcsrb.com\/en\/wp-json\/wp\/v2\/posts"}],"about":[{"href":"https:\/\/dmcsrb.com\/en\/wp-json\/wp\/v2\/types\/post"}],"author":[{"embeddable":true,"href":"https:\/\/dmcsrb.com\/en\/wp-json\/wp\/v2\/users\/1"}],"replies":[{"embeddable":true,"href":"https:\/\/dmcsrb.com\/en\/wp-json\/wp\/v2\/comments?post=943911"}],"version-history":[{"count":0,"href":"https:\/\/dmcsrb.com\/en\/wp-json\/wp\/v2\/posts\/943911\/revisions"}],"wp:featuredmedia":[{"embeddable":true,"href":"https:\/\/dmcsrb.com\/en\/wp-json\/wp\/v2\/media\/943912"}],"wp:attachment":[{"href":"https:\/\/dmcsrb.com\/en\/wp-json\/wp\/v2\/media?parent=943911"}],"wp:term":[{"taxonomy":"category","embeddable":true,"href":"https:\/\/dmcsrb.com\/en\/wp-json\/wp\/v2\/categories?post=943911"},{"taxonomy":"post_tag","embeddable":true,"href":"https:\/\/dmcsrb.com\/en\/wp-json\/wp\/v2\/tags?post=943911"},{"taxonomy":"naslovna","embeddable":true,"href":"https:\/\/dmcsrb.com\/en\/wp-json\/wp\/v2\/naslovna?post=943911"}],"curies":[{"name":"wp","href":"https:\/\/api.w.org\/{rel}","templated":true}]}}