{"id":943904,"date":"2025-08-02T15:41:00","date_gmt":"2025-08-02T13:41:00","guid":{"rendered":"https:\/\/dmcsrb.com\/uncategorized\/ivanaj-milatoviceva-odluka-diskriminatorna-prema-opstini-tuzi\/"},"modified":"2025-08-02T15:41:00","modified_gmt":"2025-08-02T13:41:00","slug":"ivanaj-milatoviceva-odluka-diskriminatorna-prema-opstini-tuzi","status":"publish","type":"post","link":"https:\/\/dmcsrb.com\/en\/politika\/ivanaj-milatoviceva-odluka-diskriminatorna-prema-opstini-tuzi\/","title":{"rendered":"Ivanaj: Milatovi\u0107eva odluka diskriminatorna prema Op\u0161tini Tuzi"},"content":{"rendered":"<p>Prema njegovim rije\u010dima, ovakvom odlukom se poku\u0161ava obesmisliti zakon koji bi obezbijedio pravednije punjenje bud\u017eeta i ravnomjerniji razvoj.<\/p>\n\n\n\n<p>&#8220;Naro\u010dito zabrinjava \u010dinjenica da iza ove odluke stoji uticaj predsjednikovog saradnika, gospodina Vuksanovi\u0107a, koji je, dok je bio na \u010delu Borda direktora AD Planta\u017ee, otvoreno opstruirao naplatu zakonom propisanog poreza na nepokretnosti&#8221;, kazao je&nbsp;Ivanaj.<\/p>\n\n\n\n<p>Ovakvo pona\u0161anje Milatovi\u0107a, smatra&nbsp;Ivanaj, podsje\u0107a na odnos koji je prema Op\u0161tini Tuzi imalo rukovodstvo Planta\u017ea na \u010delu sa Vericom Mara\u0161, koja je, nastavlja, i sama priznala da je kompanija godinama manipulisala tr\u017ei\u0161nom vrijedno\u0161\u0107u zemlji\u0161ta kako bi izbjegla poreske obaveze.<\/p>\n\n\n\n<p>&#8220;Milatovi\u0107 vra\u0107anjem zakona na ponovno odlu\u010divanje, na\u017ealost pokazuje spremnost da \u0161titi interese svih onih koji su godinama lo\u0161e upravljali s AD Plantaze, a na \u0161tetu zaposlenih i gra\u0111ana, posebno u Malesiji, gdje se nalazi oko 70 odsto imovine ove kompanije&#8221;, dodaje Ivanaj.<\/p>\n\n\n\n<p>Ivanaj je siguran da \u0107e Skup\u0161tina jo\u0161 jednom potvrditi svoju odluku i usvojiti zakon.<\/p>\n\n\n\n<p>&#8220;Ali poruka koju je ovim potezom poslao predsjednik Milatovi\u0107, koja nije ostala sakrivena \u2013 poruka ignorisanja prava i interesa gra\u0111ana Malesije \u2013 ne\u0107e biti zaboravljena&#8221;, zaklju\u010dio je&nbsp;Ivanaj u saop\u0161tenju.<\/p>","protected":false},"excerpt":{"rendered":"<p>Predsjednik Demokratskog Saveza Albanaca Ivan Ivanaj poru\u010dio je da je odluka predsjednika Crne Gore Jakova Milatovi\u0107a da vrati Skup\u0161tini na ponovno razmatranje Zakon o porezu na nepokretnosti politi\u010dki motivisana i diskriminatorna prema Op\u0161tini Tuzi.<\/p>","protected":false},"author":1,"featured_media":943905,"comment_status":"open","ping_status":"open","sticky":false,"template":"","format":"standard","meta":{"_acf_changed":false,"footnotes":""},"categories":[12],"tags":[16588,90,1348],"naslovna":[],"class_list":["post-943904","post","type-post","status-publish","format-standard","has-post-thumbnail","hentry","category-politika","tag-ivan-ivanaj","tag-jakov-milatovic","tag-tuzi"],"acf":[],"yoast_head":"<!-- This site is optimized with the Yoast SEO plugin v27.0 - https:\/\/yoast.com\/product\/yoast-seo-wordpress\/ -->\n<title>Ivanaj: Milatovi\u0107eva odluka diskriminatorna prema Op\u0161tini Tuzi - dmcsrb.com<\/title>\n<meta name=\"robots\" content=\"index, follow, max-snippet:-1, max-image-preview:large, max-video-preview:-1\" \/>\n<link rel=\"canonical\" href=\"https:\/\/dmcsrb.com\/en\/politika\/ivanaj-milatoviceva-odluka-diskriminatorna-prema-opstini-tuzi\/\" \/>\n<meta property=\"og:locale\" content=\"en_GB\" \/>\n<meta property=\"og:type\" content=\"article\" \/>\n<meta property=\"og:title\" content=\"Ivanaj: Milatovi\u0107eva odluka diskriminatorna prema Op\u0161tini Tuzi - dmcsrb.com\" \/>\n<meta property=\"og:description\" content=\"Predsjednik Demokratskog Saveza Albanaca Ivan Ivanaj poru\u010dio je da je odluka predsjednika Crne Gore Jakova Milatovi\u0107a da vrati Skup\u0161tini na ponovno razmatranje Zakon o porezu na nepokretnosti politi\u010dki motivisana i diskriminatorna prema Op\u0161tini Tuzi.\" \/>\n<meta property=\"og:url\" content=\"https:\/\/dmcsrb.com\/en\/politika\/ivanaj-milatoviceva-odluka-diskriminatorna-prema-opstini-tuzi\/\" \/>\n<meta property=\"og:site_name\" content=\"dmcsrb.com\" \/>\n<meta property=\"article:published_time\" content=\"2025-08-02T13:41:00+00:00\" \/>\n<meta property=\"og:image\" content=\"https:\/\/dmcsrb.com\/wp-content\/uploads\/2026\/01\/657498797659769578_553x900.webp\" \/>\n\t<meta property=\"og:image:width\" content=\"899\" \/>\n\t<meta property=\"og:image:height\" content=\"553\" \/>\n\t<meta property=\"og:image:type\" content=\"image\/jpeg\" \/>\n<meta name=\"author\" content=\"dmcsrbija.com@gmail.com\" \/>\n<meta name=\"twitter:card\" content=\"summary_large_image\" \/>\n<meta name=\"twitter:label1\" content=\"Written by\" \/>\n\t<meta name=\"twitter:data1\" content=\"dmcsrbija.com@gmail.com\" \/>\n\t<meta name=\"twitter:label2\" content=\"Estimated reading time\" \/>\n\t<meta name=\"twitter:data2\" content=\"1 minute\" \/>\n<script type=\"application\/ld+json\" class=\"yoast-schema-graph\">{\"@context\":\"https:\/\/schema.org\",\"@graph\":[{\"@type\":\"Article\",\"@id\":\"https:\/\/dmcsrb.com\/politika\/ivanaj-milatoviceva-odluka-diskriminatorna-prema-opstini-tuzi\/#article\",\"isPartOf\":{\"@id\":\"https:\/\/dmcsrb.com\/politika\/ivanaj-milatoviceva-odluka-diskriminatorna-prema-opstini-tuzi\/\"},\"author\":{\"name\":\"dmcsrbija.com@gmail.com\",\"@id\":\"https:\/\/dmcsrb.com\/#\/schema\/person\/5c39170f12db1b8b457732d0b5c854e2\"},\"headline\":\"Ivanaj: Milatovi\u0107eva odluka diskriminatorna prema Op\u0161tini Tuzi\",\"datePublished\":\"2025-08-02T13:41:00+00:00\",\"mainEntityOfPage\":{\"@id\":\"https:\/\/dmcsrb.com\/politika\/ivanaj-milatoviceva-odluka-diskriminatorna-prema-opstini-tuzi\/\"},\"wordCount\":213,\"commentCount\":0,\"image\":{\"@id\":\"https:\/\/dmcsrb.com\/politika\/ivanaj-milatoviceva-odluka-diskriminatorna-prema-opstini-tuzi\/#primaryimage\"},\"thumbnailUrl\":\"https:\/\/dmcsrb.com\/wp-content\/uploads\/2026\/01\/657498797659769578_553x900.webp\",\"keywords\":[\"IVan Ivanaj\",\"Jakov Milatovi\u0107\",\"Tuzi\"],\"articleSection\":[\"Politika\"],\"inLanguage\":\"en-GB\",\"potentialAction\":[{\"@type\":\"CommentAction\",\"name\":\"Comment\",\"target\":[\"https:\/\/dmcsrb.com\/politika\/ivanaj-milatoviceva-odluka-diskriminatorna-prema-opstini-tuzi\/#respond\"]}]},{\"@type\":\"WebPage\",\"@id\":\"https:\/\/dmcsrb.com\/politika\/ivanaj-milatoviceva-odluka-diskriminatorna-prema-opstini-tuzi\/\",\"url\":\"https:\/\/dmcsrb.com\/politika\/ivanaj-milatoviceva-odluka-diskriminatorna-prema-opstini-tuzi\/\",\"name\":\"Ivanaj: Milatovi\u0107eva odluka diskriminatorna prema Op\u0161tini Tuzi - dmcsrb.com\",\"isPartOf\":{\"@id\":\"https:\/\/dmcsrb.com\/#website\"},\"primaryImageOfPage\":{\"@id\":\"https:\/\/dmcsrb.com\/politika\/ivanaj-milatoviceva-odluka-diskriminatorna-prema-opstini-tuzi\/#primaryimage\"},\"image\":{\"@id\":\"https:\/\/dmcsrb.com\/politika\/ivanaj-milatoviceva-odluka-diskriminatorna-prema-opstini-tuzi\/#primaryimage\"},\"thumbnailUrl\":\"https:\/\/dmcsrb.com\/wp-content\/uploads\/2026\/01\/657498797659769578_553x900.webp\",\"datePublished\":\"2025-08-02T13:41:00+00:00\",\"author\":{\"@id\":\"https:\/\/dmcsrb.com\/#\/schema\/person\/5c39170f12db1b8b457732d0b5c854e2\"},\"breadcrumb\":{\"@id\":\"https:\/\/dmcsrb.com\/politika\/ivanaj-milatoviceva-odluka-diskriminatorna-prema-opstini-tuzi\/#breadcrumb\"},\"inLanguage\":\"en-GB\",\"potentialAction\":[{\"@type\":\"ReadAction\",\"target\":[\"https:\/\/dmcsrb.com\/politika\/ivanaj-milatoviceva-odluka-diskriminatorna-prema-opstini-tuzi\/\"]}]},{\"@type\":\"ImageObject\",\"inLanguage\":\"en-GB\",\"@id\":\"https:\/\/dmcsrb.com\/politika\/ivanaj-milatoviceva-odluka-diskriminatorna-prema-opstini-tuzi\/#primaryimage\",\"url\":\"https:\/\/dmcsrb.com\/wp-content\/uploads\/2026\/01\/657498797659769578_553x900.webp\",\"contentUrl\":\"https:\/\/dmcsrb.com\/wp-content\/uploads\/2026\/01\/657498797659769578_553x900.webp\",\"width\":899,\"height\":553},{\"@type\":\"BreadcrumbList\",\"@id\":\"https:\/\/dmcsrb.com\/politika\/ivanaj-milatoviceva-odluka-diskriminatorna-prema-opstini-tuzi\/#breadcrumb\",\"itemListElement\":[{\"@type\":\"ListItem\",\"position\":1,\"name\":\"Home\",\"item\":\"https:\/\/dmcsrb.com\/\"},{\"@type\":\"ListItem\",\"position\":2,\"name\":\"Ivanaj: Milatovi\u0107eva odluka diskriminatorna prema Op\u0161tini Tuzi\"}]},{\"@type\":\"WebSite\",\"@id\":\"https:\/\/dmcsrb.com\/#website\",\"url\":\"https:\/\/dmcsrb.com\/\",\"name\":\"dmcsrb.com\",\"description\":\"\",\"potentialAction\":[{\"@type\":\"SearchAction\",\"target\":{\"@type\":\"EntryPoint\",\"urlTemplate\":\"https:\/\/dmcsrb.com\/?s={search_term_string}\"},\"query-input\":{\"@type\":\"PropertyValueSpecification\",\"valueRequired\":true,\"valueName\":\"search_term_string\"}}],\"inLanguage\":\"en-GB\"},{\"@type\":\"Person\",\"@id\":\"https:\/\/dmcsrb.com\/#\/schema\/person\/5c39170f12db1b8b457732d0b5c854e2\",\"name\":\"dmcsrbija.com@gmail.com\",\"image\":{\"@type\":\"ImageObject\",\"inLanguage\":\"en-GB\",\"@id\":\"https:\/\/dmcsrb.com\/#\/schema\/person\/image\/\",\"url\":\"https:\/\/secure.gravatar.com\/avatar\/68592660ad6347fad0fb587f8d5d8f1a7b44961362f56e4f2cd524feb87e9069?s=96&d=mm&r=g\",\"contentUrl\":\"https:\/\/secure.gravatar.com\/avatar\/68592660ad6347fad0fb587f8d5d8f1a7b44961362f56e4f2cd524feb87e9069?s=96&d=mm&r=g\",\"caption\":\"dmcsrbija.com@gmail.com\"},\"sameAs\":[\"https:\/\/dmcsrb.com\"],\"url\":\"https:\/\/dmcsrb.com\/en\/author\/dmcsrbija-comgmail-com\/\"}]}<\/script>\n<!-- \/ Yoast SEO plugin. -->","yoast_head_json":{"title":"Ivanaj: Milatovi\u0107eva odluka diskriminatorna prema Op\u0161tini Tuzi - dmcsrb.com","robots":{"index":"index","follow":"follow","max-snippet":"max-snippet:-1","max-image-preview":"max-image-preview:large","max-video-preview":"max-video-preview:-1"},"canonical":"https:\/\/dmcsrb.com\/en\/politika\/ivanaj-milatoviceva-odluka-diskriminatorna-prema-opstini-tuzi\/","og_locale":"en_GB","og_type":"article","og_title":"Ivanaj: Milatovi\u0107eva odluka diskriminatorna prema Op\u0161tini Tuzi - dmcsrb.com","og_description":"Predsjednik Demokratskog Saveza Albanaca Ivan Ivanaj poru\u010dio je da je odluka predsjednika Crne Gore Jakova Milatovi\u0107a da vrati Skup\u0161tini na ponovno razmatranje Zakon o porezu na nepokretnosti politi\u010dki motivisana i diskriminatorna prema Op\u0161tini Tuzi.","og_url":"https:\/\/dmcsrb.com\/en\/politika\/ivanaj-milatoviceva-odluka-diskriminatorna-prema-opstini-tuzi\/","og_site_name":"dmcsrb.com","article_published_time":"2025-08-02T13:41:00+00:00","og_image":[{"width":899,"height":553,"url":"https:\/\/dmcsrb.com\/wp-content\/uploads\/2026\/01\/657498797659769578_553x900.webp","type":"image\/jpeg"}],"author":"dmcsrbija.com@gmail.com","twitter_card":"summary_large_image","twitter_misc":{"Written by":"dmcsrbija.com@gmail.com","Estimated reading time":"1 minute"},"schema":{"@context":"https:\/\/schema.org","@graph":[{"@type":"Article","@id":"https:\/\/dmcsrb.com\/politika\/ivanaj-milatoviceva-odluka-diskriminatorna-prema-opstini-tuzi\/#article","isPartOf":{"@id":"https:\/\/dmcsrb.com\/politika\/ivanaj-milatoviceva-odluka-diskriminatorna-prema-opstini-tuzi\/"},"author":{"name":"dmcsrbija.com@gmail.com","@id":"https:\/\/dmcsrb.com\/#\/schema\/person\/5c39170f12db1b8b457732d0b5c854e2"},"headline":"Ivanaj: Milatovi\u0107eva odluka diskriminatorna prema Op\u0161tini Tuzi","datePublished":"2025-08-02T13:41:00+00:00","mainEntityOfPage":{"@id":"https:\/\/dmcsrb.com\/politika\/ivanaj-milatoviceva-odluka-diskriminatorna-prema-opstini-tuzi\/"},"wordCount":213,"commentCount":0,"image":{"@id":"https:\/\/dmcsrb.com\/politika\/ivanaj-milatoviceva-odluka-diskriminatorna-prema-opstini-tuzi\/#primaryimage"},"thumbnailUrl":"https:\/\/dmcsrb.com\/wp-content\/uploads\/2026\/01\/657498797659769578_553x900.webp","keywords":["IVan Ivanaj","Jakov Milatovi\u0107","Tuzi"],"articleSection":["Politika"],"inLanguage":"en-GB","potentialAction":[{"@type":"CommentAction","name":"Comment","target":["https:\/\/dmcsrb.com\/politika\/ivanaj-milatoviceva-odluka-diskriminatorna-prema-opstini-tuzi\/#respond"]}]},{"@type":"WebPage","@id":"https:\/\/dmcsrb.com\/politika\/ivanaj-milatoviceva-odluka-diskriminatorna-prema-opstini-tuzi\/","url":"https:\/\/dmcsrb.com\/politika\/ivanaj-milatoviceva-odluka-diskriminatorna-prema-opstini-tuzi\/","name":"Ivanaj: Milatovi\u0107eva odluka diskriminatorna prema Op\u0161tini Tuzi - dmcsrb.com","isPartOf":{"@id":"https:\/\/dmcsrb.com\/#website"},"primaryImageOfPage":{"@id":"https:\/\/dmcsrb.com\/politika\/ivanaj-milatoviceva-odluka-diskriminatorna-prema-opstini-tuzi\/#primaryimage"},"image":{"@id":"https:\/\/dmcsrb.com\/politika\/ivanaj-milatoviceva-odluka-diskriminatorna-prema-opstini-tuzi\/#primaryimage"},"thumbnailUrl":"https:\/\/dmcsrb.com\/wp-content\/uploads\/2026\/01\/657498797659769578_553x900.webp","datePublished":"2025-08-02T13:41:00+00:00","author":{"@id":"https:\/\/dmcsrb.com\/#\/schema\/person\/5c39170f12db1b8b457732d0b5c854e2"},"breadcrumb":{"@id":"https:\/\/dmcsrb.com\/politika\/ivanaj-milatoviceva-odluka-diskriminatorna-prema-opstini-tuzi\/#breadcrumb"},"inLanguage":"en-GB","potentialAction":[{"@type":"ReadAction","target":["https:\/\/dmcsrb.com\/politika\/ivanaj-milatoviceva-odluka-diskriminatorna-prema-opstini-tuzi\/"]}]},{"@type":"ImageObject","inLanguage":"en-GB","@id":"https:\/\/dmcsrb.com\/politika\/ivanaj-milatoviceva-odluka-diskriminatorna-prema-opstini-tuzi\/#primaryimage","url":"https:\/\/dmcsrb.com\/wp-content\/uploads\/2026\/01\/657498797659769578_553x900.webp","contentUrl":"https:\/\/dmcsrb.com\/wp-content\/uploads\/2026\/01\/657498797659769578_553x900.webp","width":899,"height":553},{"@type":"BreadcrumbList","@id":"https:\/\/dmcsrb.com\/politika\/ivanaj-milatoviceva-odluka-diskriminatorna-prema-opstini-tuzi\/#breadcrumb","itemListElement":[{"@type":"ListItem","position":1,"name":"Home","item":"https:\/\/dmcsrb.com\/"},{"@type":"ListItem","position":2,"name":"Ivanaj: Milatovi\u0107eva odluka diskriminatorna prema Op\u0161tini Tuzi"}]},{"@type":"WebSite","@id":"https:\/\/dmcsrb.com\/#website","url":"https:\/\/dmcsrb.com\/","name":"dmcsrb.com","description":"","potentialAction":[{"@type":"SearchAction","target":{"@type":"EntryPoint","urlTemplate":"https:\/\/dmcsrb.com\/?s={search_term_string}"},"query-input":{"@type":"PropertyValueSpecification","valueRequired":true,"valueName":"search_term_string"}}],"inLanguage":"en-GB"},{"@type":"Person","@id":"https:\/\/dmcsrb.com\/#\/schema\/person\/5c39170f12db1b8b457732d0b5c854e2","name":"dmcsrbija.com@gmail.com","image":{"@type":"ImageObject","inLanguage":"en-GB","@id":"https:\/\/dmcsrb.com\/#\/schema\/person\/image\/","url":"https:\/\/secure.gravatar.com\/avatar\/68592660ad6347fad0fb587f8d5d8f1a7b44961362f56e4f2cd524feb87e9069?s=96&d=mm&r=g","contentUrl":"https:\/\/secure.gravatar.com\/avatar\/68592660ad6347fad0fb587f8d5d8f1a7b44961362f56e4f2cd524feb87e9069?s=96&d=mm&r=g","caption":"dmcsrbija.com@gmail.com"},"sameAs":["https:\/\/dmcsrb.com"],"url":"https:\/\/dmcsrb.com\/en\/author\/dmcsrbija-comgmail-com\/"}]}},"_links":{"self":[{"href":"https:\/\/dmcsrb.com\/en\/wp-json\/wp\/v2\/posts\/943904","targetHints":{"allow":["GET"]}}],"collection":[{"href":"https:\/\/dmcsrb.com\/en\/wp-json\/wp\/v2\/posts"}],"about":[{"href":"https:\/\/dmcsrb.com\/en\/wp-json\/wp\/v2\/types\/post"}],"author":[{"embeddable":true,"href":"https:\/\/dmcsrb.com\/en\/wp-json\/wp\/v2\/users\/1"}],"replies":[{"embeddable":true,"href":"https:\/\/dmcsrb.com\/en\/wp-json\/wp\/v2\/comments?post=943904"}],"version-history":[{"count":0,"href":"https:\/\/dmcsrb.com\/en\/wp-json\/wp\/v2\/posts\/943904\/revisions"}],"wp:featuredmedia":[{"embeddable":true,"href":"https:\/\/dmcsrb.com\/en\/wp-json\/wp\/v2\/media\/943905"}],"wp:attachment":[{"href":"https:\/\/dmcsrb.com\/en\/wp-json\/wp\/v2\/media?parent=943904"}],"wp:term":[{"taxonomy":"category","embeddable":true,"href":"https:\/\/dmcsrb.com\/en\/wp-json\/wp\/v2\/categories?post=943904"},{"taxonomy":"post_tag","embeddable":true,"href":"https:\/\/dmcsrb.com\/en\/wp-json\/wp\/v2\/tags?post=943904"},{"taxonomy":"naslovna","embeddable":true,"href":"https:\/\/dmcsrb.com\/en\/wp-json\/wp\/v2\/naslovna?post=943904"}],"curies":[{"name":"wp","href":"https:\/\/api.w.org\/{rel}","templated":true}]}}