{"id":943899,"date":"2025-08-02T15:50:00","date_gmt":"2025-08-02T13:50:00","guid":{"rendered":"https:\/\/dmcsrb.com\/uncategorized\/milica-velickovic-pojacala-buducnost\/"},"modified":"2025-08-02T15:50:00","modified_gmt":"2025-08-02T13:50:00","slug":"milica-velickovic-pojacala-buducnost","status":"publish","type":"post","link":"https:\/\/dmcsrb.com\/en\/sport\/milica-velickovic-pojacala-buducnost\/","title":{"rendered":"Milica Veli\u010dkovi\u0107 poja\u010dala Budu\u0107nost"},"content":{"rendered":"<p>Kako navode, njena energija u odbrani i kvalitet na prijemu servisa, donije\u0107e sigurnost i jaku konkuretnost na terenu.<\/p>\n\n\n\n<p>Biv\u0161a igra\u010dica Akademije nakon potpisavanja ugovora nije krila zadovoljstvo. <\/p>\n\n\n\n<p>&#8220;Velika mi je \u010dast i zadovoljstvo \u0161to \u0107u u predstoje\u0107im sezonama nositi dres Odbojka\u0161kog kluba Budu\u0107nost. Dolazak u klub koji se nalazi u samom vrhu crnogorske odbojke za mene predstavlja novi izazov i priliku za dalji napredak.<\/p>\n\n\n\n<p>Posebno me privukla posve\u0107enost u radu, kao i jasna vizija kluba da ula\u017ee u razvoj mladih igra\u010dica. U\u010de\u0161\u0107e u MEVZA ligi i CEV Challenge Kupu za nas je veliki korak naprijed i dodatna motivacija za rast i napredak&#8221;, kazala je Veli\u010dkovi\u0107.<\/p>\n\n\n\n<p>&#8220;Draga Milice dobrodo\u0161la u plavo-bijelu porodicu&#8221;, saop\u0161tila je Budu\u0107nost. <\/p>","protected":false},"excerpt":{"rendered":"<p>Crnogorska reprezentativka Milica Veli\u010dkovi\u0107 nova je odbojka\u0161ica Budu\u0107nost voleja, saop\u0161tio je podgori\u010dki klub.<\/p>","protected":false},"author":1,"featured_media":943900,"comment_status":"open","ping_status":"open","sticky":false,"template":"","format":"standard","meta":{"_acf_changed":false,"footnotes":""},"categories":[148],"tags":[16587,3678],"naslovna":[],"class_list":["post-943899","post","type-post","status-publish","format-standard","has-post-thumbnail","hentry","category-sport","tag-milica-velickovic","tag-ok-buducnost-volej"],"acf":[],"yoast_head":"<!-- This site is optimized with the Yoast SEO plugin v27.0 - https:\/\/yoast.com\/product\/yoast-seo-wordpress\/ -->\n<title>Milica Veli\u010dkovi\u0107 poja\u010dala Budu\u0107nost - dmcsrb.com<\/title>\n<meta name=\"robots\" content=\"index, follow, max-snippet:-1, max-image-preview:large, max-video-preview:-1\" \/>\n<link rel=\"canonical\" href=\"https:\/\/dmcsrb.com\/en\/sport\/milica-velickovic-pojacala-buducnost\/\" \/>\n<meta property=\"og:locale\" content=\"en_GB\" \/>\n<meta property=\"og:type\" content=\"article\" \/>\n<meta property=\"og:title\" content=\"Milica Veli\u010dkovi\u0107 poja\u010dala Budu\u0107nost - dmcsrb.com\" \/>\n<meta property=\"og:description\" content=\"Crnogorska reprezentativka Milica Veli\u010dkovi\u0107 nova je odbojka\u0161ica Budu\u0107nost voleja, saop\u0161tio je podgori\u010dki klub.\" \/>\n<meta property=\"og:url\" content=\"https:\/\/dmcsrb.com\/en\/sport\/milica-velickovic-pojacala-buducnost\/\" \/>\n<meta property=\"og:site_name\" content=\"dmcsrb.com\" \/>\n<meta property=\"article:published_time\" content=\"2025-08-02T13:50:00+00:00\" \/>\n<meta property=\"og:image\" content=\"https:\/\/dmcsrb.com\/wp-content\/uploads\/2026\/01\/Milica-Velickovic-ok-buducnost-voley.webp\" \/>\n\t<meta property=\"og:image:width\" content=\"624\" \/>\n\t<meta property=\"og:image:height\" content=\"442\" \/>\n\t<meta property=\"og:image:type\" content=\"image\/jpeg\" \/>\n<meta name=\"author\" content=\"dmcsrbija.com@gmail.com\" \/>\n<meta name=\"twitter:card\" content=\"summary_large_image\" \/>\n<meta name=\"twitter:label1\" content=\"Written by\" \/>\n\t<meta name=\"twitter:data1\" content=\"dmcsrbija.com@gmail.com\" \/>\n\t<meta name=\"twitter:label2\" content=\"Estimated reading time\" \/>\n\t<meta name=\"twitter:data2\" content=\"1 minute\" \/>\n<script type=\"application\/ld+json\" class=\"yoast-schema-graph\">{\"@context\":\"https:\/\/schema.org\",\"@graph\":[{\"@type\":\"Article\",\"@id\":\"https:\/\/dmcsrb.com\/sport\/milica-velickovic-pojacala-buducnost\/#article\",\"isPartOf\":{\"@id\":\"https:\/\/dmcsrb.com\/sport\/milica-velickovic-pojacala-buducnost\/\"},\"author\":{\"name\":\"dmcsrbija.com@gmail.com\",\"@id\":\"https:\/\/dmcsrb.com\/#\/schema\/person\/5c39170f12db1b8b457732d0b5c854e2\"},\"headline\":\"Milica Veli\u010dkovi\u0107 poja\u010dala Budu\u0107nost\",\"datePublished\":\"2025-08-02T13:50:00+00:00\",\"mainEntityOfPage\":{\"@id\":\"https:\/\/dmcsrb.com\/sport\/milica-velickovic-pojacala-buducnost\/\"},\"wordCount\":136,\"commentCount\":0,\"image\":{\"@id\":\"https:\/\/dmcsrb.com\/sport\/milica-velickovic-pojacala-buducnost\/#primaryimage\"},\"thumbnailUrl\":\"https:\/\/dmcsrb.com\/wp-content\/uploads\/2026\/01\/Milica-Velickovic-ok-buducnost-voley.webp\",\"keywords\":[\"Milica Veli\u010dkovi\u0107\",\"OK Budu\u0107nost volej\"],\"articleSection\":[\"Sport\"],\"inLanguage\":\"en-GB\",\"potentialAction\":[{\"@type\":\"CommentAction\",\"name\":\"Comment\",\"target\":[\"https:\/\/dmcsrb.com\/sport\/milica-velickovic-pojacala-buducnost\/#respond\"]}]},{\"@type\":\"WebPage\",\"@id\":\"https:\/\/dmcsrb.com\/sport\/milica-velickovic-pojacala-buducnost\/\",\"url\":\"https:\/\/dmcsrb.com\/sport\/milica-velickovic-pojacala-buducnost\/\",\"name\":\"Milica Veli\u010dkovi\u0107 poja\u010dala Budu\u0107nost - dmcsrb.com\",\"isPartOf\":{\"@id\":\"https:\/\/dmcsrb.com\/#website\"},\"primaryImageOfPage\":{\"@id\":\"https:\/\/dmcsrb.com\/sport\/milica-velickovic-pojacala-buducnost\/#primaryimage\"},\"image\":{\"@id\":\"https:\/\/dmcsrb.com\/sport\/milica-velickovic-pojacala-buducnost\/#primaryimage\"},\"thumbnailUrl\":\"https:\/\/dmcsrb.com\/wp-content\/uploads\/2026\/01\/Milica-Velickovic-ok-buducnost-voley.webp\",\"datePublished\":\"2025-08-02T13:50:00+00:00\",\"author\":{\"@id\":\"https:\/\/dmcsrb.com\/#\/schema\/person\/5c39170f12db1b8b457732d0b5c854e2\"},\"breadcrumb\":{\"@id\":\"https:\/\/dmcsrb.com\/sport\/milica-velickovic-pojacala-buducnost\/#breadcrumb\"},\"inLanguage\":\"en-GB\",\"potentialAction\":[{\"@type\":\"ReadAction\",\"target\":[\"https:\/\/dmcsrb.com\/sport\/milica-velickovic-pojacala-buducnost\/\"]}]},{\"@type\":\"ImageObject\",\"inLanguage\":\"en-GB\",\"@id\":\"https:\/\/dmcsrb.com\/sport\/milica-velickovic-pojacala-buducnost\/#primaryimage\",\"url\":\"https:\/\/dmcsrb.com\/wp-content\/uploads\/2026\/01\/Milica-Velickovic-ok-buducnost-voley.webp\",\"contentUrl\":\"https:\/\/dmcsrb.com\/wp-content\/uploads\/2026\/01\/Milica-Velickovic-ok-buducnost-voley.webp\",\"width\":624,\"height\":442},{\"@type\":\"BreadcrumbList\",\"@id\":\"https:\/\/dmcsrb.com\/sport\/milica-velickovic-pojacala-buducnost\/#breadcrumb\",\"itemListElement\":[{\"@type\":\"ListItem\",\"position\":1,\"name\":\"Home\",\"item\":\"https:\/\/dmcsrb.com\/\"},{\"@type\":\"ListItem\",\"position\":2,\"name\":\"Milica Veli\u010dkovi\u0107 poja\u010dala Budu\u0107nost\"}]},{\"@type\":\"WebSite\",\"@id\":\"https:\/\/dmcsrb.com\/#website\",\"url\":\"https:\/\/dmcsrb.com\/\",\"name\":\"dmcsrb.com\",\"description\":\"\",\"potentialAction\":[{\"@type\":\"SearchAction\",\"target\":{\"@type\":\"EntryPoint\",\"urlTemplate\":\"https:\/\/dmcsrb.com\/?s={search_term_string}\"},\"query-input\":{\"@type\":\"PropertyValueSpecification\",\"valueRequired\":true,\"valueName\":\"search_term_string\"}}],\"inLanguage\":\"en-GB\"},{\"@type\":\"Person\",\"@id\":\"https:\/\/dmcsrb.com\/#\/schema\/person\/5c39170f12db1b8b457732d0b5c854e2\",\"name\":\"dmcsrbija.com@gmail.com\",\"image\":{\"@type\":\"ImageObject\",\"inLanguage\":\"en-GB\",\"@id\":\"https:\/\/dmcsrb.com\/#\/schema\/person\/image\/\",\"url\":\"https:\/\/secure.gravatar.com\/avatar\/68592660ad6347fad0fb587f8d5d8f1a7b44961362f56e4f2cd524feb87e9069?s=96&d=mm&r=g\",\"contentUrl\":\"https:\/\/secure.gravatar.com\/avatar\/68592660ad6347fad0fb587f8d5d8f1a7b44961362f56e4f2cd524feb87e9069?s=96&d=mm&r=g\",\"caption\":\"dmcsrbija.com@gmail.com\"},\"sameAs\":[\"https:\/\/dmcsrb.com\"],\"url\":\"https:\/\/dmcsrb.com\/en\/author\/dmcsrbija-comgmail-com\/\"}]}<\/script>\n<!-- \/ Yoast SEO plugin. -->","yoast_head_json":{"title":"Milica Veli\u010dkovi\u0107 poja\u010dala Budu\u0107nost - dmcsrb.com","robots":{"index":"index","follow":"follow","max-snippet":"max-snippet:-1","max-image-preview":"max-image-preview:large","max-video-preview":"max-video-preview:-1"},"canonical":"https:\/\/dmcsrb.com\/en\/sport\/milica-velickovic-pojacala-buducnost\/","og_locale":"en_GB","og_type":"article","og_title":"Milica Veli\u010dkovi\u0107 poja\u010dala Budu\u0107nost - dmcsrb.com","og_description":"Crnogorska reprezentativka Milica Veli\u010dkovi\u0107 nova je odbojka\u0161ica Budu\u0107nost voleja, saop\u0161tio je podgori\u010dki klub.","og_url":"https:\/\/dmcsrb.com\/en\/sport\/milica-velickovic-pojacala-buducnost\/","og_site_name":"dmcsrb.com","article_published_time":"2025-08-02T13:50:00+00:00","og_image":[{"width":624,"height":442,"url":"https:\/\/dmcsrb.com\/wp-content\/uploads\/2026\/01\/Milica-Velickovic-ok-buducnost-voley.webp","type":"image\/jpeg"}],"author":"dmcsrbija.com@gmail.com","twitter_card":"summary_large_image","twitter_misc":{"Written by":"dmcsrbija.com@gmail.com","Estimated reading time":"1 minute"},"schema":{"@context":"https:\/\/schema.org","@graph":[{"@type":"Article","@id":"https:\/\/dmcsrb.com\/sport\/milica-velickovic-pojacala-buducnost\/#article","isPartOf":{"@id":"https:\/\/dmcsrb.com\/sport\/milica-velickovic-pojacala-buducnost\/"},"author":{"name":"dmcsrbija.com@gmail.com","@id":"https:\/\/dmcsrb.com\/#\/schema\/person\/5c39170f12db1b8b457732d0b5c854e2"},"headline":"Milica Veli\u010dkovi\u0107 poja\u010dala Budu\u0107nost","datePublished":"2025-08-02T13:50:00+00:00","mainEntityOfPage":{"@id":"https:\/\/dmcsrb.com\/sport\/milica-velickovic-pojacala-buducnost\/"},"wordCount":136,"commentCount":0,"image":{"@id":"https:\/\/dmcsrb.com\/sport\/milica-velickovic-pojacala-buducnost\/#primaryimage"},"thumbnailUrl":"https:\/\/dmcsrb.com\/wp-content\/uploads\/2026\/01\/Milica-Velickovic-ok-buducnost-voley.webp","keywords":["Milica Veli\u010dkovi\u0107","OK Budu\u0107nost volej"],"articleSection":["Sport"],"inLanguage":"en-GB","potentialAction":[{"@type":"CommentAction","name":"Comment","target":["https:\/\/dmcsrb.com\/sport\/milica-velickovic-pojacala-buducnost\/#respond"]}]},{"@type":"WebPage","@id":"https:\/\/dmcsrb.com\/sport\/milica-velickovic-pojacala-buducnost\/","url":"https:\/\/dmcsrb.com\/sport\/milica-velickovic-pojacala-buducnost\/","name":"Milica Veli\u010dkovi\u0107 poja\u010dala Budu\u0107nost - dmcsrb.com","isPartOf":{"@id":"https:\/\/dmcsrb.com\/#website"},"primaryImageOfPage":{"@id":"https:\/\/dmcsrb.com\/sport\/milica-velickovic-pojacala-buducnost\/#primaryimage"},"image":{"@id":"https:\/\/dmcsrb.com\/sport\/milica-velickovic-pojacala-buducnost\/#primaryimage"},"thumbnailUrl":"https:\/\/dmcsrb.com\/wp-content\/uploads\/2026\/01\/Milica-Velickovic-ok-buducnost-voley.webp","datePublished":"2025-08-02T13:50:00+00:00","author":{"@id":"https:\/\/dmcsrb.com\/#\/schema\/person\/5c39170f12db1b8b457732d0b5c854e2"},"breadcrumb":{"@id":"https:\/\/dmcsrb.com\/sport\/milica-velickovic-pojacala-buducnost\/#breadcrumb"},"inLanguage":"en-GB","potentialAction":[{"@type":"ReadAction","target":["https:\/\/dmcsrb.com\/sport\/milica-velickovic-pojacala-buducnost\/"]}]},{"@type":"ImageObject","inLanguage":"en-GB","@id":"https:\/\/dmcsrb.com\/sport\/milica-velickovic-pojacala-buducnost\/#primaryimage","url":"https:\/\/dmcsrb.com\/wp-content\/uploads\/2026\/01\/Milica-Velickovic-ok-buducnost-voley.webp","contentUrl":"https:\/\/dmcsrb.com\/wp-content\/uploads\/2026\/01\/Milica-Velickovic-ok-buducnost-voley.webp","width":624,"height":442},{"@type":"BreadcrumbList","@id":"https:\/\/dmcsrb.com\/sport\/milica-velickovic-pojacala-buducnost\/#breadcrumb","itemListElement":[{"@type":"ListItem","position":1,"name":"Home","item":"https:\/\/dmcsrb.com\/"},{"@type":"ListItem","position":2,"name":"Milica Veli\u010dkovi\u0107 poja\u010dala Budu\u0107nost"}]},{"@type":"WebSite","@id":"https:\/\/dmcsrb.com\/#website","url":"https:\/\/dmcsrb.com\/","name":"dmcsrb.com","description":"","potentialAction":[{"@type":"SearchAction","target":{"@type":"EntryPoint","urlTemplate":"https:\/\/dmcsrb.com\/?s={search_term_string}"},"query-input":{"@type":"PropertyValueSpecification","valueRequired":true,"valueName":"search_term_string"}}],"inLanguage":"en-GB"},{"@type":"Person","@id":"https:\/\/dmcsrb.com\/#\/schema\/person\/5c39170f12db1b8b457732d0b5c854e2","name":"dmcsrbija.com@gmail.com","image":{"@type":"ImageObject","inLanguage":"en-GB","@id":"https:\/\/dmcsrb.com\/#\/schema\/person\/image\/","url":"https:\/\/secure.gravatar.com\/avatar\/68592660ad6347fad0fb587f8d5d8f1a7b44961362f56e4f2cd524feb87e9069?s=96&d=mm&r=g","contentUrl":"https:\/\/secure.gravatar.com\/avatar\/68592660ad6347fad0fb587f8d5d8f1a7b44961362f56e4f2cd524feb87e9069?s=96&d=mm&r=g","caption":"dmcsrbija.com@gmail.com"},"sameAs":["https:\/\/dmcsrb.com"],"url":"https:\/\/dmcsrb.com\/en\/author\/dmcsrbija-comgmail-com\/"}]}},"_links":{"self":[{"href":"https:\/\/dmcsrb.com\/en\/wp-json\/wp\/v2\/posts\/943899","targetHints":{"allow":["GET"]}}],"collection":[{"href":"https:\/\/dmcsrb.com\/en\/wp-json\/wp\/v2\/posts"}],"about":[{"href":"https:\/\/dmcsrb.com\/en\/wp-json\/wp\/v2\/types\/post"}],"author":[{"embeddable":true,"href":"https:\/\/dmcsrb.com\/en\/wp-json\/wp\/v2\/users\/1"}],"replies":[{"embeddable":true,"href":"https:\/\/dmcsrb.com\/en\/wp-json\/wp\/v2\/comments?post=943899"}],"version-history":[{"count":0,"href":"https:\/\/dmcsrb.com\/en\/wp-json\/wp\/v2\/posts\/943899\/revisions"}],"wp:featuredmedia":[{"embeddable":true,"href":"https:\/\/dmcsrb.com\/en\/wp-json\/wp\/v2\/media\/943900"}],"wp:attachment":[{"href":"https:\/\/dmcsrb.com\/en\/wp-json\/wp\/v2\/media?parent=943899"}],"wp:term":[{"taxonomy":"category","embeddable":true,"href":"https:\/\/dmcsrb.com\/en\/wp-json\/wp\/v2\/categories?post=943899"},{"taxonomy":"post_tag","embeddable":true,"href":"https:\/\/dmcsrb.com\/en\/wp-json\/wp\/v2\/tags?post=943899"},{"taxonomy":"naslovna","embeddable":true,"href":"https:\/\/dmcsrb.com\/en\/wp-json\/wp\/v2\/naslovna?post=943899"}],"curies":[{"name":"wp","href":"https:\/\/api.w.org\/{rel}","templated":true}]}}