{"id":943886,"date":"2025-08-02T14:30:00","date_gmt":"2025-08-02T12:30:00","guid":{"rendered":"https:\/\/dmcsrb.com\/uncategorized\/vukicevic-i-tolic-sa-predstavnicima-wizz-air-a-povecati-broj-destinacija\/"},"modified":"2025-08-02T14:30:00","modified_gmt":"2025-08-02T12:30:00","slug":"vukicevic-i-tolic-sa-predstavnicima-wizz-air-a-povecati-broj-destinacija","status":"publish","type":"post","link":"https:\/\/dmcsrb.com\/en\/ekonomija\/vukicevic-i-tolic-sa-predstavnicima-wizz-air-a-povecati-broj-destinacija\/","title":{"rendered":"Vuki\u0107evi\u0107 i Toli\u0107 sa predstavnicima Wizz Air-a: Pove\u0107ati broj destinacija"},"content":{"rendered":"<p>Ministarka saobra\u0107aja&nbsp;<strong>Maja Vuki\u0107evi\u0107<\/strong>&nbsp;i izvr\u0161ni direktor Aerodroma Crne Gore&nbsp;<strong>Roko Toli\u0107<\/strong>&nbsp;sastali su se sa visokim menad\u017ementom avio-kompanije Wizz Air, jednog od najve\u0107ih niskotarifnih prevoznika u Evropi.<\/p>\n\n\n\n<p>\u201cTokom sastanka razgovarano je o \u010ditavom nizu konkretnih mjera kojima se i do sada uspje\u0161na saradnja mo\u017ee dodatno unaprijediti, s ciljem otvaranja novog poglavlja u avio-dostupnosti Crne Gore. U fokusu razgovora bilo je pove\u0107anju broja destinacija koje Wizz Air opslu\u017euje iz Crne Gore, \u010dime bi se dodatno osna\u017eila povezanost na\u0161e zemlje sa klju\u010dnim evropskim tr\u017ei\u0161tima\u201d, saop\u0161teno je iz Ministarstva.<\/p>\n\n\n\n<p>Ministarka Vuki\u0107evi\u0107 istakla je da Ministarstvo saobra\u0107aja ostaje posve\u0107eno strate\u0161kom cilju, ja\u010danju me\u0111unarodne povezanosti Crne Gore putem razvoja konkurentnog i pristupa\u010dnog avio-saobra\u0107aja.<\/p>","protected":false},"excerpt":{"rendered":"<p>Ministarka saobra\u0107aja&nbsp;Maja Vuki\u0107evi\u0107&nbsp;i izvr\u0161ni direktor Aerodroma Crne Gore&nbsp;Roko Toli\u0107&nbsp;sastali su se sa visokim menad\u017ementom avio-kompanije Wizz Air, jednog od najve\u0107ih niskotarifnih prevoznika u Evropi. \u201cTokom sastanka razgovarano je o \u010ditavom nizu konkretnih mjera kojima se i do sada uspje\u0161na saradnja mo\u017ee dodatno unaprijediti, s ciljem otvaranja novog poglavlja u avio-dostupnosti Crne Gore. U fokusu razgovora [&hellip;]<\/p>\n","protected":false},"author":1,"featured_media":943887,"comment_status":"open","ping_status":"open","sticky":false,"template":"","format":"standard","meta":{"_acf_changed":false,"footnotes":""},"categories":[27],"tags":[1898,3081,16581],"naslovna":[],"class_list":["post-943886","post","type-post","status-publish","format-standard","has-post-thumbnail","hentry","category-ekonomija","tag-maja-vukicevic","tag-ministarstvo-saobracaja","tag-wizzair"],"acf":[],"yoast_head":"<!-- This site is optimized with the Yoast SEO plugin v27.0 - https:\/\/yoast.com\/product\/yoast-seo-wordpress\/ -->\n<title>Vuki\u0107evi\u0107 i Toli\u0107 sa predstavnicima Wizz Air-a: Pove\u0107ati broj destinacija - dmcsrb.com<\/title>\n<meta name=\"robots\" content=\"index, follow, max-snippet:-1, max-image-preview:large, max-video-preview:-1\" \/>\n<link rel=\"canonical\" href=\"https:\/\/dmcsrb.com\/en\/ekonomija\/vukicevic-i-tolic-sa-predstavnicima-wizz-air-a-povecati-broj-destinacija\/\" \/>\n<meta property=\"og:locale\" content=\"en_GB\" \/>\n<meta property=\"og:type\" content=\"article\" \/>\n<meta property=\"og:title\" content=\"Vuki\u0107evi\u0107 i Toli\u0107 sa predstavnicima Wizz Air-a: Pove\u0107ati broj destinacija - dmcsrb.com\" \/>\n<meta property=\"og:description\" content=\"Ministarka saobra\u0107aja&nbsp;Maja Vuki\u0107evi\u0107&nbsp;i izvr\u0161ni direktor Aerodroma Crne Gore&nbsp;Roko Toli\u0107&nbsp;sastali su se sa visokim menad\u017ementom avio-kompanije Wizz Air, jednog od najve\u0107ih niskotarifnih prevoznika u Evropi. \u201cTokom sastanka razgovarano je o \u010ditavom nizu konkretnih mjera kojima se i do sada uspje\u0161na saradnja mo\u017ee dodatno unaprijediti, s ciljem otvaranja novog poglavlja u avio-dostupnosti Crne Gore. U fokusu razgovora [&hellip;]\" \/>\n<meta property=\"og:url\" content=\"https:\/\/dmcsrb.com\/en\/ekonomija\/vukicevic-i-tolic-sa-predstavnicima-wizz-air-a-povecati-broj-destinacija\/\" \/>\n<meta property=\"og:site_name\" content=\"dmcsrb.com\" \/>\n<meta property=\"article:published_time\" content=\"2025-08-02T12:30:00+00:00\" \/>\n<meta property=\"og:image\" content=\"https:\/\/dmcsrb.com\/wp-content\/uploads\/2026\/01\/IMG-d5c87172938e0b1eb7a988b7754ef343-V-1000x555-1.webp\" \/>\n\t<meta property=\"og:image:width\" content=\"1000\" \/>\n\t<meta property=\"og:image:height\" content=\"555\" \/>\n\t<meta property=\"og:image:type\" content=\"image\/jpeg\" \/>\n<meta name=\"author\" content=\"dmcsrbija.com@gmail.com\" \/>\n<meta name=\"twitter:card\" content=\"summary_large_image\" \/>\n<meta name=\"twitter:label1\" content=\"Written by\" \/>\n\t<meta name=\"twitter:data1\" content=\"dmcsrbija.com@gmail.com\" \/>\n\t<meta name=\"twitter:label2\" content=\"Estimated reading time\" \/>\n\t<meta name=\"twitter:data2\" content=\"1 minute\" \/>\n<script type=\"application\/ld+json\" class=\"yoast-schema-graph\">{\"@context\":\"https:\/\/schema.org\",\"@graph\":[{\"@type\":\"Article\",\"@id\":\"https:\/\/dmcsrb.com\/en\/ekonomija\/vukicevic-i-tolic-sa-predstavnicima-wizz-air-a-povecati-broj-destinacija\/#article\",\"isPartOf\":{\"@id\":\"https:\/\/dmcsrb.com\/en\/ekonomija\/vukicevic-i-tolic-sa-predstavnicima-wizz-air-a-povecati-broj-destinacija\/\"},\"author\":{\"name\":\"dmcsrbija.com@gmail.com\",\"@id\":\"https:\/\/dmcsrb.com\/#\/schema\/person\/5c39170f12db1b8b457732d0b5c854e2\"},\"headline\":\"Vuki\u0107evi\u0107 i Toli\u0107 sa predstavnicima Wizz Air-a: Pove\u0107ati broj destinacija\",\"datePublished\":\"2025-08-02T12:30:00+00:00\",\"mainEntityOfPage\":{\"@id\":\"https:\/\/dmcsrb.com\/en\/ekonomija\/vukicevic-i-tolic-sa-predstavnicima-wizz-air-a-povecati-broj-destinacija\/\"},\"wordCount\":148,\"commentCount\":0,\"image\":{\"@id\":\"https:\/\/dmcsrb.com\/en\/ekonomija\/vukicevic-i-tolic-sa-predstavnicima-wizz-air-a-povecati-broj-destinacija\/#primaryimage\"},\"thumbnailUrl\":\"https:\/\/dmcsrb.com\/wp-content\/uploads\/2026\/01\/IMG-d5c87172938e0b1eb7a988b7754ef343-V-1000x555-1.webp\",\"keywords\":[\"maja vuki\u0107evi\u0107\",\"Ministarstvo saobra\u0107aja\",\"WizzAir\"],\"articleSection\":[\"Ekonomija\"],\"inLanguage\":\"en-GB\",\"potentialAction\":[{\"@type\":\"CommentAction\",\"name\":\"Comment\",\"target\":[\"https:\/\/dmcsrb.com\/en\/ekonomija\/vukicevic-i-tolic-sa-predstavnicima-wizz-air-a-povecati-broj-destinacija\/#respond\"]}]},{\"@type\":\"WebPage\",\"@id\":\"https:\/\/dmcsrb.com\/en\/ekonomija\/vukicevic-i-tolic-sa-predstavnicima-wizz-air-a-povecati-broj-destinacija\/\",\"url\":\"https:\/\/dmcsrb.com\/en\/ekonomija\/vukicevic-i-tolic-sa-predstavnicima-wizz-air-a-povecati-broj-destinacija\/\",\"name\":\"Vuki\u0107evi\u0107 i Toli\u0107 sa predstavnicima Wizz Air-a: Pove\u0107ati broj destinacija - dmcsrb.com\",\"isPartOf\":{\"@id\":\"https:\/\/dmcsrb.com\/#website\"},\"primaryImageOfPage\":{\"@id\":\"https:\/\/dmcsrb.com\/en\/ekonomija\/vukicevic-i-tolic-sa-predstavnicima-wizz-air-a-povecati-broj-destinacija\/#primaryimage\"},\"image\":{\"@id\":\"https:\/\/dmcsrb.com\/en\/ekonomija\/vukicevic-i-tolic-sa-predstavnicima-wizz-air-a-povecati-broj-destinacija\/#primaryimage\"},\"thumbnailUrl\":\"https:\/\/dmcsrb.com\/wp-content\/uploads\/2026\/01\/IMG-d5c87172938e0b1eb7a988b7754ef343-V-1000x555-1.webp\",\"datePublished\":\"2025-08-02T12:30:00+00:00\",\"author\":{\"@id\":\"https:\/\/dmcsrb.com\/#\/schema\/person\/5c39170f12db1b8b457732d0b5c854e2\"},\"breadcrumb\":{\"@id\":\"https:\/\/dmcsrb.com\/en\/ekonomija\/vukicevic-i-tolic-sa-predstavnicima-wizz-air-a-povecati-broj-destinacija\/#breadcrumb\"},\"inLanguage\":\"en-GB\",\"potentialAction\":[{\"@type\":\"ReadAction\",\"target\":[\"https:\/\/dmcsrb.com\/en\/ekonomija\/vukicevic-i-tolic-sa-predstavnicima-wizz-air-a-povecati-broj-destinacija\/\"]}]},{\"@type\":\"ImageObject\",\"inLanguage\":\"en-GB\",\"@id\":\"https:\/\/dmcsrb.com\/en\/ekonomija\/vukicevic-i-tolic-sa-predstavnicima-wizz-air-a-povecati-broj-destinacija\/#primaryimage\",\"url\":\"https:\/\/dmcsrb.com\/wp-content\/uploads\/2026\/01\/IMG-d5c87172938e0b1eb7a988b7754ef343-V-1000x555-1.webp\",\"contentUrl\":\"https:\/\/dmcsrb.com\/wp-content\/uploads\/2026\/01\/IMG-d5c87172938e0b1eb7a988b7754ef343-V-1000x555-1.webp\",\"width\":1000,\"height\":555},{\"@type\":\"BreadcrumbList\",\"@id\":\"https:\/\/dmcsrb.com\/en\/ekonomija\/vukicevic-i-tolic-sa-predstavnicima-wizz-air-a-povecati-broj-destinacija\/#breadcrumb\",\"itemListElement\":[{\"@type\":\"ListItem\",\"position\":1,\"name\":\"Home\",\"item\":\"https:\/\/dmcsrb.com\/\"},{\"@type\":\"ListItem\",\"position\":2,\"name\":\"Vuki\u0107evi\u0107 i Toli\u0107 sa predstavnicima Wizz Air-a: Pove\u0107ati broj destinacija\"}]},{\"@type\":\"WebSite\",\"@id\":\"https:\/\/dmcsrb.com\/#website\",\"url\":\"https:\/\/dmcsrb.com\/\",\"name\":\"dmcsrb.com\",\"description\":\"\",\"potentialAction\":[{\"@type\":\"SearchAction\",\"target\":{\"@type\":\"EntryPoint\",\"urlTemplate\":\"https:\/\/dmcsrb.com\/?s={search_term_string}\"},\"query-input\":{\"@type\":\"PropertyValueSpecification\",\"valueRequired\":true,\"valueName\":\"search_term_string\"}}],\"inLanguage\":\"en-GB\"},{\"@type\":\"Person\",\"@id\":\"https:\/\/dmcsrb.com\/#\/schema\/person\/5c39170f12db1b8b457732d0b5c854e2\",\"name\":\"dmcsrbija.com@gmail.com\",\"image\":{\"@type\":\"ImageObject\",\"inLanguage\":\"en-GB\",\"@id\":\"https:\/\/dmcsrb.com\/#\/schema\/person\/image\/\",\"url\":\"https:\/\/secure.gravatar.com\/avatar\/68592660ad6347fad0fb587f8d5d8f1a7b44961362f56e4f2cd524feb87e9069?s=96&d=mm&r=g\",\"contentUrl\":\"https:\/\/secure.gravatar.com\/avatar\/68592660ad6347fad0fb587f8d5d8f1a7b44961362f56e4f2cd524feb87e9069?s=96&d=mm&r=g\",\"caption\":\"dmcsrbija.com@gmail.com\"},\"sameAs\":[\"https:\/\/dmcsrb.com\"],\"url\":\"https:\/\/dmcsrb.com\/en\/author\/dmcsrbija-comgmail-com\/\"}]}<\/script>\n<!-- \/ Yoast SEO plugin. -->","yoast_head_json":{"title":"Vuki\u0107evi\u0107 i Toli\u0107 sa predstavnicima Wizz Air-a: Pove\u0107ati broj destinacija - dmcsrb.com","robots":{"index":"index","follow":"follow","max-snippet":"max-snippet:-1","max-image-preview":"max-image-preview:large","max-video-preview":"max-video-preview:-1"},"canonical":"https:\/\/dmcsrb.com\/en\/ekonomija\/vukicevic-i-tolic-sa-predstavnicima-wizz-air-a-povecati-broj-destinacija\/","og_locale":"en_GB","og_type":"article","og_title":"Vuki\u0107evi\u0107 i Toli\u0107 sa predstavnicima Wizz Air-a: Pove\u0107ati broj destinacija - dmcsrb.com","og_description":"Ministarka saobra\u0107aja&nbsp;Maja Vuki\u0107evi\u0107&nbsp;i izvr\u0161ni direktor Aerodroma Crne Gore&nbsp;Roko Toli\u0107&nbsp;sastali su se sa visokim menad\u017ementom avio-kompanije Wizz Air, jednog od najve\u0107ih niskotarifnih prevoznika u Evropi. \u201cTokom sastanka razgovarano je o \u010ditavom nizu konkretnih mjera kojima se i do sada uspje\u0161na saradnja mo\u017ee dodatno unaprijediti, s ciljem otvaranja novog poglavlja u avio-dostupnosti Crne Gore. U fokusu razgovora [&hellip;]","og_url":"https:\/\/dmcsrb.com\/en\/ekonomija\/vukicevic-i-tolic-sa-predstavnicima-wizz-air-a-povecati-broj-destinacija\/","og_site_name":"dmcsrb.com","article_published_time":"2025-08-02T12:30:00+00:00","og_image":[{"width":1000,"height":555,"url":"https:\/\/dmcsrb.com\/wp-content\/uploads\/2026\/01\/IMG-d5c87172938e0b1eb7a988b7754ef343-V-1000x555-1.webp","type":"image\/jpeg"}],"author":"dmcsrbija.com@gmail.com","twitter_card":"summary_large_image","twitter_misc":{"Written by":"dmcsrbija.com@gmail.com","Estimated reading time":"1 minute"},"schema":{"@context":"https:\/\/schema.org","@graph":[{"@type":"Article","@id":"https:\/\/dmcsrb.com\/en\/ekonomija\/vukicevic-i-tolic-sa-predstavnicima-wizz-air-a-povecati-broj-destinacija\/#article","isPartOf":{"@id":"https:\/\/dmcsrb.com\/en\/ekonomija\/vukicevic-i-tolic-sa-predstavnicima-wizz-air-a-povecati-broj-destinacija\/"},"author":{"name":"dmcsrbija.com@gmail.com","@id":"https:\/\/dmcsrb.com\/#\/schema\/person\/5c39170f12db1b8b457732d0b5c854e2"},"headline":"Vuki\u0107evi\u0107 i Toli\u0107 sa predstavnicima Wizz Air-a: Pove\u0107ati broj destinacija","datePublished":"2025-08-02T12:30:00+00:00","mainEntityOfPage":{"@id":"https:\/\/dmcsrb.com\/en\/ekonomija\/vukicevic-i-tolic-sa-predstavnicima-wizz-air-a-povecati-broj-destinacija\/"},"wordCount":148,"commentCount":0,"image":{"@id":"https:\/\/dmcsrb.com\/en\/ekonomija\/vukicevic-i-tolic-sa-predstavnicima-wizz-air-a-povecati-broj-destinacija\/#primaryimage"},"thumbnailUrl":"https:\/\/dmcsrb.com\/wp-content\/uploads\/2026\/01\/IMG-d5c87172938e0b1eb7a988b7754ef343-V-1000x555-1.webp","keywords":["maja vuki\u0107evi\u0107","Ministarstvo saobra\u0107aja","WizzAir"],"articleSection":["Ekonomija"],"inLanguage":"en-GB","potentialAction":[{"@type":"CommentAction","name":"Comment","target":["https:\/\/dmcsrb.com\/en\/ekonomija\/vukicevic-i-tolic-sa-predstavnicima-wizz-air-a-povecati-broj-destinacija\/#respond"]}]},{"@type":"WebPage","@id":"https:\/\/dmcsrb.com\/en\/ekonomija\/vukicevic-i-tolic-sa-predstavnicima-wizz-air-a-povecati-broj-destinacija\/","url":"https:\/\/dmcsrb.com\/en\/ekonomija\/vukicevic-i-tolic-sa-predstavnicima-wizz-air-a-povecati-broj-destinacija\/","name":"Vuki\u0107evi\u0107 i Toli\u0107 sa predstavnicima Wizz Air-a: Pove\u0107ati broj destinacija - dmcsrb.com","isPartOf":{"@id":"https:\/\/dmcsrb.com\/#website"},"primaryImageOfPage":{"@id":"https:\/\/dmcsrb.com\/en\/ekonomija\/vukicevic-i-tolic-sa-predstavnicima-wizz-air-a-povecati-broj-destinacija\/#primaryimage"},"image":{"@id":"https:\/\/dmcsrb.com\/en\/ekonomija\/vukicevic-i-tolic-sa-predstavnicima-wizz-air-a-povecati-broj-destinacija\/#primaryimage"},"thumbnailUrl":"https:\/\/dmcsrb.com\/wp-content\/uploads\/2026\/01\/IMG-d5c87172938e0b1eb7a988b7754ef343-V-1000x555-1.webp","datePublished":"2025-08-02T12:30:00+00:00","author":{"@id":"https:\/\/dmcsrb.com\/#\/schema\/person\/5c39170f12db1b8b457732d0b5c854e2"},"breadcrumb":{"@id":"https:\/\/dmcsrb.com\/en\/ekonomija\/vukicevic-i-tolic-sa-predstavnicima-wizz-air-a-povecati-broj-destinacija\/#breadcrumb"},"inLanguage":"en-GB","potentialAction":[{"@type":"ReadAction","target":["https:\/\/dmcsrb.com\/en\/ekonomija\/vukicevic-i-tolic-sa-predstavnicima-wizz-air-a-povecati-broj-destinacija\/"]}]},{"@type":"ImageObject","inLanguage":"en-GB","@id":"https:\/\/dmcsrb.com\/en\/ekonomija\/vukicevic-i-tolic-sa-predstavnicima-wizz-air-a-povecati-broj-destinacija\/#primaryimage","url":"https:\/\/dmcsrb.com\/wp-content\/uploads\/2026\/01\/IMG-d5c87172938e0b1eb7a988b7754ef343-V-1000x555-1.webp","contentUrl":"https:\/\/dmcsrb.com\/wp-content\/uploads\/2026\/01\/IMG-d5c87172938e0b1eb7a988b7754ef343-V-1000x555-1.webp","width":1000,"height":555},{"@type":"BreadcrumbList","@id":"https:\/\/dmcsrb.com\/en\/ekonomija\/vukicevic-i-tolic-sa-predstavnicima-wizz-air-a-povecati-broj-destinacija\/#breadcrumb","itemListElement":[{"@type":"ListItem","position":1,"name":"Home","item":"https:\/\/dmcsrb.com\/"},{"@type":"ListItem","position":2,"name":"Vuki\u0107evi\u0107 i Toli\u0107 sa predstavnicima Wizz Air-a: Pove\u0107ati broj destinacija"}]},{"@type":"WebSite","@id":"https:\/\/dmcsrb.com\/#website","url":"https:\/\/dmcsrb.com\/","name":"dmcsrb.com","description":"","potentialAction":[{"@type":"SearchAction","target":{"@type":"EntryPoint","urlTemplate":"https:\/\/dmcsrb.com\/?s={search_term_string}"},"query-input":{"@type":"PropertyValueSpecification","valueRequired":true,"valueName":"search_term_string"}}],"inLanguage":"en-GB"},{"@type":"Person","@id":"https:\/\/dmcsrb.com\/#\/schema\/person\/5c39170f12db1b8b457732d0b5c854e2","name":"dmcsrbija.com@gmail.com","image":{"@type":"ImageObject","inLanguage":"en-GB","@id":"https:\/\/dmcsrb.com\/#\/schema\/person\/image\/","url":"https:\/\/secure.gravatar.com\/avatar\/68592660ad6347fad0fb587f8d5d8f1a7b44961362f56e4f2cd524feb87e9069?s=96&d=mm&r=g","contentUrl":"https:\/\/secure.gravatar.com\/avatar\/68592660ad6347fad0fb587f8d5d8f1a7b44961362f56e4f2cd524feb87e9069?s=96&d=mm&r=g","caption":"dmcsrbija.com@gmail.com"},"sameAs":["https:\/\/dmcsrb.com"],"url":"https:\/\/dmcsrb.com\/en\/author\/dmcsrbija-comgmail-com\/"}]}},"_links":{"self":[{"href":"https:\/\/dmcsrb.com\/en\/wp-json\/wp\/v2\/posts\/943886","targetHints":{"allow":["GET"]}}],"collection":[{"href":"https:\/\/dmcsrb.com\/en\/wp-json\/wp\/v2\/posts"}],"about":[{"href":"https:\/\/dmcsrb.com\/en\/wp-json\/wp\/v2\/types\/post"}],"author":[{"embeddable":true,"href":"https:\/\/dmcsrb.com\/en\/wp-json\/wp\/v2\/users\/1"}],"replies":[{"embeddable":true,"href":"https:\/\/dmcsrb.com\/en\/wp-json\/wp\/v2\/comments?post=943886"}],"version-history":[{"count":0,"href":"https:\/\/dmcsrb.com\/en\/wp-json\/wp\/v2\/posts\/943886\/revisions"}],"wp:featuredmedia":[{"embeddable":true,"href":"https:\/\/dmcsrb.com\/en\/wp-json\/wp\/v2\/media\/943887"}],"wp:attachment":[{"href":"https:\/\/dmcsrb.com\/en\/wp-json\/wp\/v2\/media?parent=943886"}],"wp:term":[{"taxonomy":"category","embeddable":true,"href":"https:\/\/dmcsrb.com\/en\/wp-json\/wp\/v2\/categories?post=943886"},{"taxonomy":"post_tag","embeddable":true,"href":"https:\/\/dmcsrb.com\/en\/wp-json\/wp\/v2\/tags?post=943886"},{"taxonomy":"naslovna","embeddable":true,"href":"https:\/\/dmcsrb.com\/en\/wp-json\/wp\/v2\/naslovna?post=943886"}],"curies":[{"name":"wp","href":"https:\/\/api.w.org\/{rel}","templated":true}]}}