{"id":943866,"date":"2025-08-02T13:14:00","date_gmt":"2025-08-02T11:14:00","guid":{"rendered":"https:\/\/dmcsrb.com\/uncategorized\/vuksic-kad-prijetnje-prodju-nekaznjeno-desi-se-slucaj-predsjednika-opstine-budva\/"},"modified":"2025-08-02T13:14:00","modified_gmt":"2025-08-02T11:14:00","slug":"vuksic-kad-prijetnje-prodju-nekaznjeno-desi-se-slucaj-predsjednika-opstine-budva","status":"publish","type":"post","link":"https:\/\/dmcsrb.com\/en\/politika\/vuksic-kad-prijetnje-prodju-nekaznjeno-desi-se-slucaj-predsjednika-opstine-budva\/","title":{"rendered":"Vuk\u0161i\u0107: Kad prijetnje pro\u0111u neka\u017enjeno, desi se slu\u010daj predsjednika op\u0161tine Budva"},"content":{"rendered":"<p><\/p>\n\n\n\n<p>&#8211; Posebno kada to \u010dini jedan od najve\u0107ih funkcionera u dr\u017eavi \u2013 potpredsjednik Vlade koji uzgred prijeti jednim cjelokupnim narodom, kojeg fakti\u010dki i poziva na obra\u010dun sa predsjednikom &#8211;&nbsp;kazao je Vuk\u0161i\u0107.<\/p>\n\n\n\n<p>Na nadle\u017enima je, poru\u010duje Vuk\u0161i\u0107, odgovornost da sada djeluju, jasno i u skladu sa zakonom.<\/p>\n\n\n\n<p>&#8211; Ne zaboravimo, od prijetnji se kre\u0107e, i kada te prijetnje pro\u0111u neka\u017enjeno, onda po\u010dinioci dobiju krila, pa se desi slu\u010daj aktuelnog predsjednika op\u0161tine Budva, ali i neki drugi slu\u010dajevi koji ne smiju postati pravilo &#8211;&nbsp;naglasio je Vuk\u0161i\u0107.<\/p>","protected":false},"excerpt":{"rendered":"<p>Ukoliko ovaj slu\u010daj prijetnje predsjedniku dr\u017eave pro\u0111e neka\u017enjeno, onda se time fakti\u010dki poziva javnost da se najvi\u0161im predstavnicima vlasti mo\u017ee neka\u017enjeno prijetiti sa svih nivoa, bilo ko i bilo kada, poru\u010dio je savjetnik za bezbjednost predsjednika Crne Gore Dejan Vuk\u0161i\u0107.<\/p>","protected":false},"author":1,"featured_media":943867,"comment_status":"open","ping_status":"open","sticky":false,"template":"","format":"standard","meta":{"_acf_changed":false,"footnotes":""},"categories":[12],"tags":[16577,16578,4946],"naslovna":[],"class_list":["post-943866","post","type-post","status-publish","format-standard","has-post-thumbnail","hentry","category-politika","tag-dragan-vuksic","tag-predsjednik-opstine-budva","tag-prijetnje"],"acf":[],"yoast_head":"<!-- This site is optimized with the Yoast SEO plugin v27.0 - https:\/\/yoast.com\/product\/yoast-seo-wordpress\/ -->\n<title>Vuk\u0161i\u0107: Kad prijetnje pro\u0111u neka\u017enjeno, desi se slu\u010daj predsjednika op\u0161tine Budva - dmcsrb.com<\/title>\n<meta name=\"robots\" content=\"index, follow, max-snippet:-1, max-image-preview:large, max-video-preview:-1\" \/>\n<link rel=\"canonical\" href=\"https:\/\/dmcsrb.com\/en\/politika\/vuksic-kad-prijetnje-prodju-nekaznjeno-desi-se-slucaj-predsjednika-opstine-budva\/\" \/>\n<meta property=\"og:locale\" content=\"en_GB\" \/>\n<meta property=\"og:type\" content=\"article\" \/>\n<meta property=\"og:title\" content=\"Vuk\u0161i\u0107: Kad prijetnje pro\u0111u neka\u017enjeno, desi se slu\u010daj predsjednika op\u0161tine Budva - dmcsrb.com\" \/>\n<meta property=\"og:description\" content=\"Ukoliko ovaj slu\u010daj prijetnje predsjedniku dr\u017eave pro\u0111e neka\u017enjeno, onda se time fakti\u010dki poziva javnost da se najvi\u0161im predstavnicima vlasti mo\u017ee neka\u017enjeno prijetiti sa svih nivoa, bilo ko i bilo kada, poru\u010dio je savjetnik za bezbjednost predsjednika Crne Gore Dejan Vuk\u0161i\u0107.\" \/>\n<meta property=\"og:url\" content=\"https:\/\/dmcsrb.com\/en\/politika\/vuksic-kad-prijetnje-prodju-nekaznjeno-desi-se-slucaj-predsjednika-opstine-budva\/\" \/>\n<meta property=\"og:site_name\" content=\"dmcsrb.com\" \/>\n<meta property=\"article:published_time\" content=\"2025-08-02T11:14:00+00:00\" \/>\n<meta property=\"og:image\" content=\"https:\/\/dmcsrb.com\/wp-content\/uploads\/2026\/01\/Vuksic-2.webp\" \/>\n\t<meta property=\"og:image:width\" content=\"1150\" \/>\n\t<meta property=\"og:image:height\" content=\"634\" \/>\n\t<meta property=\"og:image:type\" content=\"image\/jpeg\" \/>\n<meta name=\"author\" content=\"dmcsrbija.com@gmail.com\" \/>\n<meta name=\"twitter:card\" content=\"summary_large_image\" \/>\n<meta name=\"twitter:label1\" content=\"Written by\" \/>\n\t<meta name=\"twitter:data1\" content=\"dmcsrbija.com@gmail.com\" \/>\n\t<meta name=\"twitter:label2\" content=\"Estimated reading time\" \/>\n\t<meta name=\"twitter:data2\" content=\"1 minute\" \/>\n<script type=\"application\/ld+json\" class=\"yoast-schema-graph\">{\"@context\":\"https:\/\/schema.org\",\"@graph\":[{\"@type\":\"Article\",\"@id\":\"https:\/\/dmcsrb.com\/politika\/vuksic-kad-prijetnje-prodju-nekaznjeno-desi-se-slucaj-predsjednika-opstine-budva\/#article\",\"isPartOf\":{\"@id\":\"https:\/\/dmcsrb.com\/politika\/vuksic-kad-prijetnje-prodju-nekaznjeno-desi-se-slucaj-predsjednika-opstine-budva\/\"},\"author\":{\"name\":\"dmcsrbija.com@gmail.com\",\"@id\":\"https:\/\/dmcsrb.com\/#\/schema\/person\/5c39170f12db1b8b457732d0b5c854e2\"},\"headline\":\"Vuk\u0161i\u0107: Kad prijetnje pro\u0111u neka\u017enjeno, desi se slu\u010daj predsjednika op\u0161tine Budva\",\"datePublished\":\"2025-08-02T11:14:00+00:00\",\"mainEntityOfPage\":{\"@id\":\"https:\/\/dmcsrb.com\/politika\/vuksic-kad-prijetnje-prodju-nekaznjeno-desi-se-slucaj-predsjednika-opstine-budva\/\"},\"wordCount\":119,\"commentCount\":0,\"image\":{\"@id\":\"https:\/\/dmcsrb.com\/politika\/vuksic-kad-prijetnje-prodju-nekaznjeno-desi-se-slucaj-predsjednika-opstine-budva\/#primaryimage\"},\"thumbnailUrl\":\"https:\/\/dmcsrb.com\/wp-content\/uploads\/2026\/01\/Vuksic-2.webp\",\"keywords\":[\"Dragan Vuk\u0161i\u0107\",\"Predsjednik Op\u0161tine Budva\",\"prijetnje\"],\"articleSection\":[\"Politika\"],\"inLanguage\":\"en-GB\",\"potentialAction\":[{\"@type\":\"CommentAction\",\"name\":\"Comment\",\"target\":[\"https:\/\/dmcsrb.com\/politika\/vuksic-kad-prijetnje-prodju-nekaznjeno-desi-se-slucaj-predsjednika-opstine-budva\/#respond\"]}]},{\"@type\":\"WebPage\",\"@id\":\"https:\/\/dmcsrb.com\/politika\/vuksic-kad-prijetnje-prodju-nekaznjeno-desi-se-slucaj-predsjednika-opstine-budva\/\",\"url\":\"https:\/\/dmcsrb.com\/politika\/vuksic-kad-prijetnje-prodju-nekaznjeno-desi-se-slucaj-predsjednika-opstine-budva\/\",\"name\":\"Vuk\u0161i\u0107: Kad prijetnje pro\u0111u neka\u017enjeno, desi se slu\u010daj predsjednika op\u0161tine Budva - dmcsrb.com\",\"isPartOf\":{\"@id\":\"https:\/\/dmcsrb.com\/#website\"},\"primaryImageOfPage\":{\"@id\":\"https:\/\/dmcsrb.com\/politika\/vuksic-kad-prijetnje-prodju-nekaznjeno-desi-se-slucaj-predsjednika-opstine-budva\/#primaryimage\"},\"image\":{\"@id\":\"https:\/\/dmcsrb.com\/politika\/vuksic-kad-prijetnje-prodju-nekaznjeno-desi-se-slucaj-predsjednika-opstine-budva\/#primaryimage\"},\"thumbnailUrl\":\"https:\/\/dmcsrb.com\/wp-content\/uploads\/2026\/01\/Vuksic-2.webp\",\"datePublished\":\"2025-08-02T11:14:00+00:00\",\"author\":{\"@id\":\"https:\/\/dmcsrb.com\/#\/schema\/person\/5c39170f12db1b8b457732d0b5c854e2\"},\"breadcrumb\":{\"@id\":\"https:\/\/dmcsrb.com\/politika\/vuksic-kad-prijetnje-prodju-nekaznjeno-desi-se-slucaj-predsjednika-opstine-budva\/#breadcrumb\"},\"inLanguage\":\"en-GB\",\"potentialAction\":[{\"@type\":\"ReadAction\",\"target\":[\"https:\/\/dmcsrb.com\/politika\/vuksic-kad-prijetnje-prodju-nekaznjeno-desi-se-slucaj-predsjednika-opstine-budva\/\"]}]},{\"@type\":\"ImageObject\",\"inLanguage\":\"en-GB\",\"@id\":\"https:\/\/dmcsrb.com\/politika\/vuksic-kad-prijetnje-prodju-nekaznjeno-desi-se-slucaj-predsjednika-opstine-budva\/#primaryimage\",\"url\":\"https:\/\/dmcsrb.com\/wp-content\/uploads\/2026\/01\/Vuksic-2.webp\",\"contentUrl\":\"https:\/\/dmcsrb.com\/wp-content\/uploads\/2026\/01\/Vuksic-2.webp\",\"width\":1150,\"height\":634},{\"@type\":\"BreadcrumbList\",\"@id\":\"https:\/\/dmcsrb.com\/politika\/vuksic-kad-prijetnje-prodju-nekaznjeno-desi-se-slucaj-predsjednika-opstine-budva\/#breadcrumb\",\"itemListElement\":[{\"@type\":\"ListItem\",\"position\":1,\"name\":\"Home\",\"item\":\"https:\/\/dmcsrb.com\/\"},{\"@type\":\"ListItem\",\"position\":2,\"name\":\"Vuk\u0161i\u0107: Kad prijetnje pro\u0111u neka\u017enjeno, desi se slu\u010daj predsjednika op\u0161tine Budva\"}]},{\"@type\":\"WebSite\",\"@id\":\"https:\/\/dmcsrb.com\/#website\",\"url\":\"https:\/\/dmcsrb.com\/\",\"name\":\"dmcsrb.com\",\"description\":\"\",\"potentialAction\":[{\"@type\":\"SearchAction\",\"target\":{\"@type\":\"EntryPoint\",\"urlTemplate\":\"https:\/\/dmcsrb.com\/?s={search_term_string}\"},\"query-input\":{\"@type\":\"PropertyValueSpecification\",\"valueRequired\":true,\"valueName\":\"search_term_string\"}}],\"inLanguage\":\"en-GB\"},{\"@type\":\"Person\",\"@id\":\"https:\/\/dmcsrb.com\/#\/schema\/person\/5c39170f12db1b8b457732d0b5c854e2\",\"name\":\"dmcsrbija.com@gmail.com\",\"image\":{\"@type\":\"ImageObject\",\"inLanguage\":\"en-GB\",\"@id\":\"https:\/\/dmcsrb.com\/#\/schema\/person\/image\/\",\"url\":\"https:\/\/secure.gravatar.com\/avatar\/68592660ad6347fad0fb587f8d5d8f1a7b44961362f56e4f2cd524feb87e9069?s=96&d=mm&r=g\",\"contentUrl\":\"https:\/\/secure.gravatar.com\/avatar\/68592660ad6347fad0fb587f8d5d8f1a7b44961362f56e4f2cd524feb87e9069?s=96&d=mm&r=g\",\"caption\":\"dmcsrbija.com@gmail.com\"},\"sameAs\":[\"https:\/\/dmcsrb.com\"],\"url\":\"https:\/\/dmcsrb.com\/en\/author\/dmcsrbija-comgmail-com\/\"}]}<\/script>\n<!-- \/ Yoast SEO plugin. -->","yoast_head_json":{"title":"Vuk\u0161i\u0107: Kad prijetnje pro\u0111u neka\u017enjeno, desi se slu\u010daj predsjednika op\u0161tine Budva - dmcsrb.com","robots":{"index":"index","follow":"follow","max-snippet":"max-snippet:-1","max-image-preview":"max-image-preview:large","max-video-preview":"max-video-preview:-1"},"canonical":"https:\/\/dmcsrb.com\/en\/politika\/vuksic-kad-prijetnje-prodju-nekaznjeno-desi-se-slucaj-predsjednika-opstine-budva\/","og_locale":"en_GB","og_type":"article","og_title":"Vuk\u0161i\u0107: Kad prijetnje pro\u0111u neka\u017enjeno, desi se slu\u010daj predsjednika op\u0161tine Budva - dmcsrb.com","og_description":"Ukoliko ovaj slu\u010daj prijetnje predsjedniku dr\u017eave pro\u0111e neka\u017enjeno, onda se time fakti\u010dki poziva javnost da se najvi\u0161im predstavnicima vlasti mo\u017ee neka\u017enjeno prijetiti sa svih nivoa, bilo ko i bilo kada, poru\u010dio je savjetnik za bezbjednost predsjednika Crne Gore Dejan Vuk\u0161i\u0107.","og_url":"https:\/\/dmcsrb.com\/en\/politika\/vuksic-kad-prijetnje-prodju-nekaznjeno-desi-se-slucaj-predsjednika-opstine-budva\/","og_site_name":"dmcsrb.com","article_published_time":"2025-08-02T11:14:00+00:00","og_image":[{"width":1150,"height":634,"url":"https:\/\/dmcsrb.com\/wp-content\/uploads\/2026\/01\/Vuksic-2.webp","type":"image\/jpeg"}],"author":"dmcsrbija.com@gmail.com","twitter_card":"summary_large_image","twitter_misc":{"Written by":"dmcsrbija.com@gmail.com","Estimated reading time":"1 minute"},"schema":{"@context":"https:\/\/schema.org","@graph":[{"@type":"Article","@id":"https:\/\/dmcsrb.com\/politika\/vuksic-kad-prijetnje-prodju-nekaznjeno-desi-se-slucaj-predsjednika-opstine-budva\/#article","isPartOf":{"@id":"https:\/\/dmcsrb.com\/politika\/vuksic-kad-prijetnje-prodju-nekaznjeno-desi-se-slucaj-predsjednika-opstine-budva\/"},"author":{"name":"dmcsrbija.com@gmail.com","@id":"https:\/\/dmcsrb.com\/#\/schema\/person\/5c39170f12db1b8b457732d0b5c854e2"},"headline":"Vuk\u0161i\u0107: Kad prijetnje pro\u0111u neka\u017enjeno, desi se slu\u010daj predsjednika op\u0161tine Budva","datePublished":"2025-08-02T11:14:00+00:00","mainEntityOfPage":{"@id":"https:\/\/dmcsrb.com\/politika\/vuksic-kad-prijetnje-prodju-nekaznjeno-desi-se-slucaj-predsjednika-opstine-budva\/"},"wordCount":119,"commentCount":0,"image":{"@id":"https:\/\/dmcsrb.com\/politika\/vuksic-kad-prijetnje-prodju-nekaznjeno-desi-se-slucaj-predsjednika-opstine-budva\/#primaryimage"},"thumbnailUrl":"https:\/\/dmcsrb.com\/wp-content\/uploads\/2026\/01\/Vuksic-2.webp","keywords":["Dragan Vuk\u0161i\u0107","Predsjednik Op\u0161tine Budva","prijetnje"],"articleSection":["Politika"],"inLanguage":"en-GB","potentialAction":[{"@type":"CommentAction","name":"Comment","target":["https:\/\/dmcsrb.com\/politika\/vuksic-kad-prijetnje-prodju-nekaznjeno-desi-se-slucaj-predsjednika-opstine-budva\/#respond"]}]},{"@type":"WebPage","@id":"https:\/\/dmcsrb.com\/politika\/vuksic-kad-prijetnje-prodju-nekaznjeno-desi-se-slucaj-predsjednika-opstine-budva\/","url":"https:\/\/dmcsrb.com\/politika\/vuksic-kad-prijetnje-prodju-nekaznjeno-desi-se-slucaj-predsjednika-opstine-budva\/","name":"Vuk\u0161i\u0107: Kad prijetnje pro\u0111u neka\u017enjeno, desi se slu\u010daj predsjednika op\u0161tine Budva - dmcsrb.com","isPartOf":{"@id":"https:\/\/dmcsrb.com\/#website"},"primaryImageOfPage":{"@id":"https:\/\/dmcsrb.com\/politika\/vuksic-kad-prijetnje-prodju-nekaznjeno-desi-se-slucaj-predsjednika-opstine-budva\/#primaryimage"},"image":{"@id":"https:\/\/dmcsrb.com\/politika\/vuksic-kad-prijetnje-prodju-nekaznjeno-desi-se-slucaj-predsjednika-opstine-budva\/#primaryimage"},"thumbnailUrl":"https:\/\/dmcsrb.com\/wp-content\/uploads\/2026\/01\/Vuksic-2.webp","datePublished":"2025-08-02T11:14:00+00:00","author":{"@id":"https:\/\/dmcsrb.com\/#\/schema\/person\/5c39170f12db1b8b457732d0b5c854e2"},"breadcrumb":{"@id":"https:\/\/dmcsrb.com\/politika\/vuksic-kad-prijetnje-prodju-nekaznjeno-desi-se-slucaj-predsjednika-opstine-budva\/#breadcrumb"},"inLanguage":"en-GB","potentialAction":[{"@type":"ReadAction","target":["https:\/\/dmcsrb.com\/politika\/vuksic-kad-prijetnje-prodju-nekaznjeno-desi-se-slucaj-predsjednika-opstine-budva\/"]}]},{"@type":"ImageObject","inLanguage":"en-GB","@id":"https:\/\/dmcsrb.com\/politika\/vuksic-kad-prijetnje-prodju-nekaznjeno-desi-se-slucaj-predsjednika-opstine-budva\/#primaryimage","url":"https:\/\/dmcsrb.com\/wp-content\/uploads\/2026\/01\/Vuksic-2.webp","contentUrl":"https:\/\/dmcsrb.com\/wp-content\/uploads\/2026\/01\/Vuksic-2.webp","width":1150,"height":634},{"@type":"BreadcrumbList","@id":"https:\/\/dmcsrb.com\/politika\/vuksic-kad-prijetnje-prodju-nekaznjeno-desi-se-slucaj-predsjednika-opstine-budva\/#breadcrumb","itemListElement":[{"@type":"ListItem","position":1,"name":"Home","item":"https:\/\/dmcsrb.com\/"},{"@type":"ListItem","position":2,"name":"Vuk\u0161i\u0107: Kad prijetnje pro\u0111u neka\u017enjeno, desi se slu\u010daj predsjednika op\u0161tine Budva"}]},{"@type":"WebSite","@id":"https:\/\/dmcsrb.com\/#website","url":"https:\/\/dmcsrb.com\/","name":"dmcsrb.com","description":"","potentialAction":[{"@type":"SearchAction","target":{"@type":"EntryPoint","urlTemplate":"https:\/\/dmcsrb.com\/?s={search_term_string}"},"query-input":{"@type":"PropertyValueSpecification","valueRequired":true,"valueName":"search_term_string"}}],"inLanguage":"en-GB"},{"@type":"Person","@id":"https:\/\/dmcsrb.com\/#\/schema\/person\/5c39170f12db1b8b457732d0b5c854e2","name":"dmcsrbija.com@gmail.com","image":{"@type":"ImageObject","inLanguage":"en-GB","@id":"https:\/\/dmcsrb.com\/#\/schema\/person\/image\/","url":"https:\/\/secure.gravatar.com\/avatar\/68592660ad6347fad0fb587f8d5d8f1a7b44961362f56e4f2cd524feb87e9069?s=96&d=mm&r=g","contentUrl":"https:\/\/secure.gravatar.com\/avatar\/68592660ad6347fad0fb587f8d5d8f1a7b44961362f56e4f2cd524feb87e9069?s=96&d=mm&r=g","caption":"dmcsrbija.com@gmail.com"},"sameAs":["https:\/\/dmcsrb.com"],"url":"https:\/\/dmcsrb.com\/en\/author\/dmcsrbija-comgmail-com\/"}]}},"_links":{"self":[{"href":"https:\/\/dmcsrb.com\/en\/wp-json\/wp\/v2\/posts\/943866","targetHints":{"allow":["GET"]}}],"collection":[{"href":"https:\/\/dmcsrb.com\/en\/wp-json\/wp\/v2\/posts"}],"about":[{"href":"https:\/\/dmcsrb.com\/en\/wp-json\/wp\/v2\/types\/post"}],"author":[{"embeddable":true,"href":"https:\/\/dmcsrb.com\/en\/wp-json\/wp\/v2\/users\/1"}],"replies":[{"embeddable":true,"href":"https:\/\/dmcsrb.com\/en\/wp-json\/wp\/v2\/comments?post=943866"}],"version-history":[{"count":0,"href":"https:\/\/dmcsrb.com\/en\/wp-json\/wp\/v2\/posts\/943866\/revisions"}],"wp:featuredmedia":[{"embeddable":true,"href":"https:\/\/dmcsrb.com\/en\/wp-json\/wp\/v2\/media\/943867"}],"wp:attachment":[{"href":"https:\/\/dmcsrb.com\/en\/wp-json\/wp\/v2\/media?parent=943866"}],"wp:term":[{"taxonomy":"category","embeddable":true,"href":"https:\/\/dmcsrb.com\/en\/wp-json\/wp\/v2\/categories?post=943866"},{"taxonomy":"post_tag","embeddable":true,"href":"https:\/\/dmcsrb.com\/en\/wp-json\/wp\/v2\/tags?post=943866"},{"taxonomy":"naslovna","embeddable":true,"href":"https:\/\/dmcsrb.com\/en\/wp-json\/wp\/v2\/naslovna?post=943866"}],"curies":[{"name":"wp","href":"https:\/\/api.w.org\/{rel}","templated":true}]}}