{"id":943839,"date":"2025-08-02T10:54:00","date_gmt":"2025-08-02T08:54:00","guid":{"rendered":"https:\/\/dmcsrb.com\/uncategorized\/marko-umjesto-marka-rakonjac-potpisao-za-ofi\/"},"modified":"2025-08-02T10:54:00","modified_gmt":"2025-08-02T08:54:00","slug":"marko-umjesto-marka-rakonjac-potpisao-za-ofi","status":"publish","type":"post","link":"https:\/\/dmcsrb.com\/en\/sport\/marko-umjesto-marka-rakonjac-potpisao-za-ofi\/","title":{"rendered":"Marko umjesto Marka \u2013 Rakonjac potpisao za OFI"},"content":{"rendered":"<p>Novi fudbaler tima sa Krita bi\u0107e povremeni crnogorski reprezentativac&nbsp;<strong>Marko Rakonjac&nbsp;<\/strong>koji dolazi kao slobodan igra\u010d.<\/p>\n\n\n\n<p>Do ovoga ljeta Bjelopoljac je bio \u010dlan moskovske Lokomotive, ali je prethodnu sezonu proveo u ma\u0111arskom Dio\u0161\u0111eru na pozajmici.<\/p>\n\n\n\n<p>U tamo\u0161njem \u0161ampionatu odigrao je 28 utakmica i postigao \u0161est golova, ali je na kraju ipak odlu\u010dio da promijeni sredinu i potpi\u0161e za doskora\u0161nji klub\u00a0<strong>Marka Baki\u0107a<\/strong>.<\/p>\n\n\n\n<p>Javnost Rakonjca najbolje pamti iz vremena kada je igrao za \u010cukari\u010dki \u010dije su ga dobre partije i preporu\u010dile Lokomotivi.<\/p>\n\n\n\n<p>Me\u0111utim, u Rusiji se na\u0161 fudbaler nije sna\u0161ao, odigrao je samo 12 utakmica pa je i\u0161ao na pozajmice u Crvenu zvezdu, TSC i gore pomenuti Dio\u0161\u0111er.<\/p>","protected":false},"excerpt":{"rendered":"<p>Jedan Crnogorac ovog ljeta napustio je redove gr\u010dkog Ofija, ali \u0107e ga zamijeniti drugi.<\/p>","protected":false},"author":1,"featured_media":943840,"comment_status":"open","ping_status":"open","sticky":false,"template":"","format":"standard","meta":{"_acf_changed":false,"footnotes":""},"categories":[148],"tags":[7505,16557,7506],"naslovna":[],"class_list":["post-943839","post","type-post","status-publish","format-standard","has-post-thumbnail","hentry","category-sport","tag-marko-bakic","tag-marko-rakonjac","tag-ofi"],"acf":[],"yoast_head":"<!-- This site is optimized with the Yoast SEO plugin v27.4 - https:\/\/yoast.com\/product\/yoast-seo-wordpress\/ -->\n<title>Marko umjesto Marka \u2013 Rakonjac potpisao za OFI - dmcsrb.com<\/title>\n<meta name=\"robots\" content=\"index, follow, max-snippet:-1, max-image-preview:large, max-video-preview:-1\" \/>\n<link rel=\"canonical\" href=\"https:\/\/dmcsrb.com\/en\/sport\/marko-umjesto-marka-rakonjac-potpisao-za-ofi\/\" \/>\n<meta property=\"og:locale\" content=\"en_GB\" \/>\n<meta property=\"og:type\" content=\"article\" \/>\n<meta property=\"og:title\" content=\"Marko umjesto Marka \u2013 Rakonjac potpisao za OFI - dmcsrb.com\" \/>\n<meta property=\"og:description\" content=\"Jedan Crnogorac ovog ljeta napustio je redove gr\u010dkog Ofija, ali \u0107e ga zamijeniti drugi.\" \/>\n<meta property=\"og:url\" content=\"https:\/\/dmcsrb.com\/en\/sport\/marko-umjesto-marka-rakonjac-potpisao-za-ofi\/\" \/>\n<meta property=\"og:site_name\" content=\"dmcsrb.com\" \/>\n<meta property=\"article:published_time\" content=\"2025-08-02T08:54:00+00:00\" \/>\n<meta property=\"og:image\" content=\"https:\/\/dmcsrb.com\/wp-content\/uploads\/2026\/01\/Marko-Rakonjac-dvtk.eu_.webp\" \/>\n\t<meta property=\"og:image:width\" content=\"1120\" \/>\n\t<meta property=\"og:image:height\" content=\"735\" \/>\n\t<meta property=\"og:image:type\" content=\"image\/webp\" \/>\n<meta name=\"author\" content=\"dmcsrbija.com@gmail.com\" \/>\n<meta name=\"twitter:card\" content=\"summary_large_image\" \/>\n<meta name=\"twitter:label1\" content=\"Written by\" \/>\n\t<meta name=\"twitter:data1\" content=\"dmcsrbija.com@gmail.com\" \/>\n\t<meta name=\"twitter:label2\" content=\"Estimated reading time\" \/>\n\t<meta name=\"twitter:data2\" content=\"1 minute\" \/>\n<script type=\"application\/ld+json\" class=\"yoast-schema-graph\">{\"@context\":\"https:\\\/\\\/schema.org\",\"@graph\":[{\"@type\":\"Article\",\"@id\":\"https:\\\/\\\/dmcsrb.com\\\/sport\\\/marko-umjesto-marka-rakonjac-potpisao-za-ofi\\\/#article\",\"isPartOf\":{\"@id\":\"https:\\\/\\\/dmcsrb.com\\\/sport\\\/marko-umjesto-marka-rakonjac-potpisao-za-ofi\\\/\"},\"author\":{\"name\":\"dmcsrbija.com@gmail.com\",\"@id\":\"https:\\\/\\\/dmcsrb.com\\\/#\\\/schema\\\/person\\\/5c39170f12db1b8b457732d0b5c854e2\"},\"headline\":\"Marko umjesto Marka \u2013 Rakonjac potpisao za OFI\",\"datePublished\":\"2025-08-02T08:54:00+00:00\",\"mainEntityOfPage\":{\"@id\":\"https:\\\/\\\/dmcsrb.com\\\/sport\\\/marko-umjesto-marka-rakonjac-potpisao-za-ofi\\\/\"},\"wordCount\":128,\"commentCount\":0,\"image\":{\"@id\":\"https:\\\/\\\/dmcsrb.com\\\/sport\\\/marko-umjesto-marka-rakonjac-potpisao-za-ofi\\\/#primaryimage\"},\"thumbnailUrl\":\"https:\\\/\\\/dmcsrb.com\\\/wp-content\\\/uploads\\\/2026\\\/01\\\/Marko-Rakonjac-dvtk.eu_.webp\",\"keywords\":[\"Marko Baki\u0107\",\"Marko Rakonjac\",\"OFI\"],\"articleSection\":[\"Sport\"],\"inLanguage\":\"en-GB\",\"potentialAction\":[{\"@type\":\"CommentAction\",\"name\":\"Comment\",\"target\":[\"https:\\\/\\\/dmcsrb.com\\\/sport\\\/marko-umjesto-marka-rakonjac-potpisao-za-ofi\\\/#respond\"]}]},{\"@type\":\"WebPage\",\"@id\":\"https:\\\/\\\/dmcsrb.com\\\/sport\\\/marko-umjesto-marka-rakonjac-potpisao-za-ofi\\\/\",\"url\":\"https:\\\/\\\/dmcsrb.com\\\/sport\\\/marko-umjesto-marka-rakonjac-potpisao-za-ofi\\\/\",\"name\":\"Marko umjesto Marka \u2013 Rakonjac potpisao za OFI - dmcsrb.com\",\"isPartOf\":{\"@id\":\"https:\\\/\\\/dmcsrb.com\\\/#website\"},\"primaryImageOfPage\":{\"@id\":\"https:\\\/\\\/dmcsrb.com\\\/sport\\\/marko-umjesto-marka-rakonjac-potpisao-za-ofi\\\/#primaryimage\"},\"image\":{\"@id\":\"https:\\\/\\\/dmcsrb.com\\\/sport\\\/marko-umjesto-marka-rakonjac-potpisao-za-ofi\\\/#primaryimage\"},\"thumbnailUrl\":\"https:\\\/\\\/dmcsrb.com\\\/wp-content\\\/uploads\\\/2026\\\/01\\\/Marko-Rakonjac-dvtk.eu_.webp\",\"datePublished\":\"2025-08-02T08:54:00+00:00\",\"author\":{\"@id\":\"https:\\\/\\\/dmcsrb.com\\\/#\\\/schema\\\/person\\\/5c39170f12db1b8b457732d0b5c854e2\"},\"breadcrumb\":{\"@id\":\"https:\\\/\\\/dmcsrb.com\\\/sport\\\/marko-umjesto-marka-rakonjac-potpisao-za-ofi\\\/#breadcrumb\"},\"inLanguage\":\"en-GB\",\"potentialAction\":[{\"@type\":\"ReadAction\",\"target\":[\"https:\\\/\\\/dmcsrb.com\\\/sport\\\/marko-umjesto-marka-rakonjac-potpisao-za-ofi\\\/\"]}]},{\"@type\":\"ImageObject\",\"inLanguage\":\"en-GB\",\"@id\":\"https:\\\/\\\/dmcsrb.com\\\/sport\\\/marko-umjesto-marka-rakonjac-potpisao-za-ofi\\\/#primaryimage\",\"url\":\"https:\\\/\\\/dmcsrb.com\\\/wp-content\\\/uploads\\\/2026\\\/01\\\/Marko-Rakonjac-dvtk.eu_.webp\",\"contentUrl\":\"https:\\\/\\\/dmcsrb.com\\\/wp-content\\\/uploads\\\/2026\\\/01\\\/Marko-Rakonjac-dvtk.eu_.webp\",\"width\":1120,\"height\":735},{\"@type\":\"BreadcrumbList\",\"@id\":\"https:\\\/\\\/dmcsrb.com\\\/sport\\\/marko-umjesto-marka-rakonjac-potpisao-za-ofi\\\/#breadcrumb\",\"itemListElement\":[{\"@type\":\"ListItem\",\"position\":1,\"name\":\"Home\",\"item\":\"https:\\\/\\\/dmcsrb.com\\\/\"},{\"@type\":\"ListItem\",\"position\":2,\"name\":\"Marko umjesto Marka \u2013 Rakonjac potpisao za OFI\"}]},{\"@type\":\"WebSite\",\"@id\":\"https:\\\/\\\/dmcsrb.com\\\/#website\",\"url\":\"https:\\\/\\\/dmcsrb.com\\\/\",\"name\":\"dmcsrb.com\",\"description\":\"\",\"potentialAction\":[{\"@type\":\"SearchAction\",\"target\":{\"@type\":\"EntryPoint\",\"urlTemplate\":\"https:\\\/\\\/dmcsrb.com\\\/?s={search_term_string}\"},\"query-input\":{\"@type\":\"PropertyValueSpecification\",\"valueRequired\":true,\"valueName\":\"search_term_string\"}}],\"inLanguage\":\"en-GB\"},{\"@type\":\"Person\",\"@id\":\"https:\\\/\\\/dmcsrb.com\\\/#\\\/schema\\\/person\\\/5c39170f12db1b8b457732d0b5c854e2\",\"name\":\"dmcsrbija.com@gmail.com\",\"image\":{\"@type\":\"ImageObject\",\"inLanguage\":\"en-GB\",\"@id\":\"https:\\\/\\\/secure.gravatar.com\\\/avatar\\\/68592660ad6347fad0fb587f8d5d8f1a7b44961362f56e4f2cd524feb87e9069?s=96&d=mm&r=g\",\"url\":\"https:\\\/\\\/secure.gravatar.com\\\/avatar\\\/68592660ad6347fad0fb587f8d5d8f1a7b44961362f56e4f2cd524feb87e9069?s=96&d=mm&r=g\",\"contentUrl\":\"https:\\\/\\\/secure.gravatar.com\\\/avatar\\\/68592660ad6347fad0fb587f8d5d8f1a7b44961362f56e4f2cd524feb87e9069?s=96&d=mm&r=g\",\"caption\":\"dmcsrbija.com@gmail.com\"},\"sameAs\":[\"https:\\\/\\\/dmcsrb.com\"],\"url\":\"https:\\\/\\\/dmcsrb.com\\\/en\\\/author\\\/dmcsrbija-comgmail-com\\\/\"}]}<\/script>\n<!-- \/ Yoast SEO plugin. -->","yoast_head_json":{"title":"Marko umjesto Marka \u2013 Rakonjac potpisao za OFI - dmcsrb.com","robots":{"index":"index","follow":"follow","max-snippet":"max-snippet:-1","max-image-preview":"max-image-preview:large","max-video-preview":"max-video-preview:-1"},"canonical":"https:\/\/dmcsrb.com\/en\/sport\/marko-umjesto-marka-rakonjac-potpisao-za-ofi\/","og_locale":"en_GB","og_type":"article","og_title":"Marko umjesto Marka \u2013 Rakonjac potpisao za OFI - dmcsrb.com","og_description":"Jedan Crnogorac ovog ljeta napustio je redove gr\u010dkog Ofija, ali \u0107e ga zamijeniti drugi.","og_url":"https:\/\/dmcsrb.com\/en\/sport\/marko-umjesto-marka-rakonjac-potpisao-za-ofi\/","og_site_name":"dmcsrb.com","article_published_time":"2025-08-02T08:54:00+00:00","og_image":[{"width":1120,"height":735,"url":"https:\/\/dmcsrb.com\/wp-content\/uploads\/2026\/01\/Marko-Rakonjac-dvtk.eu_.webp","type":"image\/webp"}],"author":"dmcsrbija.com@gmail.com","twitter_card":"summary_large_image","twitter_misc":{"Written by":"dmcsrbija.com@gmail.com","Estimated reading time":"1 minute"},"schema":{"@context":"https:\/\/schema.org","@graph":[{"@type":"Article","@id":"https:\/\/dmcsrb.com\/sport\/marko-umjesto-marka-rakonjac-potpisao-za-ofi\/#article","isPartOf":{"@id":"https:\/\/dmcsrb.com\/sport\/marko-umjesto-marka-rakonjac-potpisao-za-ofi\/"},"author":{"name":"dmcsrbija.com@gmail.com","@id":"https:\/\/dmcsrb.com\/#\/schema\/person\/5c39170f12db1b8b457732d0b5c854e2"},"headline":"Marko umjesto Marka \u2013 Rakonjac potpisao za OFI","datePublished":"2025-08-02T08:54:00+00:00","mainEntityOfPage":{"@id":"https:\/\/dmcsrb.com\/sport\/marko-umjesto-marka-rakonjac-potpisao-za-ofi\/"},"wordCount":128,"commentCount":0,"image":{"@id":"https:\/\/dmcsrb.com\/sport\/marko-umjesto-marka-rakonjac-potpisao-za-ofi\/#primaryimage"},"thumbnailUrl":"https:\/\/dmcsrb.com\/wp-content\/uploads\/2026\/01\/Marko-Rakonjac-dvtk.eu_.webp","keywords":["Marko Baki\u0107","Marko Rakonjac","OFI"],"articleSection":["Sport"],"inLanguage":"en-GB","potentialAction":[{"@type":"CommentAction","name":"Comment","target":["https:\/\/dmcsrb.com\/sport\/marko-umjesto-marka-rakonjac-potpisao-za-ofi\/#respond"]}]},{"@type":"WebPage","@id":"https:\/\/dmcsrb.com\/sport\/marko-umjesto-marka-rakonjac-potpisao-za-ofi\/","url":"https:\/\/dmcsrb.com\/sport\/marko-umjesto-marka-rakonjac-potpisao-za-ofi\/","name":"Marko umjesto Marka \u2013 Rakonjac potpisao za OFI - dmcsrb.com","isPartOf":{"@id":"https:\/\/dmcsrb.com\/#website"},"primaryImageOfPage":{"@id":"https:\/\/dmcsrb.com\/sport\/marko-umjesto-marka-rakonjac-potpisao-za-ofi\/#primaryimage"},"image":{"@id":"https:\/\/dmcsrb.com\/sport\/marko-umjesto-marka-rakonjac-potpisao-za-ofi\/#primaryimage"},"thumbnailUrl":"https:\/\/dmcsrb.com\/wp-content\/uploads\/2026\/01\/Marko-Rakonjac-dvtk.eu_.webp","datePublished":"2025-08-02T08:54:00+00:00","author":{"@id":"https:\/\/dmcsrb.com\/#\/schema\/person\/5c39170f12db1b8b457732d0b5c854e2"},"breadcrumb":{"@id":"https:\/\/dmcsrb.com\/sport\/marko-umjesto-marka-rakonjac-potpisao-za-ofi\/#breadcrumb"},"inLanguage":"en-GB","potentialAction":[{"@type":"ReadAction","target":["https:\/\/dmcsrb.com\/sport\/marko-umjesto-marka-rakonjac-potpisao-za-ofi\/"]}]},{"@type":"ImageObject","inLanguage":"en-GB","@id":"https:\/\/dmcsrb.com\/sport\/marko-umjesto-marka-rakonjac-potpisao-za-ofi\/#primaryimage","url":"https:\/\/dmcsrb.com\/wp-content\/uploads\/2026\/01\/Marko-Rakonjac-dvtk.eu_.webp","contentUrl":"https:\/\/dmcsrb.com\/wp-content\/uploads\/2026\/01\/Marko-Rakonjac-dvtk.eu_.webp","width":1120,"height":735},{"@type":"BreadcrumbList","@id":"https:\/\/dmcsrb.com\/sport\/marko-umjesto-marka-rakonjac-potpisao-za-ofi\/#breadcrumb","itemListElement":[{"@type":"ListItem","position":1,"name":"Home","item":"https:\/\/dmcsrb.com\/"},{"@type":"ListItem","position":2,"name":"Marko umjesto Marka \u2013 Rakonjac potpisao za OFI"}]},{"@type":"WebSite","@id":"https:\/\/dmcsrb.com\/#website","url":"https:\/\/dmcsrb.com\/","name":"dmcsrb.com","description":"","potentialAction":[{"@type":"SearchAction","target":{"@type":"EntryPoint","urlTemplate":"https:\/\/dmcsrb.com\/?s={search_term_string}"},"query-input":{"@type":"PropertyValueSpecification","valueRequired":true,"valueName":"search_term_string"}}],"inLanguage":"en-GB"},{"@type":"Person","@id":"https:\/\/dmcsrb.com\/#\/schema\/person\/5c39170f12db1b8b457732d0b5c854e2","name":"dmcsrbija.com@gmail.com","image":{"@type":"ImageObject","inLanguage":"en-GB","@id":"https:\/\/secure.gravatar.com\/avatar\/68592660ad6347fad0fb587f8d5d8f1a7b44961362f56e4f2cd524feb87e9069?s=96&d=mm&r=g","url":"https:\/\/secure.gravatar.com\/avatar\/68592660ad6347fad0fb587f8d5d8f1a7b44961362f56e4f2cd524feb87e9069?s=96&d=mm&r=g","contentUrl":"https:\/\/secure.gravatar.com\/avatar\/68592660ad6347fad0fb587f8d5d8f1a7b44961362f56e4f2cd524feb87e9069?s=96&d=mm&r=g","caption":"dmcsrbija.com@gmail.com"},"sameAs":["https:\/\/dmcsrb.com"],"url":"https:\/\/dmcsrb.com\/en\/author\/dmcsrbija-comgmail-com\/"}]}},"_links":{"self":[{"href":"https:\/\/dmcsrb.com\/en\/wp-json\/wp\/v2\/posts\/943839","targetHints":{"allow":["GET"]}}],"collection":[{"href":"https:\/\/dmcsrb.com\/en\/wp-json\/wp\/v2\/posts"}],"about":[{"href":"https:\/\/dmcsrb.com\/en\/wp-json\/wp\/v2\/types\/post"}],"author":[{"embeddable":true,"href":"https:\/\/dmcsrb.com\/en\/wp-json\/wp\/v2\/users\/1"}],"replies":[{"embeddable":true,"href":"https:\/\/dmcsrb.com\/en\/wp-json\/wp\/v2\/comments?post=943839"}],"version-history":[{"count":0,"href":"https:\/\/dmcsrb.com\/en\/wp-json\/wp\/v2\/posts\/943839\/revisions"}],"wp:featuredmedia":[{"embeddable":true,"href":"https:\/\/dmcsrb.com\/en\/wp-json\/wp\/v2\/media\/943840"}],"wp:attachment":[{"href":"https:\/\/dmcsrb.com\/en\/wp-json\/wp\/v2\/media?parent=943839"}],"wp:term":[{"taxonomy":"category","embeddable":true,"href":"https:\/\/dmcsrb.com\/en\/wp-json\/wp\/v2\/categories?post=943839"},{"taxonomy":"post_tag","embeddable":true,"href":"https:\/\/dmcsrb.com\/en\/wp-json\/wp\/v2\/tags?post=943839"},{"taxonomy":"naslovna","embeddable":true,"href":"https:\/\/dmcsrb.com\/en\/wp-json\/wp\/v2\/naslovna?post=943839"}],"curies":[{"name":"wp","href":"https:\/\/api.w.org\/{rel}","templated":true}]}}