{"id":943833,"date":"2025-08-02T09:59:00","date_gmt":"2025-08-02T07:59:00","guid":{"rendered":"https:\/\/dmcsrb.com\/uncategorized\/crna-gora-porazena-od-austrije\/"},"modified":"2025-08-02T09:59:00","modified_gmt":"2025-08-02T07:59:00","slug":"crna-gora-porazena-od-austrije","status":"publish","type":"post","link":"https:\/\/dmcsrb.com\/en\/sport\/crna-gora-porazena-od-austrije\/","title":{"rendered":"Crna Gora pora\u017eena od Austrije"},"content":{"rendered":"<p>Iako je regularni dio me\u010da zavr\u0161en maksimalnom pobjedom gostiju, na\u0161 mladi tim pru\u017eio je dobru partiju, uklju\u010duju\u0107i i dodatni set koji je vi\u0111en u SC \u201eKola\u0161in\u201c.<\/p>\n\n\n\n<p>Nakon uzbudljivog prvog seta, u kojem su se timovi smjenjivali u vo\u0111stvu do samog kraja, Austrija je povela sa 28:26. Tre\u0107i set bio je ujedna\u010den sve do 45. poena, kada su gosti mini serijom&nbsp; ostvarili trijumf. Kao \u0161to je uobi\u010dajeno u pripremnim utakmicama, odigran je i dodatni set \u2013 u dogovoru selektora&nbsp;<strong>Ivice Jevti\u0107a<\/strong>&nbsp;i&nbsp;<strong>Radovana Ga\u010di\u0107a<\/strong>&nbsp;\u2013 bio je neizvjestan i intenzivan, a pripao je Crnoj Gori rezultatom 26:24.<\/p>\n\n\n\n<p>Ra\u010dunaju\u0107i sva \u010detiri seta\u00a0<strong>Nemanja Peruni\u010di\u0107<\/strong>\u00a0bio je najefikasniji u na\u0161em timu sa 12 poena, dva vi\u0161e od kapitena\u00a0<strong>\u0110or\u0111a Jovovi\u0107a<\/strong>, dok je\u00a0<strong>Vuka\u0161in Cimbaljevi\u0107<\/strong>\u00a0osvojio devet. Svi igra\u010di dobili su priliku, do sedam poena brojao je\u00a0<strong>Matija \u0106in\u0107ur<\/strong>, a \u0161est poena osvojio je najmla\u0111i \u010dlan ekipe,\u00a0<strong>Vuk Stanojevi\u0107<\/strong>. Kod Austrije, najbolji pojedinac bio je\u00a0<strong>Paul Buheger<\/strong>\u00a0sa 16 poena.<\/p>\n\n\n\n<p>Nakon ove utakmice, rivali \u0107e danas odigrati i trening-me\u010d zatvorenog tipa, u okviru zavr\u0161ne faze priprema za kvalifikacije. Crnu Goru o\u010dekuju dueli sa \u010ce\u0161kom, 13. avgusta u gostima, i \u010detiri dana kasnije protiv Norve\u0161ke u Kola\u0161inu, u posljednjem me\u010du grupe C.<\/p>\n\n\n\n<h3 class=\"wp-block-heading\">CRNA GORA \u2013 AUSTRIJA 0:3 <strong>(26:28, 20:25, 22:25)<\/strong><\/h3>\n\n\n\n<p>SC \u201cKola\u0161in\u201d. Sudije:&nbsp;<strong>Jelena Mitrovi\u010d&nbsp;<\/strong>i&nbsp;<strong>An\u0111ela \u0110ukovi\u0107&nbsp;<\/strong>(Crna Gora).<\/p>\n\n\n\n<p>Montenegro<strong>:<\/strong>&nbsp;<strong>Dubak, \u0106in\u0107ur 7, Peruni\u010di\u0107 12, Cimbaljevi\u0107 9, M. Joksimovi\u0107 1, A. Joksimovi\u0107 (libero), V. Milenkovi\u0107 5, R. Milenkovi\u0107 4, Le\u010di\u0107 1, Loji\u0107, \u010celebi\u0107 1, Jovovi\u0107 10, Rov\u010danin, \u0110urovi\u0107 4, Pavi\u0107evi\u0107 3, Stanojevi\u0107 6.&nbsp;<\/strong>Selektor:&nbsp;<strong>Ivica Jevti\u0107<\/strong>.<\/p>\n\n\n\n<p>Austrija:&nbsp;<strong>Miler, Sto\u0161, Krasing, Kicinger, Zablatnig 1, Vilimek 3, Berger 8, Taler 1, \u010cervinski 6, Glac 13, Buheger 16, Eker, Nusterer 6, Jurkovi\u010d 10, Grabmiler 4, Mileder 1.&nbsp;<\/strong>Selektor:<strong>&nbsp;Radovan Ga\u010di\u0107.<\/strong><\/p>\n\n\n\n<p><a href=\"https:\/\/eurovolley.cev.eu\/en\/2026\/\" target=\"_blank\" rel=\"noreferrer noopener\"><\/a><\/p>","protected":false},"excerpt":{"rendered":"<p>Mu\u0161ka odbojka\u0161ka reprezentacija Crne Gore izgubila je od Austrije 3:0 (28:26, 25:20, 25:22) u kontrolnoj utakmici u Kola\u0161inu, odigranoj u sklopu priprema obje selekcije za zavr\u0161na dva kola kvalifikacija za Evropsko prvenstvo 2026. godine.<\/p>","protected":false},"author":1,"featured_media":943834,"comment_status":"open","ping_status":"open","sticky":false,"template":"","format":"standard","meta":{"_acf_changed":false,"footnotes":""},"categories":[148],"tags":[16342,2151,16555],"naslovna":[],"class_list":["post-943833","post","type-post","status-publish","format-standard","has-post-thumbnail","hentry","category-sport","tag-muska-odbojkaska-reprezentacija-austrije","tag-muska-odbojkaska-reprezentacija-crne-gore","tag-pripreme-za-ep-2026"],"acf":[],"yoast_head":"<!-- This site is optimized with the Yoast SEO plugin v27.4 - https:\/\/yoast.com\/product\/yoast-seo-wordpress\/ -->\n<title>Crna Gora pora\u017eena od Austrije - dmcsrb.com<\/title>\n<meta name=\"robots\" content=\"index, follow, max-snippet:-1, max-image-preview:large, max-video-preview:-1\" \/>\n<link rel=\"canonical\" href=\"https:\/\/dmcsrb.com\/en\/sport\/crna-gora-porazena-od-austrije\/\" \/>\n<meta property=\"og:locale\" content=\"en_GB\" \/>\n<meta property=\"og:type\" content=\"article\" \/>\n<meta property=\"og:title\" content=\"Crna Gora pora\u017eena od Austrije - dmcsrb.com\" \/>\n<meta property=\"og:description\" content=\"Mu\u0161ka odbojka\u0161ka reprezentacija Crne Gore izgubila je od Austrije 3:0 (28:26, 25:20, 25:22) u kontrolnoj utakmici u Kola\u0161inu, odigranoj u sklopu priprema obje selekcije za zavr\u0161na dva kola kvalifikacija za Evropsko prvenstvo 2026. godine.\" \/>\n<meta property=\"og:url\" content=\"https:\/\/dmcsrb.com\/en\/sport\/crna-gora-porazena-od-austrije\/\" \/>\n<meta property=\"og:site_name\" content=\"dmcsrb.com\" \/>\n<meta property=\"article:published_time\" content=\"2025-08-02T07:59:00+00:00\" \/>\n<meta property=\"og:image\" content=\"https:\/\/dmcsrb.com\/wp-content\/uploads\/2026\/01\/Odbojkasi-OSCG-1-1.webp\" \/>\n\t<meta property=\"og:image:width\" content=\"2000\" \/>\n\t<meta property=\"og:image:height\" content=\"1333\" \/>\n\t<meta property=\"og:image:type\" content=\"image\/jpeg\" \/>\n<meta name=\"author\" content=\"dmcsrbija.com@gmail.com\" \/>\n<meta name=\"twitter:card\" content=\"summary_large_image\" \/>\n<meta name=\"twitter:label1\" content=\"Written by\" \/>\n\t<meta name=\"twitter:data1\" content=\"dmcsrbija.com@gmail.com\" \/>\n\t<meta name=\"twitter:label2\" content=\"Estimated reading time\" \/>\n\t<meta name=\"twitter:data2\" content=\"2 minutes\" \/>\n<script type=\"application\/ld+json\" class=\"yoast-schema-graph\">{\"@context\":\"https:\\\/\\\/schema.org\",\"@graph\":[{\"@type\":\"Article\",\"@id\":\"https:\\\/\\\/dmcsrb.com\\\/sport\\\/crna-gora-porazena-od-austrije\\\/#article\",\"isPartOf\":{\"@id\":\"https:\\\/\\\/dmcsrb.com\\\/sport\\\/crna-gora-porazena-od-austrije\\\/\"},\"author\":{\"name\":\"dmcsrbija.com@gmail.com\",\"@id\":\"https:\\\/\\\/dmcsrb.com\\\/#\\\/schema\\\/person\\\/5c39170f12db1b8b457732d0b5c854e2\"},\"headline\":\"Crna Gora pora\u017eena od Austrije\",\"datePublished\":\"2025-08-02T07:59:00+00:00\",\"mainEntityOfPage\":{\"@id\":\"https:\\\/\\\/dmcsrb.com\\\/sport\\\/crna-gora-porazena-od-austrije\\\/\"},\"wordCount\":308,\"commentCount\":0,\"image\":{\"@id\":\"https:\\\/\\\/dmcsrb.com\\\/sport\\\/crna-gora-porazena-od-austrije\\\/#primaryimage\"},\"thumbnailUrl\":\"https:\\\/\\\/dmcsrb.com\\\/wp-content\\\/uploads\\\/2026\\\/01\\\/Odbojkasi-OSCG-1-1.webp\",\"keywords\":[\"Mu\u0161ka odbojka\u0161ka reprezentacija Austrije\",\"Mu\u0161ka odbojka\u0161ka reprezentacija Crne Gore\",\"pripreme za EP 2026\"],\"articleSection\":[\"Sport\"],\"inLanguage\":\"en-GB\",\"potentialAction\":[{\"@type\":\"CommentAction\",\"name\":\"Comment\",\"target\":[\"https:\\\/\\\/dmcsrb.com\\\/sport\\\/crna-gora-porazena-od-austrije\\\/#respond\"]}]},{\"@type\":\"WebPage\",\"@id\":\"https:\\\/\\\/dmcsrb.com\\\/sport\\\/crna-gora-porazena-od-austrije\\\/\",\"url\":\"https:\\\/\\\/dmcsrb.com\\\/sport\\\/crna-gora-porazena-od-austrije\\\/\",\"name\":\"Crna Gora pora\u017eena od Austrije - dmcsrb.com\",\"isPartOf\":{\"@id\":\"https:\\\/\\\/dmcsrb.com\\\/#website\"},\"primaryImageOfPage\":{\"@id\":\"https:\\\/\\\/dmcsrb.com\\\/sport\\\/crna-gora-porazena-od-austrije\\\/#primaryimage\"},\"image\":{\"@id\":\"https:\\\/\\\/dmcsrb.com\\\/sport\\\/crna-gora-porazena-od-austrije\\\/#primaryimage\"},\"thumbnailUrl\":\"https:\\\/\\\/dmcsrb.com\\\/wp-content\\\/uploads\\\/2026\\\/01\\\/Odbojkasi-OSCG-1-1.webp\",\"datePublished\":\"2025-08-02T07:59:00+00:00\",\"author\":{\"@id\":\"https:\\\/\\\/dmcsrb.com\\\/#\\\/schema\\\/person\\\/5c39170f12db1b8b457732d0b5c854e2\"},\"breadcrumb\":{\"@id\":\"https:\\\/\\\/dmcsrb.com\\\/sport\\\/crna-gora-porazena-od-austrije\\\/#breadcrumb\"},\"inLanguage\":\"en-GB\",\"potentialAction\":[{\"@type\":\"ReadAction\",\"target\":[\"https:\\\/\\\/dmcsrb.com\\\/sport\\\/crna-gora-porazena-od-austrije\\\/\"]}]},{\"@type\":\"ImageObject\",\"inLanguage\":\"en-GB\",\"@id\":\"https:\\\/\\\/dmcsrb.com\\\/sport\\\/crna-gora-porazena-od-austrije\\\/#primaryimage\",\"url\":\"https:\\\/\\\/dmcsrb.com\\\/wp-content\\\/uploads\\\/2026\\\/01\\\/Odbojkasi-OSCG-1-1.webp\",\"contentUrl\":\"https:\\\/\\\/dmcsrb.com\\\/wp-content\\\/uploads\\\/2026\\\/01\\\/Odbojkasi-OSCG-1-1.webp\",\"width\":2000,\"height\":1333},{\"@type\":\"BreadcrumbList\",\"@id\":\"https:\\\/\\\/dmcsrb.com\\\/sport\\\/crna-gora-porazena-od-austrije\\\/#breadcrumb\",\"itemListElement\":[{\"@type\":\"ListItem\",\"position\":1,\"name\":\"Home\",\"item\":\"https:\\\/\\\/dmcsrb.com\\\/\"},{\"@type\":\"ListItem\",\"position\":2,\"name\":\"Crna Gora pora\u017eena od Austrije\"}]},{\"@type\":\"WebSite\",\"@id\":\"https:\\\/\\\/dmcsrb.com\\\/#website\",\"url\":\"https:\\\/\\\/dmcsrb.com\\\/\",\"name\":\"dmcsrb.com\",\"description\":\"\",\"potentialAction\":[{\"@type\":\"SearchAction\",\"target\":{\"@type\":\"EntryPoint\",\"urlTemplate\":\"https:\\\/\\\/dmcsrb.com\\\/?s={search_term_string}\"},\"query-input\":{\"@type\":\"PropertyValueSpecification\",\"valueRequired\":true,\"valueName\":\"search_term_string\"}}],\"inLanguage\":\"en-GB\"},{\"@type\":\"Person\",\"@id\":\"https:\\\/\\\/dmcsrb.com\\\/#\\\/schema\\\/person\\\/5c39170f12db1b8b457732d0b5c854e2\",\"name\":\"dmcsrbija.com@gmail.com\",\"image\":{\"@type\":\"ImageObject\",\"inLanguage\":\"en-GB\",\"@id\":\"https:\\\/\\\/secure.gravatar.com\\\/avatar\\\/68592660ad6347fad0fb587f8d5d8f1a7b44961362f56e4f2cd524feb87e9069?s=96&d=mm&r=g\",\"url\":\"https:\\\/\\\/secure.gravatar.com\\\/avatar\\\/68592660ad6347fad0fb587f8d5d8f1a7b44961362f56e4f2cd524feb87e9069?s=96&d=mm&r=g\",\"contentUrl\":\"https:\\\/\\\/secure.gravatar.com\\\/avatar\\\/68592660ad6347fad0fb587f8d5d8f1a7b44961362f56e4f2cd524feb87e9069?s=96&d=mm&r=g\",\"caption\":\"dmcsrbija.com@gmail.com\"},\"sameAs\":[\"https:\\\/\\\/dmcsrb.com\"],\"url\":\"https:\\\/\\\/dmcsrb.com\\\/en\\\/author\\\/dmcsrbija-comgmail-com\\\/\"}]}<\/script>\n<!-- \/ Yoast SEO plugin. -->","yoast_head_json":{"title":"Crna Gora pora\u017eena od Austrije - dmcsrb.com","robots":{"index":"index","follow":"follow","max-snippet":"max-snippet:-1","max-image-preview":"max-image-preview:large","max-video-preview":"max-video-preview:-1"},"canonical":"https:\/\/dmcsrb.com\/en\/sport\/crna-gora-porazena-od-austrije\/","og_locale":"en_GB","og_type":"article","og_title":"Crna Gora pora\u017eena od Austrije - dmcsrb.com","og_description":"Mu\u0161ka odbojka\u0161ka reprezentacija Crne Gore izgubila je od Austrije 3:0 (28:26, 25:20, 25:22) u kontrolnoj utakmici u Kola\u0161inu, odigranoj u sklopu priprema obje selekcije za zavr\u0161na dva kola kvalifikacija za Evropsko prvenstvo 2026. godine.","og_url":"https:\/\/dmcsrb.com\/en\/sport\/crna-gora-porazena-od-austrije\/","og_site_name":"dmcsrb.com","article_published_time":"2025-08-02T07:59:00+00:00","og_image":[{"width":2000,"height":1333,"url":"https:\/\/dmcsrb.com\/wp-content\/uploads\/2026\/01\/Odbojkasi-OSCG-1-1.webp","type":"image\/jpeg"}],"author":"dmcsrbija.com@gmail.com","twitter_card":"summary_large_image","twitter_misc":{"Written by":"dmcsrbija.com@gmail.com","Estimated reading time":"2 minutes"},"schema":{"@context":"https:\/\/schema.org","@graph":[{"@type":"Article","@id":"https:\/\/dmcsrb.com\/sport\/crna-gora-porazena-od-austrije\/#article","isPartOf":{"@id":"https:\/\/dmcsrb.com\/sport\/crna-gora-porazena-od-austrije\/"},"author":{"name":"dmcsrbija.com@gmail.com","@id":"https:\/\/dmcsrb.com\/#\/schema\/person\/5c39170f12db1b8b457732d0b5c854e2"},"headline":"Crna Gora pora\u017eena od Austrije","datePublished":"2025-08-02T07:59:00+00:00","mainEntityOfPage":{"@id":"https:\/\/dmcsrb.com\/sport\/crna-gora-porazena-od-austrije\/"},"wordCount":308,"commentCount":0,"image":{"@id":"https:\/\/dmcsrb.com\/sport\/crna-gora-porazena-od-austrije\/#primaryimage"},"thumbnailUrl":"https:\/\/dmcsrb.com\/wp-content\/uploads\/2026\/01\/Odbojkasi-OSCG-1-1.webp","keywords":["Mu\u0161ka odbojka\u0161ka reprezentacija Austrije","Mu\u0161ka odbojka\u0161ka reprezentacija Crne Gore","pripreme za EP 2026"],"articleSection":["Sport"],"inLanguage":"en-GB","potentialAction":[{"@type":"CommentAction","name":"Comment","target":["https:\/\/dmcsrb.com\/sport\/crna-gora-porazena-od-austrije\/#respond"]}]},{"@type":"WebPage","@id":"https:\/\/dmcsrb.com\/sport\/crna-gora-porazena-od-austrije\/","url":"https:\/\/dmcsrb.com\/sport\/crna-gora-porazena-od-austrije\/","name":"Crna Gora pora\u017eena od Austrije - dmcsrb.com","isPartOf":{"@id":"https:\/\/dmcsrb.com\/#website"},"primaryImageOfPage":{"@id":"https:\/\/dmcsrb.com\/sport\/crna-gora-porazena-od-austrije\/#primaryimage"},"image":{"@id":"https:\/\/dmcsrb.com\/sport\/crna-gora-porazena-od-austrije\/#primaryimage"},"thumbnailUrl":"https:\/\/dmcsrb.com\/wp-content\/uploads\/2026\/01\/Odbojkasi-OSCG-1-1.webp","datePublished":"2025-08-02T07:59:00+00:00","author":{"@id":"https:\/\/dmcsrb.com\/#\/schema\/person\/5c39170f12db1b8b457732d0b5c854e2"},"breadcrumb":{"@id":"https:\/\/dmcsrb.com\/sport\/crna-gora-porazena-od-austrije\/#breadcrumb"},"inLanguage":"en-GB","potentialAction":[{"@type":"ReadAction","target":["https:\/\/dmcsrb.com\/sport\/crna-gora-porazena-od-austrije\/"]}]},{"@type":"ImageObject","inLanguage":"en-GB","@id":"https:\/\/dmcsrb.com\/sport\/crna-gora-porazena-od-austrije\/#primaryimage","url":"https:\/\/dmcsrb.com\/wp-content\/uploads\/2026\/01\/Odbojkasi-OSCG-1-1.webp","contentUrl":"https:\/\/dmcsrb.com\/wp-content\/uploads\/2026\/01\/Odbojkasi-OSCG-1-1.webp","width":2000,"height":1333},{"@type":"BreadcrumbList","@id":"https:\/\/dmcsrb.com\/sport\/crna-gora-porazena-od-austrije\/#breadcrumb","itemListElement":[{"@type":"ListItem","position":1,"name":"Home","item":"https:\/\/dmcsrb.com\/"},{"@type":"ListItem","position":2,"name":"Crna Gora pora\u017eena od Austrije"}]},{"@type":"WebSite","@id":"https:\/\/dmcsrb.com\/#website","url":"https:\/\/dmcsrb.com\/","name":"dmcsrb.com","description":"","potentialAction":[{"@type":"SearchAction","target":{"@type":"EntryPoint","urlTemplate":"https:\/\/dmcsrb.com\/?s={search_term_string}"},"query-input":{"@type":"PropertyValueSpecification","valueRequired":true,"valueName":"search_term_string"}}],"inLanguage":"en-GB"},{"@type":"Person","@id":"https:\/\/dmcsrb.com\/#\/schema\/person\/5c39170f12db1b8b457732d0b5c854e2","name":"dmcsrbija.com@gmail.com","image":{"@type":"ImageObject","inLanguage":"en-GB","@id":"https:\/\/secure.gravatar.com\/avatar\/68592660ad6347fad0fb587f8d5d8f1a7b44961362f56e4f2cd524feb87e9069?s=96&d=mm&r=g","url":"https:\/\/secure.gravatar.com\/avatar\/68592660ad6347fad0fb587f8d5d8f1a7b44961362f56e4f2cd524feb87e9069?s=96&d=mm&r=g","contentUrl":"https:\/\/secure.gravatar.com\/avatar\/68592660ad6347fad0fb587f8d5d8f1a7b44961362f56e4f2cd524feb87e9069?s=96&d=mm&r=g","caption":"dmcsrbija.com@gmail.com"},"sameAs":["https:\/\/dmcsrb.com"],"url":"https:\/\/dmcsrb.com\/en\/author\/dmcsrbija-comgmail-com\/"}]}},"_links":{"self":[{"href":"https:\/\/dmcsrb.com\/en\/wp-json\/wp\/v2\/posts\/943833","targetHints":{"allow":["GET"]}}],"collection":[{"href":"https:\/\/dmcsrb.com\/en\/wp-json\/wp\/v2\/posts"}],"about":[{"href":"https:\/\/dmcsrb.com\/en\/wp-json\/wp\/v2\/types\/post"}],"author":[{"embeddable":true,"href":"https:\/\/dmcsrb.com\/en\/wp-json\/wp\/v2\/users\/1"}],"replies":[{"embeddable":true,"href":"https:\/\/dmcsrb.com\/en\/wp-json\/wp\/v2\/comments?post=943833"}],"version-history":[{"count":0,"href":"https:\/\/dmcsrb.com\/en\/wp-json\/wp\/v2\/posts\/943833\/revisions"}],"wp:featuredmedia":[{"embeddable":true,"href":"https:\/\/dmcsrb.com\/en\/wp-json\/wp\/v2\/media\/943834"}],"wp:attachment":[{"href":"https:\/\/dmcsrb.com\/en\/wp-json\/wp\/v2\/media?parent=943833"}],"wp:term":[{"taxonomy":"category","embeddable":true,"href":"https:\/\/dmcsrb.com\/en\/wp-json\/wp\/v2\/categories?post=943833"},{"taxonomy":"post_tag","embeddable":true,"href":"https:\/\/dmcsrb.com\/en\/wp-json\/wp\/v2\/tags?post=943833"},{"taxonomy":"naslovna","embeddable":true,"href":"https:\/\/dmcsrb.com\/en\/wp-json\/wp\/v2\/naslovna?post=943833"}],"curies":[{"name":"wp","href":"https:\/\/api.w.org\/{rel}","templated":true}]}}