{"id":943813,"date":"2025-08-02T09:07:08","date_gmt":"2025-08-02T07:07:08","guid":{"rendered":"https:\/\/dmcsrb.com\/uncategorized\/tuzilastvo-formiralo-predmet-povodom-prijave-milatovica-da-mu-je-djeljosaj-prijetio\/"},"modified":"2025-08-02T09:07:08","modified_gmt":"2025-08-02T07:07:08","slug":"tuzilastvo-formiralo-predmet-povodom-prijave-milatovica-da-mu-je-djeljosaj-prijetio","status":"publish","type":"post","link":"https:\/\/dmcsrb.com\/en\/hronika\/tuzilastvo-formiralo-predmet-povodom-prijave-milatovica-da-mu-je-djeljosaj-prijetio\/","title":{"rendered":"Tu\u017eila\u0161tvo formiralo predmet povodom prijave Milatovi\u0107a da mu je \u0110eljo\u0161aj prijetio"},"content":{"rendered":"<p><\/p>\n\n\n\n<p>Kako su kazali RTCG, saslu\u0161a\u0107e aktere i donijeti odluku o slu\u010daju.<\/p>\n\n\n\n<p>Kabinet predsjednika Crne Gore obavijestio je sino\u0107 javnost da je potpredsjednik Vlade i ministar ekonomskog razvoja Nik \u0110eljo\u0161aj uputio niz prijetnji i neprimjerenih poruka predsjedniku Crne Gore Jakovu Milatovi\u0107u, neposredno nakon \u0161to je saop\u0161teno da je predsjednik vratio Zakon o porezu na nepokretnosti Skup\u0161tini na ponovno odlu\u010divanje, uz jasnu i obrazlo\u017eenu pravnu argumentaciju.<\/p>\n\n\n\n<p>Kako navode u saop\u0161tenju, s obzirom na ozbiljnost poruka i direktan poku\u0161aj politi\u010dkog pritiska na predsjednika dr\u017eave, Kabinet predsjednika Crne Gore je o tome obavijestio direktora Uprave policije.<\/p>\n\n\n\n<p>&#8220;O\u010dekujemo da nadle\u017ene institucije reaguju odmah, u skladu sa svojim obavezama prema Ustavu i zakonima Crne Gore. Zahtijevamo od predsjednika Vlade da bez odlaganja smijeni potpredsjednika \u0110eljo\u0161aja. Svaki minut \u0107utanja Vlade u ovom trenutku jeste poruka da su prijetnje dozvoljene&#8221;, saop\u0161teno je sino\u0107 iz Kabineta predsjednika.<\/p>\n\n\n\n<p>S druge strane, Potpredsjednik Vlade i ministar ekonomskog razvoja Nik \u0110eljo\u0161aj je kazao da je gruba neistina objava predsjednika dr\u017eave Jakova Milatovi\u0107a u kojoj ga je optu\u017eio da mu je prijetio. Isti\u010de da je ovo poku\u0161aj Milatovi\u0107a da skrene pa\u017enju, jer je Zakon o porezu na nepokretnosti vra\u0107en zbog kumovskih veza sa Neboj\u0161om Vuksanovi\u0107em, kao i da bi predsjednik za sebe i njega pribavio li\u010dnu korist.<\/p>\n\n\n\n<p>&#8220;Sa indignacijom odbacujem kao grubu neistinu objavu slu\u010dajnog predsjednika Jakova Milatovi\u0107a, te sa punom odgovorno\u0161\u0107u saop\u0161tavam javnosti da je velika la\u017e da sam prijetio, a poruke koje ostaju kao trag komunikacije, najbolje to mogu i da potvrde&#8221;, naveo je \u0110eljo\u0161aj.<\/p>\n\n\n\n<p>Osnovano sumnja, dodaje, da je predsjednik plasirao ove la\u017ene informacije kako bi skrenuo temu sa onoga \u0161to je on imao namjeru da objavi.<\/p>","protected":false},"excerpt":{"rendered":"<p>Osnovno dr\u017eavno tu\u017eila\u0161tvo (ODT) u Podgorici formiralo je predmet povodom prijave predsjednika Crne Gore Jakova Milatovi\u0107a da mu je prijetio potpredsjednik Vlade Nik \u0110eljo\u0161aj, saop\u0161teno je Portalu RTCG iz ODT-a.<\/p>","protected":false},"author":1,"featured_media":909021,"comment_status":"open","ping_status":"open","sticky":false,"template":"","format":"standard","meta":{"_acf_changed":false,"footnotes":""},"categories":[17],"tags":[12213,90,2975,16537,1278],"naslovna":[],"class_list":["post-943813","post","type-post","status-publish","format-standard","has-post-thumbnail","hentry","category-hronika","tag-formiran-predmet","tag-jakov-milatovic","tag-prijava","tag-prijetnja-djeljosaja","tag-tuzilastvo-2"],"acf":[],"yoast_head":"<!-- This site is optimized with the Yoast SEO plugin v27.4 - https:\/\/yoast.com\/product\/yoast-seo-wordpress\/ -->\n<title>Tu\u017eila\u0161tvo formiralo predmet povodom prijave Milatovi\u0107a da mu je \u0110eljo\u0161aj prijetio - dmcsrb.com<\/title>\n<meta name=\"robots\" content=\"index, follow, max-snippet:-1, max-image-preview:large, max-video-preview:-1\" \/>\n<link rel=\"canonical\" href=\"https:\/\/dmcsrb.com\/en\/hronika\/tuzilastvo-formiralo-predmet-povodom-prijave-milatovica-da-mu-je-djeljosaj-prijetio\/\" \/>\n<meta property=\"og:locale\" content=\"en_GB\" \/>\n<meta property=\"og:type\" content=\"article\" \/>\n<meta property=\"og:title\" content=\"Tu\u017eila\u0161tvo formiralo predmet povodom prijave Milatovi\u0107a da mu je \u0110eljo\u0161aj prijetio - dmcsrb.com\" \/>\n<meta property=\"og:description\" content=\"Osnovno dr\u017eavno tu\u017eila\u0161tvo (ODT) u Podgorici formiralo je predmet povodom prijave predsjednika Crne Gore Jakova Milatovi\u0107a da mu je prijetio potpredsjednik Vlade Nik \u0110eljo\u0161aj, saop\u0161teno je Portalu RTCG iz ODT-a.\" \/>\n<meta property=\"og:url\" content=\"https:\/\/dmcsrb.com\/en\/hronika\/tuzilastvo-formiralo-predmet-povodom-prijave-milatovica-da-mu-je-djeljosaj-prijetio\/\" \/>\n<meta property=\"og:site_name\" content=\"dmcsrb.com\" \/>\n<meta property=\"article:published_time\" content=\"2025-08-02T07:07:08+00:00\" \/>\n<meta property=\"og:image\" content=\"https:\/\/dmcsrb.com\/wp-content\/uploads\/2026\/01\/ODT.jpg\" \/>\n\t<meta property=\"og:image:width\" content=\"755\" \/>\n\t<meta property=\"og:image:height\" content=\"378\" \/>\n\t<meta property=\"og:image:type\" content=\"image\/jpeg\" \/>\n<meta name=\"author\" content=\"dmcsrbija.com@gmail.com\" \/>\n<meta name=\"twitter:card\" content=\"summary_large_image\" \/>\n<meta name=\"twitter:label1\" content=\"Written by\" \/>\n\t<meta name=\"twitter:data1\" content=\"dmcsrbija.com@gmail.com\" \/>\n\t<meta name=\"twitter:label2\" content=\"Estimated reading time\" \/>\n\t<meta name=\"twitter:data2\" content=\"2 minutes\" \/>\n<script type=\"application\/ld+json\" class=\"yoast-schema-graph\">{\"@context\":\"https:\\\/\\\/schema.org\",\"@graph\":[{\"@type\":\"Article\",\"@id\":\"https:\\\/\\\/dmcsrb.com\\\/hronika\\\/tuzilastvo-formiralo-predmet-povodom-prijave-milatovica-da-mu-je-djeljosaj-prijetio\\\/#article\",\"isPartOf\":{\"@id\":\"https:\\\/\\\/dmcsrb.com\\\/hronika\\\/tuzilastvo-formiralo-predmet-povodom-prijave-milatovica-da-mu-je-djeljosaj-prijetio\\\/\"},\"author\":{\"name\":\"dmcsrbija.com@gmail.com\",\"@id\":\"https:\\\/\\\/dmcsrb.com\\\/#\\\/schema\\\/person\\\/5c39170f12db1b8b457732d0b5c854e2\"},\"headline\":\"Tu\u017eila\u0161tvo formiralo predmet povodom prijave Milatovi\u0107a da mu je \u0110eljo\u0161aj prijetio\",\"datePublished\":\"2025-08-02T07:07:08+00:00\",\"mainEntityOfPage\":{\"@id\":\"https:\\\/\\\/dmcsrb.com\\\/hronika\\\/tuzilastvo-formiralo-predmet-povodom-prijave-milatovica-da-mu-je-djeljosaj-prijetio\\\/\"},\"wordCount\":317,\"commentCount\":0,\"image\":{\"@id\":\"https:\\\/\\\/dmcsrb.com\\\/hronika\\\/tuzilastvo-formiralo-predmet-povodom-prijave-milatovica-da-mu-je-djeljosaj-prijetio\\\/#primaryimage\"},\"thumbnailUrl\":\"https:\\\/\\\/dmcsrb.com\\\/wp-content\\\/uploads\\\/2026\\\/01\\\/ODT.jpg\",\"keywords\":[\"formiran predmet\",\"Jakov Milatovi\u0107\",\"prijava\",\"Prijetnja \u0110eljo\u0161aja\",\"tuzilastvo\"],\"articleSection\":[\"Hronika\"],\"inLanguage\":\"en-GB\",\"potentialAction\":[{\"@type\":\"CommentAction\",\"name\":\"Comment\",\"target\":[\"https:\\\/\\\/dmcsrb.com\\\/hronika\\\/tuzilastvo-formiralo-predmet-povodom-prijave-milatovica-da-mu-je-djeljosaj-prijetio\\\/#respond\"]}]},{\"@type\":\"WebPage\",\"@id\":\"https:\\\/\\\/dmcsrb.com\\\/hronika\\\/tuzilastvo-formiralo-predmet-povodom-prijave-milatovica-da-mu-je-djeljosaj-prijetio\\\/\",\"url\":\"https:\\\/\\\/dmcsrb.com\\\/hronika\\\/tuzilastvo-formiralo-predmet-povodom-prijave-milatovica-da-mu-je-djeljosaj-prijetio\\\/\",\"name\":\"Tu\u017eila\u0161tvo formiralo predmet povodom prijave Milatovi\u0107a da mu je \u0110eljo\u0161aj prijetio - dmcsrb.com\",\"isPartOf\":{\"@id\":\"https:\\\/\\\/dmcsrb.com\\\/#website\"},\"primaryImageOfPage\":{\"@id\":\"https:\\\/\\\/dmcsrb.com\\\/hronika\\\/tuzilastvo-formiralo-predmet-povodom-prijave-milatovica-da-mu-je-djeljosaj-prijetio\\\/#primaryimage\"},\"image\":{\"@id\":\"https:\\\/\\\/dmcsrb.com\\\/hronika\\\/tuzilastvo-formiralo-predmet-povodom-prijave-milatovica-da-mu-je-djeljosaj-prijetio\\\/#primaryimage\"},\"thumbnailUrl\":\"https:\\\/\\\/dmcsrb.com\\\/wp-content\\\/uploads\\\/2026\\\/01\\\/ODT.jpg\",\"datePublished\":\"2025-08-02T07:07:08+00:00\",\"author\":{\"@id\":\"https:\\\/\\\/dmcsrb.com\\\/#\\\/schema\\\/person\\\/5c39170f12db1b8b457732d0b5c854e2\"},\"breadcrumb\":{\"@id\":\"https:\\\/\\\/dmcsrb.com\\\/hronika\\\/tuzilastvo-formiralo-predmet-povodom-prijave-milatovica-da-mu-je-djeljosaj-prijetio\\\/#breadcrumb\"},\"inLanguage\":\"en-GB\",\"potentialAction\":[{\"@type\":\"ReadAction\",\"target\":[\"https:\\\/\\\/dmcsrb.com\\\/hronika\\\/tuzilastvo-formiralo-predmet-povodom-prijave-milatovica-da-mu-je-djeljosaj-prijetio\\\/\"]}]},{\"@type\":\"ImageObject\",\"inLanguage\":\"en-GB\",\"@id\":\"https:\\\/\\\/dmcsrb.com\\\/hronika\\\/tuzilastvo-formiralo-predmet-povodom-prijave-milatovica-da-mu-je-djeljosaj-prijetio\\\/#primaryimage\",\"url\":\"https:\\\/\\\/dmcsrb.com\\\/wp-content\\\/uploads\\\/2026\\\/01\\\/ODT.jpg\",\"contentUrl\":\"https:\\\/\\\/dmcsrb.com\\\/wp-content\\\/uploads\\\/2026\\\/01\\\/ODT.jpg\",\"width\":755,\"height\":378},{\"@type\":\"BreadcrumbList\",\"@id\":\"https:\\\/\\\/dmcsrb.com\\\/hronika\\\/tuzilastvo-formiralo-predmet-povodom-prijave-milatovica-da-mu-je-djeljosaj-prijetio\\\/#breadcrumb\",\"itemListElement\":[{\"@type\":\"ListItem\",\"position\":1,\"name\":\"Home\",\"item\":\"https:\\\/\\\/dmcsrb.com\\\/\"},{\"@type\":\"ListItem\",\"position\":2,\"name\":\"Tu\u017eila\u0161tvo formiralo predmet povodom prijave Milatovi\u0107a da mu je \u0110eljo\u0161aj prijetio\"}]},{\"@type\":\"WebSite\",\"@id\":\"https:\\\/\\\/dmcsrb.com\\\/#website\",\"url\":\"https:\\\/\\\/dmcsrb.com\\\/\",\"name\":\"dmcsrb.com\",\"description\":\"\",\"potentialAction\":[{\"@type\":\"SearchAction\",\"target\":{\"@type\":\"EntryPoint\",\"urlTemplate\":\"https:\\\/\\\/dmcsrb.com\\\/?s={search_term_string}\"},\"query-input\":{\"@type\":\"PropertyValueSpecification\",\"valueRequired\":true,\"valueName\":\"search_term_string\"}}],\"inLanguage\":\"en-GB\"},{\"@type\":\"Person\",\"@id\":\"https:\\\/\\\/dmcsrb.com\\\/#\\\/schema\\\/person\\\/5c39170f12db1b8b457732d0b5c854e2\",\"name\":\"dmcsrbija.com@gmail.com\",\"image\":{\"@type\":\"ImageObject\",\"inLanguage\":\"en-GB\",\"@id\":\"https:\\\/\\\/secure.gravatar.com\\\/avatar\\\/68592660ad6347fad0fb587f8d5d8f1a7b44961362f56e4f2cd524feb87e9069?s=96&d=mm&r=g\",\"url\":\"https:\\\/\\\/secure.gravatar.com\\\/avatar\\\/68592660ad6347fad0fb587f8d5d8f1a7b44961362f56e4f2cd524feb87e9069?s=96&d=mm&r=g\",\"contentUrl\":\"https:\\\/\\\/secure.gravatar.com\\\/avatar\\\/68592660ad6347fad0fb587f8d5d8f1a7b44961362f56e4f2cd524feb87e9069?s=96&d=mm&r=g\",\"caption\":\"dmcsrbija.com@gmail.com\"},\"sameAs\":[\"https:\\\/\\\/dmcsrb.com\"],\"url\":\"https:\\\/\\\/dmcsrb.com\\\/en\\\/author\\\/dmcsrbija-comgmail-com\\\/\"}]}<\/script>\n<!-- \/ Yoast SEO plugin. -->","yoast_head_json":{"title":"Tu\u017eila\u0161tvo formiralo predmet povodom prijave Milatovi\u0107a da mu je \u0110eljo\u0161aj prijetio - dmcsrb.com","robots":{"index":"index","follow":"follow","max-snippet":"max-snippet:-1","max-image-preview":"max-image-preview:large","max-video-preview":"max-video-preview:-1"},"canonical":"https:\/\/dmcsrb.com\/en\/hronika\/tuzilastvo-formiralo-predmet-povodom-prijave-milatovica-da-mu-je-djeljosaj-prijetio\/","og_locale":"en_GB","og_type":"article","og_title":"Tu\u017eila\u0161tvo formiralo predmet povodom prijave Milatovi\u0107a da mu je \u0110eljo\u0161aj prijetio - dmcsrb.com","og_description":"Osnovno dr\u017eavno tu\u017eila\u0161tvo (ODT) u Podgorici formiralo je predmet povodom prijave predsjednika Crne Gore Jakova Milatovi\u0107a da mu je prijetio potpredsjednik Vlade Nik \u0110eljo\u0161aj, saop\u0161teno je Portalu RTCG iz ODT-a.","og_url":"https:\/\/dmcsrb.com\/en\/hronika\/tuzilastvo-formiralo-predmet-povodom-prijave-milatovica-da-mu-je-djeljosaj-prijetio\/","og_site_name":"dmcsrb.com","article_published_time":"2025-08-02T07:07:08+00:00","og_image":[{"width":755,"height":378,"url":"https:\/\/dmcsrb.com\/wp-content\/uploads\/2026\/01\/ODT.jpg","type":"image\/jpeg"}],"author":"dmcsrbija.com@gmail.com","twitter_card":"summary_large_image","twitter_misc":{"Written by":"dmcsrbija.com@gmail.com","Estimated reading time":"2 minutes"},"schema":{"@context":"https:\/\/schema.org","@graph":[{"@type":"Article","@id":"https:\/\/dmcsrb.com\/hronika\/tuzilastvo-formiralo-predmet-povodom-prijave-milatovica-da-mu-je-djeljosaj-prijetio\/#article","isPartOf":{"@id":"https:\/\/dmcsrb.com\/hronika\/tuzilastvo-formiralo-predmet-povodom-prijave-milatovica-da-mu-je-djeljosaj-prijetio\/"},"author":{"name":"dmcsrbija.com@gmail.com","@id":"https:\/\/dmcsrb.com\/#\/schema\/person\/5c39170f12db1b8b457732d0b5c854e2"},"headline":"Tu\u017eila\u0161tvo formiralo predmet povodom prijave Milatovi\u0107a da mu je \u0110eljo\u0161aj prijetio","datePublished":"2025-08-02T07:07:08+00:00","mainEntityOfPage":{"@id":"https:\/\/dmcsrb.com\/hronika\/tuzilastvo-formiralo-predmet-povodom-prijave-milatovica-da-mu-je-djeljosaj-prijetio\/"},"wordCount":317,"commentCount":0,"image":{"@id":"https:\/\/dmcsrb.com\/hronika\/tuzilastvo-formiralo-predmet-povodom-prijave-milatovica-da-mu-je-djeljosaj-prijetio\/#primaryimage"},"thumbnailUrl":"https:\/\/dmcsrb.com\/wp-content\/uploads\/2026\/01\/ODT.jpg","keywords":["formiran predmet","Jakov Milatovi\u0107","prijava","Prijetnja \u0110eljo\u0161aja","tuzilastvo"],"articleSection":["Hronika"],"inLanguage":"en-GB","potentialAction":[{"@type":"CommentAction","name":"Comment","target":["https:\/\/dmcsrb.com\/hronika\/tuzilastvo-formiralo-predmet-povodom-prijave-milatovica-da-mu-je-djeljosaj-prijetio\/#respond"]}]},{"@type":"WebPage","@id":"https:\/\/dmcsrb.com\/hronika\/tuzilastvo-formiralo-predmet-povodom-prijave-milatovica-da-mu-je-djeljosaj-prijetio\/","url":"https:\/\/dmcsrb.com\/hronika\/tuzilastvo-formiralo-predmet-povodom-prijave-milatovica-da-mu-je-djeljosaj-prijetio\/","name":"Tu\u017eila\u0161tvo formiralo predmet povodom prijave Milatovi\u0107a da mu je \u0110eljo\u0161aj prijetio - dmcsrb.com","isPartOf":{"@id":"https:\/\/dmcsrb.com\/#website"},"primaryImageOfPage":{"@id":"https:\/\/dmcsrb.com\/hronika\/tuzilastvo-formiralo-predmet-povodom-prijave-milatovica-da-mu-je-djeljosaj-prijetio\/#primaryimage"},"image":{"@id":"https:\/\/dmcsrb.com\/hronika\/tuzilastvo-formiralo-predmet-povodom-prijave-milatovica-da-mu-je-djeljosaj-prijetio\/#primaryimage"},"thumbnailUrl":"https:\/\/dmcsrb.com\/wp-content\/uploads\/2026\/01\/ODT.jpg","datePublished":"2025-08-02T07:07:08+00:00","author":{"@id":"https:\/\/dmcsrb.com\/#\/schema\/person\/5c39170f12db1b8b457732d0b5c854e2"},"breadcrumb":{"@id":"https:\/\/dmcsrb.com\/hronika\/tuzilastvo-formiralo-predmet-povodom-prijave-milatovica-da-mu-je-djeljosaj-prijetio\/#breadcrumb"},"inLanguage":"en-GB","potentialAction":[{"@type":"ReadAction","target":["https:\/\/dmcsrb.com\/hronika\/tuzilastvo-formiralo-predmet-povodom-prijave-milatovica-da-mu-je-djeljosaj-prijetio\/"]}]},{"@type":"ImageObject","inLanguage":"en-GB","@id":"https:\/\/dmcsrb.com\/hronika\/tuzilastvo-formiralo-predmet-povodom-prijave-milatovica-da-mu-je-djeljosaj-prijetio\/#primaryimage","url":"https:\/\/dmcsrb.com\/wp-content\/uploads\/2026\/01\/ODT.jpg","contentUrl":"https:\/\/dmcsrb.com\/wp-content\/uploads\/2026\/01\/ODT.jpg","width":755,"height":378},{"@type":"BreadcrumbList","@id":"https:\/\/dmcsrb.com\/hronika\/tuzilastvo-formiralo-predmet-povodom-prijave-milatovica-da-mu-je-djeljosaj-prijetio\/#breadcrumb","itemListElement":[{"@type":"ListItem","position":1,"name":"Home","item":"https:\/\/dmcsrb.com\/"},{"@type":"ListItem","position":2,"name":"Tu\u017eila\u0161tvo formiralo predmet povodom prijave Milatovi\u0107a da mu je \u0110eljo\u0161aj prijetio"}]},{"@type":"WebSite","@id":"https:\/\/dmcsrb.com\/#website","url":"https:\/\/dmcsrb.com\/","name":"dmcsrb.com","description":"","potentialAction":[{"@type":"SearchAction","target":{"@type":"EntryPoint","urlTemplate":"https:\/\/dmcsrb.com\/?s={search_term_string}"},"query-input":{"@type":"PropertyValueSpecification","valueRequired":true,"valueName":"search_term_string"}}],"inLanguage":"en-GB"},{"@type":"Person","@id":"https:\/\/dmcsrb.com\/#\/schema\/person\/5c39170f12db1b8b457732d0b5c854e2","name":"dmcsrbija.com@gmail.com","image":{"@type":"ImageObject","inLanguage":"en-GB","@id":"https:\/\/secure.gravatar.com\/avatar\/68592660ad6347fad0fb587f8d5d8f1a7b44961362f56e4f2cd524feb87e9069?s=96&d=mm&r=g","url":"https:\/\/secure.gravatar.com\/avatar\/68592660ad6347fad0fb587f8d5d8f1a7b44961362f56e4f2cd524feb87e9069?s=96&d=mm&r=g","contentUrl":"https:\/\/secure.gravatar.com\/avatar\/68592660ad6347fad0fb587f8d5d8f1a7b44961362f56e4f2cd524feb87e9069?s=96&d=mm&r=g","caption":"dmcsrbija.com@gmail.com"},"sameAs":["https:\/\/dmcsrb.com"],"url":"https:\/\/dmcsrb.com\/en\/author\/dmcsrbija-comgmail-com\/"}]}},"_links":{"self":[{"href":"https:\/\/dmcsrb.com\/en\/wp-json\/wp\/v2\/posts\/943813","targetHints":{"allow":["GET"]}}],"collection":[{"href":"https:\/\/dmcsrb.com\/en\/wp-json\/wp\/v2\/posts"}],"about":[{"href":"https:\/\/dmcsrb.com\/en\/wp-json\/wp\/v2\/types\/post"}],"author":[{"embeddable":true,"href":"https:\/\/dmcsrb.com\/en\/wp-json\/wp\/v2\/users\/1"}],"replies":[{"embeddable":true,"href":"https:\/\/dmcsrb.com\/en\/wp-json\/wp\/v2\/comments?post=943813"}],"version-history":[{"count":0,"href":"https:\/\/dmcsrb.com\/en\/wp-json\/wp\/v2\/posts\/943813\/revisions"}],"wp:featuredmedia":[{"embeddable":true,"href":"https:\/\/dmcsrb.com\/en\/wp-json\/wp\/v2\/media\/909021"}],"wp:attachment":[{"href":"https:\/\/dmcsrb.com\/en\/wp-json\/wp\/v2\/media?parent=943813"}],"wp:term":[{"taxonomy":"category","embeddable":true,"href":"https:\/\/dmcsrb.com\/en\/wp-json\/wp\/v2\/categories?post=943813"},{"taxonomy":"post_tag","embeddable":true,"href":"https:\/\/dmcsrb.com\/en\/wp-json\/wp\/v2\/tags?post=943813"},{"taxonomy":"naslovna","embeddable":true,"href":"https:\/\/dmcsrb.com\/en\/wp-json\/wp\/v2\/naslovna?post=943813"}],"curies":[{"name":"wp","href":"https:\/\/api.w.org\/{rel}","templated":true}]}}