{"id":943795,"date":"2025-08-02T07:45:00","date_gmt":"2025-08-02T05:45:00","guid":{"rendered":"https:\/\/dmcsrb.com\/uncategorized\/borovinic-bojovic-sa-odbornicima-odala-pocast-junacima-boja-na-fundini\/"},"modified":"2025-08-02T07:45:00","modified_gmt":"2025-08-02T05:45:00","slug":"borovinic-bojovic-sa-odbornicima-odala-pocast-junacima-boja-na-fundini","status":"publish","type":"post","link":"https:\/\/dmcsrb.com\/en\/podgorica\/borovinic-bojovic-sa-odbornicima-odala-pocast-junacima-boja-na-fundini\/","title":{"rendered":"Borovini\u0107 Bojovi\u0107 sa odbornicima odala po\u010dast junacima Boja na Fundini"},"content":{"rendered":"<p><\/p>\n\n\n\n<p>\u201eNa ovom mjestu, gdje se sloboda branila \u017eivotima, prisje\u0107amo se izuzetne hrabrosti crnogorskih junaka koji su, uprkos ogromnoj nadmo\u0107i neprijatelja, izvojevali istorijsku pobjedu i sa\u010duvali \u010dast i dostojanstvo naroda\u201c, poru\u010dila je Borovini\u0107 Bojovi\u0107.<\/p>\n\n\n\n<p>\u201eOvo nije samo podsje\u0107anje na slavnu pro\u0161lost \u2013 ovo je poziv da ne zaboravimo vrijednosti koje su temelj na\u0161e dr\u017eavnosti: hrabrost, zajedni\u0161tvo i slobodarski duh\u201c, navela je predsjednica Skup\u0161tine.<\/p>\n\n\n\n<p>Dodala je da ovakva mjesta pam\u0107enja imaju posebnu ulogu u o\u010duvanju identiteta i istorijskog kontinuiteta Crne Gore, te da su podsjetnik da se sloboda nikada ne podrazumijeva, ve\u0107 se iznova brani kroz odgovornost, solidarnost, zajedni\u0161tvo i posve\u0107enost op\u0161tem dobru.<\/p>\n\n\n\n<p>Bitka na Fundini, u kojoj je crnogorska vojska izvojevala veliku pobjedu nad znatno nadmo\u0107nijom osmanskom vojskom, ostaje sna\u017ean simbol slobodarskog duha, nepokolebljive odlu\u010dnosti i jedinstva naroda. Boj se odigrao 2. avgusta 1876. godine, a predvodnici crnogorskih snaga, me\u0111u kojima posebno mjesto zauzimaju Ilija Plamenac i Marko Miljanov, koji su pokazali izuzetnu takti\u010dku vje\u0161tinu i hrabrost, zahvaljuju\u0107i kojoj je neprijateljska vojska bila potisnuta i pora\u017eena.<\/p>","protected":false},"excerpt":{"rendered":"<p>Predsjednica Skup\u0161tine Glavnog grada, dr Jelena Borovini\u0107 Bojovi\u0107, zajedno sa odbornicom Ivanom Ma\u0161kovi\u0107 i odbornikom Goranom Mili\u0107em polo\u017eila je vijenac na spomen-obilje\u017eje na Fundini, u znak zahvalnosti i po\u0161tovanja prema herojima slavnog Boja na Fundini iz 1876. godine.<\/p>","protected":false},"author":1,"featured_media":943796,"comment_status":"open","ping_status":"open","sticky":false,"template":"","format":"standard","meta":{"_acf_changed":false,"footnotes":""},"categories":[56],"tags":[16519,574,16520,4367,16521],"naslovna":[],"class_list":["post-943795","post","type-post","status-publish","format-standard","has-post-thumbnail","hentry","category-podgorica","tag-boj-na-fundini","tag-jelena-borovinic-bojovic","tag-junaci","tag-odbornici","tag-pocast"],"acf":[],"yoast_head":"<!-- This site is optimized with the Yoast SEO plugin v27.0 - https:\/\/yoast.com\/product\/yoast-seo-wordpress\/ -->\n<title>Borovini\u0107 Bojovi\u0107 sa odbornicima odala po\u010dast junacima Boja na Fundini - dmcsrb.com<\/title>\n<meta name=\"robots\" content=\"index, follow, max-snippet:-1, max-image-preview:large, max-video-preview:-1\" \/>\n<link rel=\"canonical\" href=\"https:\/\/dmcsrb.com\/en\/podgorica\/borovinic-bojovic-sa-odbornicima-odala-pocast-junacima-boja-na-fundini\/\" \/>\n<meta property=\"og:locale\" content=\"en_GB\" \/>\n<meta property=\"og:type\" content=\"article\" \/>\n<meta property=\"og:title\" content=\"Borovini\u0107 Bojovi\u0107 sa odbornicima odala po\u010dast junacima Boja na Fundini - dmcsrb.com\" \/>\n<meta property=\"og:description\" content=\"Predsjednica Skup\u0161tine Glavnog grada, dr Jelena Borovini\u0107 Bojovi\u0107, zajedno sa odbornicom Ivanom Ma\u0161kovi\u0107 i odbornikom Goranom Mili\u0107em polo\u017eila je vijenac na spomen-obilje\u017eje na Fundini, u znak zahvalnosti i po\u0161tovanja prema herojima slavnog Boja na Fundini iz 1876. godine.\" \/>\n<meta property=\"og:url\" content=\"https:\/\/dmcsrb.com\/en\/podgorica\/borovinic-bojovic-sa-odbornicima-odala-pocast-junacima-boja-na-fundini\/\" \/>\n<meta property=\"og:site_name\" content=\"dmcsrb.com\" \/>\n<meta property=\"article:published_time\" content=\"2025-08-02T05:45:00+00:00\" \/>\n<meta property=\"og:image\" content=\"https:\/\/dmcsrb.com\/wp-content\/uploads\/2026\/01\/viber_slika_2025-08-02_09-12-01-181-1024x1024-1.webp\" \/>\n\t<meta property=\"og:image:width\" content=\"1024\" \/>\n\t<meta property=\"og:image:height\" content=\"1024\" \/>\n\t<meta property=\"og:image:type\" content=\"image\/jpeg\" \/>\n<meta name=\"author\" content=\"dmcsrbija.com@gmail.com\" \/>\n<meta name=\"twitter:card\" content=\"summary_large_image\" \/>\n<meta name=\"twitter:label1\" content=\"Written by\" \/>\n\t<meta name=\"twitter:data1\" content=\"dmcsrbija.com@gmail.com\" \/>\n\t<meta name=\"twitter:label2\" content=\"Estimated reading time\" \/>\n\t<meta name=\"twitter:data2\" content=\"1 minute\" \/>\n<script type=\"application\/ld+json\" class=\"yoast-schema-graph\">{\"@context\":\"https:\/\/schema.org\",\"@graph\":[{\"@type\":\"Article\",\"@id\":\"https:\/\/dmcsrb.com\/podgorica\/borovinic-bojovic-sa-odbornicima-odala-pocast-junacima-boja-na-fundini\/#article\",\"isPartOf\":{\"@id\":\"https:\/\/dmcsrb.com\/podgorica\/borovinic-bojovic-sa-odbornicima-odala-pocast-junacima-boja-na-fundini\/\"},\"author\":{\"name\":\"dmcsrbija.com@gmail.com\",\"@id\":\"https:\/\/dmcsrb.com\/#\/schema\/person\/5c39170f12db1b8b457732d0b5c854e2\"},\"headline\":\"Borovini\u0107 Bojovi\u0107 sa odbornicima odala po\u010dast junacima Boja na Fundini\",\"datePublished\":\"2025-08-02T05:45:00+00:00\",\"mainEntityOfPage\":{\"@id\":\"https:\/\/dmcsrb.com\/podgorica\/borovinic-bojovic-sa-odbornicima-odala-pocast-junacima-boja-na-fundini\/\"},\"wordCount\":196,\"commentCount\":0,\"image\":{\"@id\":\"https:\/\/dmcsrb.com\/podgorica\/borovinic-bojovic-sa-odbornicima-odala-pocast-junacima-boja-na-fundini\/#primaryimage\"},\"thumbnailUrl\":\"https:\/\/dmcsrb.com\/wp-content\/uploads\/2026\/01\/viber_slika_2025-08-02_09-12-01-181-1024x1024-1.webp\",\"keywords\":[\"Boj na Fundini\",\"Jelena Borovini\u0107 Bojovi\u0107\",\"Junaci\",\"odbornici\",\"Po\u010dast\"],\"articleSection\":[\"Podgorica\"],\"inLanguage\":\"en-GB\",\"potentialAction\":[{\"@type\":\"CommentAction\",\"name\":\"Comment\",\"target\":[\"https:\/\/dmcsrb.com\/podgorica\/borovinic-bojovic-sa-odbornicima-odala-pocast-junacima-boja-na-fundini\/#respond\"]}]},{\"@type\":\"WebPage\",\"@id\":\"https:\/\/dmcsrb.com\/podgorica\/borovinic-bojovic-sa-odbornicima-odala-pocast-junacima-boja-na-fundini\/\",\"url\":\"https:\/\/dmcsrb.com\/podgorica\/borovinic-bojovic-sa-odbornicima-odala-pocast-junacima-boja-na-fundini\/\",\"name\":\"Borovini\u0107 Bojovi\u0107 sa odbornicima odala po\u010dast junacima Boja na Fundini - dmcsrb.com\",\"isPartOf\":{\"@id\":\"https:\/\/dmcsrb.com\/#website\"},\"primaryImageOfPage\":{\"@id\":\"https:\/\/dmcsrb.com\/podgorica\/borovinic-bojovic-sa-odbornicima-odala-pocast-junacima-boja-na-fundini\/#primaryimage\"},\"image\":{\"@id\":\"https:\/\/dmcsrb.com\/podgorica\/borovinic-bojovic-sa-odbornicima-odala-pocast-junacima-boja-na-fundini\/#primaryimage\"},\"thumbnailUrl\":\"https:\/\/dmcsrb.com\/wp-content\/uploads\/2026\/01\/viber_slika_2025-08-02_09-12-01-181-1024x1024-1.webp\",\"datePublished\":\"2025-08-02T05:45:00+00:00\",\"author\":{\"@id\":\"https:\/\/dmcsrb.com\/#\/schema\/person\/5c39170f12db1b8b457732d0b5c854e2\"},\"breadcrumb\":{\"@id\":\"https:\/\/dmcsrb.com\/podgorica\/borovinic-bojovic-sa-odbornicima-odala-pocast-junacima-boja-na-fundini\/#breadcrumb\"},\"inLanguage\":\"en-GB\",\"potentialAction\":[{\"@type\":\"ReadAction\",\"target\":[\"https:\/\/dmcsrb.com\/podgorica\/borovinic-bojovic-sa-odbornicima-odala-pocast-junacima-boja-na-fundini\/\"]}]},{\"@type\":\"ImageObject\",\"inLanguage\":\"en-GB\",\"@id\":\"https:\/\/dmcsrb.com\/podgorica\/borovinic-bojovic-sa-odbornicima-odala-pocast-junacima-boja-na-fundini\/#primaryimage\",\"url\":\"https:\/\/dmcsrb.com\/wp-content\/uploads\/2026\/01\/viber_slika_2025-08-02_09-12-01-181-1024x1024-1.webp\",\"contentUrl\":\"https:\/\/dmcsrb.com\/wp-content\/uploads\/2026\/01\/viber_slika_2025-08-02_09-12-01-181-1024x1024-1.webp\",\"width\":1024,\"height\":1024},{\"@type\":\"BreadcrumbList\",\"@id\":\"https:\/\/dmcsrb.com\/podgorica\/borovinic-bojovic-sa-odbornicima-odala-pocast-junacima-boja-na-fundini\/#breadcrumb\",\"itemListElement\":[{\"@type\":\"ListItem\",\"position\":1,\"name\":\"Home\",\"item\":\"https:\/\/dmcsrb.com\/\"},{\"@type\":\"ListItem\",\"position\":2,\"name\":\"Borovini\u0107 Bojovi\u0107 sa odbornicima odala po\u010dast junacima Boja na Fundini\"}]},{\"@type\":\"WebSite\",\"@id\":\"https:\/\/dmcsrb.com\/#website\",\"url\":\"https:\/\/dmcsrb.com\/\",\"name\":\"dmcsrb.com\",\"description\":\"\",\"potentialAction\":[{\"@type\":\"SearchAction\",\"target\":{\"@type\":\"EntryPoint\",\"urlTemplate\":\"https:\/\/dmcsrb.com\/?s={search_term_string}\"},\"query-input\":{\"@type\":\"PropertyValueSpecification\",\"valueRequired\":true,\"valueName\":\"search_term_string\"}}],\"inLanguage\":\"en-GB\"},{\"@type\":\"Person\",\"@id\":\"https:\/\/dmcsrb.com\/#\/schema\/person\/5c39170f12db1b8b457732d0b5c854e2\",\"name\":\"dmcsrbija.com@gmail.com\",\"image\":{\"@type\":\"ImageObject\",\"inLanguage\":\"en-GB\",\"@id\":\"https:\/\/dmcsrb.com\/#\/schema\/person\/image\/\",\"url\":\"https:\/\/secure.gravatar.com\/avatar\/68592660ad6347fad0fb587f8d5d8f1a7b44961362f56e4f2cd524feb87e9069?s=96&d=mm&r=g\",\"contentUrl\":\"https:\/\/secure.gravatar.com\/avatar\/68592660ad6347fad0fb587f8d5d8f1a7b44961362f56e4f2cd524feb87e9069?s=96&d=mm&r=g\",\"caption\":\"dmcsrbija.com@gmail.com\"},\"sameAs\":[\"https:\/\/dmcsrb.com\"],\"url\":\"https:\/\/dmcsrb.com\/en\/author\/dmcsrbija-comgmail-com\/\"}]}<\/script>\n<!-- \/ Yoast SEO plugin. -->","yoast_head_json":{"title":"Borovini\u0107 Bojovi\u0107 sa odbornicima odala po\u010dast junacima Boja na Fundini - dmcsrb.com","robots":{"index":"index","follow":"follow","max-snippet":"max-snippet:-1","max-image-preview":"max-image-preview:large","max-video-preview":"max-video-preview:-1"},"canonical":"https:\/\/dmcsrb.com\/en\/podgorica\/borovinic-bojovic-sa-odbornicima-odala-pocast-junacima-boja-na-fundini\/","og_locale":"en_GB","og_type":"article","og_title":"Borovini\u0107 Bojovi\u0107 sa odbornicima odala po\u010dast junacima Boja na Fundini - dmcsrb.com","og_description":"Predsjednica Skup\u0161tine Glavnog grada, dr Jelena Borovini\u0107 Bojovi\u0107, zajedno sa odbornicom Ivanom Ma\u0161kovi\u0107 i odbornikom Goranom Mili\u0107em polo\u017eila je vijenac na spomen-obilje\u017eje na Fundini, u znak zahvalnosti i po\u0161tovanja prema herojima slavnog Boja na Fundini iz 1876. godine.","og_url":"https:\/\/dmcsrb.com\/en\/podgorica\/borovinic-bojovic-sa-odbornicima-odala-pocast-junacima-boja-na-fundini\/","og_site_name":"dmcsrb.com","article_published_time":"2025-08-02T05:45:00+00:00","og_image":[{"width":1024,"height":1024,"url":"https:\/\/dmcsrb.com\/wp-content\/uploads\/2026\/01\/viber_slika_2025-08-02_09-12-01-181-1024x1024-1.webp","type":"image\/jpeg"}],"author":"dmcsrbija.com@gmail.com","twitter_card":"summary_large_image","twitter_misc":{"Written by":"dmcsrbija.com@gmail.com","Estimated reading time":"1 minute"},"schema":{"@context":"https:\/\/schema.org","@graph":[{"@type":"Article","@id":"https:\/\/dmcsrb.com\/podgorica\/borovinic-bojovic-sa-odbornicima-odala-pocast-junacima-boja-na-fundini\/#article","isPartOf":{"@id":"https:\/\/dmcsrb.com\/podgorica\/borovinic-bojovic-sa-odbornicima-odala-pocast-junacima-boja-na-fundini\/"},"author":{"name":"dmcsrbija.com@gmail.com","@id":"https:\/\/dmcsrb.com\/#\/schema\/person\/5c39170f12db1b8b457732d0b5c854e2"},"headline":"Borovini\u0107 Bojovi\u0107 sa odbornicima odala po\u010dast junacima Boja na Fundini","datePublished":"2025-08-02T05:45:00+00:00","mainEntityOfPage":{"@id":"https:\/\/dmcsrb.com\/podgorica\/borovinic-bojovic-sa-odbornicima-odala-pocast-junacima-boja-na-fundini\/"},"wordCount":196,"commentCount":0,"image":{"@id":"https:\/\/dmcsrb.com\/podgorica\/borovinic-bojovic-sa-odbornicima-odala-pocast-junacima-boja-na-fundini\/#primaryimage"},"thumbnailUrl":"https:\/\/dmcsrb.com\/wp-content\/uploads\/2026\/01\/viber_slika_2025-08-02_09-12-01-181-1024x1024-1.webp","keywords":["Boj na Fundini","Jelena Borovini\u0107 Bojovi\u0107","Junaci","odbornici","Po\u010dast"],"articleSection":["Podgorica"],"inLanguage":"en-GB","potentialAction":[{"@type":"CommentAction","name":"Comment","target":["https:\/\/dmcsrb.com\/podgorica\/borovinic-bojovic-sa-odbornicima-odala-pocast-junacima-boja-na-fundini\/#respond"]}]},{"@type":"WebPage","@id":"https:\/\/dmcsrb.com\/podgorica\/borovinic-bojovic-sa-odbornicima-odala-pocast-junacima-boja-na-fundini\/","url":"https:\/\/dmcsrb.com\/podgorica\/borovinic-bojovic-sa-odbornicima-odala-pocast-junacima-boja-na-fundini\/","name":"Borovini\u0107 Bojovi\u0107 sa odbornicima odala po\u010dast junacima Boja na Fundini - dmcsrb.com","isPartOf":{"@id":"https:\/\/dmcsrb.com\/#website"},"primaryImageOfPage":{"@id":"https:\/\/dmcsrb.com\/podgorica\/borovinic-bojovic-sa-odbornicima-odala-pocast-junacima-boja-na-fundini\/#primaryimage"},"image":{"@id":"https:\/\/dmcsrb.com\/podgorica\/borovinic-bojovic-sa-odbornicima-odala-pocast-junacima-boja-na-fundini\/#primaryimage"},"thumbnailUrl":"https:\/\/dmcsrb.com\/wp-content\/uploads\/2026\/01\/viber_slika_2025-08-02_09-12-01-181-1024x1024-1.webp","datePublished":"2025-08-02T05:45:00+00:00","author":{"@id":"https:\/\/dmcsrb.com\/#\/schema\/person\/5c39170f12db1b8b457732d0b5c854e2"},"breadcrumb":{"@id":"https:\/\/dmcsrb.com\/podgorica\/borovinic-bojovic-sa-odbornicima-odala-pocast-junacima-boja-na-fundini\/#breadcrumb"},"inLanguage":"en-GB","potentialAction":[{"@type":"ReadAction","target":["https:\/\/dmcsrb.com\/podgorica\/borovinic-bojovic-sa-odbornicima-odala-pocast-junacima-boja-na-fundini\/"]}]},{"@type":"ImageObject","inLanguage":"en-GB","@id":"https:\/\/dmcsrb.com\/podgorica\/borovinic-bojovic-sa-odbornicima-odala-pocast-junacima-boja-na-fundini\/#primaryimage","url":"https:\/\/dmcsrb.com\/wp-content\/uploads\/2026\/01\/viber_slika_2025-08-02_09-12-01-181-1024x1024-1.webp","contentUrl":"https:\/\/dmcsrb.com\/wp-content\/uploads\/2026\/01\/viber_slika_2025-08-02_09-12-01-181-1024x1024-1.webp","width":1024,"height":1024},{"@type":"BreadcrumbList","@id":"https:\/\/dmcsrb.com\/podgorica\/borovinic-bojovic-sa-odbornicima-odala-pocast-junacima-boja-na-fundini\/#breadcrumb","itemListElement":[{"@type":"ListItem","position":1,"name":"Home","item":"https:\/\/dmcsrb.com\/"},{"@type":"ListItem","position":2,"name":"Borovini\u0107 Bojovi\u0107 sa odbornicima odala po\u010dast junacima Boja na Fundini"}]},{"@type":"WebSite","@id":"https:\/\/dmcsrb.com\/#website","url":"https:\/\/dmcsrb.com\/","name":"dmcsrb.com","description":"","potentialAction":[{"@type":"SearchAction","target":{"@type":"EntryPoint","urlTemplate":"https:\/\/dmcsrb.com\/?s={search_term_string}"},"query-input":{"@type":"PropertyValueSpecification","valueRequired":true,"valueName":"search_term_string"}}],"inLanguage":"en-GB"},{"@type":"Person","@id":"https:\/\/dmcsrb.com\/#\/schema\/person\/5c39170f12db1b8b457732d0b5c854e2","name":"dmcsrbija.com@gmail.com","image":{"@type":"ImageObject","inLanguage":"en-GB","@id":"https:\/\/dmcsrb.com\/#\/schema\/person\/image\/","url":"https:\/\/secure.gravatar.com\/avatar\/68592660ad6347fad0fb587f8d5d8f1a7b44961362f56e4f2cd524feb87e9069?s=96&d=mm&r=g","contentUrl":"https:\/\/secure.gravatar.com\/avatar\/68592660ad6347fad0fb587f8d5d8f1a7b44961362f56e4f2cd524feb87e9069?s=96&d=mm&r=g","caption":"dmcsrbija.com@gmail.com"},"sameAs":["https:\/\/dmcsrb.com"],"url":"https:\/\/dmcsrb.com\/en\/author\/dmcsrbija-comgmail-com\/"}]}},"_links":{"self":[{"href":"https:\/\/dmcsrb.com\/en\/wp-json\/wp\/v2\/posts\/943795","targetHints":{"allow":["GET"]}}],"collection":[{"href":"https:\/\/dmcsrb.com\/en\/wp-json\/wp\/v2\/posts"}],"about":[{"href":"https:\/\/dmcsrb.com\/en\/wp-json\/wp\/v2\/types\/post"}],"author":[{"embeddable":true,"href":"https:\/\/dmcsrb.com\/en\/wp-json\/wp\/v2\/users\/1"}],"replies":[{"embeddable":true,"href":"https:\/\/dmcsrb.com\/en\/wp-json\/wp\/v2\/comments?post=943795"}],"version-history":[{"count":0,"href":"https:\/\/dmcsrb.com\/en\/wp-json\/wp\/v2\/posts\/943795\/revisions"}],"wp:featuredmedia":[{"embeddable":true,"href":"https:\/\/dmcsrb.com\/en\/wp-json\/wp\/v2\/media\/943796"}],"wp:attachment":[{"href":"https:\/\/dmcsrb.com\/en\/wp-json\/wp\/v2\/media?parent=943795"}],"wp:term":[{"taxonomy":"category","embeddable":true,"href":"https:\/\/dmcsrb.com\/en\/wp-json\/wp\/v2\/categories?post=943795"},{"taxonomy":"post_tag","embeddable":true,"href":"https:\/\/dmcsrb.com\/en\/wp-json\/wp\/v2\/tags?post=943795"},{"taxonomy":"naslovna","embeddable":true,"href":"https:\/\/dmcsrb.com\/en\/wp-json\/wp\/v2\/naslovna?post=943795"}],"curies":[{"name":"wp","href":"https:\/\/api.w.org\/{rel}","templated":true}]}}