{"id":943748,"date":"2025-08-01T19:00:00","date_gmt":"2025-08-01T17:00:00","guid":{"rendered":"https:\/\/dmcsrb.com\/uncategorized\/kabinet-milatovica-djeljosaj-prijetio-predsjedniku-drzave\/"},"modified":"2025-08-01T19:00:00","modified_gmt":"2025-08-01T17:00:00","slug":"kabinet-milatovica-djeljosaj-prijetio-predsjedniku-drzave","status":"publish","type":"post","link":"https:\/\/dmcsrb.com\/en\/politika\/kabinet-milatovica-djeljosaj-prijetio-predsjedniku-drzave\/","title":{"rendered":"Kabinet Milatovi\u0107a: \u0110eljo\u0161aj prijetio predsjedniku dr\u017eave"},"content":{"rendered":"<p><\/p>\n\n\n\n<p>&#8221;S obzirom na ozbiljnost poruka i direktan poku\u0161aj politi\u010dkog pritiska na predsjednika dr\u017eave, Kabinet predsjednika Crne Gore je o tome obavijestio Direktora Uprave policije. O\u010dekujemo da nadle\u017ene institucije reaguju odmah, u skladu sa svojim obavezama prema Ustavu i zakonima Crne Gore&#8221;, poru\u010dili su iz kabineta predsjednika.<\/p>\n\n\n\n<p>Zahtijevamo od predsjednika Vlade Crne Gore da bez odlaganja smijeni potpredsjednika \u0110eljo\u0161aja. Svaki minut \u0107utanja Vlade u ovom trenutku jeste poruka da su prijetnje dozvoljene, istakli su iz Kabineta.<\/p>\n\n\n\n<p>&#8221;Poslije upu\u0107enih prijetnji predsjedniku Crne Gore, veoma brzo smo do\u0161li do informacija koje otkrivaju povod za ovakvo neprimjereno reagovanje gospodina \u0110eljo\u0161aja. Vi\u0161egodi\u0161nji sudski sporovi koje Op\u0161tina Tuzi ima sa kompanijom 13. jul Planta\u017ee, a koji se ti\u010du (nezakonitog) obra\u010duna poreza na nepokretnost na poljoprivredno zemlji\u0161te su razlog za postupke potpredsjednika Vlade Crne Gore. Sporovi se vode zbog protivzakonito obra\u010dunatih godi\u0161njih poreza na nepokretnost koje je Op\u0161tina Tuzi prinudno napla\u0107ivala kroz blokade ra\u010duna. Planta\u017ee su bile primorane da pravdu i povra\u0107aj sredstava tra\u017ee sudskim putem. Ovi postupci traju i vi\u0161e godina, a sve do sada donesene odluke Upravnog suda po \u017ealbama Planta\u017ea bile su u korist kompanije&#8221;, navode iz Kabineta predsjednika.<\/p>\n\n\n\n<p>Klju\u010dnu ulogu u tom procesu imao je upravo sada\u0161nji potpredsjednik Vlade, a tada predsjednik Op\u0161tine Tuzi, Nik \u0110eljo\u0161aj, protiv koga je kompanija Planta\u017ee podnijela krivi\u010dnu prijavu pred Specijalnim dr\u017eavnim tu\u017eila\u0161tvom, kazali su iz Kabineta.<\/p>\n\n\n\n<p>&#8221;Predlo\u017eenim zakonskim rje\u0161enjem, osim \u0161to se ukidaju jedinstvene poreske olak\u0161ice za sve poljoprivredne proizvo\u0111a\u010de, pa time Planta\u017ee, posebno sporno je &#8220;retroaktivno&#8221; dejstvo zakona koje bi omogu\u0107ilo Op\u0161tini Tuzi da poni\u0161ti teku\u0107e sudske sporove sa Planta\u017eama 13. jul. Time bi se legalizovao nezakonit obra\u010dun poreza od strane \u0110eljo\u0161aja, a kompanija bi ostala trajno finansijski o\u0161te\u0107ena za vi\u0161emilionski iznos i dodatno bi bila naru\u0161ena njena likvidnosna pozicija&#8221;, navode iz Kabineta predsjednika.<\/p>\n\n\n\n<p>Kabinet predsjednika Milatovi\u0107a je ve\u0107 obavije\u0161ten da ovo nisu prve prijetnje koje je gospodin \u0110eljo\u0161aj uputio nekom od zvani\u010dnika Crne Gore u vezi ovog spornog zakona. Zato, prijetnje potpredsjednika Vlade nijesu politi\u010dko pitanje, ve\u0107 pitanje slobode, bezbjednosti i dostojanstva nosilaca najvi\u0161ih dr\u017eavnih institucija i funkcije predsjednika Crne Gore, poru\u010duju iz Kabineta predsjednika.<\/p>\n\n\n\n<p>&#8221;Ukoliko Vlada Crne Gore bude ignorisala ovakvo djelovanje svog potpredsjednika, postavlja se pitanje da li institucije smiju da odlu\u010duju nezavisno, bez ucjena, prijetnji i privatnih interesa&#8221;, pitaju iz Kabineta.<\/p>\n\n\n\n<p>Ako se danas prijeti predsjedniku dr\u017eave zato \u0161to je vratio zakon u skladu sa Ustavom, sjutra se mo\u017ee prijetiti svakom gra\u0111aninu koji misli druga\u010dije, isti\u010du iz Kabineta.<\/p>\n\n\n\n<p>&#8221;Predsjednika Milatovi\u0107a ne\u0107e upla\u0161iti bilo \u010dija prijetnja, ve\u0107 \u0107e nastaviti da radi kao i do sada, \u010dvrsto posve\u0107en za\u0161titi ustavnog poretka i demokratskih principa na kojima se mora zasnivati Crna Gora: slobodna, pravna i jednaka za sve&#8221;, zaklju\u010duju iz Kabineta predsjednika Milatovi\u0107a.<\/p>","protected":false},"excerpt":{"rendered":"<p>Kabinet predsjednika Crne Gore obavje\u0161tava javnost da je potpredsjednik Vlade i ministar ekonomskog razvoja Nik \u0110eljo\u0161aj uputio niz prijetnji i neprimjerenih poruka predsjedniku Crne Gore Jakovu Milatovi\u0107u, neposredno nakon \u0161to je saop\u0161teno da je predsjednik vratio Zakon o porezu na nepokretnosti Skup\u0161tini na ponovno odlu\u010divanje, uz jasnu i obrazlo\u017eenu pravnu argumentaciju, saop\u0161tili su iz Kabineta predsjednika.<\/p>","protected":false},"author":1,"featured_media":909741,"comment_status":"open","ping_status":"open","sticky":false,"template":"","format":"standard","meta":{"_acf_changed":false,"footnotes":""},"categories":[12],"tags":[10,9892,1275,9333,5222],"naslovna":[],"class_list":["post-943748","post","type-post","status-publish","format-standard","has-post-thumbnail","hentry","category-politika","tag-eu","tag-kabinet-milatovica","tag-nik-djeljosaj","tag-predsjednik-drzave","tag-prijetnja"],"acf":[],"yoast_head":"<!-- This site is optimized with the Yoast SEO plugin v27.4 - https:\/\/yoast.com\/product\/yoast-seo-wordpress\/ -->\n<title>Kabinet Milatovi\u0107a: \u0110eljo\u0161aj prijetio predsjedniku dr\u017eave - dmcsrb.com<\/title>\n<meta name=\"robots\" content=\"index, follow, max-snippet:-1, max-image-preview:large, max-video-preview:-1\" \/>\n<link rel=\"canonical\" href=\"https:\/\/dmcsrb.com\/en\/politika\/kabinet-milatovica-djeljosaj-prijetio-predsjedniku-drzave\/\" \/>\n<meta property=\"og:locale\" content=\"en_GB\" \/>\n<meta property=\"og:type\" content=\"article\" \/>\n<meta property=\"og:title\" content=\"Kabinet Milatovi\u0107a: \u0110eljo\u0161aj prijetio predsjedniku dr\u017eave - dmcsrb.com\" \/>\n<meta property=\"og:description\" content=\"Kabinet predsjednika Crne Gore obavje\u0161tava javnost da je potpredsjednik Vlade i ministar ekonomskog razvoja Nik \u0110eljo\u0161aj uputio niz prijetnji i neprimjerenih poruka predsjedniku Crne Gore Jakovu Milatovi\u0107u, neposredno nakon \u0161to je saop\u0161teno da je predsjednik vratio Zakon o porezu na nepokretnosti Skup\u0161tini na ponovno odlu\u010divanje, uz jasnu i obrazlo\u017eenu pravnu argumentaciju, saop\u0161tili su iz Kabineta predsjednika.\" \/>\n<meta property=\"og:url\" content=\"https:\/\/dmcsrb.com\/en\/politika\/kabinet-milatovica-djeljosaj-prijetio-predsjedniku-drzave\/\" \/>\n<meta property=\"og:site_name\" content=\"dmcsrb.com\" \/>\n<meta property=\"article:published_time\" content=\"2025-08-01T17:00:00+00:00\" \/>\n<meta property=\"og:image\" content=\"https:\/\/dmcsrb.com\/wp-content\/uploads\/2026\/01\/milatovic-2.jpg\" \/>\n\t<meta property=\"og:image:width\" content=\"1600\" \/>\n\t<meta property=\"og:image:height\" content=\"1066\" \/>\n\t<meta property=\"og:image:type\" content=\"image\/jpeg\" \/>\n<meta name=\"author\" content=\"dmcsrbija.com@gmail.com\" \/>\n<meta name=\"twitter:card\" content=\"summary_large_image\" \/>\n<meta name=\"twitter:label1\" content=\"Written by\" \/>\n\t<meta name=\"twitter:data1\" content=\"dmcsrbija.com@gmail.com\" \/>\n\t<meta name=\"twitter:label2\" content=\"Estimated reading time\" \/>\n\t<meta name=\"twitter:data2\" content=\"3 minutes\" \/>\n<script type=\"application\/ld+json\" class=\"yoast-schema-graph\">{\"@context\":\"https:\\\/\\\/schema.org\",\"@graph\":[{\"@type\":\"Article\",\"@id\":\"https:\\\/\\\/dmcsrb.com\\\/politika\\\/kabinet-milatovica-djeljosaj-prijetio-predsjedniku-drzave\\\/#article\",\"isPartOf\":{\"@id\":\"https:\\\/\\\/dmcsrb.com\\\/politika\\\/kabinet-milatovica-djeljosaj-prijetio-predsjedniku-drzave\\\/\"},\"author\":{\"name\":\"dmcsrbija.com@gmail.com\",\"@id\":\"https:\\\/\\\/dmcsrb.com\\\/#\\\/schema\\\/person\\\/5c39170f12db1b8b457732d0b5c854e2\"},\"headline\":\"Kabinet Milatovi\u0107a: \u0110eljo\u0161aj prijetio predsjedniku dr\u017eave\",\"datePublished\":\"2025-08-01T17:00:00+00:00\",\"mainEntityOfPage\":{\"@id\":\"https:\\\/\\\/dmcsrb.com\\\/politika\\\/kabinet-milatovica-djeljosaj-prijetio-predsjedniku-drzave\\\/\"},\"wordCount\":519,\"commentCount\":0,\"image\":{\"@id\":\"https:\\\/\\\/dmcsrb.com\\\/politika\\\/kabinet-milatovica-djeljosaj-prijetio-predsjedniku-drzave\\\/#primaryimage\"},\"thumbnailUrl\":\"https:\\\/\\\/dmcsrb.com\\\/wp-content\\\/uploads\\\/2026\\\/01\\\/milatovic-2.jpg\",\"keywords\":[\"EU\",\"Kabinet Milatovi\u0107a\",\"Nik \u0110eljo\u0161aj\",\"predsjednik dr\u017eave\",\"Prijetnja\"],\"articleSection\":[\"Politika\"],\"inLanguage\":\"en-GB\",\"potentialAction\":[{\"@type\":\"CommentAction\",\"name\":\"Comment\",\"target\":[\"https:\\\/\\\/dmcsrb.com\\\/politika\\\/kabinet-milatovica-djeljosaj-prijetio-predsjedniku-drzave\\\/#respond\"]}]},{\"@type\":\"WebPage\",\"@id\":\"https:\\\/\\\/dmcsrb.com\\\/politika\\\/kabinet-milatovica-djeljosaj-prijetio-predsjedniku-drzave\\\/\",\"url\":\"https:\\\/\\\/dmcsrb.com\\\/politika\\\/kabinet-milatovica-djeljosaj-prijetio-predsjedniku-drzave\\\/\",\"name\":\"Kabinet Milatovi\u0107a: \u0110eljo\u0161aj prijetio predsjedniku dr\u017eave - dmcsrb.com\",\"isPartOf\":{\"@id\":\"https:\\\/\\\/dmcsrb.com\\\/#website\"},\"primaryImageOfPage\":{\"@id\":\"https:\\\/\\\/dmcsrb.com\\\/politika\\\/kabinet-milatovica-djeljosaj-prijetio-predsjedniku-drzave\\\/#primaryimage\"},\"image\":{\"@id\":\"https:\\\/\\\/dmcsrb.com\\\/politika\\\/kabinet-milatovica-djeljosaj-prijetio-predsjedniku-drzave\\\/#primaryimage\"},\"thumbnailUrl\":\"https:\\\/\\\/dmcsrb.com\\\/wp-content\\\/uploads\\\/2026\\\/01\\\/milatovic-2.jpg\",\"datePublished\":\"2025-08-01T17:00:00+00:00\",\"author\":{\"@id\":\"https:\\\/\\\/dmcsrb.com\\\/#\\\/schema\\\/person\\\/5c39170f12db1b8b457732d0b5c854e2\"},\"breadcrumb\":{\"@id\":\"https:\\\/\\\/dmcsrb.com\\\/politika\\\/kabinet-milatovica-djeljosaj-prijetio-predsjedniku-drzave\\\/#breadcrumb\"},\"inLanguage\":\"en-GB\",\"potentialAction\":[{\"@type\":\"ReadAction\",\"target\":[\"https:\\\/\\\/dmcsrb.com\\\/politika\\\/kabinet-milatovica-djeljosaj-prijetio-predsjedniku-drzave\\\/\"]}]},{\"@type\":\"ImageObject\",\"inLanguage\":\"en-GB\",\"@id\":\"https:\\\/\\\/dmcsrb.com\\\/politika\\\/kabinet-milatovica-djeljosaj-prijetio-predsjedniku-drzave\\\/#primaryimage\",\"url\":\"https:\\\/\\\/dmcsrb.com\\\/wp-content\\\/uploads\\\/2026\\\/01\\\/milatovic-2.jpg\",\"contentUrl\":\"https:\\\/\\\/dmcsrb.com\\\/wp-content\\\/uploads\\\/2026\\\/01\\\/milatovic-2.jpg\",\"width\":1600,\"height\":1066},{\"@type\":\"BreadcrumbList\",\"@id\":\"https:\\\/\\\/dmcsrb.com\\\/politika\\\/kabinet-milatovica-djeljosaj-prijetio-predsjedniku-drzave\\\/#breadcrumb\",\"itemListElement\":[{\"@type\":\"ListItem\",\"position\":1,\"name\":\"Home\",\"item\":\"https:\\\/\\\/dmcsrb.com\\\/\"},{\"@type\":\"ListItem\",\"position\":2,\"name\":\"Kabinet Milatovi\u0107a: \u0110eljo\u0161aj prijetio predsjedniku dr\u017eave\"}]},{\"@type\":\"WebSite\",\"@id\":\"https:\\\/\\\/dmcsrb.com\\\/#website\",\"url\":\"https:\\\/\\\/dmcsrb.com\\\/\",\"name\":\"dmcsrb.com\",\"description\":\"\",\"potentialAction\":[{\"@type\":\"SearchAction\",\"target\":{\"@type\":\"EntryPoint\",\"urlTemplate\":\"https:\\\/\\\/dmcsrb.com\\\/?s={search_term_string}\"},\"query-input\":{\"@type\":\"PropertyValueSpecification\",\"valueRequired\":true,\"valueName\":\"search_term_string\"}}],\"inLanguage\":\"en-GB\"},{\"@type\":\"Person\",\"@id\":\"https:\\\/\\\/dmcsrb.com\\\/#\\\/schema\\\/person\\\/5c39170f12db1b8b457732d0b5c854e2\",\"name\":\"dmcsrbija.com@gmail.com\",\"image\":{\"@type\":\"ImageObject\",\"inLanguage\":\"en-GB\",\"@id\":\"https:\\\/\\\/secure.gravatar.com\\\/avatar\\\/68592660ad6347fad0fb587f8d5d8f1a7b44961362f56e4f2cd524feb87e9069?s=96&d=mm&r=g\",\"url\":\"https:\\\/\\\/secure.gravatar.com\\\/avatar\\\/68592660ad6347fad0fb587f8d5d8f1a7b44961362f56e4f2cd524feb87e9069?s=96&d=mm&r=g\",\"contentUrl\":\"https:\\\/\\\/secure.gravatar.com\\\/avatar\\\/68592660ad6347fad0fb587f8d5d8f1a7b44961362f56e4f2cd524feb87e9069?s=96&d=mm&r=g\",\"caption\":\"dmcsrbija.com@gmail.com\"},\"sameAs\":[\"https:\\\/\\\/dmcsrb.com\"],\"url\":\"https:\\\/\\\/dmcsrb.com\\\/en\\\/author\\\/dmcsrbija-comgmail-com\\\/\"}]}<\/script>\n<!-- \/ Yoast SEO plugin. -->","yoast_head_json":{"title":"Kabinet Milatovi\u0107a: \u0110eljo\u0161aj prijetio predsjedniku dr\u017eave - dmcsrb.com","robots":{"index":"index","follow":"follow","max-snippet":"max-snippet:-1","max-image-preview":"max-image-preview:large","max-video-preview":"max-video-preview:-1"},"canonical":"https:\/\/dmcsrb.com\/en\/politika\/kabinet-milatovica-djeljosaj-prijetio-predsjedniku-drzave\/","og_locale":"en_GB","og_type":"article","og_title":"Kabinet Milatovi\u0107a: \u0110eljo\u0161aj prijetio predsjedniku dr\u017eave - dmcsrb.com","og_description":"Kabinet predsjednika Crne Gore obavje\u0161tava javnost da je potpredsjednik Vlade i ministar ekonomskog razvoja Nik \u0110eljo\u0161aj uputio niz prijetnji i neprimjerenih poruka predsjedniku Crne Gore Jakovu Milatovi\u0107u, neposredno nakon \u0161to je saop\u0161teno da je predsjednik vratio Zakon o porezu na nepokretnosti Skup\u0161tini na ponovno odlu\u010divanje, uz jasnu i obrazlo\u017eenu pravnu argumentaciju, saop\u0161tili su iz Kabineta predsjednika.","og_url":"https:\/\/dmcsrb.com\/en\/politika\/kabinet-milatovica-djeljosaj-prijetio-predsjedniku-drzave\/","og_site_name":"dmcsrb.com","article_published_time":"2025-08-01T17:00:00+00:00","og_image":[{"width":1600,"height":1066,"url":"https:\/\/dmcsrb.com\/wp-content\/uploads\/2026\/01\/milatovic-2.jpg","type":"image\/jpeg"}],"author":"dmcsrbija.com@gmail.com","twitter_card":"summary_large_image","twitter_misc":{"Written by":"dmcsrbija.com@gmail.com","Estimated reading time":"3 minutes"},"schema":{"@context":"https:\/\/schema.org","@graph":[{"@type":"Article","@id":"https:\/\/dmcsrb.com\/politika\/kabinet-milatovica-djeljosaj-prijetio-predsjedniku-drzave\/#article","isPartOf":{"@id":"https:\/\/dmcsrb.com\/politika\/kabinet-milatovica-djeljosaj-prijetio-predsjedniku-drzave\/"},"author":{"name":"dmcsrbija.com@gmail.com","@id":"https:\/\/dmcsrb.com\/#\/schema\/person\/5c39170f12db1b8b457732d0b5c854e2"},"headline":"Kabinet Milatovi\u0107a: \u0110eljo\u0161aj prijetio predsjedniku dr\u017eave","datePublished":"2025-08-01T17:00:00+00:00","mainEntityOfPage":{"@id":"https:\/\/dmcsrb.com\/politika\/kabinet-milatovica-djeljosaj-prijetio-predsjedniku-drzave\/"},"wordCount":519,"commentCount":0,"image":{"@id":"https:\/\/dmcsrb.com\/politika\/kabinet-milatovica-djeljosaj-prijetio-predsjedniku-drzave\/#primaryimage"},"thumbnailUrl":"https:\/\/dmcsrb.com\/wp-content\/uploads\/2026\/01\/milatovic-2.jpg","keywords":["EU","Kabinet Milatovi\u0107a","Nik \u0110eljo\u0161aj","predsjednik dr\u017eave","Prijetnja"],"articleSection":["Politika"],"inLanguage":"en-GB","potentialAction":[{"@type":"CommentAction","name":"Comment","target":["https:\/\/dmcsrb.com\/politika\/kabinet-milatovica-djeljosaj-prijetio-predsjedniku-drzave\/#respond"]}]},{"@type":"WebPage","@id":"https:\/\/dmcsrb.com\/politika\/kabinet-milatovica-djeljosaj-prijetio-predsjedniku-drzave\/","url":"https:\/\/dmcsrb.com\/politika\/kabinet-milatovica-djeljosaj-prijetio-predsjedniku-drzave\/","name":"Kabinet Milatovi\u0107a: \u0110eljo\u0161aj prijetio predsjedniku dr\u017eave - dmcsrb.com","isPartOf":{"@id":"https:\/\/dmcsrb.com\/#website"},"primaryImageOfPage":{"@id":"https:\/\/dmcsrb.com\/politika\/kabinet-milatovica-djeljosaj-prijetio-predsjedniku-drzave\/#primaryimage"},"image":{"@id":"https:\/\/dmcsrb.com\/politika\/kabinet-milatovica-djeljosaj-prijetio-predsjedniku-drzave\/#primaryimage"},"thumbnailUrl":"https:\/\/dmcsrb.com\/wp-content\/uploads\/2026\/01\/milatovic-2.jpg","datePublished":"2025-08-01T17:00:00+00:00","author":{"@id":"https:\/\/dmcsrb.com\/#\/schema\/person\/5c39170f12db1b8b457732d0b5c854e2"},"breadcrumb":{"@id":"https:\/\/dmcsrb.com\/politika\/kabinet-milatovica-djeljosaj-prijetio-predsjedniku-drzave\/#breadcrumb"},"inLanguage":"en-GB","potentialAction":[{"@type":"ReadAction","target":["https:\/\/dmcsrb.com\/politika\/kabinet-milatovica-djeljosaj-prijetio-predsjedniku-drzave\/"]}]},{"@type":"ImageObject","inLanguage":"en-GB","@id":"https:\/\/dmcsrb.com\/politika\/kabinet-milatovica-djeljosaj-prijetio-predsjedniku-drzave\/#primaryimage","url":"https:\/\/dmcsrb.com\/wp-content\/uploads\/2026\/01\/milatovic-2.jpg","contentUrl":"https:\/\/dmcsrb.com\/wp-content\/uploads\/2026\/01\/milatovic-2.jpg","width":1600,"height":1066},{"@type":"BreadcrumbList","@id":"https:\/\/dmcsrb.com\/politika\/kabinet-milatovica-djeljosaj-prijetio-predsjedniku-drzave\/#breadcrumb","itemListElement":[{"@type":"ListItem","position":1,"name":"Home","item":"https:\/\/dmcsrb.com\/"},{"@type":"ListItem","position":2,"name":"Kabinet Milatovi\u0107a: \u0110eljo\u0161aj prijetio predsjedniku dr\u017eave"}]},{"@type":"WebSite","@id":"https:\/\/dmcsrb.com\/#website","url":"https:\/\/dmcsrb.com\/","name":"dmcsrb.com","description":"","potentialAction":[{"@type":"SearchAction","target":{"@type":"EntryPoint","urlTemplate":"https:\/\/dmcsrb.com\/?s={search_term_string}"},"query-input":{"@type":"PropertyValueSpecification","valueRequired":true,"valueName":"search_term_string"}}],"inLanguage":"en-GB"},{"@type":"Person","@id":"https:\/\/dmcsrb.com\/#\/schema\/person\/5c39170f12db1b8b457732d0b5c854e2","name":"dmcsrbija.com@gmail.com","image":{"@type":"ImageObject","inLanguage":"en-GB","@id":"https:\/\/secure.gravatar.com\/avatar\/68592660ad6347fad0fb587f8d5d8f1a7b44961362f56e4f2cd524feb87e9069?s=96&d=mm&r=g","url":"https:\/\/secure.gravatar.com\/avatar\/68592660ad6347fad0fb587f8d5d8f1a7b44961362f56e4f2cd524feb87e9069?s=96&d=mm&r=g","contentUrl":"https:\/\/secure.gravatar.com\/avatar\/68592660ad6347fad0fb587f8d5d8f1a7b44961362f56e4f2cd524feb87e9069?s=96&d=mm&r=g","caption":"dmcsrbija.com@gmail.com"},"sameAs":["https:\/\/dmcsrb.com"],"url":"https:\/\/dmcsrb.com\/en\/author\/dmcsrbija-comgmail-com\/"}]}},"_links":{"self":[{"href":"https:\/\/dmcsrb.com\/en\/wp-json\/wp\/v2\/posts\/943748","targetHints":{"allow":["GET"]}}],"collection":[{"href":"https:\/\/dmcsrb.com\/en\/wp-json\/wp\/v2\/posts"}],"about":[{"href":"https:\/\/dmcsrb.com\/en\/wp-json\/wp\/v2\/types\/post"}],"author":[{"embeddable":true,"href":"https:\/\/dmcsrb.com\/en\/wp-json\/wp\/v2\/users\/1"}],"replies":[{"embeddable":true,"href":"https:\/\/dmcsrb.com\/en\/wp-json\/wp\/v2\/comments?post=943748"}],"version-history":[{"count":0,"href":"https:\/\/dmcsrb.com\/en\/wp-json\/wp\/v2\/posts\/943748\/revisions"}],"wp:featuredmedia":[{"embeddable":true,"href":"https:\/\/dmcsrb.com\/en\/wp-json\/wp\/v2\/media\/909741"}],"wp:attachment":[{"href":"https:\/\/dmcsrb.com\/en\/wp-json\/wp\/v2\/media?parent=943748"}],"wp:term":[{"taxonomy":"category","embeddable":true,"href":"https:\/\/dmcsrb.com\/en\/wp-json\/wp\/v2\/categories?post=943748"},{"taxonomy":"post_tag","embeddable":true,"href":"https:\/\/dmcsrb.com\/en\/wp-json\/wp\/v2\/tags?post=943748"},{"taxonomy":"naslovna","embeddable":true,"href":"https:\/\/dmcsrb.com\/en\/wp-json\/wp\/v2\/naslovna?post=943748"}],"curies":[{"name":"wp","href":"https:\/\/api.w.org\/{rel}","templated":true}]}}