{"id":943722,"date":"2025-08-01T16:30:00","date_gmt":"2025-08-01T14:30:00","guid":{"rendered":"https:\/\/dmcsrb.com\/uncategorized\/vlada-cg-montecargu-podrska-od-75-000-eura\/"},"modified":"2025-08-01T16:30:00","modified_gmt":"2025-08-01T14:30:00","slug":"vlada-cg-montecargu-podrska-od-75-000-eura","status":"publish","type":"post","link":"https:\/\/dmcsrb.com\/en\/ekonomija\/vlada-cg-montecargu-podrska-od-75-000-eura\/","title":{"rendered":"Vlada CG: &#8220;Montecargu&#8221; podr\u0161ka od 75.000 eura"},"content":{"rendered":"<p><\/p>\n\n\n\n<p>\u017deljezni\u010dki teretni operater AD \u201eMontecargo\u201c iz Podgorice podnio je zahtjev za dodjelu dr\u017eavne pomo\u0107i male vrijednosti (de minimis pomo\u0107) u iznosu od 75.000 eura.<\/p>\n\n\n\n<p>Kako obja\u0161njavaju u obrazlo\u017eenju odluke, osnovna djelatnost ove dr\u017eavne kompanije je prevoz stvari u unutra\u0161njem i me\u0111unarodnom \u017eeljezni\u010dkom saobra\u0107aju, pri \u010demu \u010dak 90% prihoda ostvaruje iz ove djelatnosti. Kompanija posluje po tr\u017ei\u0161nim principima, a prema obrazlo\u017eenju Montecarga, u posljednjem periodu do\u0161lo je do drasti\u010dnog smanjenja obima prevoza rude boksita za Uniprom Metal iz Nik\u0161i\u0107a, \u0161to u kombinaciji sa ranije smanjenim prevozom bakarnog koncentrata, ugro\u017eava osnovnu djelatnost i prihod kompanije.<\/p>\n\n\n\n<p>Kako navode, dodjela pomo\u0107i ima za cilj o\u010duvanje efikasnosti i operativnosti prevoznog sistema u uslovima pove\u0107ane tr\u017ei\u0161ne konkurencije i poslovne neizvjesnosti.<\/p>\n\n\n\n<p>\u201eUzimaju\u0107i u obzir potrebu hitnog reagovanja na pote\u0161ko\u0107e u poslovanju, pripremljen je materijal za dobijanje saglasnosti za dodjelu pomo\u0107i male vrijednosti, u skladu sa Pravilnikom o izmjenama pravilnika o listi pravila dr\u017eavne pomo\u0107i (\u2018Slu\u017ebeni list Crne Gore\u2019, br. 26\/2024)\u201c, navedeno je u zahtjevu.<\/p>\n\n\n\n<p>Podsje\u0107aju i da je Montecargu ve\u0107 odobrena de minimis pomo\u0107 u iznosu od 150.000 eura, na osnovu Zaklju\u010dka Vlade Crne Gore od 12. decembra 2024. godine i mi\u0161ljenja Ministarstva finansija od 11. novembra 2024. godine. Ta sredstva su ispla\u0107ena iz teku\u0107e bud\u017eetske rezerve.<\/p>\n\n\n\n<p>Ministarstvo finansija nije imalo primjedbi na na\u010din odre\u0111ivanja sredstava, te je predlo\u017eeno da se polovina potrebnih sredstava za pomo\u0107 Montecargu za 2025. godinu obezbijedi iz teku\u0107e bud\u017eetske rezerve, dok bi ostatak trebalo da bude pokriven iz sredstava Ministarstva saobra\u0107aja.<\/p>","protected":false},"excerpt":{"rendered":"<p>Vlada Crne Gore na telefonskoj sjednici odobrila je pomo\u0107 od 75.000 eura \u017deljezni\u010dkom teretnom operateru AD \u201eMontecargo&#8221; kako bi ubla\u017eili posljedice smanjenog obima posla i o\u010duvanja operativne sposobnosti preduze\u0107a.<\/p>","protected":false},"author":1,"featured_media":943723,"comment_status":"open","ping_status":"open","sticky":false,"template":"","format":"standard","meta":{"_acf_changed":false,"footnotes":""},"categories":[27],"tags":[7596,855],"naslovna":[],"class_list":["post-943722","post","type-post","status-publish","format-standard","has-post-thumbnail","hentry","category-ekonomija","tag-montecargo","tag-vlada-cg"],"acf":[],"yoast_head":"<!-- This site is optimized with the Yoast SEO plugin v27.0 - https:\/\/yoast.com\/product\/yoast-seo-wordpress\/ -->\n<title>Vlada CG: &quot;Montecargu&quot; podr\u0161ka od 75.000 eura - dmcsrb.com<\/title>\n<meta name=\"robots\" content=\"index, follow, max-snippet:-1, max-image-preview:large, max-video-preview:-1\" \/>\n<link rel=\"canonical\" href=\"https:\/\/dmcsrb.com\/en\/ekonomija\/vlada-cg-montecargu-podrska-od-75-000-eura\/\" \/>\n<meta property=\"og:locale\" content=\"en_GB\" \/>\n<meta property=\"og:type\" content=\"article\" \/>\n<meta property=\"og:title\" content=\"Vlada CG: &quot;Montecargu&quot; podr\u0161ka od 75.000 eura - dmcsrb.com\" \/>\n<meta property=\"og:description\" content=\"Vlada Crne Gore na telefonskoj sjednici odobrila je pomo\u0107 od 75.000 eura \u017deljezni\u010dkom teretnom operateru AD \u201eMontecargo&quot; kako bi ubla\u017eili posljedice smanjenog obima posla i o\u010duvanja operativne sposobnosti preduze\u0107a.\" \/>\n<meta property=\"og:url\" content=\"https:\/\/dmcsrb.com\/en\/ekonomija\/vlada-cg-montecargu-podrska-od-75-000-eura\/\" \/>\n<meta property=\"og:site_name\" content=\"dmcsrb.com\" \/>\n<meta property=\"article:published_time\" content=\"2025-08-01T14:30:00+00:00\" \/>\n<meta property=\"og:image\" content=\"https:\/\/dmcsrb.com\/wp-content\/uploads\/2026\/01\/1_506x900.webp\" \/>\n\t<meta property=\"og:image:width\" content=\"900\" \/>\n\t<meta property=\"og:image:height\" content=\"506\" \/>\n\t<meta property=\"og:image:type\" content=\"image\/jpeg\" \/>\n<meta name=\"author\" content=\"dmcsrbija.com@gmail.com\" \/>\n<meta name=\"twitter:card\" content=\"summary_large_image\" \/>\n<meta name=\"twitter:label1\" content=\"Written by\" \/>\n\t<meta name=\"twitter:data1\" content=\"dmcsrbija.com@gmail.com\" \/>\n\t<meta name=\"twitter:label2\" content=\"Estimated reading time\" \/>\n\t<meta name=\"twitter:data2\" content=\"1 minute\" \/>\n<script type=\"application\/ld+json\" class=\"yoast-schema-graph\">{\"@context\":\"https:\/\/schema.org\",\"@graph\":[{\"@type\":\"Article\",\"@id\":\"https:\/\/dmcsrb.com\/ekonomija\/vlada-cg-montecargu-podrska-od-75-000-eura\/#article\",\"isPartOf\":{\"@id\":\"https:\/\/dmcsrb.com\/ekonomija\/vlada-cg-montecargu-podrska-od-75-000-eura\/\"},\"author\":{\"name\":\"dmcsrbija.com@gmail.com\",\"@id\":\"https:\/\/dmcsrb.com\/#\/schema\/person\/5c39170f12db1b8b457732d0b5c854e2\"},\"headline\":\"Vlada CG: &#8220;Montecargu&#8221; podr\u0161ka od 75.000 eura\",\"datePublished\":\"2025-08-01T14:30:00+00:00\",\"mainEntityOfPage\":{\"@id\":\"https:\/\/dmcsrb.com\/ekonomija\/vlada-cg-montecargu-podrska-od-75-000-eura\/\"},\"wordCount\":279,\"commentCount\":0,\"image\":{\"@id\":\"https:\/\/dmcsrb.com\/ekonomija\/vlada-cg-montecargu-podrska-od-75-000-eura\/#primaryimage\"},\"thumbnailUrl\":\"https:\/\/dmcsrb.com\/wp-content\/uploads\/2026\/01\/1_506x900.webp\",\"keywords\":[\"Montecargo\",\"Vlada CG\"],\"articleSection\":[\"Ekonomija\"],\"inLanguage\":\"en-GB\",\"potentialAction\":[{\"@type\":\"CommentAction\",\"name\":\"Comment\",\"target\":[\"https:\/\/dmcsrb.com\/ekonomija\/vlada-cg-montecargu-podrska-od-75-000-eura\/#respond\"]}]},{\"@type\":\"WebPage\",\"@id\":\"https:\/\/dmcsrb.com\/ekonomija\/vlada-cg-montecargu-podrska-od-75-000-eura\/\",\"url\":\"https:\/\/dmcsrb.com\/ekonomija\/vlada-cg-montecargu-podrska-od-75-000-eura\/\",\"name\":\"Vlada CG: \\\"Montecargu\\\" podr\u0161ka od 75.000 eura - dmcsrb.com\",\"isPartOf\":{\"@id\":\"https:\/\/dmcsrb.com\/#website\"},\"primaryImageOfPage\":{\"@id\":\"https:\/\/dmcsrb.com\/ekonomija\/vlada-cg-montecargu-podrska-od-75-000-eura\/#primaryimage\"},\"image\":{\"@id\":\"https:\/\/dmcsrb.com\/ekonomija\/vlada-cg-montecargu-podrska-od-75-000-eura\/#primaryimage\"},\"thumbnailUrl\":\"https:\/\/dmcsrb.com\/wp-content\/uploads\/2026\/01\/1_506x900.webp\",\"datePublished\":\"2025-08-01T14:30:00+00:00\",\"author\":{\"@id\":\"https:\/\/dmcsrb.com\/#\/schema\/person\/5c39170f12db1b8b457732d0b5c854e2\"},\"breadcrumb\":{\"@id\":\"https:\/\/dmcsrb.com\/ekonomija\/vlada-cg-montecargu-podrska-od-75-000-eura\/#breadcrumb\"},\"inLanguage\":\"en-GB\",\"potentialAction\":[{\"@type\":\"ReadAction\",\"target\":[\"https:\/\/dmcsrb.com\/ekonomija\/vlada-cg-montecargu-podrska-od-75-000-eura\/\"]}]},{\"@type\":\"ImageObject\",\"inLanguage\":\"en-GB\",\"@id\":\"https:\/\/dmcsrb.com\/ekonomija\/vlada-cg-montecargu-podrska-od-75-000-eura\/#primaryimage\",\"url\":\"https:\/\/dmcsrb.com\/wp-content\/uploads\/2026\/01\/1_506x900.webp\",\"contentUrl\":\"https:\/\/dmcsrb.com\/wp-content\/uploads\/2026\/01\/1_506x900.webp\",\"width\":900,\"height\":506},{\"@type\":\"BreadcrumbList\",\"@id\":\"https:\/\/dmcsrb.com\/ekonomija\/vlada-cg-montecargu-podrska-od-75-000-eura\/#breadcrumb\",\"itemListElement\":[{\"@type\":\"ListItem\",\"position\":1,\"name\":\"Home\",\"item\":\"https:\/\/dmcsrb.com\/\"},{\"@type\":\"ListItem\",\"position\":2,\"name\":\"Vlada CG: &#8220;Montecargu&#8221; podr\u0161ka od 75.000 eura\"}]},{\"@type\":\"WebSite\",\"@id\":\"https:\/\/dmcsrb.com\/#website\",\"url\":\"https:\/\/dmcsrb.com\/\",\"name\":\"dmcsrb.com\",\"description\":\"\",\"potentialAction\":[{\"@type\":\"SearchAction\",\"target\":{\"@type\":\"EntryPoint\",\"urlTemplate\":\"https:\/\/dmcsrb.com\/?s={search_term_string}\"},\"query-input\":{\"@type\":\"PropertyValueSpecification\",\"valueRequired\":true,\"valueName\":\"search_term_string\"}}],\"inLanguage\":\"en-GB\"},{\"@type\":\"Person\",\"@id\":\"https:\/\/dmcsrb.com\/#\/schema\/person\/5c39170f12db1b8b457732d0b5c854e2\",\"name\":\"dmcsrbija.com@gmail.com\",\"image\":{\"@type\":\"ImageObject\",\"inLanguage\":\"en-GB\",\"@id\":\"https:\/\/dmcsrb.com\/#\/schema\/person\/image\/\",\"url\":\"https:\/\/secure.gravatar.com\/avatar\/68592660ad6347fad0fb587f8d5d8f1a7b44961362f56e4f2cd524feb87e9069?s=96&d=mm&r=g\",\"contentUrl\":\"https:\/\/secure.gravatar.com\/avatar\/68592660ad6347fad0fb587f8d5d8f1a7b44961362f56e4f2cd524feb87e9069?s=96&d=mm&r=g\",\"caption\":\"dmcsrbija.com@gmail.com\"},\"sameAs\":[\"https:\/\/dmcsrb.com\"],\"url\":\"https:\/\/dmcsrb.com\/en\/author\/dmcsrbija-comgmail-com\/\"}]}<\/script>\n<!-- \/ Yoast SEO plugin. -->","yoast_head_json":{"title":"Vlada CG: \"Montecargu\" podr\u0161ka od 75.000 eura - dmcsrb.com","robots":{"index":"index","follow":"follow","max-snippet":"max-snippet:-1","max-image-preview":"max-image-preview:large","max-video-preview":"max-video-preview:-1"},"canonical":"https:\/\/dmcsrb.com\/en\/ekonomija\/vlada-cg-montecargu-podrska-od-75-000-eura\/","og_locale":"en_GB","og_type":"article","og_title":"Vlada CG: \"Montecargu\" podr\u0161ka od 75.000 eura - dmcsrb.com","og_description":"Vlada Crne Gore na telefonskoj sjednici odobrila je pomo\u0107 od 75.000 eura \u017deljezni\u010dkom teretnom operateru AD \u201eMontecargo\" kako bi ubla\u017eili posljedice smanjenog obima posla i o\u010duvanja operativne sposobnosti preduze\u0107a.","og_url":"https:\/\/dmcsrb.com\/en\/ekonomija\/vlada-cg-montecargu-podrska-od-75-000-eura\/","og_site_name":"dmcsrb.com","article_published_time":"2025-08-01T14:30:00+00:00","og_image":[{"width":900,"height":506,"url":"https:\/\/dmcsrb.com\/wp-content\/uploads\/2026\/01\/1_506x900.webp","type":"image\/jpeg"}],"author":"dmcsrbija.com@gmail.com","twitter_card":"summary_large_image","twitter_misc":{"Written by":"dmcsrbija.com@gmail.com","Estimated reading time":"1 minute"},"schema":{"@context":"https:\/\/schema.org","@graph":[{"@type":"Article","@id":"https:\/\/dmcsrb.com\/ekonomija\/vlada-cg-montecargu-podrska-od-75-000-eura\/#article","isPartOf":{"@id":"https:\/\/dmcsrb.com\/ekonomija\/vlada-cg-montecargu-podrska-od-75-000-eura\/"},"author":{"name":"dmcsrbija.com@gmail.com","@id":"https:\/\/dmcsrb.com\/#\/schema\/person\/5c39170f12db1b8b457732d0b5c854e2"},"headline":"Vlada CG: &#8220;Montecargu&#8221; podr\u0161ka od 75.000 eura","datePublished":"2025-08-01T14:30:00+00:00","mainEntityOfPage":{"@id":"https:\/\/dmcsrb.com\/ekonomija\/vlada-cg-montecargu-podrska-od-75-000-eura\/"},"wordCount":279,"commentCount":0,"image":{"@id":"https:\/\/dmcsrb.com\/ekonomija\/vlada-cg-montecargu-podrska-od-75-000-eura\/#primaryimage"},"thumbnailUrl":"https:\/\/dmcsrb.com\/wp-content\/uploads\/2026\/01\/1_506x900.webp","keywords":["Montecargo","Vlada CG"],"articleSection":["Ekonomija"],"inLanguage":"en-GB","potentialAction":[{"@type":"CommentAction","name":"Comment","target":["https:\/\/dmcsrb.com\/ekonomija\/vlada-cg-montecargu-podrska-od-75-000-eura\/#respond"]}]},{"@type":"WebPage","@id":"https:\/\/dmcsrb.com\/ekonomija\/vlada-cg-montecargu-podrska-od-75-000-eura\/","url":"https:\/\/dmcsrb.com\/ekonomija\/vlada-cg-montecargu-podrska-od-75-000-eura\/","name":"Vlada CG: \"Montecargu\" podr\u0161ka od 75.000 eura - dmcsrb.com","isPartOf":{"@id":"https:\/\/dmcsrb.com\/#website"},"primaryImageOfPage":{"@id":"https:\/\/dmcsrb.com\/ekonomija\/vlada-cg-montecargu-podrska-od-75-000-eura\/#primaryimage"},"image":{"@id":"https:\/\/dmcsrb.com\/ekonomija\/vlada-cg-montecargu-podrska-od-75-000-eura\/#primaryimage"},"thumbnailUrl":"https:\/\/dmcsrb.com\/wp-content\/uploads\/2026\/01\/1_506x900.webp","datePublished":"2025-08-01T14:30:00+00:00","author":{"@id":"https:\/\/dmcsrb.com\/#\/schema\/person\/5c39170f12db1b8b457732d0b5c854e2"},"breadcrumb":{"@id":"https:\/\/dmcsrb.com\/ekonomija\/vlada-cg-montecargu-podrska-od-75-000-eura\/#breadcrumb"},"inLanguage":"en-GB","potentialAction":[{"@type":"ReadAction","target":["https:\/\/dmcsrb.com\/ekonomija\/vlada-cg-montecargu-podrska-od-75-000-eura\/"]}]},{"@type":"ImageObject","inLanguage":"en-GB","@id":"https:\/\/dmcsrb.com\/ekonomija\/vlada-cg-montecargu-podrska-od-75-000-eura\/#primaryimage","url":"https:\/\/dmcsrb.com\/wp-content\/uploads\/2026\/01\/1_506x900.webp","contentUrl":"https:\/\/dmcsrb.com\/wp-content\/uploads\/2026\/01\/1_506x900.webp","width":900,"height":506},{"@type":"BreadcrumbList","@id":"https:\/\/dmcsrb.com\/ekonomija\/vlada-cg-montecargu-podrska-od-75-000-eura\/#breadcrumb","itemListElement":[{"@type":"ListItem","position":1,"name":"Home","item":"https:\/\/dmcsrb.com\/"},{"@type":"ListItem","position":2,"name":"Vlada CG: &#8220;Montecargu&#8221; podr\u0161ka od 75.000 eura"}]},{"@type":"WebSite","@id":"https:\/\/dmcsrb.com\/#website","url":"https:\/\/dmcsrb.com\/","name":"dmcsrb.com","description":"","potentialAction":[{"@type":"SearchAction","target":{"@type":"EntryPoint","urlTemplate":"https:\/\/dmcsrb.com\/?s={search_term_string}"},"query-input":{"@type":"PropertyValueSpecification","valueRequired":true,"valueName":"search_term_string"}}],"inLanguage":"en-GB"},{"@type":"Person","@id":"https:\/\/dmcsrb.com\/#\/schema\/person\/5c39170f12db1b8b457732d0b5c854e2","name":"dmcsrbija.com@gmail.com","image":{"@type":"ImageObject","inLanguage":"en-GB","@id":"https:\/\/dmcsrb.com\/#\/schema\/person\/image\/","url":"https:\/\/secure.gravatar.com\/avatar\/68592660ad6347fad0fb587f8d5d8f1a7b44961362f56e4f2cd524feb87e9069?s=96&d=mm&r=g","contentUrl":"https:\/\/secure.gravatar.com\/avatar\/68592660ad6347fad0fb587f8d5d8f1a7b44961362f56e4f2cd524feb87e9069?s=96&d=mm&r=g","caption":"dmcsrbija.com@gmail.com"},"sameAs":["https:\/\/dmcsrb.com"],"url":"https:\/\/dmcsrb.com\/en\/author\/dmcsrbija-comgmail-com\/"}]}},"_links":{"self":[{"href":"https:\/\/dmcsrb.com\/en\/wp-json\/wp\/v2\/posts\/943722","targetHints":{"allow":["GET"]}}],"collection":[{"href":"https:\/\/dmcsrb.com\/en\/wp-json\/wp\/v2\/posts"}],"about":[{"href":"https:\/\/dmcsrb.com\/en\/wp-json\/wp\/v2\/types\/post"}],"author":[{"embeddable":true,"href":"https:\/\/dmcsrb.com\/en\/wp-json\/wp\/v2\/users\/1"}],"replies":[{"embeddable":true,"href":"https:\/\/dmcsrb.com\/en\/wp-json\/wp\/v2\/comments?post=943722"}],"version-history":[{"count":0,"href":"https:\/\/dmcsrb.com\/en\/wp-json\/wp\/v2\/posts\/943722\/revisions"}],"wp:featuredmedia":[{"embeddable":true,"href":"https:\/\/dmcsrb.com\/en\/wp-json\/wp\/v2\/media\/943723"}],"wp:attachment":[{"href":"https:\/\/dmcsrb.com\/en\/wp-json\/wp\/v2\/media?parent=943722"}],"wp:term":[{"taxonomy":"category","embeddable":true,"href":"https:\/\/dmcsrb.com\/en\/wp-json\/wp\/v2\/categories?post=943722"},{"taxonomy":"post_tag","embeddable":true,"href":"https:\/\/dmcsrb.com\/en\/wp-json\/wp\/v2\/tags?post=943722"},{"taxonomy":"naslovna","embeddable":true,"href":"https:\/\/dmcsrb.com\/en\/wp-json\/wp\/v2\/naslovna?post=943722"}],"curies":[{"name":"wp","href":"https:\/\/api.w.org\/{rel}","templated":true}]}}