{"id":943638,"date":"2025-08-01T11:23:00","date_gmt":"2025-08-01T09:23:00","guid":{"rendered":"https:\/\/dmcsrb.com\/uncategorized\/knezevic-za-socijalnu-sigurnost-ne-za-jos-jednu-neoperativnu-ustanovu\/"},"modified":"2025-08-01T11:23:00","modified_gmt":"2025-08-01T09:23:00","slug":"knezevic-za-socijalnu-sigurnost-ne-za-jos-jednu-neoperativnu-ustanovu","status":"publish","type":"post","link":"https:\/\/dmcsrb.com\/en\/podgorica\/knezevic-za-socijalnu-sigurnost-ne-za-jos-jednu-neoperativnu-ustanovu\/","title":{"rendered":"Kne\u017eevi\u0107: Za socijalnu sigurnost \u2013 ne za jo\u0161 jednu neoperativnu ustanovu"},"content":{"rendered":"<p><\/p>\n\n\n\n<p><\/p>\n\n\n\n<p>Poru\u010duje da ova ustanova mora biti druga\u010dija.<\/p>\n\n\n\n<p>&#8220;Ne smijemo dozvoliti da se pretvori u jo\u0161 jedan birokratski aparat koji tro\u0161i javna sredstva bez stvarnog u\u010dinka. Ne \u017eivimo lako ni jednostavno \u2013 ni u Podgorici ni u ostatku Crne Gore. Inflacija jede ku\u0107ne bud\u017eete, a sistem socijalne za\u0161tite sve \u010de\u0161\u0107e ne prepoznaje potrebe gra\u0111ana. Postoje\u0107e institucije su \u010desto nijeme i nemo\u0107ne pred izazovima. Upravo zato, Centar koji osnivamo mora biti primjer promjene. Njegova svrha je da pru\u017ei konkretne i efikasne usluge: od narodne kuhinje i pomo\u0107i u ku\u0107i starijima i osobama sa invaliditetom, do personalne asistencije, podr\u017eanog stanovanja za djecu bez roditelja, savjetovali\u0161ta za porodicu \u2013 i svih drugih usluga koje \u017eivot nala\u017ee&#8221;, kazala je Kne\u017eevi\u0107.<\/p>\n\n\n\n<p>Pozvala je sve odbornike da ve\u0107 danas osmisle i usvoje jasan model nadzora nad radom ustanove.<\/p>\n\n\n\n<p>&#8220;Potrebni su nam stru\u010dni i odgovorni ljudi u upravlja\u010dkim organima \u2013 ljudi sa vizijom, koji \u0107e voditi Centar ka ciljevima, a ne slu\u017eiti kao produ\u017eena ruka bilo \u010dijih interesa. Upravni odbor mora da usmjerava direktora, a ne obrnuto. Podgorici ne treba jo\u0161 jedna forma bez su\u0161tine. Treba nam funkcionalna, otvorena, dostupna i humana institucija&#8221;, istakla je Kne\u017eevi\u0107.<\/p>\n\n\n\n<p>Stranka evropskog progresa i ona, kako ka\u017ee, stoje na raspolaganju za svaku vrstu podr\u0161ke \u2013 bez uslovljavanja i bez ambicije za funkcije.<\/p>\n\n\n\n<p>&#8220;Nama je cilj jedno: da gra\u0111ani osjete sigurnost, podr\u0161ku i dostojanstvo. Ne smijemo iznevjeriti o\u010dekivanja onih koji danas tra\u017ee topli obrok, pomo\u0107 u ku\u0107i, personalnog asistenta ili krov nad glavom. To su na\u0161e stvarne obaveze. I mjera na\u0161eg uspjeha&#8221;, navela je odbornica Kne\u017eevi\u0107.<\/p>","protected":false},"excerpt":{"rendered":"<p>Podgorica je dom gotovo tre\u0107ine stanovnika Crne Gore. Zato je od izuzetnog zna\u010daja \u0161to je Skup\u0161tina Glavnog grada prepoznala potrebu da se sistemski odgovori na socijalne izazove kroz osnivanje nove ustanove za socijalnu i dje\u010diju za\u0161titu. Kao predstavnica Stranke evropskog progresa (SEP), ali i kao ljekarka, pozdravljam ovu inicijativu \u2013 ali i upozoravam: nemamo pravo na jo\u0161 jednu proma\u0161enu \u0161ansu, kazala je odbornica Stranke evropskog progresa u Skup\u0161tini Glavnog grada Podgorice, Jelena Kne\u017eevi\u0107.<\/p>","protected":false},"author":1,"featured_media":943639,"comment_status":"open","ping_status":"open","sticky":false,"template":"","format":"standard","meta":{"_acf_changed":false,"footnotes":""},"categories":[56],"tags":[5209,232],"naslovna":[],"class_list":["post-943638","post","type-post","status-publish","format-standard","has-post-thumbnail","hentry","category-podgorica","tag-jelena-knezevic","tag-sep"],"acf":[],"yoast_head":"<!-- This site is optimized with the Yoast SEO plugin v27.4 - https:\/\/yoast.com\/product\/yoast-seo-wordpress\/ -->\n<title>Kne\u017eevi\u0107: Za socijalnu sigurnost \u2013 ne za jo\u0161 jednu neoperativnu ustanovu - dmcsrb.com<\/title>\n<meta name=\"robots\" content=\"index, follow, max-snippet:-1, max-image-preview:large, max-video-preview:-1\" \/>\n<link rel=\"canonical\" href=\"https:\/\/dmcsrb.com\/en\/podgorica\/knezevic-za-socijalnu-sigurnost-ne-za-jos-jednu-neoperativnu-ustanovu\/\" \/>\n<meta property=\"og:locale\" content=\"en_GB\" \/>\n<meta property=\"og:type\" content=\"article\" \/>\n<meta property=\"og:title\" content=\"Kne\u017eevi\u0107: Za socijalnu sigurnost \u2013 ne za jo\u0161 jednu neoperativnu ustanovu - dmcsrb.com\" \/>\n<meta property=\"og:description\" content=\"Podgorica je dom gotovo tre\u0107ine stanovnika Crne Gore. Zato je od izuzetnog zna\u010daja \u0161to je Skup\u0161tina Glavnog grada prepoznala potrebu da se sistemski odgovori na socijalne izazove kroz osnivanje nove ustanove za socijalnu i dje\u010diju za\u0161titu. Kao predstavnica Stranke evropskog progresa (SEP), ali i kao ljekarka, pozdravljam ovu inicijativu \u2013 ali i upozoravam: nemamo pravo na jo\u0161 jednu proma\u0161enu \u0161ansu, kazala je odbornica Stranke evropskog progresa u Skup\u0161tini Glavnog grada Podgorice, Jelena Kne\u017eevi\u0107.\" \/>\n<meta property=\"og:url\" content=\"https:\/\/dmcsrb.com\/en\/podgorica\/knezevic-za-socijalnu-sigurnost-ne-za-jos-jednu-neoperativnu-ustanovu\/\" \/>\n<meta property=\"og:site_name\" content=\"dmcsrb.com\" \/>\n<meta property=\"article:published_time\" content=\"2025-08-01T09:23:00+00:00\" \/>\n<meta property=\"og:image\" content=\"https:\/\/dmcsrb.com\/wp-content\/uploads\/2026\/01\/Jelena-Knezevic-sep-foto-SEP.webp\" \/>\n\t<meta property=\"og:image:width\" content=\"958\" \/>\n\t<meta property=\"og:image:height\" content=\"611\" \/>\n\t<meta property=\"og:image:type\" content=\"image\/jpeg\" \/>\n<meta name=\"author\" content=\"dmcsrbija.com@gmail.com\" \/>\n<meta name=\"twitter:card\" content=\"summary_large_image\" \/>\n<meta name=\"twitter:label1\" content=\"Written by\" \/>\n\t<meta name=\"twitter:data1\" content=\"dmcsrbija.com@gmail.com\" \/>\n\t<meta name=\"twitter:label2\" content=\"Estimated reading time\" \/>\n\t<meta name=\"twitter:data2\" content=\"1 minute\" \/>\n<script type=\"application\/ld+json\" class=\"yoast-schema-graph\">{\"@context\":\"https:\\\/\\\/schema.org\",\"@graph\":[{\"@type\":\"Article\",\"@id\":\"https:\\\/\\\/dmcsrb.com\\\/podgorica\\\/knezevic-za-socijalnu-sigurnost-ne-za-jos-jednu-neoperativnu-ustanovu\\\/#article\",\"isPartOf\":{\"@id\":\"https:\\\/\\\/dmcsrb.com\\\/podgorica\\\/knezevic-za-socijalnu-sigurnost-ne-za-jos-jednu-neoperativnu-ustanovu\\\/\"},\"author\":{\"name\":\"dmcsrbija.com@gmail.com\",\"@id\":\"https:\\\/\\\/dmcsrb.com\\\/#\\\/schema\\\/person\\\/5c39170f12db1b8b457732d0b5c854e2\"},\"headline\":\"Kne\u017eevi\u0107: Za socijalnu sigurnost \u2013 ne za jo\u0161 jednu neoperativnu ustanovu\",\"datePublished\":\"2025-08-01T09:23:00+00:00\",\"mainEntityOfPage\":{\"@id\":\"https:\\\/\\\/dmcsrb.com\\\/podgorica\\\/knezevic-za-socijalnu-sigurnost-ne-za-jos-jednu-neoperativnu-ustanovu\\\/\"},\"wordCount\":294,\"commentCount\":0,\"image\":{\"@id\":\"https:\\\/\\\/dmcsrb.com\\\/podgorica\\\/knezevic-za-socijalnu-sigurnost-ne-za-jos-jednu-neoperativnu-ustanovu\\\/#primaryimage\"},\"thumbnailUrl\":\"https:\\\/\\\/dmcsrb.com\\\/wp-content\\\/uploads\\\/2026\\\/01\\\/Jelena-Knezevic-sep-foto-SEP.webp\",\"keywords\":[\"Jelena Kne\u017eevi\u0107\",\"SEP\"],\"articleSection\":[\"Podgorica\"],\"inLanguage\":\"en-GB\",\"potentialAction\":[{\"@type\":\"CommentAction\",\"name\":\"Comment\",\"target\":[\"https:\\\/\\\/dmcsrb.com\\\/podgorica\\\/knezevic-za-socijalnu-sigurnost-ne-za-jos-jednu-neoperativnu-ustanovu\\\/#respond\"]}]},{\"@type\":\"WebPage\",\"@id\":\"https:\\\/\\\/dmcsrb.com\\\/podgorica\\\/knezevic-za-socijalnu-sigurnost-ne-za-jos-jednu-neoperativnu-ustanovu\\\/\",\"url\":\"https:\\\/\\\/dmcsrb.com\\\/podgorica\\\/knezevic-za-socijalnu-sigurnost-ne-za-jos-jednu-neoperativnu-ustanovu\\\/\",\"name\":\"Kne\u017eevi\u0107: Za socijalnu sigurnost \u2013 ne za jo\u0161 jednu neoperativnu ustanovu - dmcsrb.com\",\"isPartOf\":{\"@id\":\"https:\\\/\\\/dmcsrb.com\\\/#website\"},\"primaryImageOfPage\":{\"@id\":\"https:\\\/\\\/dmcsrb.com\\\/podgorica\\\/knezevic-za-socijalnu-sigurnost-ne-za-jos-jednu-neoperativnu-ustanovu\\\/#primaryimage\"},\"image\":{\"@id\":\"https:\\\/\\\/dmcsrb.com\\\/podgorica\\\/knezevic-za-socijalnu-sigurnost-ne-za-jos-jednu-neoperativnu-ustanovu\\\/#primaryimage\"},\"thumbnailUrl\":\"https:\\\/\\\/dmcsrb.com\\\/wp-content\\\/uploads\\\/2026\\\/01\\\/Jelena-Knezevic-sep-foto-SEP.webp\",\"datePublished\":\"2025-08-01T09:23:00+00:00\",\"author\":{\"@id\":\"https:\\\/\\\/dmcsrb.com\\\/#\\\/schema\\\/person\\\/5c39170f12db1b8b457732d0b5c854e2\"},\"breadcrumb\":{\"@id\":\"https:\\\/\\\/dmcsrb.com\\\/podgorica\\\/knezevic-za-socijalnu-sigurnost-ne-za-jos-jednu-neoperativnu-ustanovu\\\/#breadcrumb\"},\"inLanguage\":\"en-GB\",\"potentialAction\":[{\"@type\":\"ReadAction\",\"target\":[\"https:\\\/\\\/dmcsrb.com\\\/podgorica\\\/knezevic-za-socijalnu-sigurnost-ne-za-jos-jednu-neoperativnu-ustanovu\\\/\"]}]},{\"@type\":\"ImageObject\",\"inLanguage\":\"en-GB\",\"@id\":\"https:\\\/\\\/dmcsrb.com\\\/podgorica\\\/knezevic-za-socijalnu-sigurnost-ne-za-jos-jednu-neoperativnu-ustanovu\\\/#primaryimage\",\"url\":\"https:\\\/\\\/dmcsrb.com\\\/wp-content\\\/uploads\\\/2026\\\/01\\\/Jelena-Knezevic-sep-foto-SEP.webp\",\"contentUrl\":\"https:\\\/\\\/dmcsrb.com\\\/wp-content\\\/uploads\\\/2026\\\/01\\\/Jelena-Knezevic-sep-foto-SEP.webp\",\"width\":958,\"height\":611},{\"@type\":\"BreadcrumbList\",\"@id\":\"https:\\\/\\\/dmcsrb.com\\\/podgorica\\\/knezevic-za-socijalnu-sigurnost-ne-za-jos-jednu-neoperativnu-ustanovu\\\/#breadcrumb\",\"itemListElement\":[{\"@type\":\"ListItem\",\"position\":1,\"name\":\"Home\",\"item\":\"https:\\\/\\\/dmcsrb.com\\\/\"},{\"@type\":\"ListItem\",\"position\":2,\"name\":\"Kne\u017eevi\u0107: Za socijalnu sigurnost \u2013 ne za jo\u0161 jednu neoperativnu ustanovu\"}]},{\"@type\":\"WebSite\",\"@id\":\"https:\\\/\\\/dmcsrb.com\\\/#website\",\"url\":\"https:\\\/\\\/dmcsrb.com\\\/\",\"name\":\"dmcsrb.com\",\"description\":\"\",\"potentialAction\":[{\"@type\":\"SearchAction\",\"target\":{\"@type\":\"EntryPoint\",\"urlTemplate\":\"https:\\\/\\\/dmcsrb.com\\\/?s={search_term_string}\"},\"query-input\":{\"@type\":\"PropertyValueSpecification\",\"valueRequired\":true,\"valueName\":\"search_term_string\"}}],\"inLanguage\":\"en-GB\"},{\"@type\":\"Person\",\"@id\":\"https:\\\/\\\/dmcsrb.com\\\/#\\\/schema\\\/person\\\/5c39170f12db1b8b457732d0b5c854e2\",\"name\":\"dmcsrbija.com@gmail.com\",\"image\":{\"@type\":\"ImageObject\",\"inLanguage\":\"en-GB\",\"@id\":\"https:\\\/\\\/secure.gravatar.com\\\/avatar\\\/68592660ad6347fad0fb587f8d5d8f1a7b44961362f56e4f2cd524feb87e9069?s=96&d=mm&r=g\",\"url\":\"https:\\\/\\\/secure.gravatar.com\\\/avatar\\\/68592660ad6347fad0fb587f8d5d8f1a7b44961362f56e4f2cd524feb87e9069?s=96&d=mm&r=g\",\"contentUrl\":\"https:\\\/\\\/secure.gravatar.com\\\/avatar\\\/68592660ad6347fad0fb587f8d5d8f1a7b44961362f56e4f2cd524feb87e9069?s=96&d=mm&r=g\",\"caption\":\"dmcsrbija.com@gmail.com\"},\"sameAs\":[\"https:\\\/\\\/dmcsrb.com\"],\"url\":\"https:\\\/\\\/dmcsrb.com\\\/en\\\/author\\\/dmcsrbija-comgmail-com\\\/\"}]}<\/script>\n<!-- \/ Yoast SEO plugin. -->","yoast_head_json":{"title":"Kne\u017eevi\u0107: Za socijalnu sigurnost \u2013 ne za jo\u0161 jednu neoperativnu ustanovu - dmcsrb.com","robots":{"index":"index","follow":"follow","max-snippet":"max-snippet:-1","max-image-preview":"max-image-preview:large","max-video-preview":"max-video-preview:-1"},"canonical":"https:\/\/dmcsrb.com\/en\/podgorica\/knezevic-za-socijalnu-sigurnost-ne-za-jos-jednu-neoperativnu-ustanovu\/","og_locale":"en_GB","og_type":"article","og_title":"Kne\u017eevi\u0107: Za socijalnu sigurnost \u2013 ne za jo\u0161 jednu neoperativnu ustanovu - dmcsrb.com","og_description":"Podgorica je dom gotovo tre\u0107ine stanovnika Crne Gore. Zato je od izuzetnog zna\u010daja \u0161to je Skup\u0161tina Glavnog grada prepoznala potrebu da se sistemski odgovori na socijalne izazove kroz osnivanje nove ustanove za socijalnu i dje\u010diju za\u0161titu. Kao predstavnica Stranke evropskog progresa (SEP), ali i kao ljekarka, pozdravljam ovu inicijativu \u2013 ali i upozoravam: nemamo pravo na jo\u0161 jednu proma\u0161enu \u0161ansu, kazala je odbornica Stranke evropskog progresa u Skup\u0161tini Glavnog grada Podgorice, Jelena Kne\u017eevi\u0107.","og_url":"https:\/\/dmcsrb.com\/en\/podgorica\/knezevic-za-socijalnu-sigurnost-ne-za-jos-jednu-neoperativnu-ustanovu\/","og_site_name":"dmcsrb.com","article_published_time":"2025-08-01T09:23:00+00:00","og_image":[{"width":958,"height":611,"url":"https:\/\/dmcsrb.com\/wp-content\/uploads\/2026\/01\/Jelena-Knezevic-sep-foto-SEP.webp","type":"image\/jpeg"}],"author":"dmcsrbija.com@gmail.com","twitter_card":"summary_large_image","twitter_misc":{"Written by":"dmcsrbija.com@gmail.com","Estimated reading time":"1 minute"},"schema":{"@context":"https:\/\/schema.org","@graph":[{"@type":"Article","@id":"https:\/\/dmcsrb.com\/podgorica\/knezevic-za-socijalnu-sigurnost-ne-za-jos-jednu-neoperativnu-ustanovu\/#article","isPartOf":{"@id":"https:\/\/dmcsrb.com\/podgorica\/knezevic-za-socijalnu-sigurnost-ne-za-jos-jednu-neoperativnu-ustanovu\/"},"author":{"name":"dmcsrbija.com@gmail.com","@id":"https:\/\/dmcsrb.com\/#\/schema\/person\/5c39170f12db1b8b457732d0b5c854e2"},"headline":"Kne\u017eevi\u0107: Za socijalnu sigurnost \u2013 ne za jo\u0161 jednu neoperativnu ustanovu","datePublished":"2025-08-01T09:23:00+00:00","mainEntityOfPage":{"@id":"https:\/\/dmcsrb.com\/podgorica\/knezevic-za-socijalnu-sigurnost-ne-za-jos-jednu-neoperativnu-ustanovu\/"},"wordCount":294,"commentCount":0,"image":{"@id":"https:\/\/dmcsrb.com\/podgorica\/knezevic-za-socijalnu-sigurnost-ne-za-jos-jednu-neoperativnu-ustanovu\/#primaryimage"},"thumbnailUrl":"https:\/\/dmcsrb.com\/wp-content\/uploads\/2026\/01\/Jelena-Knezevic-sep-foto-SEP.webp","keywords":["Jelena Kne\u017eevi\u0107","SEP"],"articleSection":["Podgorica"],"inLanguage":"en-GB","potentialAction":[{"@type":"CommentAction","name":"Comment","target":["https:\/\/dmcsrb.com\/podgorica\/knezevic-za-socijalnu-sigurnost-ne-za-jos-jednu-neoperativnu-ustanovu\/#respond"]}]},{"@type":"WebPage","@id":"https:\/\/dmcsrb.com\/podgorica\/knezevic-za-socijalnu-sigurnost-ne-za-jos-jednu-neoperativnu-ustanovu\/","url":"https:\/\/dmcsrb.com\/podgorica\/knezevic-za-socijalnu-sigurnost-ne-za-jos-jednu-neoperativnu-ustanovu\/","name":"Kne\u017eevi\u0107: Za socijalnu sigurnost \u2013 ne za jo\u0161 jednu neoperativnu ustanovu - dmcsrb.com","isPartOf":{"@id":"https:\/\/dmcsrb.com\/#website"},"primaryImageOfPage":{"@id":"https:\/\/dmcsrb.com\/podgorica\/knezevic-za-socijalnu-sigurnost-ne-za-jos-jednu-neoperativnu-ustanovu\/#primaryimage"},"image":{"@id":"https:\/\/dmcsrb.com\/podgorica\/knezevic-za-socijalnu-sigurnost-ne-za-jos-jednu-neoperativnu-ustanovu\/#primaryimage"},"thumbnailUrl":"https:\/\/dmcsrb.com\/wp-content\/uploads\/2026\/01\/Jelena-Knezevic-sep-foto-SEP.webp","datePublished":"2025-08-01T09:23:00+00:00","author":{"@id":"https:\/\/dmcsrb.com\/#\/schema\/person\/5c39170f12db1b8b457732d0b5c854e2"},"breadcrumb":{"@id":"https:\/\/dmcsrb.com\/podgorica\/knezevic-za-socijalnu-sigurnost-ne-za-jos-jednu-neoperativnu-ustanovu\/#breadcrumb"},"inLanguage":"en-GB","potentialAction":[{"@type":"ReadAction","target":["https:\/\/dmcsrb.com\/podgorica\/knezevic-za-socijalnu-sigurnost-ne-za-jos-jednu-neoperativnu-ustanovu\/"]}]},{"@type":"ImageObject","inLanguage":"en-GB","@id":"https:\/\/dmcsrb.com\/podgorica\/knezevic-za-socijalnu-sigurnost-ne-za-jos-jednu-neoperativnu-ustanovu\/#primaryimage","url":"https:\/\/dmcsrb.com\/wp-content\/uploads\/2026\/01\/Jelena-Knezevic-sep-foto-SEP.webp","contentUrl":"https:\/\/dmcsrb.com\/wp-content\/uploads\/2026\/01\/Jelena-Knezevic-sep-foto-SEP.webp","width":958,"height":611},{"@type":"BreadcrumbList","@id":"https:\/\/dmcsrb.com\/podgorica\/knezevic-za-socijalnu-sigurnost-ne-za-jos-jednu-neoperativnu-ustanovu\/#breadcrumb","itemListElement":[{"@type":"ListItem","position":1,"name":"Home","item":"https:\/\/dmcsrb.com\/"},{"@type":"ListItem","position":2,"name":"Kne\u017eevi\u0107: Za socijalnu sigurnost \u2013 ne za jo\u0161 jednu neoperativnu ustanovu"}]},{"@type":"WebSite","@id":"https:\/\/dmcsrb.com\/#website","url":"https:\/\/dmcsrb.com\/","name":"dmcsrb.com","description":"","potentialAction":[{"@type":"SearchAction","target":{"@type":"EntryPoint","urlTemplate":"https:\/\/dmcsrb.com\/?s={search_term_string}"},"query-input":{"@type":"PropertyValueSpecification","valueRequired":true,"valueName":"search_term_string"}}],"inLanguage":"en-GB"},{"@type":"Person","@id":"https:\/\/dmcsrb.com\/#\/schema\/person\/5c39170f12db1b8b457732d0b5c854e2","name":"dmcsrbija.com@gmail.com","image":{"@type":"ImageObject","inLanguage":"en-GB","@id":"https:\/\/secure.gravatar.com\/avatar\/68592660ad6347fad0fb587f8d5d8f1a7b44961362f56e4f2cd524feb87e9069?s=96&d=mm&r=g","url":"https:\/\/secure.gravatar.com\/avatar\/68592660ad6347fad0fb587f8d5d8f1a7b44961362f56e4f2cd524feb87e9069?s=96&d=mm&r=g","contentUrl":"https:\/\/secure.gravatar.com\/avatar\/68592660ad6347fad0fb587f8d5d8f1a7b44961362f56e4f2cd524feb87e9069?s=96&d=mm&r=g","caption":"dmcsrbija.com@gmail.com"},"sameAs":["https:\/\/dmcsrb.com"],"url":"https:\/\/dmcsrb.com\/en\/author\/dmcsrbija-comgmail-com\/"}]}},"_links":{"self":[{"href":"https:\/\/dmcsrb.com\/en\/wp-json\/wp\/v2\/posts\/943638","targetHints":{"allow":["GET"]}}],"collection":[{"href":"https:\/\/dmcsrb.com\/en\/wp-json\/wp\/v2\/posts"}],"about":[{"href":"https:\/\/dmcsrb.com\/en\/wp-json\/wp\/v2\/types\/post"}],"author":[{"embeddable":true,"href":"https:\/\/dmcsrb.com\/en\/wp-json\/wp\/v2\/users\/1"}],"replies":[{"embeddable":true,"href":"https:\/\/dmcsrb.com\/en\/wp-json\/wp\/v2\/comments?post=943638"}],"version-history":[{"count":0,"href":"https:\/\/dmcsrb.com\/en\/wp-json\/wp\/v2\/posts\/943638\/revisions"}],"wp:featuredmedia":[{"embeddable":true,"href":"https:\/\/dmcsrb.com\/en\/wp-json\/wp\/v2\/media\/943639"}],"wp:attachment":[{"href":"https:\/\/dmcsrb.com\/en\/wp-json\/wp\/v2\/media?parent=943638"}],"wp:term":[{"taxonomy":"category","embeddable":true,"href":"https:\/\/dmcsrb.com\/en\/wp-json\/wp\/v2\/categories?post=943638"},{"taxonomy":"post_tag","embeddable":true,"href":"https:\/\/dmcsrb.com\/en\/wp-json\/wp\/v2\/tags?post=943638"},{"taxonomy":"naslovna","embeddable":true,"href":"https:\/\/dmcsrb.com\/en\/wp-json\/wp\/v2\/naslovna?post=943638"}],"curies":[{"name":"wp","href":"https:\/\/api.w.org\/{rel}","templated":true}]}}