{"id":943630,"date":"2025-08-01T10:31:00","date_gmt":"2025-08-01T08:31:00","guid":{"rendered":"https:\/\/dmcsrb.com\/uncategorized\/usvojen-zakon-o-izmjenama-i-dopunama-zakona-o-drzavnim-sluzbenicima-i-namjestenicima\/"},"modified":"2025-08-01T10:31:00","modified_gmt":"2025-08-01T08:31:00","slug":"usvojen-zakon-o-izmjenama-i-dopunama-zakona-o-drzavnim-sluzbenicima-i-namjestenicima","status":"publish","type":"post","link":"https:\/\/dmcsrb.com\/en\/politika\/usvojen-zakon-o-izmjenama-i-dopunama-zakona-o-drzavnim-sluzbenicima-i-namjestenicima\/","title":{"rendered":"Usvojen Zakon o izmjenama i dopunama Zakona o dr\u017eavnim slu\u017ebenicima i namje\u0161tenicima"},"content":{"rendered":"<p><\/p>\n\n\n\n<p><\/p>\n\n\n\n<p>Kako se navodi, usvajanjem ovog Zakona stvaraju se temelji za izgradnju profesionalne, odgovorne i efikasne javne uprave \u2013 u slu\u017ebi gra\u0111ana.<\/p>\n\n\n\n<p>\u201eMinistarstvo javne uprave izra\u017eava zahvalnost evropskim partnerima na podr\u0161ci i poslanicima na konstruktivnoj raspravi, Zakonu koji predstavlja temelj za savremenu i profesionalnu dr\u017eavnu upravu u Crnoj Gori. Na pripremi izmjena Zakona radilo se du\u017ei vremenski period, sa ciljem da se predlo\u017ee kvalitetna rje\u0161enja uskla\u0111ena sa najboljim evropskim praksama i prilago\u0111ena savremenim potrebama i izazovima. Cilj ovih izmjena je jasan \u2013 unaprijediti kadrovsku politiku u dr\u017eavnim organima, osigurati da najbolji kadrovi budu prepoznati i nagra\u0111eni, te da dr\u017eavna slu\u017eba u punom kapacitetu bude u funkciji gra\u0111ana, a ne interesa pojedinaca ili politi\u010dkih struktura&#8221;, saop\u0161tio je ministar javne uprave, Mara\u0161 Dukaj.<\/p>","protected":false},"excerpt":{"rendered":"<p>Skup\u0161tina Crne Gore usvojila je Zakon o izmjenama i dopunama Zakona o dr\u017eavnim slu\u017ebenicima i namje\u0161tenicima, \u010dime je napravljen zna\u010dajan iskorak ka modernizaciji i profesionalizaciji javne uprave, saop\u0161teno je iz Ministarstva javne uprave.<\/p>","protected":false},"author":1,"featured_media":942915,"comment_status":"open","ping_status":"open","sticky":false,"template":"","format":"standard","meta":{"_acf_changed":false,"footnotes":""},"categories":[12],"tags":[130,998,16447],"naslovna":[],"class_list":["post-943630","post","type-post","status-publish","format-standard","has-post-thumbnail","hentry","category-politika","tag-maras-dukaj","tag-ministarstvo-javne-uprave","tag-zakon-o-izmjenama-i-dopunama-zakona-o-drzavnim-sluzbenicima-i-namjestenicima"],"acf":[],"yoast_head":"<!-- This site is optimized with the Yoast SEO plugin v27.4 - https:\/\/yoast.com\/product\/yoast-seo-wordpress\/ -->\n<title>Usvojen Zakon o izmjenama i dopunama Zakona o dr\u017eavnim slu\u017ebenicima i namje\u0161tenicima - dmcsrb.com<\/title>\n<meta name=\"robots\" content=\"index, follow, max-snippet:-1, max-image-preview:large, max-video-preview:-1\" \/>\n<link rel=\"canonical\" href=\"https:\/\/dmcsrb.com\/en\/politika\/usvojen-zakon-o-izmjenama-i-dopunama-zakona-o-drzavnim-sluzbenicima-i-namjestenicima\/\" \/>\n<meta property=\"og:locale\" content=\"en_GB\" \/>\n<meta property=\"og:type\" content=\"article\" \/>\n<meta property=\"og:title\" content=\"Usvojen Zakon o izmjenama i dopunama Zakona o dr\u017eavnim slu\u017ebenicima i namje\u0161tenicima - dmcsrb.com\" \/>\n<meta property=\"og:description\" content=\"Skup\u0161tina Crne Gore usvojila je Zakon o izmjenama i dopunama Zakona o dr\u017eavnim slu\u017ebenicima i namje\u0161tenicima, \u010dime je napravljen zna\u010dajan iskorak ka modernizaciji i profesionalizaciji javne uprave, saop\u0161teno je iz Ministarstva javne uprave.\" \/>\n<meta property=\"og:url\" content=\"https:\/\/dmcsrb.com\/en\/politika\/usvojen-zakon-o-izmjenama-i-dopunama-zakona-o-drzavnim-sluzbenicima-i-namjestenicima\/\" \/>\n<meta property=\"og:site_name\" content=\"dmcsrb.com\" \/>\n<meta property=\"article:published_time\" content=\"2025-08-01T08:31:00+00:00\" \/>\n<meta property=\"og:image\" content=\"https:\/\/dmcsrb.com\/wp-content\/uploads\/2026\/01\/Dukaj-u-Skupstini-foto-skupstina-me.webp\" \/>\n\t<meta property=\"og:image:width\" content=\"1122\" \/>\n\t<meta property=\"og:image:height\" content=\"720\" \/>\n\t<meta property=\"og:image:type\" content=\"image\/jpeg\" \/>\n<meta name=\"author\" content=\"dmcsrbija.com@gmail.com\" \/>\n<meta name=\"twitter:card\" content=\"summary_large_image\" \/>\n<meta name=\"twitter:label1\" content=\"Written by\" \/>\n\t<meta name=\"twitter:data1\" content=\"dmcsrbija.com@gmail.com\" \/>\n\t<meta name=\"twitter:label2\" content=\"Estimated reading time\" \/>\n\t<meta name=\"twitter:data2\" content=\"1 minute\" \/>\n<script type=\"application\/ld+json\" class=\"yoast-schema-graph\">{\"@context\":\"https:\\\/\\\/schema.org\",\"@graph\":[{\"@type\":\"Article\",\"@id\":\"https:\\\/\\\/dmcsrb.com\\\/politika\\\/usvojen-zakon-o-izmjenama-i-dopunama-zakona-o-drzavnim-sluzbenicima-i-namjestenicima\\\/#article\",\"isPartOf\":{\"@id\":\"https:\\\/\\\/dmcsrb.com\\\/politika\\\/usvojen-zakon-o-izmjenama-i-dopunama-zakona-o-drzavnim-sluzbenicima-i-namjestenicima\\\/\"},\"author\":{\"name\":\"dmcsrbija.com@gmail.com\",\"@id\":\"https:\\\/\\\/dmcsrb.com\\\/#\\\/schema\\\/person\\\/5c39170f12db1b8b457732d0b5c854e2\"},\"headline\":\"Usvojen Zakon o izmjenama i dopunama Zakona o dr\u017eavnim slu\u017ebenicima i namje\u0161tenicima\",\"datePublished\":\"2025-08-01T08:31:00+00:00\",\"mainEntityOfPage\":{\"@id\":\"https:\\\/\\\/dmcsrb.com\\\/politika\\\/usvojen-zakon-o-izmjenama-i-dopunama-zakona-o-drzavnim-sluzbenicima-i-namjestenicima\\\/\"},\"wordCount\":150,\"commentCount\":0,\"image\":{\"@id\":\"https:\\\/\\\/dmcsrb.com\\\/politika\\\/usvojen-zakon-o-izmjenama-i-dopunama-zakona-o-drzavnim-sluzbenicima-i-namjestenicima\\\/#primaryimage\"},\"thumbnailUrl\":\"https:\\\/\\\/dmcsrb.com\\\/wp-content\\\/uploads\\\/2026\\\/01\\\/Dukaj-u-Skupstini-foto-skupstina-me.webp\",\"keywords\":[\"Mara\u0161 Dukaj\",\"MINISTARSTVO JAVNE UPRAVE\",\"Zakon o izmjenama i dopunama Zakona o dr\u017eavnim slu\u017ebenicima i namje\u0161tenicima\"],\"articleSection\":[\"Politika\"],\"inLanguage\":\"en-GB\",\"potentialAction\":[{\"@type\":\"CommentAction\",\"name\":\"Comment\",\"target\":[\"https:\\\/\\\/dmcsrb.com\\\/politika\\\/usvojen-zakon-o-izmjenama-i-dopunama-zakona-o-drzavnim-sluzbenicima-i-namjestenicima\\\/#respond\"]}]},{\"@type\":\"WebPage\",\"@id\":\"https:\\\/\\\/dmcsrb.com\\\/politika\\\/usvojen-zakon-o-izmjenama-i-dopunama-zakona-o-drzavnim-sluzbenicima-i-namjestenicima\\\/\",\"url\":\"https:\\\/\\\/dmcsrb.com\\\/politika\\\/usvojen-zakon-o-izmjenama-i-dopunama-zakona-o-drzavnim-sluzbenicima-i-namjestenicima\\\/\",\"name\":\"Usvojen Zakon o izmjenama i dopunama Zakona o dr\u017eavnim slu\u017ebenicima i namje\u0161tenicima - dmcsrb.com\",\"isPartOf\":{\"@id\":\"https:\\\/\\\/dmcsrb.com\\\/#website\"},\"primaryImageOfPage\":{\"@id\":\"https:\\\/\\\/dmcsrb.com\\\/politika\\\/usvojen-zakon-o-izmjenama-i-dopunama-zakona-o-drzavnim-sluzbenicima-i-namjestenicima\\\/#primaryimage\"},\"image\":{\"@id\":\"https:\\\/\\\/dmcsrb.com\\\/politika\\\/usvojen-zakon-o-izmjenama-i-dopunama-zakona-o-drzavnim-sluzbenicima-i-namjestenicima\\\/#primaryimage\"},\"thumbnailUrl\":\"https:\\\/\\\/dmcsrb.com\\\/wp-content\\\/uploads\\\/2026\\\/01\\\/Dukaj-u-Skupstini-foto-skupstina-me.webp\",\"datePublished\":\"2025-08-01T08:31:00+00:00\",\"author\":{\"@id\":\"https:\\\/\\\/dmcsrb.com\\\/#\\\/schema\\\/person\\\/5c39170f12db1b8b457732d0b5c854e2\"},\"breadcrumb\":{\"@id\":\"https:\\\/\\\/dmcsrb.com\\\/politika\\\/usvojen-zakon-o-izmjenama-i-dopunama-zakona-o-drzavnim-sluzbenicima-i-namjestenicima\\\/#breadcrumb\"},\"inLanguage\":\"en-GB\",\"potentialAction\":[{\"@type\":\"ReadAction\",\"target\":[\"https:\\\/\\\/dmcsrb.com\\\/politika\\\/usvojen-zakon-o-izmjenama-i-dopunama-zakona-o-drzavnim-sluzbenicima-i-namjestenicima\\\/\"]}]},{\"@type\":\"ImageObject\",\"inLanguage\":\"en-GB\",\"@id\":\"https:\\\/\\\/dmcsrb.com\\\/politika\\\/usvojen-zakon-o-izmjenama-i-dopunama-zakona-o-drzavnim-sluzbenicima-i-namjestenicima\\\/#primaryimage\",\"url\":\"https:\\\/\\\/dmcsrb.com\\\/wp-content\\\/uploads\\\/2026\\\/01\\\/Dukaj-u-Skupstini-foto-skupstina-me.webp\",\"contentUrl\":\"https:\\\/\\\/dmcsrb.com\\\/wp-content\\\/uploads\\\/2026\\\/01\\\/Dukaj-u-Skupstini-foto-skupstina-me.webp\",\"width\":1122,\"height\":720},{\"@type\":\"BreadcrumbList\",\"@id\":\"https:\\\/\\\/dmcsrb.com\\\/politika\\\/usvojen-zakon-o-izmjenama-i-dopunama-zakona-o-drzavnim-sluzbenicima-i-namjestenicima\\\/#breadcrumb\",\"itemListElement\":[{\"@type\":\"ListItem\",\"position\":1,\"name\":\"Home\",\"item\":\"https:\\\/\\\/dmcsrb.com\\\/\"},{\"@type\":\"ListItem\",\"position\":2,\"name\":\"Usvojen Zakon o izmjenama i dopunama Zakona o dr\u017eavnim slu\u017ebenicima i namje\u0161tenicima\"}]},{\"@type\":\"WebSite\",\"@id\":\"https:\\\/\\\/dmcsrb.com\\\/#website\",\"url\":\"https:\\\/\\\/dmcsrb.com\\\/\",\"name\":\"dmcsrb.com\",\"description\":\"\",\"potentialAction\":[{\"@type\":\"SearchAction\",\"target\":{\"@type\":\"EntryPoint\",\"urlTemplate\":\"https:\\\/\\\/dmcsrb.com\\\/?s={search_term_string}\"},\"query-input\":{\"@type\":\"PropertyValueSpecification\",\"valueRequired\":true,\"valueName\":\"search_term_string\"}}],\"inLanguage\":\"en-GB\"},{\"@type\":\"Person\",\"@id\":\"https:\\\/\\\/dmcsrb.com\\\/#\\\/schema\\\/person\\\/5c39170f12db1b8b457732d0b5c854e2\",\"name\":\"dmcsrbija.com@gmail.com\",\"image\":{\"@type\":\"ImageObject\",\"inLanguage\":\"en-GB\",\"@id\":\"https:\\\/\\\/secure.gravatar.com\\\/avatar\\\/68592660ad6347fad0fb587f8d5d8f1a7b44961362f56e4f2cd524feb87e9069?s=96&d=mm&r=g\",\"url\":\"https:\\\/\\\/secure.gravatar.com\\\/avatar\\\/68592660ad6347fad0fb587f8d5d8f1a7b44961362f56e4f2cd524feb87e9069?s=96&d=mm&r=g\",\"contentUrl\":\"https:\\\/\\\/secure.gravatar.com\\\/avatar\\\/68592660ad6347fad0fb587f8d5d8f1a7b44961362f56e4f2cd524feb87e9069?s=96&d=mm&r=g\",\"caption\":\"dmcsrbija.com@gmail.com\"},\"sameAs\":[\"https:\\\/\\\/dmcsrb.com\"],\"url\":\"https:\\\/\\\/dmcsrb.com\\\/en\\\/author\\\/dmcsrbija-comgmail-com\\\/\"}]}<\/script>\n<!-- \/ Yoast SEO plugin. -->","yoast_head_json":{"title":"Usvojen Zakon o izmjenama i dopunama Zakona o dr\u017eavnim slu\u017ebenicima i namje\u0161tenicima - dmcsrb.com","robots":{"index":"index","follow":"follow","max-snippet":"max-snippet:-1","max-image-preview":"max-image-preview:large","max-video-preview":"max-video-preview:-1"},"canonical":"https:\/\/dmcsrb.com\/en\/politika\/usvojen-zakon-o-izmjenama-i-dopunama-zakona-o-drzavnim-sluzbenicima-i-namjestenicima\/","og_locale":"en_GB","og_type":"article","og_title":"Usvojen Zakon o izmjenama i dopunama Zakona o dr\u017eavnim slu\u017ebenicima i namje\u0161tenicima - dmcsrb.com","og_description":"Skup\u0161tina Crne Gore usvojila je Zakon o izmjenama i dopunama Zakona o dr\u017eavnim slu\u017ebenicima i namje\u0161tenicima, \u010dime je napravljen zna\u010dajan iskorak ka modernizaciji i profesionalizaciji javne uprave, saop\u0161teno je iz Ministarstva javne uprave.","og_url":"https:\/\/dmcsrb.com\/en\/politika\/usvojen-zakon-o-izmjenama-i-dopunama-zakona-o-drzavnim-sluzbenicima-i-namjestenicima\/","og_site_name":"dmcsrb.com","article_published_time":"2025-08-01T08:31:00+00:00","og_image":[{"width":1122,"height":720,"url":"https:\/\/dmcsrb.com\/wp-content\/uploads\/2026\/01\/Dukaj-u-Skupstini-foto-skupstina-me.webp","type":"image\/jpeg"}],"author":"dmcsrbija.com@gmail.com","twitter_card":"summary_large_image","twitter_misc":{"Written by":"dmcsrbija.com@gmail.com","Estimated reading time":"1 minute"},"schema":{"@context":"https:\/\/schema.org","@graph":[{"@type":"Article","@id":"https:\/\/dmcsrb.com\/politika\/usvojen-zakon-o-izmjenama-i-dopunama-zakona-o-drzavnim-sluzbenicima-i-namjestenicima\/#article","isPartOf":{"@id":"https:\/\/dmcsrb.com\/politika\/usvojen-zakon-o-izmjenama-i-dopunama-zakona-o-drzavnim-sluzbenicima-i-namjestenicima\/"},"author":{"name":"dmcsrbija.com@gmail.com","@id":"https:\/\/dmcsrb.com\/#\/schema\/person\/5c39170f12db1b8b457732d0b5c854e2"},"headline":"Usvojen Zakon o izmjenama i dopunama Zakona o dr\u017eavnim slu\u017ebenicima i namje\u0161tenicima","datePublished":"2025-08-01T08:31:00+00:00","mainEntityOfPage":{"@id":"https:\/\/dmcsrb.com\/politika\/usvojen-zakon-o-izmjenama-i-dopunama-zakona-o-drzavnim-sluzbenicima-i-namjestenicima\/"},"wordCount":150,"commentCount":0,"image":{"@id":"https:\/\/dmcsrb.com\/politika\/usvojen-zakon-o-izmjenama-i-dopunama-zakona-o-drzavnim-sluzbenicima-i-namjestenicima\/#primaryimage"},"thumbnailUrl":"https:\/\/dmcsrb.com\/wp-content\/uploads\/2026\/01\/Dukaj-u-Skupstini-foto-skupstina-me.webp","keywords":["Mara\u0161 Dukaj","MINISTARSTVO JAVNE UPRAVE","Zakon o izmjenama i dopunama Zakona o dr\u017eavnim slu\u017ebenicima i namje\u0161tenicima"],"articleSection":["Politika"],"inLanguage":"en-GB","potentialAction":[{"@type":"CommentAction","name":"Comment","target":["https:\/\/dmcsrb.com\/politika\/usvojen-zakon-o-izmjenama-i-dopunama-zakona-o-drzavnim-sluzbenicima-i-namjestenicima\/#respond"]}]},{"@type":"WebPage","@id":"https:\/\/dmcsrb.com\/politika\/usvojen-zakon-o-izmjenama-i-dopunama-zakona-o-drzavnim-sluzbenicima-i-namjestenicima\/","url":"https:\/\/dmcsrb.com\/politika\/usvojen-zakon-o-izmjenama-i-dopunama-zakona-o-drzavnim-sluzbenicima-i-namjestenicima\/","name":"Usvojen Zakon o izmjenama i dopunama Zakona o dr\u017eavnim slu\u017ebenicima i namje\u0161tenicima - dmcsrb.com","isPartOf":{"@id":"https:\/\/dmcsrb.com\/#website"},"primaryImageOfPage":{"@id":"https:\/\/dmcsrb.com\/politika\/usvojen-zakon-o-izmjenama-i-dopunama-zakona-o-drzavnim-sluzbenicima-i-namjestenicima\/#primaryimage"},"image":{"@id":"https:\/\/dmcsrb.com\/politika\/usvojen-zakon-o-izmjenama-i-dopunama-zakona-o-drzavnim-sluzbenicima-i-namjestenicima\/#primaryimage"},"thumbnailUrl":"https:\/\/dmcsrb.com\/wp-content\/uploads\/2026\/01\/Dukaj-u-Skupstini-foto-skupstina-me.webp","datePublished":"2025-08-01T08:31:00+00:00","author":{"@id":"https:\/\/dmcsrb.com\/#\/schema\/person\/5c39170f12db1b8b457732d0b5c854e2"},"breadcrumb":{"@id":"https:\/\/dmcsrb.com\/politika\/usvojen-zakon-o-izmjenama-i-dopunama-zakona-o-drzavnim-sluzbenicima-i-namjestenicima\/#breadcrumb"},"inLanguage":"en-GB","potentialAction":[{"@type":"ReadAction","target":["https:\/\/dmcsrb.com\/politika\/usvojen-zakon-o-izmjenama-i-dopunama-zakona-o-drzavnim-sluzbenicima-i-namjestenicima\/"]}]},{"@type":"ImageObject","inLanguage":"en-GB","@id":"https:\/\/dmcsrb.com\/politika\/usvojen-zakon-o-izmjenama-i-dopunama-zakona-o-drzavnim-sluzbenicima-i-namjestenicima\/#primaryimage","url":"https:\/\/dmcsrb.com\/wp-content\/uploads\/2026\/01\/Dukaj-u-Skupstini-foto-skupstina-me.webp","contentUrl":"https:\/\/dmcsrb.com\/wp-content\/uploads\/2026\/01\/Dukaj-u-Skupstini-foto-skupstina-me.webp","width":1122,"height":720},{"@type":"BreadcrumbList","@id":"https:\/\/dmcsrb.com\/politika\/usvojen-zakon-o-izmjenama-i-dopunama-zakona-o-drzavnim-sluzbenicima-i-namjestenicima\/#breadcrumb","itemListElement":[{"@type":"ListItem","position":1,"name":"Home","item":"https:\/\/dmcsrb.com\/"},{"@type":"ListItem","position":2,"name":"Usvojen Zakon o izmjenama i dopunama Zakona o dr\u017eavnim slu\u017ebenicima i namje\u0161tenicima"}]},{"@type":"WebSite","@id":"https:\/\/dmcsrb.com\/#website","url":"https:\/\/dmcsrb.com\/","name":"dmcsrb.com","description":"","potentialAction":[{"@type":"SearchAction","target":{"@type":"EntryPoint","urlTemplate":"https:\/\/dmcsrb.com\/?s={search_term_string}"},"query-input":{"@type":"PropertyValueSpecification","valueRequired":true,"valueName":"search_term_string"}}],"inLanguage":"en-GB"},{"@type":"Person","@id":"https:\/\/dmcsrb.com\/#\/schema\/person\/5c39170f12db1b8b457732d0b5c854e2","name":"dmcsrbija.com@gmail.com","image":{"@type":"ImageObject","inLanguage":"en-GB","@id":"https:\/\/secure.gravatar.com\/avatar\/68592660ad6347fad0fb587f8d5d8f1a7b44961362f56e4f2cd524feb87e9069?s=96&d=mm&r=g","url":"https:\/\/secure.gravatar.com\/avatar\/68592660ad6347fad0fb587f8d5d8f1a7b44961362f56e4f2cd524feb87e9069?s=96&d=mm&r=g","contentUrl":"https:\/\/secure.gravatar.com\/avatar\/68592660ad6347fad0fb587f8d5d8f1a7b44961362f56e4f2cd524feb87e9069?s=96&d=mm&r=g","caption":"dmcsrbija.com@gmail.com"},"sameAs":["https:\/\/dmcsrb.com"],"url":"https:\/\/dmcsrb.com\/en\/author\/dmcsrbija-comgmail-com\/"}]}},"_links":{"self":[{"href":"https:\/\/dmcsrb.com\/en\/wp-json\/wp\/v2\/posts\/943630","targetHints":{"allow":["GET"]}}],"collection":[{"href":"https:\/\/dmcsrb.com\/en\/wp-json\/wp\/v2\/posts"}],"about":[{"href":"https:\/\/dmcsrb.com\/en\/wp-json\/wp\/v2\/types\/post"}],"author":[{"embeddable":true,"href":"https:\/\/dmcsrb.com\/en\/wp-json\/wp\/v2\/users\/1"}],"replies":[{"embeddable":true,"href":"https:\/\/dmcsrb.com\/en\/wp-json\/wp\/v2\/comments?post=943630"}],"version-history":[{"count":0,"href":"https:\/\/dmcsrb.com\/en\/wp-json\/wp\/v2\/posts\/943630\/revisions"}],"wp:featuredmedia":[{"embeddable":true,"href":"https:\/\/dmcsrb.com\/en\/wp-json\/wp\/v2\/media\/942915"}],"wp:attachment":[{"href":"https:\/\/dmcsrb.com\/en\/wp-json\/wp\/v2\/media?parent=943630"}],"wp:term":[{"taxonomy":"category","embeddable":true,"href":"https:\/\/dmcsrb.com\/en\/wp-json\/wp\/v2\/categories?post=943630"},{"taxonomy":"post_tag","embeddable":true,"href":"https:\/\/dmcsrb.com\/en\/wp-json\/wp\/v2\/tags?post=943630"},{"taxonomy":"naslovna","embeddable":true,"href":"https:\/\/dmcsrb.com\/en\/wp-json\/wp\/v2\/naslovna?post=943630"}],"curies":[{"name":"wp","href":"https:\/\/api.w.org\/{rel}","templated":true}]}}