{"id":943615,"date":"2025-08-01T10:55:00","date_gmt":"2025-08-01T08:55:00","guid":{"rendered":"https:\/\/dmcsrb.com\/uncategorized\/nenezic-pod-velom-razvoja-turizma-pocece-i-devastacija-maslinjaka\/"},"modified":"2025-08-01T10:55:00","modified_gmt":"2025-08-01T08:55:00","slug":"nenezic-pod-velom-razvoja-turizma-pocece-i-devastacija-maslinjaka","status":"publish","type":"post","link":"https:\/\/dmcsrb.com\/en\/politika\/nenezic-pod-velom-razvoja-turizma-pocece-i-devastacija-maslinjaka\/","title":{"rendered":"Nenezi\u0107: Pod velom razvoja turizma po\u010de\u0107e i devastacija maslinjaka"},"content":{"rendered":"<p><\/p>\n\n\n\n<p><\/p>\n\n\n\n<p>&#8220;Amandman poslanika koji ne prihvate ni predlaga\u010d zakona niti direktor Direktorata za poljoprivredu, izglasa ve\u0107ina, ista ona koja bi i Kotor da \u201cskine\u201d sa liste UNESCO&#8221;, kazao je Nenezi\u0107.<\/p>\n\n\n\n<p>Gdje \u0107e, kako navodi, otpadne vode iz \u201cobjekata namijenjenih za turisti\u010dku valorizaciju maslinjaka\u201d nego u istu tu zemlju iz koje se \u201chrani\u201d maslina.<\/p>\n\n\n\n<p>&#8220;Od \u201cbarske \u017eutice\u201d osta\u0107e nam samo prazna ambla\u017ea, a ko \u0107e brzo da valorizuje barske maslinjake, brzo \u0107ete vidjeti dragi sugra\u0111ani. Ali kako ka\u017ee crnogorski Dalaj Lama, u \u017denevi lijepo, Crna Gora hita ka EU, mora i maslina da da svoju &#8216;\u017ertvu'&#8221;, istakao je Nenezi\u0107.<\/p>","protected":false},"excerpt":{"rendered":"<p>Ne\u0107e brzo pro\u0107i, a po\u010de\u0107e devastacija maslinjaka, bungalovi, apartmani, sve pod velom razvoja turizma i ko god digne glasa protiv ovoga bi\u0107e \u201cdr\u017eavni neprijatelj\u201d, smatra Branislav Nenezi\u0107, poslanik SD-a, predsjednik SO Bar i predstavnik Evropskog saveza.<\/p>","protected":false},"author":1,"featured_media":943616,"comment_status":"open","ping_status":"open","sticky":false,"template":"","format":"standard","meta":{"_acf_changed":false,"footnotes":""},"categories":[12],"tags":[4616,16439],"naslovna":[],"class_list":["post-943615","post","type-post","status-publish","format-standard","has-post-thumbnail","hentry","category-politika","tag-branislav-nenezic","tag-maslinjaci"],"acf":[],"yoast_head":"<!-- This site is optimized with the Yoast SEO plugin v27.0 - https:\/\/yoast.com\/product\/yoast-seo-wordpress\/ -->\n<title>Nenezi\u0107: Pod velom razvoja turizma po\u010de\u0107e i devastacija maslinjaka - dmcsrb.com<\/title>\n<meta name=\"robots\" content=\"index, follow, max-snippet:-1, max-image-preview:large, max-video-preview:-1\" \/>\n<link rel=\"canonical\" href=\"https:\/\/dmcsrb.com\/en\/politika\/nenezic-pod-velom-razvoja-turizma-pocece-i-devastacija-maslinjaka\/\" \/>\n<meta property=\"og:locale\" content=\"en_GB\" \/>\n<meta property=\"og:type\" content=\"article\" \/>\n<meta property=\"og:title\" content=\"Nenezi\u0107: Pod velom razvoja turizma po\u010de\u0107e i devastacija maslinjaka - dmcsrb.com\" \/>\n<meta property=\"og:description\" content=\"Ne\u0107e brzo pro\u0107i, a po\u010de\u0107e devastacija maslinjaka, bungalovi, apartmani, sve pod velom razvoja turizma i ko god digne glasa protiv ovoga bi\u0107e \u201cdr\u017eavni neprijatelj\u201d, smatra Branislav Nenezi\u0107, poslanik SD-a, predsjednik SO Bar i predstavnik Evropskog saveza.\" \/>\n<meta property=\"og:url\" content=\"https:\/\/dmcsrb.com\/en\/politika\/nenezic-pod-velom-razvoja-turizma-pocece-i-devastacija-maslinjaka\/\" \/>\n<meta property=\"og:site_name\" content=\"dmcsrb.com\" \/>\n<meta property=\"article:published_time\" content=\"2025-08-01T08:55:00+00:00\" \/>\n<meta property=\"og:image\" content=\"https:\/\/dmcsrb.com\/wp-content\/uploads\/2026\/01\/Branislav-Nenezic-foto-Evropski-savez.webp\" \/>\n\t<meta property=\"og:image:width\" content=\"1200\" \/>\n\t<meta property=\"og:image:height\" content=\"760\" \/>\n\t<meta property=\"og:image:type\" content=\"image\/jpeg\" \/>\n<meta name=\"author\" content=\"dmcsrbija.com@gmail.com\" \/>\n<meta name=\"twitter:card\" content=\"summary_large_image\" \/>\n<meta name=\"twitter:label1\" content=\"Written by\" \/>\n\t<meta name=\"twitter:data1\" content=\"dmcsrbija.com@gmail.com\" \/>\n\t<meta name=\"twitter:label2\" content=\"Estimated reading time\" \/>\n\t<meta name=\"twitter:data2\" content=\"1 minute\" \/>\n<script type=\"application\/ld+json\" class=\"yoast-schema-graph\">{\"@context\":\"https:\/\/schema.org\",\"@graph\":[{\"@type\":\"Article\",\"@id\":\"https:\/\/dmcsrb.com\/politika\/nenezic-pod-velom-razvoja-turizma-pocece-i-devastacija-maslinjaka\/#article\",\"isPartOf\":{\"@id\":\"https:\/\/dmcsrb.com\/politika\/nenezic-pod-velom-razvoja-turizma-pocece-i-devastacija-maslinjaka\/\"},\"author\":{\"name\":\"dmcsrbija.com@gmail.com\",\"@id\":\"https:\/\/dmcsrb.com\/#\/schema\/person\/5c39170f12db1b8b457732d0b5c854e2\"},\"headline\":\"Nenezi\u0107: Pod velom razvoja turizma po\u010de\u0107e i devastacija maslinjaka\",\"datePublished\":\"2025-08-01T08:55:00+00:00\",\"mainEntityOfPage\":{\"@id\":\"https:\/\/dmcsrb.com\/politika\/nenezic-pod-velom-razvoja-turizma-pocece-i-devastacija-maslinjaka\/\"},\"wordCount\":114,\"commentCount\":0,\"image\":{\"@id\":\"https:\/\/dmcsrb.com\/politika\/nenezic-pod-velom-razvoja-turizma-pocece-i-devastacija-maslinjaka\/#primaryimage\"},\"thumbnailUrl\":\"https:\/\/dmcsrb.com\/wp-content\/uploads\/2026\/01\/Branislav-Nenezic-foto-Evropski-savez.webp\",\"keywords\":[\"Branislav Nenezi\u0107\",\"maslinjaci\"],\"articleSection\":[\"Politika\"],\"inLanguage\":\"en-GB\",\"potentialAction\":[{\"@type\":\"CommentAction\",\"name\":\"Comment\",\"target\":[\"https:\/\/dmcsrb.com\/politika\/nenezic-pod-velom-razvoja-turizma-pocece-i-devastacija-maslinjaka\/#respond\"]}]},{\"@type\":\"WebPage\",\"@id\":\"https:\/\/dmcsrb.com\/politika\/nenezic-pod-velom-razvoja-turizma-pocece-i-devastacija-maslinjaka\/\",\"url\":\"https:\/\/dmcsrb.com\/politika\/nenezic-pod-velom-razvoja-turizma-pocece-i-devastacija-maslinjaka\/\",\"name\":\"Nenezi\u0107: Pod velom razvoja turizma po\u010de\u0107e i devastacija maslinjaka - dmcsrb.com\",\"isPartOf\":{\"@id\":\"https:\/\/dmcsrb.com\/#website\"},\"primaryImageOfPage\":{\"@id\":\"https:\/\/dmcsrb.com\/politika\/nenezic-pod-velom-razvoja-turizma-pocece-i-devastacija-maslinjaka\/#primaryimage\"},\"image\":{\"@id\":\"https:\/\/dmcsrb.com\/politika\/nenezic-pod-velom-razvoja-turizma-pocece-i-devastacija-maslinjaka\/#primaryimage\"},\"thumbnailUrl\":\"https:\/\/dmcsrb.com\/wp-content\/uploads\/2026\/01\/Branislav-Nenezic-foto-Evropski-savez.webp\",\"datePublished\":\"2025-08-01T08:55:00+00:00\",\"author\":{\"@id\":\"https:\/\/dmcsrb.com\/#\/schema\/person\/5c39170f12db1b8b457732d0b5c854e2\"},\"breadcrumb\":{\"@id\":\"https:\/\/dmcsrb.com\/politika\/nenezic-pod-velom-razvoja-turizma-pocece-i-devastacija-maslinjaka\/#breadcrumb\"},\"inLanguage\":\"en-GB\",\"potentialAction\":[{\"@type\":\"ReadAction\",\"target\":[\"https:\/\/dmcsrb.com\/politika\/nenezic-pod-velom-razvoja-turizma-pocece-i-devastacija-maslinjaka\/\"]}]},{\"@type\":\"ImageObject\",\"inLanguage\":\"en-GB\",\"@id\":\"https:\/\/dmcsrb.com\/politika\/nenezic-pod-velom-razvoja-turizma-pocece-i-devastacija-maslinjaka\/#primaryimage\",\"url\":\"https:\/\/dmcsrb.com\/wp-content\/uploads\/2026\/01\/Branislav-Nenezic-foto-Evropski-savez.webp\",\"contentUrl\":\"https:\/\/dmcsrb.com\/wp-content\/uploads\/2026\/01\/Branislav-Nenezic-foto-Evropski-savez.webp\",\"width\":1200,\"height\":760},{\"@type\":\"BreadcrumbList\",\"@id\":\"https:\/\/dmcsrb.com\/politika\/nenezic-pod-velom-razvoja-turizma-pocece-i-devastacija-maslinjaka\/#breadcrumb\",\"itemListElement\":[{\"@type\":\"ListItem\",\"position\":1,\"name\":\"Home\",\"item\":\"https:\/\/dmcsrb.com\/\"},{\"@type\":\"ListItem\",\"position\":2,\"name\":\"Nenezi\u0107: Pod velom razvoja turizma po\u010de\u0107e i devastacija maslinjaka\"}]},{\"@type\":\"WebSite\",\"@id\":\"https:\/\/dmcsrb.com\/#website\",\"url\":\"https:\/\/dmcsrb.com\/\",\"name\":\"dmcsrb.com\",\"description\":\"\",\"potentialAction\":[{\"@type\":\"SearchAction\",\"target\":{\"@type\":\"EntryPoint\",\"urlTemplate\":\"https:\/\/dmcsrb.com\/?s={search_term_string}\"},\"query-input\":{\"@type\":\"PropertyValueSpecification\",\"valueRequired\":true,\"valueName\":\"search_term_string\"}}],\"inLanguage\":\"en-GB\"},{\"@type\":\"Person\",\"@id\":\"https:\/\/dmcsrb.com\/#\/schema\/person\/5c39170f12db1b8b457732d0b5c854e2\",\"name\":\"dmcsrbija.com@gmail.com\",\"image\":{\"@type\":\"ImageObject\",\"inLanguage\":\"en-GB\",\"@id\":\"https:\/\/dmcsrb.com\/#\/schema\/person\/image\/\",\"url\":\"https:\/\/secure.gravatar.com\/avatar\/68592660ad6347fad0fb587f8d5d8f1a7b44961362f56e4f2cd524feb87e9069?s=96&d=mm&r=g\",\"contentUrl\":\"https:\/\/secure.gravatar.com\/avatar\/68592660ad6347fad0fb587f8d5d8f1a7b44961362f56e4f2cd524feb87e9069?s=96&d=mm&r=g\",\"caption\":\"dmcsrbija.com@gmail.com\"},\"sameAs\":[\"https:\/\/dmcsrb.com\"],\"url\":\"https:\/\/dmcsrb.com\/en\/author\/dmcsrbija-comgmail-com\/\"}]}<\/script>\n<!-- \/ Yoast SEO plugin. -->","yoast_head_json":{"title":"Nenezi\u0107: Pod velom razvoja turizma po\u010de\u0107e i devastacija maslinjaka - dmcsrb.com","robots":{"index":"index","follow":"follow","max-snippet":"max-snippet:-1","max-image-preview":"max-image-preview:large","max-video-preview":"max-video-preview:-1"},"canonical":"https:\/\/dmcsrb.com\/en\/politika\/nenezic-pod-velom-razvoja-turizma-pocece-i-devastacija-maslinjaka\/","og_locale":"en_GB","og_type":"article","og_title":"Nenezi\u0107: Pod velom razvoja turizma po\u010de\u0107e i devastacija maslinjaka - dmcsrb.com","og_description":"Ne\u0107e brzo pro\u0107i, a po\u010de\u0107e devastacija maslinjaka, bungalovi, apartmani, sve pod velom razvoja turizma i ko god digne glasa protiv ovoga bi\u0107e \u201cdr\u017eavni neprijatelj\u201d, smatra Branislav Nenezi\u0107, poslanik SD-a, predsjednik SO Bar i predstavnik Evropskog saveza.","og_url":"https:\/\/dmcsrb.com\/en\/politika\/nenezic-pod-velom-razvoja-turizma-pocece-i-devastacija-maslinjaka\/","og_site_name":"dmcsrb.com","article_published_time":"2025-08-01T08:55:00+00:00","og_image":[{"width":1200,"height":760,"url":"https:\/\/dmcsrb.com\/wp-content\/uploads\/2026\/01\/Branislav-Nenezic-foto-Evropski-savez.webp","type":"image\/jpeg"}],"author":"dmcsrbija.com@gmail.com","twitter_card":"summary_large_image","twitter_misc":{"Written by":"dmcsrbija.com@gmail.com","Estimated reading time":"1 minute"},"schema":{"@context":"https:\/\/schema.org","@graph":[{"@type":"Article","@id":"https:\/\/dmcsrb.com\/politika\/nenezic-pod-velom-razvoja-turizma-pocece-i-devastacija-maslinjaka\/#article","isPartOf":{"@id":"https:\/\/dmcsrb.com\/politika\/nenezic-pod-velom-razvoja-turizma-pocece-i-devastacija-maslinjaka\/"},"author":{"name":"dmcsrbija.com@gmail.com","@id":"https:\/\/dmcsrb.com\/#\/schema\/person\/5c39170f12db1b8b457732d0b5c854e2"},"headline":"Nenezi\u0107: Pod velom razvoja turizma po\u010de\u0107e i devastacija maslinjaka","datePublished":"2025-08-01T08:55:00+00:00","mainEntityOfPage":{"@id":"https:\/\/dmcsrb.com\/politika\/nenezic-pod-velom-razvoja-turizma-pocece-i-devastacija-maslinjaka\/"},"wordCount":114,"commentCount":0,"image":{"@id":"https:\/\/dmcsrb.com\/politika\/nenezic-pod-velom-razvoja-turizma-pocece-i-devastacija-maslinjaka\/#primaryimage"},"thumbnailUrl":"https:\/\/dmcsrb.com\/wp-content\/uploads\/2026\/01\/Branislav-Nenezic-foto-Evropski-savez.webp","keywords":["Branislav Nenezi\u0107","maslinjaci"],"articleSection":["Politika"],"inLanguage":"en-GB","potentialAction":[{"@type":"CommentAction","name":"Comment","target":["https:\/\/dmcsrb.com\/politika\/nenezic-pod-velom-razvoja-turizma-pocece-i-devastacija-maslinjaka\/#respond"]}]},{"@type":"WebPage","@id":"https:\/\/dmcsrb.com\/politika\/nenezic-pod-velom-razvoja-turizma-pocece-i-devastacija-maslinjaka\/","url":"https:\/\/dmcsrb.com\/politika\/nenezic-pod-velom-razvoja-turizma-pocece-i-devastacija-maslinjaka\/","name":"Nenezi\u0107: Pod velom razvoja turizma po\u010de\u0107e i devastacija maslinjaka - dmcsrb.com","isPartOf":{"@id":"https:\/\/dmcsrb.com\/#website"},"primaryImageOfPage":{"@id":"https:\/\/dmcsrb.com\/politika\/nenezic-pod-velom-razvoja-turizma-pocece-i-devastacija-maslinjaka\/#primaryimage"},"image":{"@id":"https:\/\/dmcsrb.com\/politika\/nenezic-pod-velom-razvoja-turizma-pocece-i-devastacija-maslinjaka\/#primaryimage"},"thumbnailUrl":"https:\/\/dmcsrb.com\/wp-content\/uploads\/2026\/01\/Branislav-Nenezic-foto-Evropski-savez.webp","datePublished":"2025-08-01T08:55:00+00:00","author":{"@id":"https:\/\/dmcsrb.com\/#\/schema\/person\/5c39170f12db1b8b457732d0b5c854e2"},"breadcrumb":{"@id":"https:\/\/dmcsrb.com\/politika\/nenezic-pod-velom-razvoja-turizma-pocece-i-devastacija-maslinjaka\/#breadcrumb"},"inLanguage":"en-GB","potentialAction":[{"@type":"ReadAction","target":["https:\/\/dmcsrb.com\/politika\/nenezic-pod-velom-razvoja-turizma-pocece-i-devastacija-maslinjaka\/"]}]},{"@type":"ImageObject","inLanguage":"en-GB","@id":"https:\/\/dmcsrb.com\/politika\/nenezic-pod-velom-razvoja-turizma-pocece-i-devastacija-maslinjaka\/#primaryimage","url":"https:\/\/dmcsrb.com\/wp-content\/uploads\/2026\/01\/Branislav-Nenezic-foto-Evropski-savez.webp","contentUrl":"https:\/\/dmcsrb.com\/wp-content\/uploads\/2026\/01\/Branislav-Nenezic-foto-Evropski-savez.webp","width":1200,"height":760},{"@type":"BreadcrumbList","@id":"https:\/\/dmcsrb.com\/politika\/nenezic-pod-velom-razvoja-turizma-pocece-i-devastacija-maslinjaka\/#breadcrumb","itemListElement":[{"@type":"ListItem","position":1,"name":"Home","item":"https:\/\/dmcsrb.com\/"},{"@type":"ListItem","position":2,"name":"Nenezi\u0107: Pod velom razvoja turizma po\u010de\u0107e i devastacija maslinjaka"}]},{"@type":"WebSite","@id":"https:\/\/dmcsrb.com\/#website","url":"https:\/\/dmcsrb.com\/","name":"dmcsrb.com","description":"","potentialAction":[{"@type":"SearchAction","target":{"@type":"EntryPoint","urlTemplate":"https:\/\/dmcsrb.com\/?s={search_term_string}"},"query-input":{"@type":"PropertyValueSpecification","valueRequired":true,"valueName":"search_term_string"}}],"inLanguage":"en-GB"},{"@type":"Person","@id":"https:\/\/dmcsrb.com\/#\/schema\/person\/5c39170f12db1b8b457732d0b5c854e2","name":"dmcsrbija.com@gmail.com","image":{"@type":"ImageObject","inLanguage":"en-GB","@id":"https:\/\/dmcsrb.com\/#\/schema\/person\/image\/","url":"https:\/\/secure.gravatar.com\/avatar\/68592660ad6347fad0fb587f8d5d8f1a7b44961362f56e4f2cd524feb87e9069?s=96&d=mm&r=g","contentUrl":"https:\/\/secure.gravatar.com\/avatar\/68592660ad6347fad0fb587f8d5d8f1a7b44961362f56e4f2cd524feb87e9069?s=96&d=mm&r=g","caption":"dmcsrbija.com@gmail.com"},"sameAs":["https:\/\/dmcsrb.com"],"url":"https:\/\/dmcsrb.com\/en\/author\/dmcsrbija-comgmail-com\/"}]}},"_links":{"self":[{"href":"https:\/\/dmcsrb.com\/en\/wp-json\/wp\/v2\/posts\/943615","targetHints":{"allow":["GET"]}}],"collection":[{"href":"https:\/\/dmcsrb.com\/en\/wp-json\/wp\/v2\/posts"}],"about":[{"href":"https:\/\/dmcsrb.com\/en\/wp-json\/wp\/v2\/types\/post"}],"author":[{"embeddable":true,"href":"https:\/\/dmcsrb.com\/en\/wp-json\/wp\/v2\/users\/1"}],"replies":[{"embeddable":true,"href":"https:\/\/dmcsrb.com\/en\/wp-json\/wp\/v2\/comments?post=943615"}],"version-history":[{"count":0,"href":"https:\/\/dmcsrb.com\/en\/wp-json\/wp\/v2\/posts\/943615\/revisions"}],"wp:featuredmedia":[{"embeddable":true,"href":"https:\/\/dmcsrb.com\/en\/wp-json\/wp\/v2\/media\/943616"}],"wp:attachment":[{"href":"https:\/\/dmcsrb.com\/en\/wp-json\/wp\/v2\/media?parent=943615"}],"wp:term":[{"taxonomy":"category","embeddable":true,"href":"https:\/\/dmcsrb.com\/en\/wp-json\/wp\/v2\/categories?post=943615"},{"taxonomy":"post_tag","embeddable":true,"href":"https:\/\/dmcsrb.com\/en\/wp-json\/wp\/v2\/tags?post=943615"},{"taxonomy":"naslovna","embeddable":true,"href":"https:\/\/dmcsrb.com\/en\/wp-json\/wp\/v2\/naslovna?post=943615"}],"curies":[{"name":"wp","href":"https:\/\/api.w.org\/{rel}","templated":true}]}}