{"id":943592,"date":"2025-08-01T08:18:15","date_gmt":"2025-08-01T06:18:15","guid":{"rendered":"https:\/\/dmcsrb.com\/uncategorized\/procesuirane-dvije-osobe-zbog-ubistva-u-pokusaju-putem-pomaganja-iz-2023-godine\/"},"modified":"2025-08-01T08:18:15","modified_gmt":"2025-08-01T06:18:15","slug":"procesuirane-dvije-osobe-zbog-ubistva-u-pokusaju-putem-pomaganja-iz-2023-godine","status":"publish","type":"post","link":"https:\/\/dmcsrb.com\/en\/hronika\/procesuirane-dvije-osobe-zbog-ubistva-u-pokusaju-putem-pomaganja-iz-2023-godine\/","title":{"rendered":"Procesuirane dvije osobe zbog ubistva u poku\u0161aju putem pomaganja iz 2023. godine"},"content":{"rendered":"<p><\/p>\n\n\n\n<p>.<\/p>\n\n\n\n<p>&#8220;Naime, sprovode\u0107i aktivnosti na rasvjetljavanju te\u0161kih krivi\u010dnih djela protiv \u017eivota i tijela iz prethodnog perioda, slu\u017ebenici Uprave policije do\u0161li su do osnova sumnje da su H.K. iz Berana i G.K., kojem je prethodno ime G.\u0110., iz Republike Srbije, izvr\u0161ili krivi\u010dno djelo ubistvo u poku\u0161aju izvr\u0161eno putem pomaganja na \u0161tetu J.V.&#8221;, saop\u0161teno je iz Uprave policije.<\/p>\n\n\n\n<p>Sumnja se da su H.K. i G.K. u\u010destvovali u izvr\u0161enju krivi\u010dnog djela ubistvo u poku\u0161aju putem pomaganja na \u0161tetu J.V. koje se dogodilo 27. juna 2023. godine u jutarnjim \u010dasovima u mjestu Zagrablje, op\u0161tina Cetinje, a koje se prema operativnim i obavje\u0161tajnim podacima Uprave policije, tretira kao posljedica sukoba organizovanih kriminalnih grupa.<\/p>\n\n\n\n<p>&#8220;Osumnji\u010deni H.K. se trenutno nalazi u UIKS-u zbog drugih krivi\u010dnih djela protiv \u017eivota i tijela, izvr\u0161enih tokom 2023. i 2024. godine na \u0161tetu suprotstavljenih \u010dlanova organizovanih kriminalnih grupa, dok je G.K., dr\u017eavljanin Republike Srbije, trenutno nedostupan nadle\u017enim organima i za njim se intenzivno traga&#8221;, ka\u017ee se u saop\u0161tenju.<\/p>\n\n\n\n<p>Slu\u017ebenici Uprave policije poru\u010duju da nastavljaju nesmanjenim intenzitetom aktivnosti na rasvjetljavanju te\u0161kih krivi\u010dnih djela, sa istim fokusom kako na aktuelne, tako i na one izvr\u0161ene u prethodnom periodu.<\/p>","protected":false},"excerpt":{"rendered":"<p>Policija je identifikovala dvije osobe koje se sumnji\u010de zbog krivi\u010dnog djela ubistvo u poku\u0161aju izvr\u0161eno u junu 2023. godine na \u0161tetu J.V. u op\u0161tini Cetinje<\/p>","protected":false},"author":1,"featured_media":910221,"comment_status":"open","ping_status":"open","sticky":false,"template":"","format":"standard","meta":{"_acf_changed":false,"footnotes":""},"categories":[17],"tags":[7862,1215],"naslovna":[],"class_list":["post-943592","post","type-post","status-publish","format-standard","has-post-thumbnail","hentry","category-hronika","tag-dvije-osobe","tag-ubistvo"],"acf":[],"yoast_head":"<!-- This site is optimized with the Yoast SEO plugin v27.0 - https:\/\/yoast.com\/product\/yoast-seo-wordpress\/ -->\n<title>Procesuirane dvije osobe zbog ubistva u poku\u0161aju putem pomaganja iz 2023. godine - dmcsrb.com<\/title>\n<meta name=\"robots\" content=\"index, follow, max-snippet:-1, max-image-preview:large, max-video-preview:-1\" \/>\n<link rel=\"canonical\" href=\"https:\/\/dmcsrb.com\/en\/hronika\/procesuirane-dvije-osobe-zbog-ubistva-u-pokusaju-putem-pomaganja-iz-2023-godine\/\" \/>\n<meta property=\"og:locale\" content=\"en_GB\" \/>\n<meta property=\"og:type\" content=\"article\" \/>\n<meta property=\"og:title\" content=\"Procesuirane dvije osobe zbog ubistva u poku\u0161aju putem pomaganja iz 2023. godine - dmcsrb.com\" \/>\n<meta property=\"og:description\" content=\"Policija je identifikovala dvije osobe koje se sumnji\u010de zbog krivi\u010dnog djela ubistvo u poku\u0161aju izvr\u0161eno u junu 2023. godine na \u0161tetu J.V. u op\u0161tini Cetinje\" \/>\n<meta property=\"og:url\" content=\"https:\/\/dmcsrb.com\/en\/hronika\/procesuirane-dvije-osobe-zbog-ubistva-u-pokusaju-putem-pomaganja-iz-2023-godine\/\" \/>\n<meta property=\"og:site_name\" content=\"dmcsrb.com\" \/>\n<meta property=\"article:published_time\" content=\"2025-08-01T06:18:15+00:00\" \/>\n<meta property=\"og:image\" content=\"https:\/\/dmcsrb.com\/wp-content\/uploads\/2026\/01\/policija-1.jpg\" \/>\n\t<meta property=\"og:image:width\" content=\"1847\" \/>\n\t<meta property=\"og:image:height\" content=\"890\" \/>\n\t<meta property=\"og:image:type\" content=\"image\/jpeg\" \/>\n<meta name=\"author\" content=\"dmcsrbija.com@gmail.com\" \/>\n<meta name=\"twitter:card\" content=\"summary_large_image\" \/>\n<meta name=\"twitter:label1\" content=\"Written by\" \/>\n\t<meta name=\"twitter:data1\" content=\"dmcsrbija.com@gmail.com\" \/>\n\t<meta name=\"twitter:label2\" content=\"Estimated reading time\" \/>\n\t<meta name=\"twitter:data2\" content=\"1 minute\" \/>\n<script type=\"application\/ld+json\" class=\"yoast-schema-graph\">{\"@context\":\"https:\/\/schema.org\",\"@graph\":[{\"@type\":\"Article\",\"@id\":\"https:\/\/dmcsrb.com\/hronika\/procesuirane-dvije-osobe-zbog-ubistva-u-pokusaju-putem-pomaganja-iz-2023-godine\/#article\",\"isPartOf\":{\"@id\":\"https:\/\/dmcsrb.com\/hronika\/procesuirane-dvije-osobe-zbog-ubistva-u-pokusaju-putem-pomaganja-iz-2023-godine\/\"},\"author\":{\"name\":\"dmcsrbija.com@gmail.com\",\"@id\":\"https:\/\/dmcsrb.com\/#\/schema\/person\/5c39170f12db1b8b457732d0b5c854e2\"},\"headline\":\"Procesuirane dvije osobe zbog ubistva u poku\u0161aju putem pomaganja iz 2023. godine\",\"datePublished\":\"2025-08-01T06:18:15+00:00\",\"mainEntityOfPage\":{\"@id\":\"https:\/\/dmcsrb.com\/hronika\/procesuirane-dvije-osobe-zbog-ubistva-u-pokusaju-putem-pomaganja-iz-2023-godine\/\"},\"wordCount\":227,\"commentCount\":0,\"image\":{\"@id\":\"https:\/\/dmcsrb.com\/hronika\/procesuirane-dvije-osobe-zbog-ubistva-u-pokusaju-putem-pomaganja-iz-2023-godine\/#primaryimage\"},\"thumbnailUrl\":\"https:\/\/dmcsrb.com\/wp-content\/uploads\/2026\/01\/policija-1.jpg\",\"keywords\":[\"dvije osobe\",\"ubistvo\"],\"articleSection\":[\"Hronika\"],\"inLanguage\":\"en-GB\",\"potentialAction\":[{\"@type\":\"CommentAction\",\"name\":\"Comment\",\"target\":[\"https:\/\/dmcsrb.com\/hronika\/procesuirane-dvije-osobe-zbog-ubistva-u-pokusaju-putem-pomaganja-iz-2023-godine\/#respond\"]}]},{\"@type\":\"WebPage\",\"@id\":\"https:\/\/dmcsrb.com\/hronika\/procesuirane-dvije-osobe-zbog-ubistva-u-pokusaju-putem-pomaganja-iz-2023-godine\/\",\"url\":\"https:\/\/dmcsrb.com\/hronika\/procesuirane-dvije-osobe-zbog-ubistva-u-pokusaju-putem-pomaganja-iz-2023-godine\/\",\"name\":\"Procesuirane dvije osobe zbog ubistva u poku\u0161aju putem pomaganja iz 2023. godine - dmcsrb.com\",\"isPartOf\":{\"@id\":\"https:\/\/dmcsrb.com\/#website\"},\"primaryImageOfPage\":{\"@id\":\"https:\/\/dmcsrb.com\/hronika\/procesuirane-dvije-osobe-zbog-ubistva-u-pokusaju-putem-pomaganja-iz-2023-godine\/#primaryimage\"},\"image\":{\"@id\":\"https:\/\/dmcsrb.com\/hronika\/procesuirane-dvije-osobe-zbog-ubistva-u-pokusaju-putem-pomaganja-iz-2023-godine\/#primaryimage\"},\"thumbnailUrl\":\"https:\/\/dmcsrb.com\/wp-content\/uploads\/2026\/01\/policija-1.jpg\",\"datePublished\":\"2025-08-01T06:18:15+00:00\",\"author\":{\"@id\":\"https:\/\/dmcsrb.com\/#\/schema\/person\/5c39170f12db1b8b457732d0b5c854e2\"},\"breadcrumb\":{\"@id\":\"https:\/\/dmcsrb.com\/hronika\/procesuirane-dvije-osobe-zbog-ubistva-u-pokusaju-putem-pomaganja-iz-2023-godine\/#breadcrumb\"},\"inLanguage\":\"en-GB\",\"potentialAction\":[{\"@type\":\"ReadAction\",\"target\":[\"https:\/\/dmcsrb.com\/hronika\/procesuirane-dvije-osobe-zbog-ubistva-u-pokusaju-putem-pomaganja-iz-2023-godine\/\"]}]},{\"@type\":\"ImageObject\",\"inLanguage\":\"en-GB\",\"@id\":\"https:\/\/dmcsrb.com\/hronika\/procesuirane-dvije-osobe-zbog-ubistva-u-pokusaju-putem-pomaganja-iz-2023-godine\/#primaryimage\",\"url\":\"https:\/\/dmcsrb.com\/wp-content\/uploads\/2026\/01\/policija-1.jpg\",\"contentUrl\":\"https:\/\/dmcsrb.com\/wp-content\/uploads\/2026\/01\/policija-1.jpg\",\"width\":1847,\"height\":890},{\"@type\":\"BreadcrumbList\",\"@id\":\"https:\/\/dmcsrb.com\/hronika\/procesuirane-dvije-osobe-zbog-ubistva-u-pokusaju-putem-pomaganja-iz-2023-godine\/#breadcrumb\",\"itemListElement\":[{\"@type\":\"ListItem\",\"position\":1,\"name\":\"Home\",\"item\":\"https:\/\/dmcsrb.com\/\"},{\"@type\":\"ListItem\",\"position\":2,\"name\":\"Procesuirane dvije osobe zbog ubistva u poku\u0161aju putem pomaganja iz 2023. godine\"}]},{\"@type\":\"WebSite\",\"@id\":\"https:\/\/dmcsrb.com\/#website\",\"url\":\"https:\/\/dmcsrb.com\/\",\"name\":\"dmcsrb.com\",\"description\":\"\",\"potentialAction\":[{\"@type\":\"SearchAction\",\"target\":{\"@type\":\"EntryPoint\",\"urlTemplate\":\"https:\/\/dmcsrb.com\/?s={search_term_string}\"},\"query-input\":{\"@type\":\"PropertyValueSpecification\",\"valueRequired\":true,\"valueName\":\"search_term_string\"}}],\"inLanguage\":\"en-GB\"},{\"@type\":\"Person\",\"@id\":\"https:\/\/dmcsrb.com\/#\/schema\/person\/5c39170f12db1b8b457732d0b5c854e2\",\"name\":\"dmcsrbija.com@gmail.com\",\"image\":{\"@type\":\"ImageObject\",\"inLanguage\":\"en-GB\",\"@id\":\"https:\/\/dmcsrb.com\/#\/schema\/person\/image\/\",\"url\":\"https:\/\/secure.gravatar.com\/avatar\/68592660ad6347fad0fb587f8d5d8f1a7b44961362f56e4f2cd524feb87e9069?s=96&d=mm&r=g\",\"contentUrl\":\"https:\/\/secure.gravatar.com\/avatar\/68592660ad6347fad0fb587f8d5d8f1a7b44961362f56e4f2cd524feb87e9069?s=96&d=mm&r=g\",\"caption\":\"dmcsrbija.com@gmail.com\"},\"sameAs\":[\"https:\/\/dmcsrb.com\"],\"url\":\"https:\/\/dmcsrb.com\/en\/author\/dmcsrbija-comgmail-com\/\"}]}<\/script>\n<!-- \/ Yoast SEO plugin. -->","yoast_head_json":{"title":"Procesuirane dvije osobe zbog ubistva u poku\u0161aju putem pomaganja iz 2023. godine - dmcsrb.com","robots":{"index":"index","follow":"follow","max-snippet":"max-snippet:-1","max-image-preview":"max-image-preview:large","max-video-preview":"max-video-preview:-1"},"canonical":"https:\/\/dmcsrb.com\/en\/hronika\/procesuirane-dvije-osobe-zbog-ubistva-u-pokusaju-putem-pomaganja-iz-2023-godine\/","og_locale":"en_GB","og_type":"article","og_title":"Procesuirane dvije osobe zbog ubistva u poku\u0161aju putem pomaganja iz 2023. godine - dmcsrb.com","og_description":"Policija je identifikovala dvije osobe koje se sumnji\u010de zbog krivi\u010dnog djela ubistvo u poku\u0161aju izvr\u0161eno u junu 2023. godine na \u0161tetu J.V. u op\u0161tini Cetinje","og_url":"https:\/\/dmcsrb.com\/en\/hronika\/procesuirane-dvije-osobe-zbog-ubistva-u-pokusaju-putem-pomaganja-iz-2023-godine\/","og_site_name":"dmcsrb.com","article_published_time":"2025-08-01T06:18:15+00:00","og_image":[{"width":1847,"height":890,"url":"https:\/\/dmcsrb.com\/wp-content\/uploads\/2026\/01\/policija-1.jpg","type":"image\/jpeg"}],"author":"dmcsrbija.com@gmail.com","twitter_card":"summary_large_image","twitter_misc":{"Written by":"dmcsrbija.com@gmail.com","Estimated reading time":"1 minute"},"schema":{"@context":"https:\/\/schema.org","@graph":[{"@type":"Article","@id":"https:\/\/dmcsrb.com\/hronika\/procesuirane-dvije-osobe-zbog-ubistva-u-pokusaju-putem-pomaganja-iz-2023-godine\/#article","isPartOf":{"@id":"https:\/\/dmcsrb.com\/hronika\/procesuirane-dvije-osobe-zbog-ubistva-u-pokusaju-putem-pomaganja-iz-2023-godine\/"},"author":{"name":"dmcsrbija.com@gmail.com","@id":"https:\/\/dmcsrb.com\/#\/schema\/person\/5c39170f12db1b8b457732d0b5c854e2"},"headline":"Procesuirane dvije osobe zbog ubistva u poku\u0161aju putem pomaganja iz 2023. godine","datePublished":"2025-08-01T06:18:15+00:00","mainEntityOfPage":{"@id":"https:\/\/dmcsrb.com\/hronika\/procesuirane-dvije-osobe-zbog-ubistva-u-pokusaju-putem-pomaganja-iz-2023-godine\/"},"wordCount":227,"commentCount":0,"image":{"@id":"https:\/\/dmcsrb.com\/hronika\/procesuirane-dvije-osobe-zbog-ubistva-u-pokusaju-putem-pomaganja-iz-2023-godine\/#primaryimage"},"thumbnailUrl":"https:\/\/dmcsrb.com\/wp-content\/uploads\/2026\/01\/policija-1.jpg","keywords":["dvije osobe","ubistvo"],"articleSection":["Hronika"],"inLanguage":"en-GB","potentialAction":[{"@type":"CommentAction","name":"Comment","target":["https:\/\/dmcsrb.com\/hronika\/procesuirane-dvije-osobe-zbog-ubistva-u-pokusaju-putem-pomaganja-iz-2023-godine\/#respond"]}]},{"@type":"WebPage","@id":"https:\/\/dmcsrb.com\/hronika\/procesuirane-dvije-osobe-zbog-ubistva-u-pokusaju-putem-pomaganja-iz-2023-godine\/","url":"https:\/\/dmcsrb.com\/hronika\/procesuirane-dvije-osobe-zbog-ubistva-u-pokusaju-putem-pomaganja-iz-2023-godine\/","name":"Procesuirane dvije osobe zbog ubistva u poku\u0161aju putem pomaganja iz 2023. godine - dmcsrb.com","isPartOf":{"@id":"https:\/\/dmcsrb.com\/#website"},"primaryImageOfPage":{"@id":"https:\/\/dmcsrb.com\/hronika\/procesuirane-dvije-osobe-zbog-ubistva-u-pokusaju-putem-pomaganja-iz-2023-godine\/#primaryimage"},"image":{"@id":"https:\/\/dmcsrb.com\/hronika\/procesuirane-dvije-osobe-zbog-ubistva-u-pokusaju-putem-pomaganja-iz-2023-godine\/#primaryimage"},"thumbnailUrl":"https:\/\/dmcsrb.com\/wp-content\/uploads\/2026\/01\/policija-1.jpg","datePublished":"2025-08-01T06:18:15+00:00","author":{"@id":"https:\/\/dmcsrb.com\/#\/schema\/person\/5c39170f12db1b8b457732d0b5c854e2"},"breadcrumb":{"@id":"https:\/\/dmcsrb.com\/hronika\/procesuirane-dvije-osobe-zbog-ubistva-u-pokusaju-putem-pomaganja-iz-2023-godine\/#breadcrumb"},"inLanguage":"en-GB","potentialAction":[{"@type":"ReadAction","target":["https:\/\/dmcsrb.com\/hronika\/procesuirane-dvije-osobe-zbog-ubistva-u-pokusaju-putem-pomaganja-iz-2023-godine\/"]}]},{"@type":"ImageObject","inLanguage":"en-GB","@id":"https:\/\/dmcsrb.com\/hronika\/procesuirane-dvije-osobe-zbog-ubistva-u-pokusaju-putem-pomaganja-iz-2023-godine\/#primaryimage","url":"https:\/\/dmcsrb.com\/wp-content\/uploads\/2026\/01\/policija-1.jpg","contentUrl":"https:\/\/dmcsrb.com\/wp-content\/uploads\/2026\/01\/policija-1.jpg","width":1847,"height":890},{"@type":"BreadcrumbList","@id":"https:\/\/dmcsrb.com\/hronika\/procesuirane-dvije-osobe-zbog-ubistva-u-pokusaju-putem-pomaganja-iz-2023-godine\/#breadcrumb","itemListElement":[{"@type":"ListItem","position":1,"name":"Home","item":"https:\/\/dmcsrb.com\/"},{"@type":"ListItem","position":2,"name":"Procesuirane dvije osobe zbog ubistva u poku\u0161aju putem pomaganja iz 2023. godine"}]},{"@type":"WebSite","@id":"https:\/\/dmcsrb.com\/#website","url":"https:\/\/dmcsrb.com\/","name":"dmcsrb.com","description":"","potentialAction":[{"@type":"SearchAction","target":{"@type":"EntryPoint","urlTemplate":"https:\/\/dmcsrb.com\/?s={search_term_string}"},"query-input":{"@type":"PropertyValueSpecification","valueRequired":true,"valueName":"search_term_string"}}],"inLanguage":"en-GB"},{"@type":"Person","@id":"https:\/\/dmcsrb.com\/#\/schema\/person\/5c39170f12db1b8b457732d0b5c854e2","name":"dmcsrbija.com@gmail.com","image":{"@type":"ImageObject","inLanguage":"en-GB","@id":"https:\/\/dmcsrb.com\/#\/schema\/person\/image\/","url":"https:\/\/secure.gravatar.com\/avatar\/68592660ad6347fad0fb587f8d5d8f1a7b44961362f56e4f2cd524feb87e9069?s=96&d=mm&r=g","contentUrl":"https:\/\/secure.gravatar.com\/avatar\/68592660ad6347fad0fb587f8d5d8f1a7b44961362f56e4f2cd524feb87e9069?s=96&d=mm&r=g","caption":"dmcsrbija.com@gmail.com"},"sameAs":["https:\/\/dmcsrb.com"],"url":"https:\/\/dmcsrb.com\/en\/author\/dmcsrbija-comgmail-com\/"}]}},"_links":{"self":[{"href":"https:\/\/dmcsrb.com\/en\/wp-json\/wp\/v2\/posts\/943592","targetHints":{"allow":["GET"]}}],"collection":[{"href":"https:\/\/dmcsrb.com\/en\/wp-json\/wp\/v2\/posts"}],"about":[{"href":"https:\/\/dmcsrb.com\/en\/wp-json\/wp\/v2\/types\/post"}],"author":[{"embeddable":true,"href":"https:\/\/dmcsrb.com\/en\/wp-json\/wp\/v2\/users\/1"}],"replies":[{"embeddable":true,"href":"https:\/\/dmcsrb.com\/en\/wp-json\/wp\/v2\/comments?post=943592"}],"version-history":[{"count":0,"href":"https:\/\/dmcsrb.com\/en\/wp-json\/wp\/v2\/posts\/943592\/revisions"}],"wp:featuredmedia":[{"embeddable":true,"href":"https:\/\/dmcsrb.com\/en\/wp-json\/wp\/v2\/media\/910221"}],"wp:attachment":[{"href":"https:\/\/dmcsrb.com\/en\/wp-json\/wp\/v2\/media?parent=943592"}],"wp:term":[{"taxonomy":"category","embeddable":true,"href":"https:\/\/dmcsrb.com\/en\/wp-json\/wp\/v2\/categories?post=943592"},{"taxonomy":"post_tag","embeddable":true,"href":"https:\/\/dmcsrb.com\/en\/wp-json\/wp\/v2\/tags?post=943592"},{"taxonomy":"naslovna","embeddable":true,"href":"https:\/\/dmcsrb.com\/en\/wp-json\/wp\/v2\/naslovna?post=943592"}],"curies":[{"name":"wp","href":"https:\/\/api.w.org\/{rel}","templated":true}]}}