{"id":943590,"date":"2025-08-01T08:47:00","date_gmt":"2025-08-01T06:47:00","guid":{"rendered":"https:\/\/dmcsrb.com\/uncategorized\/nto-znacajan-rast-turistickog-prometa-u-prvih-sest-mjeseci\/"},"modified":"2025-08-01T08:47:00","modified_gmt":"2025-08-01T06:47:00","slug":"nto-znacajan-rast-turistickog-prometa-u-prvih-sest-mjeseci","status":"publish","type":"post","link":"https:\/\/dmcsrb.com\/en\/ekonomija\/nto-znacajan-rast-turistickog-prometa-u-prvih-sest-mjeseci\/","title":{"rendered":"NTO: Zna\u010dajan rast turisti\u010dkog prometa u prvih \u0161est mjeseci"},"content":{"rendered":"<p><\/p>\n\n\n\n<p><\/p>\n\n\n\n<p><\/p>\n\n\n\n<p>Prema podacima Ministarstva unutra\u0161njig poslova, u periodu od 1. januara do 1. juna 2025. godine, na grani\u010dnim prelazima u Crnoj Gori registrovana&nbsp;je 7.317.631 osoba, \u0161to je za 5 % vi\u0161e u odnosu na 2024. godinu kada je na grani\u010dnim prelazima registrovano 6.957.235 osoba.<\/p>\n\n\n\n<p><a href=\"https:\/\/dan.co.me\/turizam\/crna-gora-gubi-ruske-turiste-dok-turska-i-madarska-biljeze-rast-prihoda-ekonomske-implikacije-razlicitih-pristupa-5308915\"><\/a><\/p>\n\n\n\n<p><a href=\"https:\/\/dan.co.me\/turizam\/crna-gora-gubi-ruske-turiste-dok-turska-i-madarska-biljeze-rast-prihoda-ekonomske-implikacije-razlicitih-pristupa-5308915\"><\/a>Tokom juna 2025. godine, na grani\u010dnim prelazima u Crnoj Gori registrovano je 2.798.477 osoba, \u0161to je za 6 % vi\u0161e o odnosu na 2.647.888 osoba registrovanih u junu 2024. godine.<\/p>\n\n\n\n<p>&#8211; Kada je rije\u010d o strukturi gostiju, dominiraju posjetioci iz zemalja regiona, dok zna\u010dajan udio \u010dine turisti iz Velike Britanije, Njema\u010dke, Izraela, Sjedinjenih Ameri\u010dkih Dr\u017eava, Turske i Rusije &#8211; navodi se.<\/p>","protected":false},"excerpt":{"rendered":"<p>&#8220;U tom periodu zemlju je posjetilo vi\u0161e od 940 hiljada turista, \u0161to predstavlja pove\u0107anje od 6% u odnosu na isti period prethodne godine i \u010dak 24% vi\u0161e u odnosu na rekordnu 2019. godinu&#8221;, pi\u0161e u saop\u0161tenju Nacionalne turisti\u010dke organizacije.<\/p>","protected":false},"author":1,"featured_media":943591,"comment_status":"open","ping_status":"open","sticky":false,"template":"","format":"standard","meta":{"_acf_changed":false,"footnotes":""},"categories":[27],"tags":[1498,1571,16427],"naslovna":[],"class_list":["post-943590","post","type-post","status-publish","format-standard","has-post-thumbnail","hentry","category-ekonomija","tag-nto","tag-rast","tag-turisticki-promet"],"acf":[],"yoast_head":"<!-- This site is optimized with the Yoast SEO plugin v27.0 - https:\/\/yoast.com\/product\/yoast-seo-wordpress\/ -->\n<title>NTO: Zna\u010dajan rast turisti\u010dkog prometa u prvih \u0161est mjeseci - dmcsrb.com<\/title>\n<meta name=\"robots\" content=\"index, follow, max-snippet:-1, max-image-preview:large, max-video-preview:-1\" \/>\n<link rel=\"canonical\" href=\"https:\/\/dmcsrb.com\/en\/ekonomija\/nto-znacajan-rast-turistickog-prometa-u-prvih-sest-mjeseci\/\" \/>\n<meta property=\"og:locale\" content=\"en_GB\" \/>\n<meta property=\"og:type\" content=\"article\" \/>\n<meta property=\"og:title\" content=\"NTO: Zna\u010dajan rast turisti\u010dkog prometa u prvih \u0161est mjeseci - dmcsrb.com\" \/>\n<meta property=\"og:description\" content=\"&quot;U tom periodu zemlju je posjetilo vi\u0161e od 940 hiljada turista, \u0161to predstavlja pove\u0107anje od 6% u odnosu na isti period prethodne godine i \u010dak 24% vi\u0161e u odnosu na rekordnu 2019. godinu&quot;, pi\u0161e u saop\u0161tenju Nacionalne turisti\u010dke organizacije.\" \/>\n<meta property=\"og:url\" content=\"https:\/\/dmcsrb.com\/en\/ekonomija\/nto-znacajan-rast-turistickog-prometa-u-prvih-sest-mjeseci\/\" \/>\n<meta property=\"og:site_name\" content=\"dmcsrb.com\" \/>\n<meta property=\"article:published_time\" content=\"2025-08-01T06:47:00+00:00\" \/>\n<meta property=\"og:image\" content=\"https:\/\/dmcsrb.com\/wp-content\/uploads\/2026\/01\/Plaza-Crna-Gora.webp\" \/>\n\t<meta property=\"og:image:width\" content=\"1000\" \/>\n\t<meta property=\"og:image:height\" content=\"563\" \/>\n\t<meta property=\"og:image:type\" content=\"image\/jpeg\" \/>\n<meta name=\"author\" content=\"dmcsrbija.com@gmail.com\" \/>\n<meta name=\"twitter:card\" content=\"summary_large_image\" \/>\n<meta name=\"twitter:label1\" content=\"Written by\" \/>\n\t<meta name=\"twitter:data1\" content=\"dmcsrbija.com@gmail.com\" \/>\n\t<meta name=\"twitter:label2\" content=\"Estimated reading time\" \/>\n\t<meta name=\"twitter:data2\" content=\"1 minute\" \/>\n<script type=\"application\/ld+json\" class=\"yoast-schema-graph\">{\"@context\":\"https:\/\/schema.org\",\"@graph\":[{\"@type\":\"Article\",\"@id\":\"https:\/\/dmcsrb.com\/ekonomija\/nto-znacajan-rast-turistickog-prometa-u-prvih-sest-mjeseci\/#article\",\"isPartOf\":{\"@id\":\"https:\/\/dmcsrb.com\/ekonomija\/nto-znacajan-rast-turistickog-prometa-u-prvih-sest-mjeseci\/\"},\"author\":{\"name\":\"dmcsrbija.com@gmail.com\",\"@id\":\"https:\/\/dmcsrb.com\/#\/schema\/person\/5c39170f12db1b8b457732d0b5c854e2\"},\"headline\":\"NTO: Zna\u010dajan rast turisti\u010dkog prometa u prvih \u0161est mjeseci\",\"datePublished\":\"2025-08-01T06:47:00+00:00\",\"mainEntityOfPage\":{\"@id\":\"https:\/\/dmcsrb.com\/ekonomija\/nto-znacajan-rast-turistickog-prometa-u-prvih-sest-mjeseci\/\"},\"wordCount\":113,\"commentCount\":0,\"image\":{\"@id\":\"https:\/\/dmcsrb.com\/ekonomija\/nto-znacajan-rast-turistickog-prometa-u-prvih-sest-mjeseci\/#primaryimage\"},\"thumbnailUrl\":\"https:\/\/dmcsrb.com\/wp-content\/uploads\/2026\/01\/Plaza-Crna-Gora.webp\",\"keywords\":[\"NTO\",\"Rast\",\"Turisti\u010dki promet\"],\"articleSection\":[\"Ekonomija\"],\"inLanguage\":\"en-GB\",\"potentialAction\":[{\"@type\":\"CommentAction\",\"name\":\"Comment\",\"target\":[\"https:\/\/dmcsrb.com\/ekonomija\/nto-znacajan-rast-turistickog-prometa-u-prvih-sest-mjeseci\/#respond\"]}]},{\"@type\":\"WebPage\",\"@id\":\"https:\/\/dmcsrb.com\/ekonomija\/nto-znacajan-rast-turistickog-prometa-u-prvih-sest-mjeseci\/\",\"url\":\"https:\/\/dmcsrb.com\/ekonomija\/nto-znacajan-rast-turistickog-prometa-u-prvih-sest-mjeseci\/\",\"name\":\"NTO: Zna\u010dajan rast turisti\u010dkog prometa u prvih \u0161est mjeseci - dmcsrb.com\",\"isPartOf\":{\"@id\":\"https:\/\/dmcsrb.com\/#website\"},\"primaryImageOfPage\":{\"@id\":\"https:\/\/dmcsrb.com\/ekonomija\/nto-znacajan-rast-turistickog-prometa-u-prvih-sest-mjeseci\/#primaryimage\"},\"image\":{\"@id\":\"https:\/\/dmcsrb.com\/ekonomija\/nto-znacajan-rast-turistickog-prometa-u-prvih-sest-mjeseci\/#primaryimage\"},\"thumbnailUrl\":\"https:\/\/dmcsrb.com\/wp-content\/uploads\/2026\/01\/Plaza-Crna-Gora.webp\",\"datePublished\":\"2025-08-01T06:47:00+00:00\",\"author\":{\"@id\":\"https:\/\/dmcsrb.com\/#\/schema\/person\/5c39170f12db1b8b457732d0b5c854e2\"},\"breadcrumb\":{\"@id\":\"https:\/\/dmcsrb.com\/ekonomija\/nto-znacajan-rast-turistickog-prometa-u-prvih-sest-mjeseci\/#breadcrumb\"},\"inLanguage\":\"en-GB\",\"potentialAction\":[{\"@type\":\"ReadAction\",\"target\":[\"https:\/\/dmcsrb.com\/ekonomija\/nto-znacajan-rast-turistickog-prometa-u-prvih-sest-mjeseci\/\"]}]},{\"@type\":\"ImageObject\",\"inLanguage\":\"en-GB\",\"@id\":\"https:\/\/dmcsrb.com\/ekonomija\/nto-znacajan-rast-turistickog-prometa-u-prvih-sest-mjeseci\/#primaryimage\",\"url\":\"https:\/\/dmcsrb.com\/wp-content\/uploads\/2026\/01\/Plaza-Crna-Gora.webp\",\"contentUrl\":\"https:\/\/dmcsrb.com\/wp-content\/uploads\/2026\/01\/Plaza-Crna-Gora.webp\",\"width\":1000,\"height\":563},{\"@type\":\"BreadcrumbList\",\"@id\":\"https:\/\/dmcsrb.com\/ekonomija\/nto-znacajan-rast-turistickog-prometa-u-prvih-sest-mjeseci\/#breadcrumb\",\"itemListElement\":[{\"@type\":\"ListItem\",\"position\":1,\"name\":\"Home\",\"item\":\"https:\/\/dmcsrb.com\/\"},{\"@type\":\"ListItem\",\"position\":2,\"name\":\"NTO: Zna\u010dajan rast turisti\u010dkog prometa u prvih \u0161est mjeseci\"}]},{\"@type\":\"WebSite\",\"@id\":\"https:\/\/dmcsrb.com\/#website\",\"url\":\"https:\/\/dmcsrb.com\/\",\"name\":\"dmcsrb.com\",\"description\":\"\",\"potentialAction\":[{\"@type\":\"SearchAction\",\"target\":{\"@type\":\"EntryPoint\",\"urlTemplate\":\"https:\/\/dmcsrb.com\/?s={search_term_string}\"},\"query-input\":{\"@type\":\"PropertyValueSpecification\",\"valueRequired\":true,\"valueName\":\"search_term_string\"}}],\"inLanguage\":\"en-GB\"},{\"@type\":\"Person\",\"@id\":\"https:\/\/dmcsrb.com\/#\/schema\/person\/5c39170f12db1b8b457732d0b5c854e2\",\"name\":\"dmcsrbija.com@gmail.com\",\"image\":{\"@type\":\"ImageObject\",\"inLanguage\":\"en-GB\",\"@id\":\"https:\/\/dmcsrb.com\/#\/schema\/person\/image\/\",\"url\":\"https:\/\/secure.gravatar.com\/avatar\/68592660ad6347fad0fb587f8d5d8f1a7b44961362f56e4f2cd524feb87e9069?s=96&d=mm&r=g\",\"contentUrl\":\"https:\/\/secure.gravatar.com\/avatar\/68592660ad6347fad0fb587f8d5d8f1a7b44961362f56e4f2cd524feb87e9069?s=96&d=mm&r=g\",\"caption\":\"dmcsrbija.com@gmail.com\"},\"sameAs\":[\"https:\/\/dmcsrb.com\"],\"url\":\"https:\/\/dmcsrb.com\/en\/author\/dmcsrbija-comgmail-com\/\"}]}<\/script>\n<!-- \/ Yoast SEO plugin. -->","yoast_head_json":{"title":"NTO: Zna\u010dajan rast turisti\u010dkog prometa u prvih \u0161est mjeseci - dmcsrb.com","robots":{"index":"index","follow":"follow","max-snippet":"max-snippet:-1","max-image-preview":"max-image-preview:large","max-video-preview":"max-video-preview:-1"},"canonical":"https:\/\/dmcsrb.com\/en\/ekonomija\/nto-znacajan-rast-turistickog-prometa-u-prvih-sest-mjeseci\/","og_locale":"en_GB","og_type":"article","og_title":"NTO: Zna\u010dajan rast turisti\u010dkog prometa u prvih \u0161est mjeseci - dmcsrb.com","og_description":"\"U tom periodu zemlju je posjetilo vi\u0161e od 940 hiljada turista, \u0161to predstavlja pove\u0107anje od 6% u odnosu na isti period prethodne godine i \u010dak 24% vi\u0161e u odnosu na rekordnu 2019. godinu\", pi\u0161e u saop\u0161tenju Nacionalne turisti\u010dke organizacije.","og_url":"https:\/\/dmcsrb.com\/en\/ekonomija\/nto-znacajan-rast-turistickog-prometa-u-prvih-sest-mjeseci\/","og_site_name":"dmcsrb.com","article_published_time":"2025-08-01T06:47:00+00:00","og_image":[{"width":1000,"height":563,"url":"https:\/\/dmcsrb.com\/wp-content\/uploads\/2026\/01\/Plaza-Crna-Gora.webp","type":"image\/jpeg"}],"author":"dmcsrbija.com@gmail.com","twitter_card":"summary_large_image","twitter_misc":{"Written by":"dmcsrbija.com@gmail.com","Estimated reading time":"1 minute"},"schema":{"@context":"https:\/\/schema.org","@graph":[{"@type":"Article","@id":"https:\/\/dmcsrb.com\/ekonomija\/nto-znacajan-rast-turistickog-prometa-u-prvih-sest-mjeseci\/#article","isPartOf":{"@id":"https:\/\/dmcsrb.com\/ekonomija\/nto-znacajan-rast-turistickog-prometa-u-prvih-sest-mjeseci\/"},"author":{"name":"dmcsrbija.com@gmail.com","@id":"https:\/\/dmcsrb.com\/#\/schema\/person\/5c39170f12db1b8b457732d0b5c854e2"},"headline":"NTO: Zna\u010dajan rast turisti\u010dkog prometa u prvih \u0161est mjeseci","datePublished":"2025-08-01T06:47:00+00:00","mainEntityOfPage":{"@id":"https:\/\/dmcsrb.com\/ekonomija\/nto-znacajan-rast-turistickog-prometa-u-prvih-sest-mjeseci\/"},"wordCount":113,"commentCount":0,"image":{"@id":"https:\/\/dmcsrb.com\/ekonomija\/nto-znacajan-rast-turistickog-prometa-u-prvih-sest-mjeseci\/#primaryimage"},"thumbnailUrl":"https:\/\/dmcsrb.com\/wp-content\/uploads\/2026\/01\/Plaza-Crna-Gora.webp","keywords":["NTO","Rast","Turisti\u010dki promet"],"articleSection":["Ekonomija"],"inLanguage":"en-GB","potentialAction":[{"@type":"CommentAction","name":"Comment","target":["https:\/\/dmcsrb.com\/ekonomija\/nto-znacajan-rast-turistickog-prometa-u-prvih-sest-mjeseci\/#respond"]}]},{"@type":"WebPage","@id":"https:\/\/dmcsrb.com\/ekonomija\/nto-znacajan-rast-turistickog-prometa-u-prvih-sest-mjeseci\/","url":"https:\/\/dmcsrb.com\/ekonomija\/nto-znacajan-rast-turistickog-prometa-u-prvih-sest-mjeseci\/","name":"NTO: Zna\u010dajan rast turisti\u010dkog prometa u prvih \u0161est mjeseci - dmcsrb.com","isPartOf":{"@id":"https:\/\/dmcsrb.com\/#website"},"primaryImageOfPage":{"@id":"https:\/\/dmcsrb.com\/ekonomija\/nto-znacajan-rast-turistickog-prometa-u-prvih-sest-mjeseci\/#primaryimage"},"image":{"@id":"https:\/\/dmcsrb.com\/ekonomija\/nto-znacajan-rast-turistickog-prometa-u-prvih-sest-mjeseci\/#primaryimage"},"thumbnailUrl":"https:\/\/dmcsrb.com\/wp-content\/uploads\/2026\/01\/Plaza-Crna-Gora.webp","datePublished":"2025-08-01T06:47:00+00:00","author":{"@id":"https:\/\/dmcsrb.com\/#\/schema\/person\/5c39170f12db1b8b457732d0b5c854e2"},"breadcrumb":{"@id":"https:\/\/dmcsrb.com\/ekonomija\/nto-znacajan-rast-turistickog-prometa-u-prvih-sest-mjeseci\/#breadcrumb"},"inLanguage":"en-GB","potentialAction":[{"@type":"ReadAction","target":["https:\/\/dmcsrb.com\/ekonomija\/nto-znacajan-rast-turistickog-prometa-u-prvih-sest-mjeseci\/"]}]},{"@type":"ImageObject","inLanguage":"en-GB","@id":"https:\/\/dmcsrb.com\/ekonomija\/nto-znacajan-rast-turistickog-prometa-u-prvih-sest-mjeseci\/#primaryimage","url":"https:\/\/dmcsrb.com\/wp-content\/uploads\/2026\/01\/Plaza-Crna-Gora.webp","contentUrl":"https:\/\/dmcsrb.com\/wp-content\/uploads\/2026\/01\/Plaza-Crna-Gora.webp","width":1000,"height":563},{"@type":"BreadcrumbList","@id":"https:\/\/dmcsrb.com\/ekonomija\/nto-znacajan-rast-turistickog-prometa-u-prvih-sest-mjeseci\/#breadcrumb","itemListElement":[{"@type":"ListItem","position":1,"name":"Home","item":"https:\/\/dmcsrb.com\/"},{"@type":"ListItem","position":2,"name":"NTO: Zna\u010dajan rast turisti\u010dkog prometa u prvih \u0161est mjeseci"}]},{"@type":"WebSite","@id":"https:\/\/dmcsrb.com\/#website","url":"https:\/\/dmcsrb.com\/","name":"dmcsrb.com","description":"","potentialAction":[{"@type":"SearchAction","target":{"@type":"EntryPoint","urlTemplate":"https:\/\/dmcsrb.com\/?s={search_term_string}"},"query-input":{"@type":"PropertyValueSpecification","valueRequired":true,"valueName":"search_term_string"}}],"inLanguage":"en-GB"},{"@type":"Person","@id":"https:\/\/dmcsrb.com\/#\/schema\/person\/5c39170f12db1b8b457732d0b5c854e2","name":"dmcsrbija.com@gmail.com","image":{"@type":"ImageObject","inLanguage":"en-GB","@id":"https:\/\/dmcsrb.com\/#\/schema\/person\/image\/","url":"https:\/\/secure.gravatar.com\/avatar\/68592660ad6347fad0fb587f8d5d8f1a7b44961362f56e4f2cd524feb87e9069?s=96&d=mm&r=g","contentUrl":"https:\/\/secure.gravatar.com\/avatar\/68592660ad6347fad0fb587f8d5d8f1a7b44961362f56e4f2cd524feb87e9069?s=96&d=mm&r=g","caption":"dmcsrbija.com@gmail.com"},"sameAs":["https:\/\/dmcsrb.com"],"url":"https:\/\/dmcsrb.com\/en\/author\/dmcsrbija-comgmail-com\/"}]}},"_links":{"self":[{"href":"https:\/\/dmcsrb.com\/en\/wp-json\/wp\/v2\/posts\/943590","targetHints":{"allow":["GET"]}}],"collection":[{"href":"https:\/\/dmcsrb.com\/en\/wp-json\/wp\/v2\/posts"}],"about":[{"href":"https:\/\/dmcsrb.com\/en\/wp-json\/wp\/v2\/types\/post"}],"author":[{"embeddable":true,"href":"https:\/\/dmcsrb.com\/en\/wp-json\/wp\/v2\/users\/1"}],"replies":[{"embeddable":true,"href":"https:\/\/dmcsrb.com\/en\/wp-json\/wp\/v2\/comments?post=943590"}],"version-history":[{"count":0,"href":"https:\/\/dmcsrb.com\/en\/wp-json\/wp\/v2\/posts\/943590\/revisions"}],"wp:featuredmedia":[{"embeddable":true,"href":"https:\/\/dmcsrb.com\/en\/wp-json\/wp\/v2\/media\/943591"}],"wp:attachment":[{"href":"https:\/\/dmcsrb.com\/en\/wp-json\/wp\/v2\/media?parent=943590"}],"wp:term":[{"taxonomy":"category","embeddable":true,"href":"https:\/\/dmcsrb.com\/en\/wp-json\/wp\/v2\/categories?post=943590"},{"taxonomy":"post_tag","embeddable":true,"href":"https:\/\/dmcsrb.com\/en\/wp-json\/wp\/v2\/tags?post=943590"},{"taxonomy":"naslovna","embeddable":true,"href":"https:\/\/dmcsrb.com\/en\/wp-json\/wp\/v2\/naslovna?post=943590"}],"curies":[{"name":"wp","href":"https:\/\/api.w.org\/{rel}","templated":true}]}}