{"id":943493,"date":"2025-07-31T17:34:00","date_gmt":"2025-07-31T15:34:00","guid":{"rendered":"https:\/\/dmcsrb.com\/uncategorized\/kotorski-parlament-jednoglasno-usvojio-deklaraciju-o-ocuvanju-i-razvoju-kotora-pod-zastitom-unesco-a\/"},"modified":"2025-07-31T17:34:00","modified_gmt":"2025-07-31T15:34:00","slug":"kotorski-parlament-jednoglasno-usvojio-deklaraciju-o-ocuvanju-i-razvoju-kotora-pod-zastitom-unesco-a","status":"publish","type":"post","link":"https:\/\/dmcsrb.com\/en\/politika\/kotorski-parlament-jednoglasno-usvojio-deklaraciju-o-ocuvanju-i-razvoju-kotora-pod-zastitom-unesco-a\/","title":{"rendered":"Kotorski parlament jednoglasno usvojio Deklaraciju o o\u010duvanju i razvoju Kotora pod za\u0161titom UNESCO-a"},"content":{"rendered":"<p>Deklaraciju su potpisali svi odbornici prisutni na dana\u0161njem zasijedanju SO Kotor daju\u0107i tako  punu i trajnu posve\u0107enost o\u010duvanju, unapre\u0111enju i odgovornom upravljanju prirodnim i kulturnim vrijednostima Kotora, u skladu sa standardima UNESCO-a i najboljim me\u0111unarodnim praksama.\u00a0Izrazili su jedinstve stav da status Kotora, kao dijela svjetske kulturne i prirodne ba\u0161tine predstavlja zajedni\u010dku obavezu i trajno nasle\u0111e koje prevazilazi politi\u010dke, ideolo\u0161ke i partijske razlike.<br>\u00a0<br>Podr\u017eali su izradu i sprovo\u0111enje\u00a0Plana upravljanja podru\u010djem svjetske kulturne i prirodne ba\u0161tine, uskla\u0111enog sa preporukama misija UNESCO\/ICOMOS, uz puno u\u010de\u0161\u0107e \u00a0lokalnog stanovni\u0161tva, stru\u010dne javnosti, resornih ministarstava i Vlade Crne Gore, te zahtijevaju da se svi razvojni i infrastrukturni projekti unutar granica i za\u0161titne zone svjetske kulturne i prirodne ba\u0161tine realizuju isklju\u010divo u skladu s mjerama za\u0161tite, uz prethodnu ocjenu uticaja na izuzetnu univerzalnu vrijednost dobara.<br>\u00a0<br>Odbornici SO Kotor su se obavezali da uspostavimo transparentan sistem redovnog pra\u0107enja sprovo\u0111enja Deklaracije , uklju\u010duju\u0107i javne Izvje\u0161taje o stanju prostora, primjeni mjera i po\u0161tovanju preporuka relevantnih doma\u0107ih i me\u0111unarodnih tijela, te da svi akti, odluke i strate\u0161ki dokumenti koje usvaja Skup\u0161tina op\u0161tine Kotor budu uskla\u0111eni sa principima o\u010duvanja izuzetne univerzalne vrijednosti podru\u010dja svjetske kulturne i prirodne ba\u0161tine, te da se ne\u0107e donositi Odluke koje bi mogle ugroziti taj status.<br><br>Sa sjednice su obavezali predsjednicu Skup\u0161tine op\u0161tine Kotor da sa ovom Deklaracijom upozna \u00a0Predsjednika Crne Gore, Vlade \u00a0i Skup\u0161tine Crne Gore.<br><\/p>\n\n\n\n<p><\/p>","protected":false},"excerpt":{"rendered":"<p>Deklaracija je usvojena jednoglasno (20 prisutnih odbornika) a nakon izjave ministra prostornog planiranja, urbanizma i dr\u017eavne imovine Slavena Radunovi\u0107a, da bi trebalo razmisliti ili \u010dak i raspisati referendum o tome da li Kotor treba da ostane na UNESCO listi, \u0161to je izazvalo brojne reakcije stru\u010dne i politi\u010dke javnosti.<\/p>","protected":false},"author":1,"featured_media":943494,"comment_status":"open","ping_status":"open","sticky":false,"template":"","format":"standard","meta":{"_acf_changed":false,"footnotes":""},"categories":[12],"tags":[16388,1034],"naslovna":[],"class_list":["post-943493","post","type-post","status-publish","format-standard","has-post-thumbnail","hentry","category-politika","tag-so-kotor","tag-unesco"],"acf":[],"yoast_head":"<!-- This site is optimized with the Yoast SEO plugin v27.4 - https:\/\/yoast.com\/product\/yoast-seo-wordpress\/ -->\n<title>Kotorski parlament jednoglasno usvojio Deklaraciju o o\u010duvanju i razvoju Kotora pod za\u0161titom UNESCO-a - dmcsrb.com<\/title>\n<meta name=\"robots\" content=\"index, follow, max-snippet:-1, max-image-preview:large, max-video-preview:-1\" \/>\n<link rel=\"canonical\" href=\"https:\/\/dmcsrb.com\/en\/politika\/kotorski-parlament-jednoglasno-usvojio-deklaraciju-o-ocuvanju-i-razvoju-kotora-pod-zastitom-unesco-a\/\" \/>\n<meta property=\"og:locale\" content=\"en_GB\" \/>\n<meta property=\"og:type\" content=\"article\" \/>\n<meta property=\"og:title\" content=\"Kotorski parlament jednoglasno usvojio Deklaraciju o o\u010duvanju i razvoju Kotora pod za\u0161titom UNESCO-a - dmcsrb.com\" \/>\n<meta property=\"og:description\" content=\"Deklaracija je usvojena jednoglasno (20 prisutnih odbornika) a nakon izjave ministra prostornog planiranja, urbanizma i dr\u017eavne imovine Slavena Radunovi\u0107a, da bi trebalo razmisliti ili \u010dak i raspisati referendum o tome da li Kotor treba da ostane na UNESCO listi, \u0161to je izazvalo brojne reakcije stru\u010dne i politi\u010dke javnosti.\" \/>\n<meta property=\"og:url\" content=\"https:\/\/dmcsrb.com\/en\/politika\/kotorski-parlament-jednoglasno-usvojio-deklaraciju-o-ocuvanju-i-razvoju-kotora-pod-zastitom-unesco-a\/\" \/>\n<meta property=\"og:site_name\" content=\"dmcsrb.com\" \/>\n<meta property=\"article:published_time\" content=\"2025-07-31T15:34:00+00:00\" \/>\n<meta property=\"og:image\" content=\"https:\/\/dmcsrb.com\/wp-content\/uploads\/2026\/01\/Opstina-Kotor.webp\" \/>\n\t<meta property=\"og:image:width\" content=\"1000\" \/>\n\t<meta property=\"og:image:height\" content=\"664\" \/>\n\t<meta property=\"og:image:type\" content=\"image\/jpeg\" \/>\n<meta name=\"author\" content=\"dmcsrbija.com@gmail.com\" \/>\n<meta name=\"twitter:card\" content=\"summary_large_image\" \/>\n<meta name=\"twitter:label1\" content=\"Written by\" \/>\n\t<meta name=\"twitter:data1\" content=\"dmcsrbija.com@gmail.com\" \/>\n\t<meta name=\"twitter:label2\" content=\"Estimated reading time\" \/>\n\t<meta name=\"twitter:data2\" content=\"1 minute\" \/>\n<script type=\"application\/ld+json\" class=\"yoast-schema-graph\">{\"@context\":\"https:\\\/\\\/schema.org\",\"@graph\":[{\"@type\":\"Article\",\"@id\":\"https:\\\/\\\/dmcsrb.com\\\/politika\\\/kotorski-parlament-jednoglasno-usvojio-deklaraciju-o-ocuvanju-i-razvoju-kotora-pod-zastitom-unesco-a\\\/#article\",\"isPartOf\":{\"@id\":\"https:\\\/\\\/dmcsrb.com\\\/politika\\\/kotorski-parlament-jednoglasno-usvojio-deklaraciju-o-ocuvanju-i-razvoju-kotora-pod-zastitom-unesco-a\\\/\"},\"author\":{\"name\":\"dmcsrbija.com@gmail.com\",\"@id\":\"https:\\\/\\\/dmcsrb.com\\\/#\\\/schema\\\/person\\\/5c39170f12db1b8b457732d0b5c854e2\"},\"headline\":\"Kotorski parlament jednoglasno usvojio Deklaraciju o o\u010duvanju i razvoju Kotora pod za\u0161titom UNESCO-a\",\"datePublished\":\"2025-07-31T15:34:00+00:00\",\"mainEntityOfPage\":{\"@id\":\"https:\\\/\\\/dmcsrb.com\\\/politika\\\/kotorski-parlament-jednoglasno-usvojio-deklaraciju-o-ocuvanju-i-razvoju-kotora-pod-zastitom-unesco-a\\\/\"},\"wordCount\":278,\"commentCount\":0,\"image\":{\"@id\":\"https:\\\/\\\/dmcsrb.com\\\/politika\\\/kotorski-parlament-jednoglasno-usvojio-deklaraciju-o-ocuvanju-i-razvoju-kotora-pod-zastitom-unesco-a\\\/#primaryimage\"},\"thumbnailUrl\":\"https:\\\/\\\/dmcsrb.com\\\/wp-content\\\/uploads\\\/2026\\\/01\\\/Opstina-Kotor.webp\",\"keywords\":[\"SO Kotor\",\"Unesco\"],\"articleSection\":[\"Politika\"],\"inLanguage\":\"en-GB\",\"potentialAction\":[{\"@type\":\"CommentAction\",\"name\":\"Comment\",\"target\":[\"https:\\\/\\\/dmcsrb.com\\\/politika\\\/kotorski-parlament-jednoglasno-usvojio-deklaraciju-o-ocuvanju-i-razvoju-kotora-pod-zastitom-unesco-a\\\/#respond\"]}]},{\"@type\":\"WebPage\",\"@id\":\"https:\\\/\\\/dmcsrb.com\\\/politika\\\/kotorski-parlament-jednoglasno-usvojio-deklaraciju-o-ocuvanju-i-razvoju-kotora-pod-zastitom-unesco-a\\\/\",\"url\":\"https:\\\/\\\/dmcsrb.com\\\/politika\\\/kotorski-parlament-jednoglasno-usvojio-deklaraciju-o-ocuvanju-i-razvoju-kotora-pod-zastitom-unesco-a\\\/\",\"name\":\"Kotorski parlament jednoglasno usvojio Deklaraciju o o\u010duvanju i razvoju Kotora pod za\u0161titom UNESCO-a - dmcsrb.com\",\"isPartOf\":{\"@id\":\"https:\\\/\\\/dmcsrb.com\\\/#website\"},\"primaryImageOfPage\":{\"@id\":\"https:\\\/\\\/dmcsrb.com\\\/politika\\\/kotorski-parlament-jednoglasno-usvojio-deklaraciju-o-ocuvanju-i-razvoju-kotora-pod-zastitom-unesco-a\\\/#primaryimage\"},\"image\":{\"@id\":\"https:\\\/\\\/dmcsrb.com\\\/politika\\\/kotorski-parlament-jednoglasno-usvojio-deklaraciju-o-ocuvanju-i-razvoju-kotora-pod-zastitom-unesco-a\\\/#primaryimage\"},\"thumbnailUrl\":\"https:\\\/\\\/dmcsrb.com\\\/wp-content\\\/uploads\\\/2026\\\/01\\\/Opstina-Kotor.webp\",\"datePublished\":\"2025-07-31T15:34:00+00:00\",\"author\":{\"@id\":\"https:\\\/\\\/dmcsrb.com\\\/#\\\/schema\\\/person\\\/5c39170f12db1b8b457732d0b5c854e2\"},\"breadcrumb\":{\"@id\":\"https:\\\/\\\/dmcsrb.com\\\/politika\\\/kotorski-parlament-jednoglasno-usvojio-deklaraciju-o-ocuvanju-i-razvoju-kotora-pod-zastitom-unesco-a\\\/#breadcrumb\"},\"inLanguage\":\"en-GB\",\"potentialAction\":[{\"@type\":\"ReadAction\",\"target\":[\"https:\\\/\\\/dmcsrb.com\\\/politika\\\/kotorski-parlament-jednoglasno-usvojio-deklaraciju-o-ocuvanju-i-razvoju-kotora-pod-zastitom-unesco-a\\\/\"]}]},{\"@type\":\"ImageObject\",\"inLanguage\":\"en-GB\",\"@id\":\"https:\\\/\\\/dmcsrb.com\\\/politika\\\/kotorski-parlament-jednoglasno-usvojio-deklaraciju-o-ocuvanju-i-razvoju-kotora-pod-zastitom-unesco-a\\\/#primaryimage\",\"url\":\"https:\\\/\\\/dmcsrb.com\\\/wp-content\\\/uploads\\\/2026\\\/01\\\/Opstina-Kotor.webp\",\"contentUrl\":\"https:\\\/\\\/dmcsrb.com\\\/wp-content\\\/uploads\\\/2026\\\/01\\\/Opstina-Kotor.webp\",\"width\":1000,\"height\":664},{\"@type\":\"BreadcrumbList\",\"@id\":\"https:\\\/\\\/dmcsrb.com\\\/politika\\\/kotorski-parlament-jednoglasno-usvojio-deklaraciju-o-ocuvanju-i-razvoju-kotora-pod-zastitom-unesco-a\\\/#breadcrumb\",\"itemListElement\":[{\"@type\":\"ListItem\",\"position\":1,\"name\":\"Home\",\"item\":\"https:\\\/\\\/dmcsrb.com\\\/\"},{\"@type\":\"ListItem\",\"position\":2,\"name\":\"Kotorski parlament jednoglasno usvojio Deklaraciju o o\u010duvanju i razvoju Kotora pod za\u0161titom UNESCO-a\"}]},{\"@type\":\"WebSite\",\"@id\":\"https:\\\/\\\/dmcsrb.com\\\/#website\",\"url\":\"https:\\\/\\\/dmcsrb.com\\\/\",\"name\":\"dmcsrb.com\",\"description\":\"\",\"potentialAction\":[{\"@type\":\"SearchAction\",\"target\":{\"@type\":\"EntryPoint\",\"urlTemplate\":\"https:\\\/\\\/dmcsrb.com\\\/?s={search_term_string}\"},\"query-input\":{\"@type\":\"PropertyValueSpecification\",\"valueRequired\":true,\"valueName\":\"search_term_string\"}}],\"inLanguage\":\"en-GB\"},{\"@type\":\"Person\",\"@id\":\"https:\\\/\\\/dmcsrb.com\\\/#\\\/schema\\\/person\\\/5c39170f12db1b8b457732d0b5c854e2\",\"name\":\"dmcsrbija.com@gmail.com\",\"image\":{\"@type\":\"ImageObject\",\"inLanguage\":\"en-GB\",\"@id\":\"https:\\\/\\\/secure.gravatar.com\\\/avatar\\\/68592660ad6347fad0fb587f8d5d8f1a7b44961362f56e4f2cd524feb87e9069?s=96&d=mm&r=g\",\"url\":\"https:\\\/\\\/secure.gravatar.com\\\/avatar\\\/68592660ad6347fad0fb587f8d5d8f1a7b44961362f56e4f2cd524feb87e9069?s=96&d=mm&r=g\",\"contentUrl\":\"https:\\\/\\\/secure.gravatar.com\\\/avatar\\\/68592660ad6347fad0fb587f8d5d8f1a7b44961362f56e4f2cd524feb87e9069?s=96&d=mm&r=g\",\"caption\":\"dmcsrbija.com@gmail.com\"},\"sameAs\":[\"https:\\\/\\\/dmcsrb.com\"],\"url\":\"https:\\\/\\\/dmcsrb.com\\\/en\\\/author\\\/dmcsrbija-comgmail-com\\\/\"}]}<\/script>\n<!-- \/ Yoast SEO plugin. -->","yoast_head_json":{"title":"Kotorski parlament jednoglasno usvojio Deklaraciju o o\u010duvanju i razvoju Kotora pod za\u0161titom UNESCO-a - dmcsrb.com","robots":{"index":"index","follow":"follow","max-snippet":"max-snippet:-1","max-image-preview":"max-image-preview:large","max-video-preview":"max-video-preview:-1"},"canonical":"https:\/\/dmcsrb.com\/en\/politika\/kotorski-parlament-jednoglasno-usvojio-deklaraciju-o-ocuvanju-i-razvoju-kotora-pod-zastitom-unesco-a\/","og_locale":"en_GB","og_type":"article","og_title":"Kotorski parlament jednoglasno usvojio Deklaraciju o o\u010duvanju i razvoju Kotora pod za\u0161titom UNESCO-a - dmcsrb.com","og_description":"Deklaracija je usvojena jednoglasno (20 prisutnih odbornika) a nakon izjave ministra prostornog planiranja, urbanizma i dr\u017eavne imovine Slavena Radunovi\u0107a, da bi trebalo razmisliti ili \u010dak i raspisati referendum o tome da li Kotor treba da ostane na UNESCO listi, \u0161to je izazvalo brojne reakcije stru\u010dne i politi\u010dke javnosti.","og_url":"https:\/\/dmcsrb.com\/en\/politika\/kotorski-parlament-jednoglasno-usvojio-deklaraciju-o-ocuvanju-i-razvoju-kotora-pod-zastitom-unesco-a\/","og_site_name":"dmcsrb.com","article_published_time":"2025-07-31T15:34:00+00:00","og_image":[{"width":1000,"height":664,"url":"https:\/\/dmcsrb.com\/wp-content\/uploads\/2026\/01\/Opstina-Kotor.webp","type":"image\/jpeg"}],"author":"dmcsrbija.com@gmail.com","twitter_card":"summary_large_image","twitter_misc":{"Written by":"dmcsrbija.com@gmail.com","Estimated reading time":"1 minute"},"schema":{"@context":"https:\/\/schema.org","@graph":[{"@type":"Article","@id":"https:\/\/dmcsrb.com\/politika\/kotorski-parlament-jednoglasno-usvojio-deklaraciju-o-ocuvanju-i-razvoju-kotora-pod-zastitom-unesco-a\/#article","isPartOf":{"@id":"https:\/\/dmcsrb.com\/politika\/kotorski-parlament-jednoglasno-usvojio-deklaraciju-o-ocuvanju-i-razvoju-kotora-pod-zastitom-unesco-a\/"},"author":{"name":"dmcsrbija.com@gmail.com","@id":"https:\/\/dmcsrb.com\/#\/schema\/person\/5c39170f12db1b8b457732d0b5c854e2"},"headline":"Kotorski parlament jednoglasno usvojio Deklaraciju o o\u010duvanju i razvoju Kotora pod za\u0161titom UNESCO-a","datePublished":"2025-07-31T15:34:00+00:00","mainEntityOfPage":{"@id":"https:\/\/dmcsrb.com\/politika\/kotorski-parlament-jednoglasno-usvojio-deklaraciju-o-ocuvanju-i-razvoju-kotora-pod-zastitom-unesco-a\/"},"wordCount":278,"commentCount":0,"image":{"@id":"https:\/\/dmcsrb.com\/politika\/kotorski-parlament-jednoglasno-usvojio-deklaraciju-o-ocuvanju-i-razvoju-kotora-pod-zastitom-unesco-a\/#primaryimage"},"thumbnailUrl":"https:\/\/dmcsrb.com\/wp-content\/uploads\/2026\/01\/Opstina-Kotor.webp","keywords":["SO Kotor","Unesco"],"articleSection":["Politika"],"inLanguage":"en-GB","potentialAction":[{"@type":"CommentAction","name":"Comment","target":["https:\/\/dmcsrb.com\/politika\/kotorski-parlament-jednoglasno-usvojio-deklaraciju-o-ocuvanju-i-razvoju-kotora-pod-zastitom-unesco-a\/#respond"]}]},{"@type":"WebPage","@id":"https:\/\/dmcsrb.com\/politika\/kotorski-parlament-jednoglasno-usvojio-deklaraciju-o-ocuvanju-i-razvoju-kotora-pod-zastitom-unesco-a\/","url":"https:\/\/dmcsrb.com\/politika\/kotorski-parlament-jednoglasno-usvojio-deklaraciju-o-ocuvanju-i-razvoju-kotora-pod-zastitom-unesco-a\/","name":"Kotorski parlament jednoglasno usvojio Deklaraciju o o\u010duvanju i razvoju Kotora pod za\u0161titom UNESCO-a - dmcsrb.com","isPartOf":{"@id":"https:\/\/dmcsrb.com\/#website"},"primaryImageOfPage":{"@id":"https:\/\/dmcsrb.com\/politika\/kotorski-parlament-jednoglasno-usvojio-deklaraciju-o-ocuvanju-i-razvoju-kotora-pod-zastitom-unesco-a\/#primaryimage"},"image":{"@id":"https:\/\/dmcsrb.com\/politika\/kotorski-parlament-jednoglasno-usvojio-deklaraciju-o-ocuvanju-i-razvoju-kotora-pod-zastitom-unesco-a\/#primaryimage"},"thumbnailUrl":"https:\/\/dmcsrb.com\/wp-content\/uploads\/2026\/01\/Opstina-Kotor.webp","datePublished":"2025-07-31T15:34:00+00:00","author":{"@id":"https:\/\/dmcsrb.com\/#\/schema\/person\/5c39170f12db1b8b457732d0b5c854e2"},"breadcrumb":{"@id":"https:\/\/dmcsrb.com\/politika\/kotorski-parlament-jednoglasno-usvojio-deklaraciju-o-ocuvanju-i-razvoju-kotora-pod-zastitom-unesco-a\/#breadcrumb"},"inLanguage":"en-GB","potentialAction":[{"@type":"ReadAction","target":["https:\/\/dmcsrb.com\/politika\/kotorski-parlament-jednoglasno-usvojio-deklaraciju-o-ocuvanju-i-razvoju-kotora-pod-zastitom-unesco-a\/"]}]},{"@type":"ImageObject","inLanguage":"en-GB","@id":"https:\/\/dmcsrb.com\/politika\/kotorski-parlament-jednoglasno-usvojio-deklaraciju-o-ocuvanju-i-razvoju-kotora-pod-zastitom-unesco-a\/#primaryimage","url":"https:\/\/dmcsrb.com\/wp-content\/uploads\/2026\/01\/Opstina-Kotor.webp","contentUrl":"https:\/\/dmcsrb.com\/wp-content\/uploads\/2026\/01\/Opstina-Kotor.webp","width":1000,"height":664},{"@type":"BreadcrumbList","@id":"https:\/\/dmcsrb.com\/politika\/kotorski-parlament-jednoglasno-usvojio-deklaraciju-o-ocuvanju-i-razvoju-kotora-pod-zastitom-unesco-a\/#breadcrumb","itemListElement":[{"@type":"ListItem","position":1,"name":"Home","item":"https:\/\/dmcsrb.com\/"},{"@type":"ListItem","position":2,"name":"Kotorski parlament jednoglasno usvojio Deklaraciju o o\u010duvanju i razvoju Kotora pod za\u0161titom UNESCO-a"}]},{"@type":"WebSite","@id":"https:\/\/dmcsrb.com\/#website","url":"https:\/\/dmcsrb.com\/","name":"dmcsrb.com","description":"","potentialAction":[{"@type":"SearchAction","target":{"@type":"EntryPoint","urlTemplate":"https:\/\/dmcsrb.com\/?s={search_term_string}"},"query-input":{"@type":"PropertyValueSpecification","valueRequired":true,"valueName":"search_term_string"}}],"inLanguage":"en-GB"},{"@type":"Person","@id":"https:\/\/dmcsrb.com\/#\/schema\/person\/5c39170f12db1b8b457732d0b5c854e2","name":"dmcsrbija.com@gmail.com","image":{"@type":"ImageObject","inLanguage":"en-GB","@id":"https:\/\/secure.gravatar.com\/avatar\/68592660ad6347fad0fb587f8d5d8f1a7b44961362f56e4f2cd524feb87e9069?s=96&d=mm&r=g","url":"https:\/\/secure.gravatar.com\/avatar\/68592660ad6347fad0fb587f8d5d8f1a7b44961362f56e4f2cd524feb87e9069?s=96&d=mm&r=g","contentUrl":"https:\/\/secure.gravatar.com\/avatar\/68592660ad6347fad0fb587f8d5d8f1a7b44961362f56e4f2cd524feb87e9069?s=96&d=mm&r=g","caption":"dmcsrbija.com@gmail.com"},"sameAs":["https:\/\/dmcsrb.com"],"url":"https:\/\/dmcsrb.com\/en\/author\/dmcsrbija-comgmail-com\/"}]}},"_links":{"self":[{"href":"https:\/\/dmcsrb.com\/en\/wp-json\/wp\/v2\/posts\/943493","targetHints":{"allow":["GET"]}}],"collection":[{"href":"https:\/\/dmcsrb.com\/en\/wp-json\/wp\/v2\/posts"}],"about":[{"href":"https:\/\/dmcsrb.com\/en\/wp-json\/wp\/v2\/types\/post"}],"author":[{"embeddable":true,"href":"https:\/\/dmcsrb.com\/en\/wp-json\/wp\/v2\/users\/1"}],"replies":[{"embeddable":true,"href":"https:\/\/dmcsrb.com\/en\/wp-json\/wp\/v2\/comments?post=943493"}],"version-history":[{"count":0,"href":"https:\/\/dmcsrb.com\/en\/wp-json\/wp\/v2\/posts\/943493\/revisions"}],"wp:featuredmedia":[{"embeddable":true,"href":"https:\/\/dmcsrb.com\/en\/wp-json\/wp\/v2\/media\/943494"}],"wp:attachment":[{"href":"https:\/\/dmcsrb.com\/en\/wp-json\/wp\/v2\/media?parent=943493"}],"wp:term":[{"taxonomy":"category","embeddable":true,"href":"https:\/\/dmcsrb.com\/en\/wp-json\/wp\/v2\/categories?post=943493"},{"taxonomy":"post_tag","embeddable":true,"href":"https:\/\/dmcsrb.com\/en\/wp-json\/wp\/v2\/tags?post=943493"},{"taxonomy":"naslovna","embeddable":true,"href":"https:\/\/dmcsrb.com\/en\/wp-json\/wp\/v2\/naslovna?post=943493"}],"curies":[{"name":"wp","href":"https:\/\/api.w.org\/{rel}","templated":true}]}}