{"id":943373,"date":"2025-07-31T09:59:00","date_gmt":"2025-07-31T07:59:00","guid":{"rendered":"https:\/\/dmcsrb.com\/uncategorized\/austrija-testira-formu-crnogorskih-odbojkasa\/"},"modified":"2025-07-31T09:59:00","modified_gmt":"2025-07-31T07:59:00","slug":"austrija-testira-formu-crnogorskih-odbojkasa","status":"publish","type":"post","link":"https:\/\/dmcsrb.com\/en\/sport\/austrija-testira-formu-crnogorskih-odbojkasa\/","title":{"rendered":"Austrija testira formu crnogorskih odbojka\u0161a"},"content":{"rendered":"<p>Prva utakmica, otvorena za publiku, bi\u0107e odigrana u petak, sa po\u010detkom u 19 \u010dasova. Austrija je dobro poznat rival \u2013 Crna Gora je sa ovom selekcijom igrala i pripremne duele uo\u010di CEV Zlatne evropske lige, u maju.<\/p>\n\n\n\n<p>\u201cPripreme proti\u010du u najboljem redu, atmosfera u ekipi je fenomenalna i uliva vjeru za ono \u0161to nas o\u010dekuje, tako da sam optimisti\u010dan, ako sagledamo \u0161iru sliku. Svi igra\u010di su zdravi, bez povreda, i to je najbitnije u ovom trenutku. Odnos igra\u010da sa novim selektorom postaje sve bolji i obe\u0107ava izuzetnu saradnju u daljim reprezentativnim akcijama. Slijede nam dvije prijateljske utakmice sa reprezentacijom Austrije, koju dobro poznajemo i protiv koje \u0107emo na pravi na\u010din testirati formu pred predstoje\u0107e kvalifikacije\u201d, kazao je kapiten reprezentacije,\u00a0\u0110or\u0111e Jovovi\u0107.<\/p>\n\n\n\n<p>Trening me\u010d zatvorenog tipa bi\u0107e odigran u subotu, 2. avgusta \u2013 deset dana pred putovanje u \u010ce\u0161ku. Crna Gora \u0107e 13. avgusta u Taboru gostovati viceprvaku CEV Zlatne lige, a \u010detiri dana kasnije zaklju\u010di\u0107e kvalifikacije duelom sa Norve\u0161kom u Kola\u0161inu.<\/p>\n\n\n\n<p>Podsjetimo, \u201ecrveni\u201c su pro\u0161log ljeta pora\u017eeni u oba me\u010da kvalifikacione grupe C \u2013 Norve\u0161ka je slavila na svom terenu 3:0, dok je \u010ce\u0161ka pobijedila u Kola\u0161inu 3:1.<\/p>\n\n\n\n<p><a href=\"https:\/\/eurovolley.cev.eu\/en\/2026\/\" target=\"_blank\" rel=\"noreferrer noopener\"><\/a><\/p>","protected":false},"excerpt":{"rendered":"<p>Mu\u0161ka odbojka\u0161ka reprezentacija Crne Gore odigra\u0107e dvije prijateljske utakmice sa selekcijom Austrije, u sklopu priprema za zavr\u0161nicu kvalifikacija za Evropsko prvenstvo 2026. godine. Me\u010devi \u0107e se odigrati u Sportskoj dvorani \u201eKola\u0161in\u201c, a predvi\u0111ena je jedna utakmica zatvorenog, i jedna otvorenog tipa.<\/p>","protected":false},"author":1,"featured_media":943374,"comment_status":"open","ping_status":"open","sticky":false,"template":"","format":"standard","meta":{"_acf_changed":false,"footnotes":""},"categories":[148],"tags":[3834,16342,2151,528,5383],"naslovna":[],"class_list":["post-943373","post","type-post","status-publish","format-standard","has-post-thumbnail","hentry","category-sport","tag-kvalifikacije-za-ep-2026","tag-muska-odbojkaska-reprezentacija-austrije","tag-muska-odbojkaska-reprezentacija-crne-gore","tag-odbojka","tag-pripreme"],"acf":[],"yoast_head":"<!-- This site is optimized with the Yoast SEO plugin v27.4 - https:\/\/yoast.com\/product\/yoast-seo-wordpress\/ -->\n<title>Austrija testira formu crnogorskih odbojka\u0161a - dmcsrb.com<\/title>\n<meta name=\"robots\" content=\"index, follow, max-snippet:-1, max-image-preview:large, max-video-preview:-1\" \/>\n<link rel=\"canonical\" href=\"https:\/\/dmcsrb.com\/en\/sport\/austrija-testira-formu-crnogorskih-odbojkasa\/\" \/>\n<meta property=\"og:locale\" content=\"en_GB\" \/>\n<meta property=\"og:type\" content=\"article\" \/>\n<meta property=\"og:title\" content=\"Austrija testira formu crnogorskih odbojka\u0161a - dmcsrb.com\" \/>\n<meta property=\"og:description\" content=\"Mu\u0161ka odbojka\u0161ka reprezentacija Crne Gore odigra\u0107e dvije prijateljske utakmice sa selekcijom Austrije, u sklopu priprema za zavr\u0161nicu kvalifikacija za Evropsko prvenstvo 2026. godine. Me\u010devi \u0107e se odigrati u Sportskoj dvorani \u201eKola\u0161in\u201c, a predvi\u0111ena je jedna utakmica zatvorenog, i jedna otvorenog tipa.\" \/>\n<meta property=\"og:url\" content=\"https:\/\/dmcsrb.com\/en\/sport\/austrija-testira-formu-crnogorskih-odbojkasa\/\" \/>\n<meta property=\"og:site_name\" content=\"dmcsrb.com\" \/>\n<meta property=\"article:published_time\" content=\"2025-07-31T07:59:00+00:00\" \/>\n<meta property=\"og:image\" content=\"https:\/\/dmcsrb.com\/wp-content\/uploads\/2026\/01\/Odbojkasi-pripreme-OSCG.webp\" \/>\n\t<meta property=\"og:image:width\" content=\"2000\" \/>\n\t<meta property=\"og:image:height\" content=\"1333\" \/>\n\t<meta property=\"og:image:type\" content=\"image\/jpeg\" \/>\n<meta name=\"author\" content=\"dmcsrbija.com@gmail.com\" \/>\n<meta name=\"twitter:card\" content=\"summary_large_image\" \/>\n<meta name=\"twitter:label1\" content=\"Written by\" \/>\n\t<meta name=\"twitter:data1\" content=\"dmcsrbija.com@gmail.com\" \/>\n\t<meta name=\"twitter:label2\" content=\"Estimated reading time\" \/>\n\t<meta name=\"twitter:data2\" content=\"1 minute\" \/>\n<script type=\"application\/ld+json\" class=\"yoast-schema-graph\">{\"@context\":\"https:\\\/\\\/schema.org\",\"@graph\":[{\"@type\":\"Article\",\"@id\":\"https:\\\/\\\/dmcsrb.com\\\/sport\\\/austrija-testira-formu-crnogorskih-odbojkasa\\\/#article\",\"isPartOf\":{\"@id\":\"https:\\\/\\\/dmcsrb.com\\\/sport\\\/austrija-testira-formu-crnogorskih-odbojkasa\\\/\"},\"author\":{\"name\":\"dmcsrbija.com@gmail.com\",\"@id\":\"https:\\\/\\\/dmcsrb.com\\\/#\\\/schema\\\/person\\\/5c39170f12db1b8b457732d0b5c854e2\"},\"headline\":\"Austrija testira formu crnogorskih odbojka\u0161a\",\"datePublished\":\"2025-07-31T07:59:00+00:00\",\"mainEntityOfPage\":{\"@id\":\"https:\\\/\\\/dmcsrb.com\\\/sport\\\/austrija-testira-formu-crnogorskih-odbojkasa\\\/\"},\"wordCount\":210,\"commentCount\":0,\"image\":{\"@id\":\"https:\\\/\\\/dmcsrb.com\\\/sport\\\/austrija-testira-formu-crnogorskih-odbojkasa\\\/#primaryimage\"},\"thumbnailUrl\":\"https:\\\/\\\/dmcsrb.com\\\/wp-content\\\/uploads\\\/2026\\\/01\\\/Odbojkasi-pripreme-OSCG.webp\",\"keywords\":[\"kvalifikacije za EP 2026\",\"Mu\u0161ka odbojka\u0161ka reprezentacija Austrije\",\"Mu\u0161ka odbojka\u0161ka reprezentacija Crne Gore\",\"odbojka\",\"pripreme\"],\"articleSection\":[\"Sport\"],\"inLanguage\":\"en-GB\",\"potentialAction\":[{\"@type\":\"CommentAction\",\"name\":\"Comment\",\"target\":[\"https:\\\/\\\/dmcsrb.com\\\/sport\\\/austrija-testira-formu-crnogorskih-odbojkasa\\\/#respond\"]}]},{\"@type\":\"WebPage\",\"@id\":\"https:\\\/\\\/dmcsrb.com\\\/sport\\\/austrija-testira-formu-crnogorskih-odbojkasa\\\/\",\"url\":\"https:\\\/\\\/dmcsrb.com\\\/sport\\\/austrija-testira-formu-crnogorskih-odbojkasa\\\/\",\"name\":\"Austrija testira formu crnogorskih odbojka\u0161a - dmcsrb.com\",\"isPartOf\":{\"@id\":\"https:\\\/\\\/dmcsrb.com\\\/#website\"},\"primaryImageOfPage\":{\"@id\":\"https:\\\/\\\/dmcsrb.com\\\/sport\\\/austrija-testira-formu-crnogorskih-odbojkasa\\\/#primaryimage\"},\"image\":{\"@id\":\"https:\\\/\\\/dmcsrb.com\\\/sport\\\/austrija-testira-formu-crnogorskih-odbojkasa\\\/#primaryimage\"},\"thumbnailUrl\":\"https:\\\/\\\/dmcsrb.com\\\/wp-content\\\/uploads\\\/2026\\\/01\\\/Odbojkasi-pripreme-OSCG.webp\",\"datePublished\":\"2025-07-31T07:59:00+00:00\",\"author\":{\"@id\":\"https:\\\/\\\/dmcsrb.com\\\/#\\\/schema\\\/person\\\/5c39170f12db1b8b457732d0b5c854e2\"},\"breadcrumb\":{\"@id\":\"https:\\\/\\\/dmcsrb.com\\\/sport\\\/austrija-testira-formu-crnogorskih-odbojkasa\\\/#breadcrumb\"},\"inLanguage\":\"en-GB\",\"potentialAction\":[{\"@type\":\"ReadAction\",\"target\":[\"https:\\\/\\\/dmcsrb.com\\\/sport\\\/austrija-testira-formu-crnogorskih-odbojkasa\\\/\"]}]},{\"@type\":\"ImageObject\",\"inLanguage\":\"en-GB\",\"@id\":\"https:\\\/\\\/dmcsrb.com\\\/sport\\\/austrija-testira-formu-crnogorskih-odbojkasa\\\/#primaryimage\",\"url\":\"https:\\\/\\\/dmcsrb.com\\\/wp-content\\\/uploads\\\/2026\\\/01\\\/Odbojkasi-pripreme-OSCG.webp\",\"contentUrl\":\"https:\\\/\\\/dmcsrb.com\\\/wp-content\\\/uploads\\\/2026\\\/01\\\/Odbojkasi-pripreme-OSCG.webp\",\"width\":2000,\"height\":1333},{\"@type\":\"BreadcrumbList\",\"@id\":\"https:\\\/\\\/dmcsrb.com\\\/sport\\\/austrija-testira-formu-crnogorskih-odbojkasa\\\/#breadcrumb\",\"itemListElement\":[{\"@type\":\"ListItem\",\"position\":1,\"name\":\"Home\",\"item\":\"https:\\\/\\\/dmcsrb.com\\\/\"},{\"@type\":\"ListItem\",\"position\":2,\"name\":\"Austrija testira formu crnogorskih odbojka\u0161a\"}]},{\"@type\":\"WebSite\",\"@id\":\"https:\\\/\\\/dmcsrb.com\\\/#website\",\"url\":\"https:\\\/\\\/dmcsrb.com\\\/\",\"name\":\"dmcsrb.com\",\"description\":\"\",\"potentialAction\":[{\"@type\":\"SearchAction\",\"target\":{\"@type\":\"EntryPoint\",\"urlTemplate\":\"https:\\\/\\\/dmcsrb.com\\\/?s={search_term_string}\"},\"query-input\":{\"@type\":\"PropertyValueSpecification\",\"valueRequired\":true,\"valueName\":\"search_term_string\"}}],\"inLanguage\":\"en-GB\"},{\"@type\":\"Person\",\"@id\":\"https:\\\/\\\/dmcsrb.com\\\/#\\\/schema\\\/person\\\/5c39170f12db1b8b457732d0b5c854e2\",\"name\":\"dmcsrbija.com@gmail.com\",\"image\":{\"@type\":\"ImageObject\",\"inLanguage\":\"en-GB\",\"@id\":\"https:\\\/\\\/secure.gravatar.com\\\/avatar\\\/68592660ad6347fad0fb587f8d5d8f1a7b44961362f56e4f2cd524feb87e9069?s=96&d=mm&r=g\",\"url\":\"https:\\\/\\\/secure.gravatar.com\\\/avatar\\\/68592660ad6347fad0fb587f8d5d8f1a7b44961362f56e4f2cd524feb87e9069?s=96&d=mm&r=g\",\"contentUrl\":\"https:\\\/\\\/secure.gravatar.com\\\/avatar\\\/68592660ad6347fad0fb587f8d5d8f1a7b44961362f56e4f2cd524feb87e9069?s=96&d=mm&r=g\",\"caption\":\"dmcsrbija.com@gmail.com\"},\"sameAs\":[\"https:\\\/\\\/dmcsrb.com\"],\"url\":\"https:\\\/\\\/dmcsrb.com\\\/en\\\/author\\\/dmcsrbija-comgmail-com\\\/\"}]}<\/script>\n<!-- \/ Yoast SEO plugin. -->","yoast_head_json":{"title":"Austrija testira formu crnogorskih odbojka\u0161a - dmcsrb.com","robots":{"index":"index","follow":"follow","max-snippet":"max-snippet:-1","max-image-preview":"max-image-preview:large","max-video-preview":"max-video-preview:-1"},"canonical":"https:\/\/dmcsrb.com\/en\/sport\/austrija-testira-formu-crnogorskih-odbojkasa\/","og_locale":"en_GB","og_type":"article","og_title":"Austrija testira formu crnogorskih odbojka\u0161a - dmcsrb.com","og_description":"Mu\u0161ka odbojka\u0161ka reprezentacija Crne Gore odigra\u0107e dvije prijateljske utakmice sa selekcijom Austrije, u sklopu priprema za zavr\u0161nicu kvalifikacija za Evropsko prvenstvo 2026. godine. Me\u010devi \u0107e se odigrati u Sportskoj dvorani \u201eKola\u0161in\u201c, a predvi\u0111ena je jedna utakmica zatvorenog, i jedna otvorenog tipa.","og_url":"https:\/\/dmcsrb.com\/en\/sport\/austrija-testira-formu-crnogorskih-odbojkasa\/","og_site_name":"dmcsrb.com","article_published_time":"2025-07-31T07:59:00+00:00","og_image":[{"width":2000,"height":1333,"url":"https:\/\/dmcsrb.com\/wp-content\/uploads\/2026\/01\/Odbojkasi-pripreme-OSCG.webp","type":"image\/jpeg"}],"author":"dmcsrbija.com@gmail.com","twitter_card":"summary_large_image","twitter_misc":{"Written by":"dmcsrbija.com@gmail.com","Estimated reading time":"1 minute"},"schema":{"@context":"https:\/\/schema.org","@graph":[{"@type":"Article","@id":"https:\/\/dmcsrb.com\/sport\/austrija-testira-formu-crnogorskih-odbojkasa\/#article","isPartOf":{"@id":"https:\/\/dmcsrb.com\/sport\/austrija-testira-formu-crnogorskih-odbojkasa\/"},"author":{"name":"dmcsrbija.com@gmail.com","@id":"https:\/\/dmcsrb.com\/#\/schema\/person\/5c39170f12db1b8b457732d0b5c854e2"},"headline":"Austrija testira formu crnogorskih odbojka\u0161a","datePublished":"2025-07-31T07:59:00+00:00","mainEntityOfPage":{"@id":"https:\/\/dmcsrb.com\/sport\/austrija-testira-formu-crnogorskih-odbojkasa\/"},"wordCount":210,"commentCount":0,"image":{"@id":"https:\/\/dmcsrb.com\/sport\/austrija-testira-formu-crnogorskih-odbojkasa\/#primaryimage"},"thumbnailUrl":"https:\/\/dmcsrb.com\/wp-content\/uploads\/2026\/01\/Odbojkasi-pripreme-OSCG.webp","keywords":["kvalifikacije za EP 2026","Mu\u0161ka odbojka\u0161ka reprezentacija Austrije","Mu\u0161ka odbojka\u0161ka reprezentacija Crne Gore","odbojka","pripreme"],"articleSection":["Sport"],"inLanguage":"en-GB","potentialAction":[{"@type":"CommentAction","name":"Comment","target":["https:\/\/dmcsrb.com\/sport\/austrija-testira-formu-crnogorskih-odbojkasa\/#respond"]}]},{"@type":"WebPage","@id":"https:\/\/dmcsrb.com\/sport\/austrija-testira-formu-crnogorskih-odbojkasa\/","url":"https:\/\/dmcsrb.com\/sport\/austrija-testira-formu-crnogorskih-odbojkasa\/","name":"Austrija testira formu crnogorskih odbojka\u0161a - dmcsrb.com","isPartOf":{"@id":"https:\/\/dmcsrb.com\/#website"},"primaryImageOfPage":{"@id":"https:\/\/dmcsrb.com\/sport\/austrija-testira-formu-crnogorskih-odbojkasa\/#primaryimage"},"image":{"@id":"https:\/\/dmcsrb.com\/sport\/austrija-testira-formu-crnogorskih-odbojkasa\/#primaryimage"},"thumbnailUrl":"https:\/\/dmcsrb.com\/wp-content\/uploads\/2026\/01\/Odbojkasi-pripreme-OSCG.webp","datePublished":"2025-07-31T07:59:00+00:00","author":{"@id":"https:\/\/dmcsrb.com\/#\/schema\/person\/5c39170f12db1b8b457732d0b5c854e2"},"breadcrumb":{"@id":"https:\/\/dmcsrb.com\/sport\/austrija-testira-formu-crnogorskih-odbojkasa\/#breadcrumb"},"inLanguage":"en-GB","potentialAction":[{"@type":"ReadAction","target":["https:\/\/dmcsrb.com\/sport\/austrija-testira-formu-crnogorskih-odbojkasa\/"]}]},{"@type":"ImageObject","inLanguage":"en-GB","@id":"https:\/\/dmcsrb.com\/sport\/austrija-testira-formu-crnogorskih-odbojkasa\/#primaryimage","url":"https:\/\/dmcsrb.com\/wp-content\/uploads\/2026\/01\/Odbojkasi-pripreme-OSCG.webp","contentUrl":"https:\/\/dmcsrb.com\/wp-content\/uploads\/2026\/01\/Odbojkasi-pripreme-OSCG.webp","width":2000,"height":1333},{"@type":"BreadcrumbList","@id":"https:\/\/dmcsrb.com\/sport\/austrija-testira-formu-crnogorskih-odbojkasa\/#breadcrumb","itemListElement":[{"@type":"ListItem","position":1,"name":"Home","item":"https:\/\/dmcsrb.com\/"},{"@type":"ListItem","position":2,"name":"Austrija testira formu crnogorskih odbojka\u0161a"}]},{"@type":"WebSite","@id":"https:\/\/dmcsrb.com\/#website","url":"https:\/\/dmcsrb.com\/","name":"dmcsrb.com","description":"","potentialAction":[{"@type":"SearchAction","target":{"@type":"EntryPoint","urlTemplate":"https:\/\/dmcsrb.com\/?s={search_term_string}"},"query-input":{"@type":"PropertyValueSpecification","valueRequired":true,"valueName":"search_term_string"}}],"inLanguage":"en-GB"},{"@type":"Person","@id":"https:\/\/dmcsrb.com\/#\/schema\/person\/5c39170f12db1b8b457732d0b5c854e2","name":"dmcsrbija.com@gmail.com","image":{"@type":"ImageObject","inLanguage":"en-GB","@id":"https:\/\/secure.gravatar.com\/avatar\/68592660ad6347fad0fb587f8d5d8f1a7b44961362f56e4f2cd524feb87e9069?s=96&d=mm&r=g","url":"https:\/\/secure.gravatar.com\/avatar\/68592660ad6347fad0fb587f8d5d8f1a7b44961362f56e4f2cd524feb87e9069?s=96&d=mm&r=g","contentUrl":"https:\/\/secure.gravatar.com\/avatar\/68592660ad6347fad0fb587f8d5d8f1a7b44961362f56e4f2cd524feb87e9069?s=96&d=mm&r=g","caption":"dmcsrbija.com@gmail.com"},"sameAs":["https:\/\/dmcsrb.com"],"url":"https:\/\/dmcsrb.com\/en\/author\/dmcsrbija-comgmail-com\/"}]}},"_links":{"self":[{"href":"https:\/\/dmcsrb.com\/en\/wp-json\/wp\/v2\/posts\/943373","targetHints":{"allow":["GET"]}}],"collection":[{"href":"https:\/\/dmcsrb.com\/en\/wp-json\/wp\/v2\/posts"}],"about":[{"href":"https:\/\/dmcsrb.com\/en\/wp-json\/wp\/v2\/types\/post"}],"author":[{"embeddable":true,"href":"https:\/\/dmcsrb.com\/en\/wp-json\/wp\/v2\/users\/1"}],"replies":[{"embeddable":true,"href":"https:\/\/dmcsrb.com\/en\/wp-json\/wp\/v2\/comments?post=943373"}],"version-history":[{"count":0,"href":"https:\/\/dmcsrb.com\/en\/wp-json\/wp\/v2\/posts\/943373\/revisions"}],"wp:featuredmedia":[{"embeddable":true,"href":"https:\/\/dmcsrb.com\/en\/wp-json\/wp\/v2\/media\/943374"}],"wp:attachment":[{"href":"https:\/\/dmcsrb.com\/en\/wp-json\/wp\/v2\/media?parent=943373"}],"wp:term":[{"taxonomy":"category","embeddable":true,"href":"https:\/\/dmcsrb.com\/en\/wp-json\/wp\/v2\/categories?post=943373"},{"taxonomy":"post_tag","embeddable":true,"href":"https:\/\/dmcsrb.com\/en\/wp-json\/wp\/v2\/tags?post=943373"},{"taxonomy":"naslovna","embeddable":true,"href":"https:\/\/dmcsrb.com\/en\/wp-json\/wp\/v2\/naslovna?post=943373"}],"curies":[{"name":"wp","href":"https:\/\/api.w.org\/{rel}","templated":true}]}}