{"id":943361,"date":"2025-07-31T09:23:00","date_gmt":"2025-07-31T07:23:00","guid":{"rendered":"https:\/\/dmcsrb.com\/uncategorized\/premijer-karni-kanada-ce-priznati-palestinu-u-septembru\/"},"modified":"2025-07-31T09:23:00","modified_gmt":"2025-07-31T07:23:00","slug":"premijer-karni-kanada-ce-priznati-palestinu-u-septembru","status":"publish","type":"post","link":"https:\/\/dmcsrb.com\/en\/drustvo\/premijer-karni-kanada-ce-priznati-palestinu-u-septembru\/","title":{"rendered":"Premijer Karni: Kanada \u0107e priznati Palestinu u septembru"},"content":{"rendered":"<p><\/p>\n\n\n\n<p>Ovaj potez slijedi nakon sli\u010dnih najava Francuske, koja je saop\u0161tila da \u0107e priznati palestinsku dr\u017eavu u septembru, i Velike Britanije, koja je saop\u0161tila da \u0107e to u\u010diniti ako Izrael ne ispuni uslove koji uklju\u010duju pristanak na prekid vatre u Gazi.<\/p>\n\n\n\n<p>\u201eKanada namjerava da prizna dr\u017eavu Palestinu na 80. Generalnoj skup\u0161tini Ujedinjenih nacija\u201c, rekao je Karni.<\/p>\n\n\n\n<p>\u201eNamjeravamo to da u\u010dinimo jer se Palestinska uprava obavezala da \u0107e voditi veoma potrebne reforme\u201c, dodao je on.<\/p>\n\n\n\n<p>Karni je dodao da ga je predsjednik Palestinske uprave Mahmud Abas uvjerio da \u0107e njegova administracija odr\u017eati dugo odlagane izbore 2026. godine u kojima Hamas \u201ene\u0107e igrati nikakvu ulogu\u201c.<\/p>","protected":false},"excerpt":{"rendered":"<p>Kanada \u0107e priznati Palestinu u septembru, rekao je novinarima u srijedu kanadski premijer Mark Karni.<\/p>","protected":false},"author":1,"featured_media":943047,"comment_status":"open","ping_status":"open","sticky":false,"template":"","format":"standard","meta":{"_acf_changed":false,"footnotes":""},"categories":[2,144],"tags":[1562,16338],"naslovna":[],"class_list":["post-943361","post","type-post","status-publish","format-standard","has-post-thumbnail","hentry","category-drustvo","category-svijet","tag-kanada","tag-karni"],"acf":[],"yoast_head":"<!-- This site is optimized with the Yoast SEO plugin v27.4 - https:\/\/yoast.com\/product\/yoast-seo-wordpress\/ -->\n<title>Premijer Karni: Kanada \u0107e priznati Palestinu u septembru - dmcsrb.com<\/title>\n<meta name=\"robots\" content=\"index, follow, max-snippet:-1, max-image-preview:large, max-video-preview:-1\" \/>\n<link rel=\"canonical\" href=\"https:\/\/dmcsrb.com\/en\/drustvo\/premijer-karni-kanada-ce-priznati-palestinu-u-septembru\/\" \/>\n<meta property=\"og:locale\" content=\"en_GB\" \/>\n<meta property=\"og:type\" content=\"article\" \/>\n<meta property=\"og:title\" content=\"Premijer Karni: Kanada \u0107e priznati Palestinu u septembru - dmcsrb.com\" \/>\n<meta property=\"og:description\" content=\"Kanada \u0107e priznati Palestinu u septembru, rekao je novinarima u srijedu kanadski premijer Mark Karni.\" \/>\n<meta property=\"og:url\" content=\"https:\/\/dmcsrb.com\/en\/drustvo\/premijer-karni-kanada-ce-priznati-palestinu-u-septembru\/\" \/>\n<meta property=\"og:site_name\" content=\"dmcsrb.com\" \/>\n<meta property=\"article:published_time\" content=\"2025-07-31T07:23:00+00:00\" \/>\n<meta property=\"og:image\" content=\"https:\/\/dmcsrb.com\/wp-content\/uploads\/2026\/01\/canadian-flag-1229484_640.webp\" \/>\n\t<meta property=\"og:image:width\" content=\"640\" \/>\n\t<meta property=\"og:image:height\" content=\"424\" \/>\n\t<meta property=\"og:image:type\" content=\"image\/jpeg\" \/>\n<meta name=\"author\" content=\"dmcsrbija.com@gmail.com\" \/>\n<meta name=\"twitter:card\" content=\"summary_large_image\" \/>\n<meta name=\"twitter:label1\" content=\"Written by\" \/>\n\t<meta name=\"twitter:data1\" content=\"dmcsrbija.com@gmail.com\" \/>\n\t<meta name=\"twitter:label2\" content=\"Estimated reading time\" \/>\n\t<meta name=\"twitter:data2\" content=\"1 minute\" \/>\n<script type=\"application\/ld+json\" class=\"yoast-schema-graph\">{\"@context\":\"https:\\\/\\\/schema.org\",\"@graph\":[{\"@type\":\"Article\",\"@id\":\"https:\\\/\\\/dmcsrb.com\\\/drustvo\\\/premijer-karni-kanada-ce-priznati-palestinu-u-septembru\\\/#article\",\"isPartOf\":{\"@id\":\"https:\\\/\\\/dmcsrb.com\\\/drustvo\\\/premijer-karni-kanada-ce-priznati-palestinu-u-septembru\\\/\"},\"author\":{\"name\":\"dmcsrbija.com@gmail.com\",\"@id\":\"https:\\\/\\\/dmcsrb.com\\\/#\\\/schema\\\/person\\\/5c39170f12db1b8b457732d0b5c854e2\"},\"headline\":\"Premijer Karni: Kanada \u0107e priznati Palestinu u septembru\",\"datePublished\":\"2025-07-31T07:23:00+00:00\",\"mainEntityOfPage\":{\"@id\":\"https:\\\/\\\/dmcsrb.com\\\/drustvo\\\/premijer-karni-kanada-ce-priznati-palestinu-u-septembru\\\/\"},\"wordCount\":119,\"commentCount\":0,\"image\":{\"@id\":\"https:\\\/\\\/dmcsrb.com\\\/drustvo\\\/premijer-karni-kanada-ce-priznati-palestinu-u-septembru\\\/#primaryimage\"},\"thumbnailUrl\":\"https:\\\/\\\/dmcsrb.com\\\/wp-content\\\/uploads\\\/2026\\\/01\\\/canadian-flag-1229484_640.webp\",\"keywords\":[\"Kanada\",\"karni\"],\"articleSection\":[\"Dru\u0161tvo\",\"Svijet\"],\"inLanguage\":\"en-GB\",\"potentialAction\":[{\"@type\":\"CommentAction\",\"name\":\"Comment\",\"target\":[\"https:\\\/\\\/dmcsrb.com\\\/drustvo\\\/premijer-karni-kanada-ce-priznati-palestinu-u-septembru\\\/#respond\"]}]},{\"@type\":\"WebPage\",\"@id\":\"https:\\\/\\\/dmcsrb.com\\\/drustvo\\\/premijer-karni-kanada-ce-priznati-palestinu-u-septembru\\\/\",\"url\":\"https:\\\/\\\/dmcsrb.com\\\/drustvo\\\/premijer-karni-kanada-ce-priznati-palestinu-u-septembru\\\/\",\"name\":\"Premijer Karni: Kanada \u0107e priznati Palestinu u septembru - dmcsrb.com\",\"isPartOf\":{\"@id\":\"https:\\\/\\\/dmcsrb.com\\\/#website\"},\"primaryImageOfPage\":{\"@id\":\"https:\\\/\\\/dmcsrb.com\\\/drustvo\\\/premijer-karni-kanada-ce-priznati-palestinu-u-septembru\\\/#primaryimage\"},\"image\":{\"@id\":\"https:\\\/\\\/dmcsrb.com\\\/drustvo\\\/premijer-karni-kanada-ce-priznati-palestinu-u-septembru\\\/#primaryimage\"},\"thumbnailUrl\":\"https:\\\/\\\/dmcsrb.com\\\/wp-content\\\/uploads\\\/2026\\\/01\\\/canadian-flag-1229484_640.webp\",\"datePublished\":\"2025-07-31T07:23:00+00:00\",\"author\":{\"@id\":\"https:\\\/\\\/dmcsrb.com\\\/#\\\/schema\\\/person\\\/5c39170f12db1b8b457732d0b5c854e2\"},\"breadcrumb\":{\"@id\":\"https:\\\/\\\/dmcsrb.com\\\/drustvo\\\/premijer-karni-kanada-ce-priznati-palestinu-u-septembru\\\/#breadcrumb\"},\"inLanguage\":\"en-GB\",\"potentialAction\":[{\"@type\":\"ReadAction\",\"target\":[\"https:\\\/\\\/dmcsrb.com\\\/drustvo\\\/premijer-karni-kanada-ce-priznati-palestinu-u-septembru\\\/\"]}]},{\"@type\":\"ImageObject\",\"inLanguage\":\"en-GB\",\"@id\":\"https:\\\/\\\/dmcsrb.com\\\/drustvo\\\/premijer-karni-kanada-ce-priznati-palestinu-u-septembru\\\/#primaryimage\",\"url\":\"https:\\\/\\\/dmcsrb.com\\\/wp-content\\\/uploads\\\/2026\\\/01\\\/canadian-flag-1229484_640.webp\",\"contentUrl\":\"https:\\\/\\\/dmcsrb.com\\\/wp-content\\\/uploads\\\/2026\\\/01\\\/canadian-flag-1229484_640.webp\",\"width\":640,\"height\":424},{\"@type\":\"BreadcrumbList\",\"@id\":\"https:\\\/\\\/dmcsrb.com\\\/drustvo\\\/premijer-karni-kanada-ce-priznati-palestinu-u-septembru\\\/#breadcrumb\",\"itemListElement\":[{\"@type\":\"ListItem\",\"position\":1,\"name\":\"Home\",\"item\":\"https:\\\/\\\/dmcsrb.com\\\/\"},{\"@type\":\"ListItem\",\"position\":2,\"name\":\"Premijer Karni: Kanada \u0107e priznati Palestinu u septembru\"}]},{\"@type\":\"WebSite\",\"@id\":\"https:\\\/\\\/dmcsrb.com\\\/#website\",\"url\":\"https:\\\/\\\/dmcsrb.com\\\/\",\"name\":\"dmcsrb.com\",\"description\":\"\",\"potentialAction\":[{\"@type\":\"SearchAction\",\"target\":{\"@type\":\"EntryPoint\",\"urlTemplate\":\"https:\\\/\\\/dmcsrb.com\\\/?s={search_term_string}\"},\"query-input\":{\"@type\":\"PropertyValueSpecification\",\"valueRequired\":true,\"valueName\":\"search_term_string\"}}],\"inLanguage\":\"en-GB\"},{\"@type\":\"Person\",\"@id\":\"https:\\\/\\\/dmcsrb.com\\\/#\\\/schema\\\/person\\\/5c39170f12db1b8b457732d0b5c854e2\",\"name\":\"dmcsrbija.com@gmail.com\",\"image\":{\"@type\":\"ImageObject\",\"inLanguage\":\"en-GB\",\"@id\":\"https:\\\/\\\/secure.gravatar.com\\\/avatar\\\/68592660ad6347fad0fb587f8d5d8f1a7b44961362f56e4f2cd524feb87e9069?s=96&d=mm&r=g\",\"url\":\"https:\\\/\\\/secure.gravatar.com\\\/avatar\\\/68592660ad6347fad0fb587f8d5d8f1a7b44961362f56e4f2cd524feb87e9069?s=96&d=mm&r=g\",\"contentUrl\":\"https:\\\/\\\/secure.gravatar.com\\\/avatar\\\/68592660ad6347fad0fb587f8d5d8f1a7b44961362f56e4f2cd524feb87e9069?s=96&d=mm&r=g\",\"caption\":\"dmcsrbija.com@gmail.com\"},\"sameAs\":[\"https:\\\/\\\/dmcsrb.com\"],\"url\":\"https:\\\/\\\/dmcsrb.com\\\/en\\\/author\\\/dmcsrbija-comgmail-com\\\/\"}]}<\/script>\n<!-- \/ Yoast SEO plugin. -->","yoast_head_json":{"title":"Premijer Karni: Kanada \u0107e priznati Palestinu u septembru - dmcsrb.com","robots":{"index":"index","follow":"follow","max-snippet":"max-snippet:-1","max-image-preview":"max-image-preview:large","max-video-preview":"max-video-preview:-1"},"canonical":"https:\/\/dmcsrb.com\/en\/drustvo\/premijer-karni-kanada-ce-priznati-palestinu-u-septembru\/","og_locale":"en_GB","og_type":"article","og_title":"Premijer Karni: Kanada \u0107e priznati Palestinu u septembru - dmcsrb.com","og_description":"Kanada \u0107e priznati Palestinu u septembru, rekao je novinarima u srijedu kanadski premijer Mark Karni.","og_url":"https:\/\/dmcsrb.com\/en\/drustvo\/premijer-karni-kanada-ce-priznati-palestinu-u-septembru\/","og_site_name":"dmcsrb.com","article_published_time":"2025-07-31T07:23:00+00:00","og_image":[{"width":640,"height":424,"url":"https:\/\/dmcsrb.com\/wp-content\/uploads\/2026\/01\/canadian-flag-1229484_640.webp","type":"image\/jpeg"}],"author":"dmcsrbija.com@gmail.com","twitter_card":"summary_large_image","twitter_misc":{"Written by":"dmcsrbija.com@gmail.com","Estimated reading time":"1 minute"},"schema":{"@context":"https:\/\/schema.org","@graph":[{"@type":"Article","@id":"https:\/\/dmcsrb.com\/drustvo\/premijer-karni-kanada-ce-priznati-palestinu-u-septembru\/#article","isPartOf":{"@id":"https:\/\/dmcsrb.com\/drustvo\/premijer-karni-kanada-ce-priznati-palestinu-u-septembru\/"},"author":{"name":"dmcsrbija.com@gmail.com","@id":"https:\/\/dmcsrb.com\/#\/schema\/person\/5c39170f12db1b8b457732d0b5c854e2"},"headline":"Premijer Karni: Kanada \u0107e priznati Palestinu u septembru","datePublished":"2025-07-31T07:23:00+00:00","mainEntityOfPage":{"@id":"https:\/\/dmcsrb.com\/drustvo\/premijer-karni-kanada-ce-priznati-palestinu-u-septembru\/"},"wordCount":119,"commentCount":0,"image":{"@id":"https:\/\/dmcsrb.com\/drustvo\/premijer-karni-kanada-ce-priznati-palestinu-u-septembru\/#primaryimage"},"thumbnailUrl":"https:\/\/dmcsrb.com\/wp-content\/uploads\/2026\/01\/canadian-flag-1229484_640.webp","keywords":["Kanada","karni"],"articleSection":["Dru\u0161tvo","Svijet"],"inLanguage":"en-GB","potentialAction":[{"@type":"CommentAction","name":"Comment","target":["https:\/\/dmcsrb.com\/drustvo\/premijer-karni-kanada-ce-priznati-palestinu-u-septembru\/#respond"]}]},{"@type":"WebPage","@id":"https:\/\/dmcsrb.com\/drustvo\/premijer-karni-kanada-ce-priznati-palestinu-u-septembru\/","url":"https:\/\/dmcsrb.com\/drustvo\/premijer-karni-kanada-ce-priznati-palestinu-u-septembru\/","name":"Premijer Karni: Kanada \u0107e priznati Palestinu u septembru - dmcsrb.com","isPartOf":{"@id":"https:\/\/dmcsrb.com\/#website"},"primaryImageOfPage":{"@id":"https:\/\/dmcsrb.com\/drustvo\/premijer-karni-kanada-ce-priznati-palestinu-u-septembru\/#primaryimage"},"image":{"@id":"https:\/\/dmcsrb.com\/drustvo\/premijer-karni-kanada-ce-priznati-palestinu-u-septembru\/#primaryimage"},"thumbnailUrl":"https:\/\/dmcsrb.com\/wp-content\/uploads\/2026\/01\/canadian-flag-1229484_640.webp","datePublished":"2025-07-31T07:23:00+00:00","author":{"@id":"https:\/\/dmcsrb.com\/#\/schema\/person\/5c39170f12db1b8b457732d0b5c854e2"},"breadcrumb":{"@id":"https:\/\/dmcsrb.com\/drustvo\/premijer-karni-kanada-ce-priznati-palestinu-u-septembru\/#breadcrumb"},"inLanguage":"en-GB","potentialAction":[{"@type":"ReadAction","target":["https:\/\/dmcsrb.com\/drustvo\/premijer-karni-kanada-ce-priznati-palestinu-u-septembru\/"]}]},{"@type":"ImageObject","inLanguage":"en-GB","@id":"https:\/\/dmcsrb.com\/drustvo\/premijer-karni-kanada-ce-priznati-palestinu-u-septembru\/#primaryimage","url":"https:\/\/dmcsrb.com\/wp-content\/uploads\/2026\/01\/canadian-flag-1229484_640.webp","contentUrl":"https:\/\/dmcsrb.com\/wp-content\/uploads\/2026\/01\/canadian-flag-1229484_640.webp","width":640,"height":424},{"@type":"BreadcrumbList","@id":"https:\/\/dmcsrb.com\/drustvo\/premijer-karni-kanada-ce-priznati-palestinu-u-septembru\/#breadcrumb","itemListElement":[{"@type":"ListItem","position":1,"name":"Home","item":"https:\/\/dmcsrb.com\/"},{"@type":"ListItem","position":2,"name":"Premijer Karni: Kanada \u0107e priznati Palestinu u septembru"}]},{"@type":"WebSite","@id":"https:\/\/dmcsrb.com\/#website","url":"https:\/\/dmcsrb.com\/","name":"dmcsrb.com","description":"","potentialAction":[{"@type":"SearchAction","target":{"@type":"EntryPoint","urlTemplate":"https:\/\/dmcsrb.com\/?s={search_term_string}"},"query-input":{"@type":"PropertyValueSpecification","valueRequired":true,"valueName":"search_term_string"}}],"inLanguage":"en-GB"},{"@type":"Person","@id":"https:\/\/dmcsrb.com\/#\/schema\/person\/5c39170f12db1b8b457732d0b5c854e2","name":"dmcsrbija.com@gmail.com","image":{"@type":"ImageObject","inLanguage":"en-GB","@id":"https:\/\/secure.gravatar.com\/avatar\/68592660ad6347fad0fb587f8d5d8f1a7b44961362f56e4f2cd524feb87e9069?s=96&d=mm&r=g","url":"https:\/\/secure.gravatar.com\/avatar\/68592660ad6347fad0fb587f8d5d8f1a7b44961362f56e4f2cd524feb87e9069?s=96&d=mm&r=g","contentUrl":"https:\/\/secure.gravatar.com\/avatar\/68592660ad6347fad0fb587f8d5d8f1a7b44961362f56e4f2cd524feb87e9069?s=96&d=mm&r=g","caption":"dmcsrbija.com@gmail.com"},"sameAs":["https:\/\/dmcsrb.com"],"url":"https:\/\/dmcsrb.com\/en\/author\/dmcsrbija-comgmail-com\/"}]}},"_links":{"self":[{"href":"https:\/\/dmcsrb.com\/en\/wp-json\/wp\/v2\/posts\/943361","targetHints":{"allow":["GET"]}}],"collection":[{"href":"https:\/\/dmcsrb.com\/en\/wp-json\/wp\/v2\/posts"}],"about":[{"href":"https:\/\/dmcsrb.com\/en\/wp-json\/wp\/v2\/types\/post"}],"author":[{"embeddable":true,"href":"https:\/\/dmcsrb.com\/en\/wp-json\/wp\/v2\/users\/1"}],"replies":[{"embeddable":true,"href":"https:\/\/dmcsrb.com\/en\/wp-json\/wp\/v2\/comments?post=943361"}],"version-history":[{"count":0,"href":"https:\/\/dmcsrb.com\/en\/wp-json\/wp\/v2\/posts\/943361\/revisions"}],"wp:featuredmedia":[{"embeddable":true,"href":"https:\/\/dmcsrb.com\/en\/wp-json\/wp\/v2\/media\/943047"}],"wp:attachment":[{"href":"https:\/\/dmcsrb.com\/en\/wp-json\/wp\/v2\/media?parent=943361"}],"wp:term":[{"taxonomy":"category","embeddable":true,"href":"https:\/\/dmcsrb.com\/en\/wp-json\/wp\/v2\/categories?post=943361"},{"taxonomy":"post_tag","embeddable":true,"href":"https:\/\/dmcsrb.com\/en\/wp-json\/wp\/v2\/tags?post=943361"},{"taxonomy":"naslovna","embeddable":true,"href":"https:\/\/dmcsrb.com\/en\/wp-json\/wp\/v2\/naslovna?post=943361"}],"curies":[{"name":"wp","href":"https:\/\/api.w.org\/{rel}","templated":true}]}}