{"id":943354,"date":"2025-07-31T08:04:51","date_gmt":"2025-07-31T06:04:51","guid":{"rendered":"https:\/\/dmcsrb.com\/uncategorized\/simun-novi-zakon-cvrst-normativni-temelj-za-reformu-zdravstva\/"},"modified":"2025-07-31T08:04:51","modified_gmt":"2025-07-31T06:04:51","slug":"simun-novi-zakon-cvrst-normativni-temelj-za-reformu-zdravstva","status":"publish","type":"post","link":"https:\/\/dmcsrb.com\/en\/drustvo\/simun-novi-zakon-cvrst-normativni-temelj-za-reformu-zdravstva\/","title":{"rendered":"\u0160imun: Novi zakon \u010dvrst normativni temelj za reformu zdravstva"},"content":{"rendered":"<p>Kako je naglasio \u0160imun, novi Zakon o zdravstvenoj za\u0161titi je rezultat temeljne analize postoje\u0107eg pravnog okvira i izazova sa kojima se suo\u010dava zdravstveni sistem Crne Gore, kao i sistemskog planiranja i obaveza koje dr\u017eava ima u procesu evropskih integracija.<\/p>\n\n\n\n<p>&#8220;Njegov cilj je stvaranje efikasnog, dostupnog i odr\u017eivog zdravstvenog sistema, zasnovanog na prevenciji, stru\u010dnosti i transparentnosti\u201c, istakao je ministar \u0160imun.<\/p>\n\n\n\n<p>On je naveo da klju\u010dne novine u Zakonu uklju\u010duju ja\u010danje primarne zdravstvene za\u0161tite \u2013 \u0161irenje djelatnosti, precizno definisanje izabranog doktora, uvo\u0111enje stacionara u udaljenim sredinama i lak\u0161i pristup specijalizacijama za mlade ljekare; Rana intervencija i dje\u010diji razvoj \u2013 po prvi put sistemski prepoznata kroz centre za podr\u0161ku pri domovima zdravlja i Centar za rani razvoj pri KCCG; Centar za rijetke bolesti \u2013 uvodi se kao novi organizacioni dio sistema, sa ciljem rane dijagnostike i skrininga, uklju\u010duju\u0107i na SMA i druge kongenitalne bolesti; Digitalizacija zdravstva \u2013 po prvi put propisana zakonska obaveza finansiranja digitalnog zdravlja, regulisana telemedicina i uspostavljena IKT infrastruktura; Borba protiv korupcije \u2013 uvedena jasna definicija sukoba interesa i zabrane primanja poklona i novca, uz nadle\u017enosti eti\u010dkih komiteta; Preventivna pedijatrija i \u0161kolska stomatologija \u2013 sistemska briga o zdravlju djece kroz skrininge i uvo\u0111enje \u0161kolskih stomatologa; Reforma bolni\u010dkog sektora \u2013 precizno ure\u0111ene dnevne bolnice, poliklinike i definisane funkcije klini\u010dko-bolni\u010dkog centra;<br>Institut za javno zdravlje \u2013 pro\u0161irene nadle\u017enosti na sve nivoe zdravstvene za\u0161tite, uklju\u010duju\u0107i vanredne situacije, skrininge i za\u0161titu \u017eivotne sredine; Kontrola kvaliteta i akreditacija \u2013 uvedeni jasni mehanizmi nadzora, mogu\u0107nost sankcija i uspostavljanje sistema akreditacije ustanova po me\u0111unarodnim standardima; Uskla\u0111enost sa EU zakonodavstvom \u2013 zakon je u potpunosti harmonizovan sa pravnom tekovinom EU, uklju\u010duju\u0107i Direktivu o priznavanju stru\u010dnih kvalifikacija, \u0161to je va\u017eno za zatvaranje pregovara\u010dkih poglavlja i integraciju u EU.<\/p>\n\n\n\n<p>Ministar \u0160imun je naglasio da novi zakon predstavlja va\u017ean iskorak ka modernizaciji zdravstvenog sistema, uvo\u0111enju evropskih standarda i obezbje\u0111enju ravnopravnog pristupa zdravstvenim uslugama za sve gra\u0111ane, posebno u ruralnim i manje razvijenim sredinama.<\/p>\n\n\n\n<p>&#8220;Novi zakon nije kraj procesa \u2013 on je po\u010detak nove ere u zdravstvu Crne Gore. Sad slijedi njegova temeljna implementacija, kroz podzakonska akta, organizacione promjene i dalju podr\u0161ku zdravstvenim radnicima, koji su klju\u010dni nosioci reforme. Zdravstveni sistem mora biti okrenut pacijentu, zasnovan na znanju i otporan na izazove vremena. Ovaj zakon je temelj za zdraviju Crnu Goru \u2013 danas i u budu\u0107nosti\u201c, poru\u010dio je ministar zdravlja.<\/p>\n\n\n\n<p>On je pozvao sve gra\u0111ane, zdravstvene radnike i ustanove da doprinesu sprovo\u0111enju novog zakona, kako bi zdravstveni sistem postao dostupan i pouzdan za sve.<\/p>","protected":false},"excerpt":{"rendered":"<p>Skup\u0161tina Crne Gore usvojila je sino\u0107 Zakon o zdravstvenoj za\u0161titi, koji predstavlja jedan od najva\u017enijih reformskih zakonskih tekstova u oblasti zdravstva u posljednjoj deceniji. Ministar zdravlja Vojislav \u0160imun istakao je ju\u010de u crnogorskom parlamentu da usvajanje ovog zakona ozna\u010dava po\u010detak nove ere u razvoju crnogorskog zdravstvenog sistema i da je njime postavljen \u010dvrst normativni temelj za sveobuhvatnu reformu zdravstvenog sistema.<\/p>","protected":false},"author":1,"featured_media":943355,"comment_status":"open","ping_status":"open","sticky":false,"template":"","format":"standard","meta":{"_acf_changed":false,"footnotes":""},"categories":[2],"tags":[3749,3750],"naslovna":[],"class_list":["post-943354","post","type-post","status-publish","format-standard","has-post-thumbnail","hentry","category-drustvo","tag-simun","tag-zdravstvo"],"acf":[],"yoast_head":"<!-- This site is optimized with the Yoast SEO plugin v27.4 - https:\/\/yoast.com\/product\/yoast-seo-wordpress\/ -->\n<title>\u0160imun: Novi zakon \u010dvrst normativni temelj za reformu zdravstva - dmcsrb.com<\/title>\n<meta name=\"robots\" content=\"index, follow, max-snippet:-1, max-image-preview:large, max-video-preview:-1\" \/>\n<link rel=\"canonical\" href=\"https:\/\/dmcsrb.com\/en\/drustvo\/simun-novi-zakon-cvrst-normativni-temelj-za-reformu-zdravstva\/\" \/>\n<meta property=\"og:locale\" content=\"en_GB\" \/>\n<meta property=\"og:type\" content=\"article\" \/>\n<meta property=\"og:title\" content=\"\u0160imun: Novi zakon \u010dvrst normativni temelj za reformu zdravstva - dmcsrb.com\" \/>\n<meta property=\"og:description\" content=\"Skup\u0161tina Crne Gore usvojila je sino\u0107 Zakon o zdravstvenoj za\u0161titi, koji predstavlja jedan od najva\u017enijih reformskih zakonskih tekstova u oblasti zdravstva u posljednjoj deceniji. Ministar zdravlja Vojislav \u0160imun istakao je ju\u010de u crnogorskom parlamentu da usvajanje ovog zakona ozna\u010dava po\u010detak nove ere u razvoju crnogorskog zdravstvenog sistema i da je njime postavljen \u010dvrst normativni temelj za sveobuhvatnu reformu zdravstvenog sistema.\" \/>\n<meta property=\"og:url\" content=\"https:\/\/dmcsrb.com\/en\/drustvo\/simun-novi-zakon-cvrst-normativni-temelj-za-reformu-zdravstva\/\" \/>\n<meta property=\"og:site_name\" content=\"dmcsrb.com\" \/>\n<meta property=\"article:published_time\" content=\"2025-07-31T06:04:51+00:00\" \/>\n<meta property=\"og:image\" content=\"https:\/\/dmcsrb.com\/wp-content\/uploads\/2026\/01\/ministar-Simun-u-Skupstini-CG-1.webp\" \/>\n\t<meta property=\"og:image:width\" content=\"1920\" \/>\n\t<meta property=\"og:image:height\" content=\"1280\" \/>\n\t<meta property=\"og:image:type\" content=\"image\/jpeg\" \/>\n<meta name=\"author\" content=\"dmcsrbija.com@gmail.com\" \/>\n<meta name=\"twitter:card\" content=\"summary_large_image\" \/>\n<meta name=\"twitter:label1\" content=\"Written by\" \/>\n\t<meta name=\"twitter:data1\" content=\"dmcsrbija.com@gmail.com\" \/>\n\t<meta name=\"twitter:label2\" content=\"Estimated reading time\" \/>\n\t<meta name=\"twitter:data2\" content=\"2 minutes\" \/>\n<script type=\"application\/ld+json\" class=\"yoast-schema-graph\">{\"@context\":\"https:\\\/\\\/schema.org\",\"@graph\":[{\"@type\":\"Article\",\"@id\":\"https:\\\/\\\/dmcsrb.com\\\/drustvo\\\/simun-novi-zakon-cvrst-normativni-temelj-za-reformu-zdravstva\\\/#article\",\"isPartOf\":{\"@id\":\"https:\\\/\\\/dmcsrb.com\\\/drustvo\\\/simun-novi-zakon-cvrst-normativni-temelj-za-reformu-zdravstva\\\/\"},\"author\":{\"name\":\"dmcsrbija.com@gmail.com\",\"@id\":\"https:\\\/\\\/dmcsrb.com\\\/#\\\/schema\\\/person\\\/5c39170f12db1b8b457732d0b5c854e2\"},\"headline\":\"\u0160imun: Novi zakon \u010dvrst normativni temelj za reformu zdravstva\",\"datePublished\":\"2025-07-31T06:04:51+00:00\",\"mainEntityOfPage\":{\"@id\":\"https:\\\/\\\/dmcsrb.com\\\/drustvo\\\/simun-novi-zakon-cvrst-normativni-temelj-za-reformu-zdravstva\\\/\"},\"wordCount\":447,\"commentCount\":0,\"image\":{\"@id\":\"https:\\\/\\\/dmcsrb.com\\\/drustvo\\\/simun-novi-zakon-cvrst-normativni-temelj-za-reformu-zdravstva\\\/#primaryimage\"},\"thumbnailUrl\":\"https:\\\/\\\/dmcsrb.com\\\/wp-content\\\/uploads\\\/2026\\\/01\\\/ministar-Simun-u-Skupstini-CG-1.webp\",\"keywords\":[\"\u0161imun\",\"zdravstvo\"],\"articleSection\":[\"Dru\u0161tvo\"],\"inLanguage\":\"en-GB\",\"potentialAction\":[{\"@type\":\"CommentAction\",\"name\":\"Comment\",\"target\":[\"https:\\\/\\\/dmcsrb.com\\\/drustvo\\\/simun-novi-zakon-cvrst-normativni-temelj-za-reformu-zdravstva\\\/#respond\"]}]},{\"@type\":\"WebPage\",\"@id\":\"https:\\\/\\\/dmcsrb.com\\\/drustvo\\\/simun-novi-zakon-cvrst-normativni-temelj-za-reformu-zdravstva\\\/\",\"url\":\"https:\\\/\\\/dmcsrb.com\\\/drustvo\\\/simun-novi-zakon-cvrst-normativni-temelj-za-reformu-zdravstva\\\/\",\"name\":\"\u0160imun: Novi zakon \u010dvrst normativni temelj za reformu zdravstva - dmcsrb.com\",\"isPartOf\":{\"@id\":\"https:\\\/\\\/dmcsrb.com\\\/#website\"},\"primaryImageOfPage\":{\"@id\":\"https:\\\/\\\/dmcsrb.com\\\/drustvo\\\/simun-novi-zakon-cvrst-normativni-temelj-za-reformu-zdravstva\\\/#primaryimage\"},\"image\":{\"@id\":\"https:\\\/\\\/dmcsrb.com\\\/drustvo\\\/simun-novi-zakon-cvrst-normativni-temelj-za-reformu-zdravstva\\\/#primaryimage\"},\"thumbnailUrl\":\"https:\\\/\\\/dmcsrb.com\\\/wp-content\\\/uploads\\\/2026\\\/01\\\/ministar-Simun-u-Skupstini-CG-1.webp\",\"datePublished\":\"2025-07-31T06:04:51+00:00\",\"author\":{\"@id\":\"https:\\\/\\\/dmcsrb.com\\\/#\\\/schema\\\/person\\\/5c39170f12db1b8b457732d0b5c854e2\"},\"breadcrumb\":{\"@id\":\"https:\\\/\\\/dmcsrb.com\\\/drustvo\\\/simun-novi-zakon-cvrst-normativni-temelj-za-reformu-zdravstva\\\/#breadcrumb\"},\"inLanguage\":\"en-GB\",\"potentialAction\":[{\"@type\":\"ReadAction\",\"target\":[\"https:\\\/\\\/dmcsrb.com\\\/drustvo\\\/simun-novi-zakon-cvrst-normativni-temelj-za-reformu-zdravstva\\\/\"]}]},{\"@type\":\"ImageObject\",\"inLanguage\":\"en-GB\",\"@id\":\"https:\\\/\\\/dmcsrb.com\\\/drustvo\\\/simun-novi-zakon-cvrst-normativni-temelj-za-reformu-zdravstva\\\/#primaryimage\",\"url\":\"https:\\\/\\\/dmcsrb.com\\\/wp-content\\\/uploads\\\/2026\\\/01\\\/ministar-Simun-u-Skupstini-CG-1.webp\",\"contentUrl\":\"https:\\\/\\\/dmcsrb.com\\\/wp-content\\\/uploads\\\/2026\\\/01\\\/ministar-Simun-u-Skupstini-CG-1.webp\",\"width\":1920,\"height\":1280},{\"@type\":\"BreadcrumbList\",\"@id\":\"https:\\\/\\\/dmcsrb.com\\\/drustvo\\\/simun-novi-zakon-cvrst-normativni-temelj-za-reformu-zdravstva\\\/#breadcrumb\",\"itemListElement\":[{\"@type\":\"ListItem\",\"position\":1,\"name\":\"Home\",\"item\":\"https:\\\/\\\/dmcsrb.com\\\/\"},{\"@type\":\"ListItem\",\"position\":2,\"name\":\"\u0160imun: Novi zakon \u010dvrst normativni temelj za reformu zdravstva\"}]},{\"@type\":\"WebSite\",\"@id\":\"https:\\\/\\\/dmcsrb.com\\\/#website\",\"url\":\"https:\\\/\\\/dmcsrb.com\\\/\",\"name\":\"dmcsrb.com\",\"description\":\"\",\"potentialAction\":[{\"@type\":\"SearchAction\",\"target\":{\"@type\":\"EntryPoint\",\"urlTemplate\":\"https:\\\/\\\/dmcsrb.com\\\/?s={search_term_string}\"},\"query-input\":{\"@type\":\"PropertyValueSpecification\",\"valueRequired\":true,\"valueName\":\"search_term_string\"}}],\"inLanguage\":\"en-GB\"},{\"@type\":\"Person\",\"@id\":\"https:\\\/\\\/dmcsrb.com\\\/#\\\/schema\\\/person\\\/5c39170f12db1b8b457732d0b5c854e2\",\"name\":\"dmcsrbija.com@gmail.com\",\"image\":{\"@type\":\"ImageObject\",\"inLanguage\":\"en-GB\",\"@id\":\"https:\\\/\\\/secure.gravatar.com\\\/avatar\\\/68592660ad6347fad0fb587f8d5d8f1a7b44961362f56e4f2cd524feb87e9069?s=96&d=mm&r=g\",\"url\":\"https:\\\/\\\/secure.gravatar.com\\\/avatar\\\/68592660ad6347fad0fb587f8d5d8f1a7b44961362f56e4f2cd524feb87e9069?s=96&d=mm&r=g\",\"contentUrl\":\"https:\\\/\\\/secure.gravatar.com\\\/avatar\\\/68592660ad6347fad0fb587f8d5d8f1a7b44961362f56e4f2cd524feb87e9069?s=96&d=mm&r=g\",\"caption\":\"dmcsrbija.com@gmail.com\"},\"sameAs\":[\"https:\\\/\\\/dmcsrb.com\"],\"url\":\"https:\\\/\\\/dmcsrb.com\\\/en\\\/author\\\/dmcsrbija-comgmail-com\\\/\"}]}<\/script>\n<!-- \/ Yoast SEO plugin. -->","yoast_head_json":{"title":"\u0160imun: Novi zakon \u010dvrst normativni temelj za reformu zdravstva - dmcsrb.com","robots":{"index":"index","follow":"follow","max-snippet":"max-snippet:-1","max-image-preview":"max-image-preview:large","max-video-preview":"max-video-preview:-1"},"canonical":"https:\/\/dmcsrb.com\/en\/drustvo\/simun-novi-zakon-cvrst-normativni-temelj-za-reformu-zdravstva\/","og_locale":"en_GB","og_type":"article","og_title":"\u0160imun: Novi zakon \u010dvrst normativni temelj za reformu zdravstva - dmcsrb.com","og_description":"Skup\u0161tina Crne Gore usvojila je sino\u0107 Zakon o zdravstvenoj za\u0161titi, koji predstavlja jedan od najva\u017enijih reformskih zakonskih tekstova u oblasti zdravstva u posljednjoj deceniji. Ministar zdravlja Vojislav \u0160imun istakao je ju\u010de u crnogorskom parlamentu da usvajanje ovog zakona ozna\u010dava po\u010detak nove ere u razvoju crnogorskog zdravstvenog sistema i da je njime postavljen \u010dvrst normativni temelj za sveobuhvatnu reformu zdravstvenog sistema.","og_url":"https:\/\/dmcsrb.com\/en\/drustvo\/simun-novi-zakon-cvrst-normativni-temelj-za-reformu-zdravstva\/","og_site_name":"dmcsrb.com","article_published_time":"2025-07-31T06:04:51+00:00","og_image":[{"width":1920,"height":1280,"url":"https:\/\/dmcsrb.com\/wp-content\/uploads\/2026\/01\/ministar-Simun-u-Skupstini-CG-1.webp","type":"image\/jpeg"}],"author":"dmcsrbija.com@gmail.com","twitter_card":"summary_large_image","twitter_misc":{"Written by":"dmcsrbija.com@gmail.com","Estimated reading time":"2 minutes"},"schema":{"@context":"https:\/\/schema.org","@graph":[{"@type":"Article","@id":"https:\/\/dmcsrb.com\/drustvo\/simun-novi-zakon-cvrst-normativni-temelj-za-reformu-zdravstva\/#article","isPartOf":{"@id":"https:\/\/dmcsrb.com\/drustvo\/simun-novi-zakon-cvrst-normativni-temelj-za-reformu-zdravstva\/"},"author":{"name":"dmcsrbija.com@gmail.com","@id":"https:\/\/dmcsrb.com\/#\/schema\/person\/5c39170f12db1b8b457732d0b5c854e2"},"headline":"\u0160imun: Novi zakon \u010dvrst normativni temelj za reformu zdravstva","datePublished":"2025-07-31T06:04:51+00:00","mainEntityOfPage":{"@id":"https:\/\/dmcsrb.com\/drustvo\/simun-novi-zakon-cvrst-normativni-temelj-za-reformu-zdravstva\/"},"wordCount":447,"commentCount":0,"image":{"@id":"https:\/\/dmcsrb.com\/drustvo\/simun-novi-zakon-cvrst-normativni-temelj-za-reformu-zdravstva\/#primaryimage"},"thumbnailUrl":"https:\/\/dmcsrb.com\/wp-content\/uploads\/2026\/01\/ministar-Simun-u-Skupstini-CG-1.webp","keywords":["\u0161imun","zdravstvo"],"articleSection":["Dru\u0161tvo"],"inLanguage":"en-GB","potentialAction":[{"@type":"CommentAction","name":"Comment","target":["https:\/\/dmcsrb.com\/drustvo\/simun-novi-zakon-cvrst-normativni-temelj-za-reformu-zdravstva\/#respond"]}]},{"@type":"WebPage","@id":"https:\/\/dmcsrb.com\/drustvo\/simun-novi-zakon-cvrst-normativni-temelj-za-reformu-zdravstva\/","url":"https:\/\/dmcsrb.com\/drustvo\/simun-novi-zakon-cvrst-normativni-temelj-za-reformu-zdravstva\/","name":"\u0160imun: Novi zakon \u010dvrst normativni temelj za reformu zdravstva - dmcsrb.com","isPartOf":{"@id":"https:\/\/dmcsrb.com\/#website"},"primaryImageOfPage":{"@id":"https:\/\/dmcsrb.com\/drustvo\/simun-novi-zakon-cvrst-normativni-temelj-za-reformu-zdravstva\/#primaryimage"},"image":{"@id":"https:\/\/dmcsrb.com\/drustvo\/simun-novi-zakon-cvrst-normativni-temelj-za-reformu-zdravstva\/#primaryimage"},"thumbnailUrl":"https:\/\/dmcsrb.com\/wp-content\/uploads\/2026\/01\/ministar-Simun-u-Skupstini-CG-1.webp","datePublished":"2025-07-31T06:04:51+00:00","author":{"@id":"https:\/\/dmcsrb.com\/#\/schema\/person\/5c39170f12db1b8b457732d0b5c854e2"},"breadcrumb":{"@id":"https:\/\/dmcsrb.com\/drustvo\/simun-novi-zakon-cvrst-normativni-temelj-za-reformu-zdravstva\/#breadcrumb"},"inLanguage":"en-GB","potentialAction":[{"@type":"ReadAction","target":["https:\/\/dmcsrb.com\/drustvo\/simun-novi-zakon-cvrst-normativni-temelj-za-reformu-zdravstva\/"]}]},{"@type":"ImageObject","inLanguage":"en-GB","@id":"https:\/\/dmcsrb.com\/drustvo\/simun-novi-zakon-cvrst-normativni-temelj-za-reformu-zdravstva\/#primaryimage","url":"https:\/\/dmcsrb.com\/wp-content\/uploads\/2026\/01\/ministar-Simun-u-Skupstini-CG-1.webp","contentUrl":"https:\/\/dmcsrb.com\/wp-content\/uploads\/2026\/01\/ministar-Simun-u-Skupstini-CG-1.webp","width":1920,"height":1280},{"@type":"BreadcrumbList","@id":"https:\/\/dmcsrb.com\/drustvo\/simun-novi-zakon-cvrst-normativni-temelj-za-reformu-zdravstva\/#breadcrumb","itemListElement":[{"@type":"ListItem","position":1,"name":"Home","item":"https:\/\/dmcsrb.com\/"},{"@type":"ListItem","position":2,"name":"\u0160imun: Novi zakon \u010dvrst normativni temelj za reformu zdravstva"}]},{"@type":"WebSite","@id":"https:\/\/dmcsrb.com\/#website","url":"https:\/\/dmcsrb.com\/","name":"dmcsrb.com","description":"","potentialAction":[{"@type":"SearchAction","target":{"@type":"EntryPoint","urlTemplate":"https:\/\/dmcsrb.com\/?s={search_term_string}"},"query-input":{"@type":"PropertyValueSpecification","valueRequired":true,"valueName":"search_term_string"}}],"inLanguage":"en-GB"},{"@type":"Person","@id":"https:\/\/dmcsrb.com\/#\/schema\/person\/5c39170f12db1b8b457732d0b5c854e2","name":"dmcsrbija.com@gmail.com","image":{"@type":"ImageObject","inLanguage":"en-GB","@id":"https:\/\/secure.gravatar.com\/avatar\/68592660ad6347fad0fb587f8d5d8f1a7b44961362f56e4f2cd524feb87e9069?s=96&d=mm&r=g","url":"https:\/\/secure.gravatar.com\/avatar\/68592660ad6347fad0fb587f8d5d8f1a7b44961362f56e4f2cd524feb87e9069?s=96&d=mm&r=g","contentUrl":"https:\/\/secure.gravatar.com\/avatar\/68592660ad6347fad0fb587f8d5d8f1a7b44961362f56e4f2cd524feb87e9069?s=96&d=mm&r=g","caption":"dmcsrbija.com@gmail.com"},"sameAs":["https:\/\/dmcsrb.com"],"url":"https:\/\/dmcsrb.com\/en\/author\/dmcsrbija-comgmail-com\/"}]}},"_links":{"self":[{"href":"https:\/\/dmcsrb.com\/en\/wp-json\/wp\/v2\/posts\/943354","targetHints":{"allow":["GET"]}}],"collection":[{"href":"https:\/\/dmcsrb.com\/en\/wp-json\/wp\/v2\/posts"}],"about":[{"href":"https:\/\/dmcsrb.com\/en\/wp-json\/wp\/v2\/types\/post"}],"author":[{"embeddable":true,"href":"https:\/\/dmcsrb.com\/en\/wp-json\/wp\/v2\/users\/1"}],"replies":[{"embeddable":true,"href":"https:\/\/dmcsrb.com\/en\/wp-json\/wp\/v2\/comments?post=943354"}],"version-history":[{"count":0,"href":"https:\/\/dmcsrb.com\/en\/wp-json\/wp\/v2\/posts\/943354\/revisions"}],"wp:featuredmedia":[{"embeddable":true,"href":"https:\/\/dmcsrb.com\/en\/wp-json\/wp\/v2\/media\/943355"}],"wp:attachment":[{"href":"https:\/\/dmcsrb.com\/en\/wp-json\/wp\/v2\/media?parent=943354"}],"wp:term":[{"taxonomy":"category","embeddable":true,"href":"https:\/\/dmcsrb.com\/en\/wp-json\/wp\/v2\/categories?post=943354"},{"taxonomy":"post_tag","embeddable":true,"href":"https:\/\/dmcsrb.com\/en\/wp-json\/wp\/v2\/tags?post=943354"},{"taxonomy":"naslovna","embeddable":true,"href":"https:\/\/dmcsrb.com\/en\/wp-json\/wp\/v2\/naslovna?post=943354"}],"curies":[{"name":"wp","href":"https:\/\/api.w.org\/{rel}","templated":true}]}}