{"id":943126,"date":"2026-01-18T14:15:00","date_gmt":"2026-01-18T13:15:00","guid":{"rendered":"https:\/\/dmcsrb.com\/uncategorized\/cijela-piramida-radi-sistemski-imamo-dobru-sansu-da-postavimo-crnu-goru-na-evropsku-mapu\/"},"modified":"2026-01-18T14:15:00","modified_gmt":"2026-01-18T13:15:00","slug":"cijela-piramida-radi-sistemski-imamo-dobru-sansu-da-postavimo-crnu-goru-na-evropsku-mapu","status":"publish","type":"post","link":"https:\/\/dmcsrb.com\/en\/sport\/cijela-piramida-radi-sistemski-imamo-dobru-sansu-da-postavimo-crnu-goru-na-evropsku-mapu\/","title":{"rendered":"&#8220;Cijela piramida radi sistemski, imamo dobru \u0161ansu da postavimo Crnu Goru na evropsku mapu&#8221;"},"content":{"rendered":"<p>To je ocjena selektora na\u0161ih mladih odbojka\u0161ica&nbsp;<strong>Milana Milo\u0161evi\u0107a<\/strong>, koji nagla\u0161ava da ambicija ostaje ista \u2013 plasman u zavr\u0161nicu Evropskog prvenstva, ali i da \u0107e \u0161to vi\u0161e turnira, \u0161to vi\u0161e me\u010deva sa jakim protivnicima, pomo\u0107i igra\u010dicama da se razvijaju i da napreduju.<\/p>\n\n\n\n<p><strong>\u201cIgrali smo u Sofiji, a ve\u0107 brzo, u martu, igra\u0107emo drugu rundu kvalifikacija. Vidje\u0107emo gdje i protiv koga. Prije toga, u Italiji, ima\u0107emo i pripremni turnir. To je sjajno, jer svaki turnir je veliko iskustvo, svi ti me\u010devi sa ekipama od kojih su neke i evropskog i svjetskog nivoa, poma\u017eu djevojkama\u201d<\/strong>, isti\u010de Milo\u0161evi\u0107.<\/p>\n\n\n\n<p>Crna Gora je u Sofiji pro\u0161la te\u0161ku grupu sa doma\u0107inom Bugarskom, Gr\u010dkom i Kosovom, pa je plasmanom u polufinale ispunila cilj odlaska u driugu rundu kvalifikacija. U polufinalu, sastala se sa Turskom, koja je bila prejaka za&nbsp;<strong>Anastasiju Koprivicu<\/strong>&nbsp;i drugarice \u2013 barem u ovom momentu.<\/p>\n\n\n\n<p><strong>\u201cVratio bi se na sami po\u010detak okupljanja, od priprema u Staroj Pazovi gdje smo imali vrhunskih 10 dana, bili jako vrijedni u prisustvu selektora seniorskog tima Jova Cakovi\u0107a. Potom smo oti\u0161li u Sofiju i ve\u0107 u prvom kolu protiv Gr\u010dke odigrali najzahtjevniju utakmicu na turniru. Posebno zbog toga \u0161to nismo imali puno informacija o protivniku, morali smo sa njima da se upoznajemo u hodu. Gubili smo 2:0, pobijedili 3:2, i to je me\u010d u kojem je ova generacija pokazala i kvalitet i karakter\u201d<\/strong>, rekao je na\u0161 selektor.<\/p>\n\n\n\n<p>Dio djevojaka koje su bile u Sofiju ve\u0107 je pro\u0161log ljeta u mla\u0111em uzrastu (U16) imao priliku da igra Evropsko prvenstvo \u2013 bila je to prva generacija na\u0161e \u017eenske odbojke koja se kroz kvalifikacije plasirala na veliko takmi\u010denje.<\/p>\n\n\n\n<p>Vidjelo se to i u Sofiji, ne samo me\u010du sa Gr\u010dkom.<\/p>\n\n\n\n<p><strong>\u201cSmatram da je na\u0161 drugi me\u010d, protiv Bugarske, bio na\u0161 najbolji na turniru. Protiv doma\u0107ina, aktuelnog prvaka Evrope u ovo uzrastu, vrlo jake ekipe, poveli smo, osvojili smo jedan, bili na pragu osvajanja jo\u0161 jednog seta. Protiv Kosova smo u posljednjem me\u010du grupe odradili posao, a onda smo u polufinalu naletjeli na Tursku, mnogo jaku selekciju, i odbojka\u0161ki i fizi\u010dki, koja je na kraju i osvojila turnir\u201d<\/strong>, poru\u010duje Milo\u0161evi\u0107.<\/p>\n\n\n\n<figure class=\"wp-block-image size-large\"><img decoding=\"async\" src=\"https:\/\/gradski.me\/wp-content\/uploads\/2026\/01\/Mlade-odbojkasice-CEV-1-1-1024x683.jpg\" alt=\"\" class=\"wp-image-909581\"\/><figcaption class=\"wp-element-caption\">Foto: CEV<\/figcaption><\/figure>\n\n\n\n<p><strong>\u201cSve u svemu, ostvarili smo zacrtano, \u010dekamo drugi krug i siguran sam da ova generacija ima kvalitet da se plasira na Evropsko prvenstvo i da nastavi kontinuitet plasmana na velika takmi\u010denja\u201d<\/strong>.<\/p>\n\n\n\n<p>Seniorska reprezentacija Crne Gore, na \u010dijoj klupi Milo\u0161evi\u0107 sjedi kao prvi asistent&nbsp;<strong>Jova Cakovi\u0107a<\/strong>, u avgustu \u0107e u Geteborgu prvi put u istoriji nastupiti na EuroVolley-u.<\/p>\n\n\n\n<p><strong>\u201cCijela piramida radi sistemski, od baze pa do vrha, i to je najbolja mogu\u0107a stvar koju u ovom trenutku ima crnogorska \u017eenska odbojka. Nastojimo da djeca koja dolaze budu i na tehni\u010dkom, i na takti\u010dkom, i na fizi\u010dkom nivou da jednog dana naslijede generaciju seniorki koja \u0107e igrati Evropsko prvenstvo. Ima talenta i potencijala, \u0161to je fantasti\u010dno i Crna Gora ima ogromnu \u0161ansu da bude na mapi evropske odbojke, a ne samo na mapi Balkana. To je ve\u0107 pokazala, pa i na ovom posljednjem turniru u Sofiji gdje se dogodilo da jedna Srbija drugi put ne pro\u0111e dalje\u201d<\/strong>, isti\u010de Milo\u0161evi\u0107.<\/p>\n\n\n\n<p>Nije \u017eelio da izdvaja imena, ne samo iz razloga \u0161to se jo\u0161 uvijek radi \u2013 o djeci.<\/p>\n\n\n\n<p><strong>\u201cVe\u0107 i zbog toga \u0161to je kolektiv zaista na\u0161a najve\u0107a snaga. Igra\u010dice koje imaju veliki talenat i koje su spremne da rade i da u\u010de. Imamo sjajnu podr\u0161ku od strane Odbojka\u0161kog saveza Crne Gore, od uslova rada, do same organizacije. Imamo, dakle, sve uslove da rastemo kao cjelina\u201d<\/strong>, zaklju\u010duje \u0161ef struke \u017eenske U18 reprezentacije Crne Gore.<\/p>","protected":false},"excerpt":{"rendered":"<p>Plasmanom u drugu rundu kvalifikacija za Evropsko prvenstvo, ali i igrama koje je pru\u017eila na zonskom kvalifikacionom turniru Sofiji, \u017eenska U18 reprezentacija Crne Gore je ispunila cilj zbog kojeg se pripremala za nastup u Bugarskoj.<\/p>","protected":false},"author":1,"featured_media":943127,"comment_status":"open","ping_status":"open","sticky":false,"template":"","format":"standard","meta":{"_acf_changed":false,"footnotes":""},"categories":[148],"tags":[3658,15939],"naslovna":[],"class_list":["post-943126","post","type-post","status-publish","format-standard","has-post-thumbnail","hentry","category-sport","tag-milan-milosevic","tag-mlada-zenska-odbojkaska-reprezentacija-crne-gore"],"acf":[],"yoast_head":"<!-- This site is optimized with the Yoast SEO plugin v27.0 - https:\/\/yoast.com\/product\/yoast-seo-wordpress\/ -->\n<title>&quot;Cijela piramida radi sistemski, imamo dobru \u0161ansu da postavimo Crnu Goru na evropsku mapu&quot; - dmcsrb.com<\/title>\n<meta name=\"robots\" content=\"index, follow, max-snippet:-1, max-image-preview:large, max-video-preview:-1\" \/>\n<link rel=\"canonical\" href=\"https:\/\/dmcsrb.com\/en\/sport\/cijela-piramida-radi-sistemski-imamo-dobru-sansu-da-postavimo-crnu-goru-na-evropsku-mapu\/\" \/>\n<meta property=\"og:locale\" content=\"en_GB\" \/>\n<meta property=\"og:type\" content=\"article\" \/>\n<meta property=\"og:title\" content=\"&quot;Cijela piramida radi sistemski, imamo dobru \u0161ansu da postavimo Crnu Goru na evropsku mapu&quot; - dmcsrb.com\" \/>\n<meta property=\"og:description\" content=\"Plasmanom u drugu rundu kvalifikacija za Evropsko prvenstvo, ali i igrama koje je pru\u017eila na zonskom kvalifikacionom turniru Sofiji, \u017eenska U18 reprezentacija Crne Gore je ispunila cilj zbog kojeg se pripremala za nastup u Bugarskoj.\" \/>\n<meta property=\"og:url\" content=\"https:\/\/dmcsrb.com\/en\/sport\/cijela-piramida-radi-sistemski-imamo-dobru-sansu-da-postavimo-crnu-goru-na-evropsku-mapu\/\" \/>\n<meta property=\"og:site_name\" content=\"dmcsrb.com\" \/>\n<meta property=\"article:published_time\" content=\"2026-01-18T13:15:00+00:00\" \/>\n<meta property=\"og:image\" content=\"https:\/\/dmcsrb.com\/wp-content\/uploads\/2026\/01\/Milosevic-CEV.webp\" \/>\n\t<meta property=\"og:image:width\" content=\"2000\" \/>\n\t<meta property=\"og:image:height\" content=\"1333\" \/>\n\t<meta property=\"og:image:type\" content=\"image\/jpeg\" \/>\n<meta name=\"author\" content=\"dmcsrbija.com@gmail.com\" \/>\n<meta name=\"twitter:card\" content=\"summary_large_image\" \/>\n<meta name=\"twitter:label1\" content=\"Written by\" \/>\n\t<meta name=\"twitter:data1\" content=\"dmcsrbija.com@gmail.com\" \/>\n\t<meta name=\"twitter:label2\" content=\"Estimated reading time\" \/>\n\t<meta name=\"twitter:data2\" content=\"3 minutes\" \/>\n<script type=\"application\/ld+json\" class=\"yoast-schema-graph\">{\"@context\":\"https:\/\/schema.org\",\"@graph\":[{\"@type\":\"Article\",\"@id\":\"https:\/\/dmcsrb.com\/sport\/cijela-piramida-radi-sistemski-imamo-dobru-sansu-da-postavimo-crnu-goru-na-evropsku-mapu\/#article\",\"isPartOf\":{\"@id\":\"https:\/\/dmcsrb.com\/sport\/cijela-piramida-radi-sistemski-imamo-dobru-sansu-da-postavimo-crnu-goru-na-evropsku-mapu\/\"},\"author\":{\"name\":\"dmcsrbija.com@gmail.com\",\"@id\":\"https:\/\/dmcsrb.com\/#\/schema\/person\/5c39170f12db1b8b457732d0b5c854e2\"},\"headline\":\"&#8220;Cijela piramida radi sistemski, imamo dobru \u0161ansu da postavimo Crnu Goru na evropsku mapu&#8221;\",\"datePublished\":\"2026-01-18T13:15:00+00:00\",\"mainEntityOfPage\":{\"@id\":\"https:\/\/dmcsrb.com\/sport\/cijela-piramida-radi-sistemski-imamo-dobru-sansu-da-postavimo-crnu-goru-na-evropsku-mapu\/\"},\"wordCount\":645,\"commentCount\":0,\"image\":{\"@id\":\"https:\/\/dmcsrb.com\/sport\/cijela-piramida-radi-sistemski-imamo-dobru-sansu-da-postavimo-crnu-goru-na-evropsku-mapu\/#primaryimage\"},\"thumbnailUrl\":\"https:\/\/dmcsrb.com\/wp-content\/uploads\/2026\/01\/Milosevic-CEV.webp\",\"keywords\":[\"Milan Milo\u0161evi\u0107\",\"Mlada \u017eenska odbojka\u0161ka reprezentacija Crne Gore\"],\"articleSection\":[\"Sport\"],\"inLanguage\":\"en-GB\",\"potentialAction\":[{\"@type\":\"CommentAction\",\"name\":\"Comment\",\"target\":[\"https:\/\/dmcsrb.com\/sport\/cijela-piramida-radi-sistemski-imamo-dobru-sansu-da-postavimo-crnu-goru-na-evropsku-mapu\/#respond\"]}]},{\"@type\":\"WebPage\",\"@id\":\"https:\/\/dmcsrb.com\/sport\/cijela-piramida-radi-sistemski-imamo-dobru-sansu-da-postavimo-crnu-goru-na-evropsku-mapu\/\",\"url\":\"https:\/\/dmcsrb.com\/sport\/cijela-piramida-radi-sistemski-imamo-dobru-sansu-da-postavimo-crnu-goru-na-evropsku-mapu\/\",\"name\":\"\\\"Cijela piramida radi sistemski, imamo dobru \u0161ansu da postavimo Crnu Goru na evropsku mapu\\\" - dmcsrb.com\",\"isPartOf\":{\"@id\":\"https:\/\/dmcsrb.com\/#website\"},\"primaryImageOfPage\":{\"@id\":\"https:\/\/dmcsrb.com\/sport\/cijela-piramida-radi-sistemski-imamo-dobru-sansu-da-postavimo-crnu-goru-na-evropsku-mapu\/#primaryimage\"},\"image\":{\"@id\":\"https:\/\/dmcsrb.com\/sport\/cijela-piramida-radi-sistemski-imamo-dobru-sansu-da-postavimo-crnu-goru-na-evropsku-mapu\/#primaryimage\"},\"thumbnailUrl\":\"https:\/\/dmcsrb.com\/wp-content\/uploads\/2026\/01\/Milosevic-CEV.webp\",\"datePublished\":\"2026-01-18T13:15:00+00:00\",\"author\":{\"@id\":\"https:\/\/dmcsrb.com\/#\/schema\/person\/5c39170f12db1b8b457732d0b5c854e2\"},\"breadcrumb\":{\"@id\":\"https:\/\/dmcsrb.com\/sport\/cijela-piramida-radi-sistemski-imamo-dobru-sansu-da-postavimo-crnu-goru-na-evropsku-mapu\/#breadcrumb\"},\"inLanguage\":\"en-GB\",\"potentialAction\":[{\"@type\":\"ReadAction\",\"target\":[\"https:\/\/dmcsrb.com\/sport\/cijela-piramida-radi-sistemski-imamo-dobru-sansu-da-postavimo-crnu-goru-na-evropsku-mapu\/\"]}]},{\"@type\":\"ImageObject\",\"inLanguage\":\"en-GB\",\"@id\":\"https:\/\/dmcsrb.com\/sport\/cijela-piramida-radi-sistemski-imamo-dobru-sansu-da-postavimo-crnu-goru-na-evropsku-mapu\/#primaryimage\",\"url\":\"https:\/\/dmcsrb.com\/wp-content\/uploads\/2026\/01\/Milosevic-CEV.webp\",\"contentUrl\":\"https:\/\/dmcsrb.com\/wp-content\/uploads\/2026\/01\/Milosevic-CEV.webp\",\"width\":2000,\"height\":1333},{\"@type\":\"BreadcrumbList\",\"@id\":\"https:\/\/dmcsrb.com\/sport\/cijela-piramida-radi-sistemski-imamo-dobru-sansu-da-postavimo-crnu-goru-na-evropsku-mapu\/#breadcrumb\",\"itemListElement\":[{\"@type\":\"ListItem\",\"position\":1,\"name\":\"Home\",\"item\":\"https:\/\/dmcsrb.com\/\"},{\"@type\":\"ListItem\",\"position\":2,\"name\":\"&#8220;Cijela piramida radi sistemski, imamo dobru \u0161ansu da postavimo Crnu Goru na evropsku mapu&#8221;\"}]},{\"@type\":\"WebSite\",\"@id\":\"https:\/\/dmcsrb.com\/#website\",\"url\":\"https:\/\/dmcsrb.com\/\",\"name\":\"dmcsrb.com\",\"description\":\"\",\"potentialAction\":[{\"@type\":\"SearchAction\",\"target\":{\"@type\":\"EntryPoint\",\"urlTemplate\":\"https:\/\/dmcsrb.com\/?s={search_term_string}\"},\"query-input\":{\"@type\":\"PropertyValueSpecification\",\"valueRequired\":true,\"valueName\":\"search_term_string\"}}],\"inLanguage\":\"en-GB\"},{\"@type\":\"Person\",\"@id\":\"https:\/\/dmcsrb.com\/#\/schema\/person\/5c39170f12db1b8b457732d0b5c854e2\",\"name\":\"dmcsrbija.com@gmail.com\",\"image\":{\"@type\":\"ImageObject\",\"inLanguage\":\"en-GB\",\"@id\":\"https:\/\/dmcsrb.com\/#\/schema\/person\/image\/\",\"url\":\"https:\/\/secure.gravatar.com\/avatar\/68592660ad6347fad0fb587f8d5d8f1a7b44961362f56e4f2cd524feb87e9069?s=96&d=mm&r=g\",\"contentUrl\":\"https:\/\/secure.gravatar.com\/avatar\/68592660ad6347fad0fb587f8d5d8f1a7b44961362f56e4f2cd524feb87e9069?s=96&d=mm&r=g\",\"caption\":\"dmcsrbija.com@gmail.com\"},\"sameAs\":[\"https:\/\/dmcsrb.com\"],\"url\":\"https:\/\/dmcsrb.com\/en\/author\/dmcsrbija-comgmail-com\/\"}]}<\/script>\n<!-- \/ Yoast SEO plugin. -->","yoast_head_json":{"title":"\"Cijela piramida radi sistemski, imamo dobru \u0161ansu da postavimo Crnu Goru na evropsku mapu\" - dmcsrb.com","robots":{"index":"index","follow":"follow","max-snippet":"max-snippet:-1","max-image-preview":"max-image-preview:large","max-video-preview":"max-video-preview:-1"},"canonical":"https:\/\/dmcsrb.com\/en\/sport\/cijela-piramida-radi-sistemski-imamo-dobru-sansu-da-postavimo-crnu-goru-na-evropsku-mapu\/","og_locale":"en_GB","og_type":"article","og_title":"\"Cijela piramida radi sistemski, imamo dobru \u0161ansu da postavimo Crnu Goru na evropsku mapu\" - dmcsrb.com","og_description":"Plasmanom u drugu rundu kvalifikacija za Evropsko prvenstvo, ali i igrama koje je pru\u017eila na zonskom kvalifikacionom turniru Sofiji, \u017eenska U18 reprezentacija Crne Gore je ispunila cilj zbog kojeg se pripremala za nastup u Bugarskoj.","og_url":"https:\/\/dmcsrb.com\/en\/sport\/cijela-piramida-radi-sistemski-imamo-dobru-sansu-da-postavimo-crnu-goru-na-evropsku-mapu\/","og_site_name":"dmcsrb.com","article_published_time":"2026-01-18T13:15:00+00:00","og_image":[{"width":2000,"height":1333,"url":"https:\/\/dmcsrb.com\/wp-content\/uploads\/2026\/01\/Milosevic-CEV.webp","type":"image\/jpeg"}],"author":"dmcsrbija.com@gmail.com","twitter_card":"summary_large_image","twitter_misc":{"Written by":"dmcsrbija.com@gmail.com","Estimated reading time":"3 minutes"},"schema":{"@context":"https:\/\/schema.org","@graph":[{"@type":"Article","@id":"https:\/\/dmcsrb.com\/sport\/cijela-piramida-radi-sistemski-imamo-dobru-sansu-da-postavimo-crnu-goru-na-evropsku-mapu\/#article","isPartOf":{"@id":"https:\/\/dmcsrb.com\/sport\/cijela-piramida-radi-sistemski-imamo-dobru-sansu-da-postavimo-crnu-goru-na-evropsku-mapu\/"},"author":{"name":"dmcsrbija.com@gmail.com","@id":"https:\/\/dmcsrb.com\/#\/schema\/person\/5c39170f12db1b8b457732d0b5c854e2"},"headline":"&#8220;Cijela piramida radi sistemski, imamo dobru \u0161ansu da postavimo Crnu Goru na evropsku mapu&#8221;","datePublished":"2026-01-18T13:15:00+00:00","mainEntityOfPage":{"@id":"https:\/\/dmcsrb.com\/sport\/cijela-piramida-radi-sistemski-imamo-dobru-sansu-da-postavimo-crnu-goru-na-evropsku-mapu\/"},"wordCount":645,"commentCount":0,"image":{"@id":"https:\/\/dmcsrb.com\/sport\/cijela-piramida-radi-sistemski-imamo-dobru-sansu-da-postavimo-crnu-goru-na-evropsku-mapu\/#primaryimage"},"thumbnailUrl":"https:\/\/dmcsrb.com\/wp-content\/uploads\/2026\/01\/Milosevic-CEV.webp","keywords":["Milan Milo\u0161evi\u0107","Mlada \u017eenska odbojka\u0161ka reprezentacija Crne Gore"],"articleSection":["Sport"],"inLanguage":"en-GB","potentialAction":[{"@type":"CommentAction","name":"Comment","target":["https:\/\/dmcsrb.com\/sport\/cijela-piramida-radi-sistemski-imamo-dobru-sansu-da-postavimo-crnu-goru-na-evropsku-mapu\/#respond"]}]},{"@type":"WebPage","@id":"https:\/\/dmcsrb.com\/sport\/cijela-piramida-radi-sistemski-imamo-dobru-sansu-da-postavimo-crnu-goru-na-evropsku-mapu\/","url":"https:\/\/dmcsrb.com\/sport\/cijela-piramida-radi-sistemski-imamo-dobru-sansu-da-postavimo-crnu-goru-na-evropsku-mapu\/","name":"\"Cijela piramida radi sistemski, imamo dobru \u0161ansu da postavimo Crnu Goru na evropsku mapu\" - dmcsrb.com","isPartOf":{"@id":"https:\/\/dmcsrb.com\/#website"},"primaryImageOfPage":{"@id":"https:\/\/dmcsrb.com\/sport\/cijela-piramida-radi-sistemski-imamo-dobru-sansu-da-postavimo-crnu-goru-na-evropsku-mapu\/#primaryimage"},"image":{"@id":"https:\/\/dmcsrb.com\/sport\/cijela-piramida-radi-sistemski-imamo-dobru-sansu-da-postavimo-crnu-goru-na-evropsku-mapu\/#primaryimage"},"thumbnailUrl":"https:\/\/dmcsrb.com\/wp-content\/uploads\/2026\/01\/Milosevic-CEV.webp","datePublished":"2026-01-18T13:15:00+00:00","author":{"@id":"https:\/\/dmcsrb.com\/#\/schema\/person\/5c39170f12db1b8b457732d0b5c854e2"},"breadcrumb":{"@id":"https:\/\/dmcsrb.com\/sport\/cijela-piramida-radi-sistemski-imamo-dobru-sansu-da-postavimo-crnu-goru-na-evropsku-mapu\/#breadcrumb"},"inLanguage":"en-GB","potentialAction":[{"@type":"ReadAction","target":["https:\/\/dmcsrb.com\/sport\/cijela-piramida-radi-sistemski-imamo-dobru-sansu-da-postavimo-crnu-goru-na-evropsku-mapu\/"]}]},{"@type":"ImageObject","inLanguage":"en-GB","@id":"https:\/\/dmcsrb.com\/sport\/cijela-piramida-radi-sistemski-imamo-dobru-sansu-da-postavimo-crnu-goru-na-evropsku-mapu\/#primaryimage","url":"https:\/\/dmcsrb.com\/wp-content\/uploads\/2026\/01\/Milosevic-CEV.webp","contentUrl":"https:\/\/dmcsrb.com\/wp-content\/uploads\/2026\/01\/Milosevic-CEV.webp","width":2000,"height":1333},{"@type":"BreadcrumbList","@id":"https:\/\/dmcsrb.com\/sport\/cijela-piramida-radi-sistemski-imamo-dobru-sansu-da-postavimo-crnu-goru-na-evropsku-mapu\/#breadcrumb","itemListElement":[{"@type":"ListItem","position":1,"name":"Home","item":"https:\/\/dmcsrb.com\/"},{"@type":"ListItem","position":2,"name":"&#8220;Cijela piramida radi sistemski, imamo dobru \u0161ansu da postavimo Crnu Goru na evropsku mapu&#8221;"}]},{"@type":"WebSite","@id":"https:\/\/dmcsrb.com\/#website","url":"https:\/\/dmcsrb.com\/","name":"dmcsrb.com","description":"","potentialAction":[{"@type":"SearchAction","target":{"@type":"EntryPoint","urlTemplate":"https:\/\/dmcsrb.com\/?s={search_term_string}"},"query-input":{"@type":"PropertyValueSpecification","valueRequired":true,"valueName":"search_term_string"}}],"inLanguage":"en-GB"},{"@type":"Person","@id":"https:\/\/dmcsrb.com\/#\/schema\/person\/5c39170f12db1b8b457732d0b5c854e2","name":"dmcsrbija.com@gmail.com","image":{"@type":"ImageObject","inLanguage":"en-GB","@id":"https:\/\/dmcsrb.com\/#\/schema\/person\/image\/","url":"https:\/\/secure.gravatar.com\/avatar\/68592660ad6347fad0fb587f8d5d8f1a7b44961362f56e4f2cd524feb87e9069?s=96&d=mm&r=g","contentUrl":"https:\/\/secure.gravatar.com\/avatar\/68592660ad6347fad0fb587f8d5d8f1a7b44961362f56e4f2cd524feb87e9069?s=96&d=mm&r=g","caption":"dmcsrbija.com@gmail.com"},"sameAs":["https:\/\/dmcsrb.com"],"url":"https:\/\/dmcsrb.com\/en\/author\/dmcsrbija-comgmail-com\/"}]}},"_links":{"self":[{"href":"https:\/\/dmcsrb.com\/en\/wp-json\/wp\/v2\/posts\/943126","targetHints":{"allow":["GET"]}}],"collection":[{"href":"https:\/\/dmcsrb.com\/en\/wp-json\/wp\/v2\/posts"}],"about":[{"href":"https:\/\/dmcsrb.com\/en\/wp-json\/wp\/v2\/types\/post"}],"author":[{"embeddable":true,"href":"https:\/\/dmcsrb.com\/en\/wp-json\/wp\/v2\/users\/1"}],"replies":[{"embeddable":true,"href":"https:\/\/dmcsrb.com\/en\/wp-json\/wp\/v2\/comments?post=943126"}],"version-history":[{"count":0,"href":"https:\/\/dmcsrb.com\/en\/wp-json\/wp\/v2\/posts\/943126\/revisions"}],"wp:featuredmedia":[{"embeddable":true,"href":"https:\/\/dmcsrb.com\/en\/wp-json\/wp\/v2\/media\/943127"}],"wp:attachment":[{"href":"https:\/\/dmcsrb.com\/en\/wp-json\/wp\/v2\/media?parent=943126"}],"wp:term":[{"taxonomy":"category","embeddable":true,"href":"https:\/\/dmcsrb.com\/en\/wp-json\/wp\/v2\/categories?post=943126"},{"taxonomy":"post_tag","embeddable":true,"href":"https:\/\/dmcsrb.com\/en\/wp-json\/wp\/v2\/tags?post=943126"},{"taxonomy":"naslovna","embeddable":true,"href":"https:\/\/dmcsrb.com\/en\/wp-json\/wp\/v2\/naslovna?post=943126"}],"curies":[{"name":"wp","href":"https:\/\/api.w.org\/{rel}","templated":true}]}}