{"id":943044,"date":"2026-01-17T21:08:00","date_gmt":"2026-01-17T20:08:00","guid":{"rendered":"https:\/\/dmcsrb.com\/uncategorized\/reakcije-iz-evrope-na-trampove-prijetnje-carinama-nece-nas-zastrasiti-ne-dozvoljavamo-ucjene\/"},"modified":"2026-01-17T21:08:00","modified_gmt":"2026-01-17T20:08:00","slug":"reakcije-iz-evrope-na-trampove-prijetnje-carinama-nece-nas-zastrasiti-ne-dozvoljavamo-ucjene","status":"publish","type":"post","link":"https:\/\/dmcsrb.com\/en\/svijet\/reakcije-iz-evrope-na-trampove-prijetnje-carinama-nece-nas-zastrasiti-ne-dozvoljavamo-ucjene\/","title":{"rendered":"Reakcije iz Evrope na Trampove prijetnje carinama: &#8220;Ne\u0107e nas zastra\u0161iti, ne dozvoljavamo ucjene&#8221;"},"content":{"rendered":"<p>Prvi koji se oglasio bio je francuski predsjednik Emanuel Makron koji je rekao kako \u0107e Evropa odr\u017eati suverenitet.<\/p>\n\n\n\n<p>&#8220;Francuska je posve\u0107ena suverenitetu i nezavisnosti nacija, u Evropi kao i drugdje. To vodi na\u0161e izbore. To je temelj na\u0161e privr\u017eenosti Ujedinjenim nacijama i na\u0161oj Povelji. Na toj osnovi podr\u017eavamo i nastavit \u0107emo podr\u017eavati Ukrajinu, te smo izgradili koaliciju onih koji su voljni za sna\u017ean i trajan mir, kako bismo branili ove principe i na\u0161u sigurnost. Tako\u0111e, na toj osnovi smo odlu\u010dili da se pridru\u017eimo vje\u017ebi koju je Danska odlu\u010dila na Grenlandu. Stojimo iza ove odluke. Posebno zato \u0161to se ti\u010de sigurnosti na Arktiku i na granicama na\u0161e Evrope&#8221;, rekao je Makron.<\/p>\n\n\n\n<p>&#8220;Nikakvo zastra\u0161ivanje niti prijetnja ne\u0107e nas uticati ni u Ukrajini ni na Grenlandu ni bilo gdje drugdje u svijetu kada se suo\u010dimo s takvim situacijama. Prijetnje carinama su neprihvatljive i nemaju mjesta u ovom kontekstu. Evropljani \u0107e na njih odgovoriti jedinstveno i koordinirano ako se potvrde. Zna\u0107emo kako da odr\u017eimo evropski suverenitet. U tom duhu \u0107u razgovarati s na\u0161im evropskim partnerima&#8221;, naveo je.<\/p>\n\n\n\n<p>Sli\u010dne izjave uputio je i britanski premijer Keir Starmer.<\/p>\n\n\n\n<p>&#8220;Na\u0161 stav o Grenlandu je jasan &#8211; to je dio Kraljevine Danske i njegova budu\u0107nost je stvar Grenlan\u0111ana i Danaca. Primjena carina na saveznike radi ostvarivanja kolektivne sigurnosti NATO saveznika je pogre\u0161na. Naravno, ovo pitanje \u0107emo direktno istra\u017eivati s ameri\u010dkom administracijom&#8221;, isti\u010de Starmer.<\/p>\n\n\n\n<p>O\u0161tar u izjavama bio je i \u0161vedski premijer Ulf Kristersson.<\/p>\n\n\n\n<p>&#8220;Ne\u0107emo dozvoliti ucjene. Uvijek \u0107u se zalagati za svoju zemlju i za na\u0161e savezni\u010dke susjede. Ovo je pitanje EU koje se ti\u010de mnogo vi\u0161e zemalja od onih koje se sada izdvajaju&#8221;, isti\u010de on.<\/p>","protected":false},"excerpt":{"rendered":"<p>Brojni evropski lideri oglasili su se nakon \u0161to je Donald Tramp saop\u0161tio kako \u0107e uvesti dodatne carine evropskim zemljama zbog neslaganja s ameri\u010dkim politikom &#8220;posjedovanja&#8221; teritorije Grenlanda.<\/p>","protected":false},"author":1,"featured_media":943045,"comment_status":"open","ping_status":"open","sticky":false,"template":"","format":"standard","meta":{"_acf_changed":false,"footnotes":""},"categories":[144],"tags":[193,708],"naslovna":[],"class_list":["post-943044","post","type-post","status-publish","format-standard","has-post-thumbnail","hentry","category-svijet","tag-donald-tramp","tag-evropa"],"acf":[],"yoast_head":"<!-- This site is optimized with the Yoast SEO plugin v27.0 - https:\/\/yoast.com\/product\/yoast-seo-wordpress\/ -->\n<title>Reakcije iz Evrope na Trampove prijetnje carinama: &quot;Ne\u0107e nas zastra\u0161iti, ne dozvoljavamo ucjene&quot; - dmcsrb.com<\/title>\n<meta name=\"robots\" content=\"index, follow, max-snippet:-1, max-image-preview:large, max-video-preview:-1\" \/>\n<link rel=\"canonical\" href=\"https:\/\/dmcsrb.com\/en\/svijet\/reakcije-iz-evrope-na-trampove-prijetnje-carinama-nece-nas-zastrasiti-ne-dozvoljavamo-ucjene\/\" \/>\n<meta property=\"og:locale\" content=\"en_GB\" \/>\n<meta property=\"og:type\" content=\"article\" \/>\n<meta property=\"og:title\" content=\"Reakcije iz Evrope na Trampove prijetnje carinama: &quot;Ne\u0107e nas zastra\u0161iti, ne dozvoljavamo ucjene&quot; - dmcsrb.com\" \/>\n<meta property=\"og:description\" content=\"Brojni evropski lideri oglasili su se nakon \u0161to je Donald Tramp saop\u0161tio kako \u0107e uvesti dodatne carine evropskim zemljama zbog neslaganja s ameri\u010dkim politikom &quot;posjedovanja&quot; teritorije Grenlanda.\" \/>\n<meta property=\"og:url\" content=\"https:\/\/dmcsrb.com\/en\/svijet\/reakcije-iz-evrope-na-trampove-prijetnje-carinama-nece-nas-zastrasiti-ne-dozvoljavamo-ucjene\/\" \/>\n<meta property=\"og:site_name\" content=\"dmcsrb.com\" \/>\n<meta property=\"article:published_time\" content=\"2026-01-17T20:08:00+00:00\" \/>\n<meta property=\"og:image\" content=\"https:\/\/dmcsrb.com\/wp-content\/uploads\/2026\/01\/Emanuel-Makron-AP.webp\" \/>\n\t<meta property=\"og:image:width\" content=\"1099\" \/>\n\t<meta property=\"og:image:height\" content=\"620\" \/>\n\t<meta property=\"og:image:type\" content=\"image\/jpeg\" \/>\n<meta name=\"author\" content=\"dmcsrbija.com@gmail.com\" \/>\n<meta name=\"twitter:card\" content=\"summary_large_image\" \/>\n<meta name=\"twitter:label1\" content=\"Written by\" \/>\n\t<meta name=\"twitter:data1\" content=\"dmcsrbija.com@gmail.com\" \/>\n\t<meta name=\"twitter:label2\" content=\"Estimated reading time\" \/>\n\t<meta name=\"twitter:data2\" content=\"2 minutes\" \/>\n<script type=\"application\/ld+json\" class=\"yoast-schema-graph\">{\"@context\":\"https:\/\/schema.org\",\"@graph\":[{\"@type\":\"Article\",\"@id\":\"https:\/\/dmcsrb.com\/svijet\/reakcije-iz-evrope-na-trampove-prijetnje-carinama-nece-nas-zastrasiti-ne-dozvoljavamo-ucjene\/#article\",\"isPartOf\":{\"@id\":\"https:\/\/dmcsrb.com\/svijet\/reakcije-iz-evrope-na-trampove-prijetnje-carinama-nece-nas-zastrasiti-ne-dozvoljavamo-ucjene\/\"},\"author\":{\"name\":\"dmcsrbija.com@gmail.com\",\"@id\":\"https:\/\/dmcsrb.com\/#\/schema\/person\/5c39170f12db1b8b457732d0b5c854e2\"},\"headline\":\"Reakcije iz Evrope na Trampove prijetnje carinama: &#8220;Ne\u0107e nas zastra\u0161iti, ne dozvoljavamo ucjene&#8221;\",\"datePublished\":\"2026-01-17T20:08:00+00:00\",\"mainEntityOfPage\":{\"@id\":\"https:\/\/dmcsrb.com\/svijet\/reakcije-iz-evrope-na-trampove-prijetnje-carinama-nece-nas-zastrasiti-ne-dozvoljavamo-ucjene\/\"},\"wordCount\":320,\"commentCount\":0,\"image\":{\"@id\":\"https:\/\/dmcsrb.com\/svijet\/reakcije-iz-evrope-na-trampove-prijetnje-carinama-nece-nas-zastrasiti-ne-dozvoljavamo-ucjene\/#primaryimage\"},\"thumbnailUrl\":\"https:\/\/dmcsrb.com\/wp-content\/uploads\/2026\/01\/Emanuel-Makron-AP.webp\",\"keywords\":[\"Donald Tramp\",\"Evropa\"],\"articleSection\":[\"Svijet\"],\"inLanguage\":\"en-GB\",\"potentialAction\":[{\"@type\":\"CommentAction\",\"name\":\"Comment\",\"target\":[\"https:\/\/dmcsrb.com\/svijet\/reakcije-iz-evrope-na-trampove-prijetnje-carinama-nece-nas-zastrasiti-ne-dozvoljavamo-ucjene\/#respond\"]}]},{\"@type\":\"WebPage\",\"@id\":\"https:\/\/dmcsrb.com\/svijet\/reakcije-iz-evrope-na-trampove-prijetnje-carinama-nece-nas-zastrasiti-ne-dozvoljavamo-ucjene\/\",\"url\":\"https:\/\/dmcsrb.com\/svijet\/reakcije-iz-evrope-na-trampove-prijetnje-carinama-nece-nas-zastrasiti-ne-dozvoljavamo-ucjene\/\",\"name\":\"Reakcije iz Evrope na Trampove prijetnje carinama: \\\"Ne\u0107e nas zastra\u0161iti, ne dozvoljavamo ucjene\\\" - dmcsrb.com\",\"isPartOf\":{\"@id\":\"https:\/\/dmcsrb.com\/#website\"},\"primaryImageOfPage\":{\"@id\":\"https:\/\/dmcsrb.com\/svijet\/reakcije-iz-evrope-na-trampove-prijetnje-carinama-nece-nas-zastrasiti-ne-dozvoljavamo-ucjene\/#primaryimage\"},\"image\":{\"@id\":\"https:\/\/dmcsrb.com\/svijet\/reakcije-iz-evrope-na-trampove-prijetnje-carinama-nece-nas-zastrasiti-ne-dozvoljavamo-ucjene\/#primaryimage\"},\"thumbnailUrl\":\"https:\/\/dmcsrb.com\/wp-content\/uploads\/2026\/01\/Emanuel-Makron-AP.webp\",\"datePublished\":\"2026-01-17T20:08:00+00:00\",\"author\":{\"@id\":\"https:\/\/dmcsrb.com\/#\/schema\/person\/5c39170f12db1b8b457732d0b5c854e2\"},\"breadcrumb\":{\"@id\":\"https:\/\/dmcsrb.com\/svijet\/reakcije-iz-evrope-na-trampove-prijetnje-carinama-nece-nas-zastrasiti-ne-dozvoljavamo-ucjene\/#breadcrumb\"},\"inLanguage\":\"en-GB\",\"potentialAction\":[{\"@type\":\"ReadAction\",\"target\":[\"https:\/\/dmcsrb.com\/svijet\/reakcije-iz-evrope-na-trampove-prijetnje-carinama-nece-nas-zastrasiti-ne-dozvoljavamo-ucjene\/\"]}]},{\"@type\":\"ImageObject\",\"inLanguage\":\"en-GB\",\"@id\":\"https:\/\/dmcsrb.com\/svijet\/reakcije-iz-evrope-na-trampove-prijetnje-carinama-nece-nas-zastrasiti-ne-dozvoljavamo-ucjene\/#primaryimage\",\"url\":\"https:\/\/dmcsrb.com\/wp-content\/uploads\/2026\/01\/Emanuel-Makron-AP.webp\",\"contentUrl\":\"https:\/\/dmcsrb.com\/wp-content\/uploads\/2026\/01\/Emanuel-Makron-AP.webp\",\"width\":1099,\"height\":620},{\"@type\":\"BreadcrumbList\",\"@id\":\"https:\/\/dmcsrb.com\/svijet\/reakcije-iz-evrope-na-trampove-prijetnje-carinama-nece-nas-zastrasiti-ne-dozvoljavamo-ucjene\/#breadcrumb\",\"itemListElement\":[{\"@type\":\"ListItem\",\"position\":1,\"name\":\"Home\",\"item\":\"https:\/\/dmcsrb.com\/\"},{\"@type\":\"ListItem\",\"position\":2,\"name\":\"Reakcije iz Evrope na Trampove prijetnje carinama: &#8220;Ne\u0107e nas zastra\u0161iti, ne dozvoljavamo ucjene&#8221;\"}]},{\"@type\":\"WebSite\",\"@id\":\"https:\/\/dmcsrb.com\/#website\",\"url\":\"https:\/\/dmcsrb.com\/\",\"name\":\"dmcsrb.com\",\"description\":\"\",\"potentialAction\":[{\"@type\":\"SearchAction\",\"target\":{\"@type\":\"EntryPoint\",\"urlTemplate\":\"https:\/\/dmcsrb.com\/?s={search_term_string}\"},\"query-input\":{\"@type\":\"PropertyValueSpecification\",\"valueRequired\":true,\"valueName\":\"search_term_string\"}}],\"inLanguage\":\"en-GB\"},{\"@type\":\"Person\",\"@id\":\"https:\/\/dmcsrb.com\/#\/schema\/person\/5c39170f12db1b8b457732d0b5c854e2\",\"name\":\"dmcsrbija.com@gmail.com\",\"image\":{\"@type\":\"ImageObject\",\"inLanguage\":\"en-GB\",\"@id\":\"https:\/\/dmcsrb.com\/#\/schema\/person\/image\/\",\"url\":\"https:\/\/secure.gravatar.com\/avatar\/68592660ad6347fad0fb587f8d5d8f1a7b44961362f56e4f2cd524feb87e9069?s=96&d=mm&r=g\",\"contentUrl\":\"https:\/\/secure.gravatar.com\/avatar\/68592660ad6347fad0fb587f8d5d8f1a7b44961362f56e4f2cd524feb87e9069?s=96&d=mm&r=g\",\"caption\":\"dmcsrbija.com@gmail.com\"},\"sameAs\":[\"https:\/\/dmcsrb.com\"],\"url\":\"https:\/\/dmcsrb.com\/en\/author\/dmcsrbija-comgmail-com\/\"}]}<\/script>\n<!-- \/ Yoast SEO plugin. -->","yoast_head_json":{"title":"Reakcije iz Evrope na Trampove prijetnje carinama: \"Ne\u0107e nas zastra\u0161iti, ne dozvoljavamo ucjene\" - dmcsrb.com","robots":{"index":"index","follow":"follow","max-snippet":"max-snippet:-1","max-image-preview":"max-image-preview:large","max-video-preview":"max-video-preview:-1"},"canonical":"https:\/\/dmcsrb.com\/en\/svijet\/reakcije-iz-evrope-na-trampove-prijetnje-carinama-nece-nas-zastrasiti-ne-dozvoljavamo-ucjene\/","og_locale":"en_GB","og_type":"article","og_title":"Reakcije iz Evrope na Trampove prijetnje carinama: \"Ne\u0107e nas zastra\u0161iti, ne dozvoljavamo ucjene\" - dmcsrb.com","og_description":"Brojni evropski lideri oglasili su se nakon \u0161to je Donald Tramp saop\u0161tio kako \u0107e uvesti dodatne carine evropskim zemljama zbog neslaganja s ameri\u010dkim politikom \"posjedovanja\" teritorije Grenlanda.","og_url":"https:\/\/dmcsrb.com\/en\/svijet\/reakcije-iz-evrope-na-trampove-prijetnje-carinama-nece-nas-zastrasiti-ne-dozvoljavamo-ucjene\/","og_site_name":"dmcsrb.com","article_published_time":"2026-01-17T20:08:00+00:00","og_image":[{"width":1099,"height":620,"url":"https:\/\/dmcsrb.com\/wp-content\/uploads\/2026\/01\/Emanuel-Makron-AP.webp","type":"image\/jpeg"}],"author":"dmcsrbija.com@gmail.com","twitter_card":"summary_large_image","twitter_misc":{"Written by":"dmcsrbija.com@gmail.com","Estimated reading time":"2 minutes"},"schema":{"@context":"https:\/\/schema.org","@graph":[{"@type":"Article","@id":"https:\/\/dmcsrb.com\/svijet\/reakcije-iz-evrope-na-trampove-prijetnje-carinama-nece-nas-zastrasiti-ne-dozvoljavamo-ucjene\/#article","isPartOf":{"@id":"https:\/\/dmcsrb.com\/svijet\/reakcije-iz-evrope-na-trampove-prijetnje-carinama-nece-nas-zastrasiti-ne-dozvoljavamo-ucjene\/"},"author":{"name":"dmcsrbija.com@gmail.com","@id":"https:\/\/dmcsrb.com\/#\/schema\/person\/5c39170f12db1b8b457732d0b5c854e2"},"headline":"Reakcije iz Evrope na Trampove prijetnje carinama: &#8220;Ne\u0107e nas zastra\u0161iti, ne dozvoljavamo ucjene&#8221;","datePublished":"2026-01-17T20:08:00+00:00","mainEntityOfPage":{"@id":"https:\/\/dmcsrb.com\/svijet\/reakcije-iz-evrope-na-trampove-prijetnje-carinama-nece-nas-zastrasiti-ne-dozvoljavamo-ucjene\/"},"wordCount":320,"commentCount":0,"image":{"@id":"https:\/\/dmcsrb.com\/svijet\/reakcije-iz-evrope-na-trampove-prijetnje-carinama-nece-nas-zastrasiti-ne-dozvoljavamo-ucjene\/#primaryimage"},"thumbnailUrl":"https:\/\/dmcsrb.com\/wp-content\/uploads\/2026\/01\/Emanuel-Makron-AP.webp","keywords":["Donald Tramp","Evropa"],"articleSection":["Svijet"],"inLanguage":"en-GB","potentialAction":[{"@type":"CommentAction","name":"Comment","target":["https:\/\/dmcsrb.com\/svijet\/reakcije-iz-evrope-na-trampove-prijetnje-carinama-nece-nas-zastrasiti-ne-dozvoljavamo-ucjene\/#respond"]}]},{"@type":"WebPage","@id":"https:\/\/dmcsrb.com\/svijet\/reakcije-iz-evrope-na-trampove-prijetnje-carinama-nece-nas-zastrasiti-ne-dozvoljavamo-ucjene\/","url":"https:\/\/dmcsrb.com\/svijet\/reakcije-iz-evrope-na-trampove-prijetnje-carinama-nece-nas-zastrasiti-ne-dozvoljavamo-ucjene\/","name":"Reakcije iz Evrope na Trampove prijetnje carinama: \"Ne\u0107e nas zastra\u0161iti, ne dozvoljavamo ucjene\" - dmcsrb.com","isPartOf":{"@id":"https:\/\/dmcsrb.com\/#website"},"primaryImageOfPage":{"@id":"https:\/\/dmcsrb.com\/svijet\/reakcije-iz-evrope-na-trampove-prijetnje-carinama-nece-nas-zastrasiti-ne-dozvoljavamo-ucjene\/#primaryimage"},"image":{"@id":"https:\/\/dmcsrb.com\/svijet\/reakcije-iz-evrope-na-trampove-prijetnje-carinama-nece-nas-zastrasiti-ne-dozvoljavamo-ucjene\/#primaryimage"},"thumbnailUrl":"https:\/\/dmcsrb.com\/wp-content\/uploads\/2026\/01\/Emanuel-Makron-AP.webp","datePublished":"2026-01-17T20:08:00+00:00","author":{"@id":"https:\/\/dmcsrb.com\/#\/schema\/person\/5c39170f12db1b8b457732d0b5c854e2"},"breadcrumb":{"@id":"https:\/\/dmcsrb.com\/svijet\/reakcije-iz-evrope-na-trampove-prijetnje-carinama-nece-nas-zastrasiti-ne-dozvoljavamo-ucjene\/#breadcrumb"},"inLanguage":"en-GB","potentialAction":[{"@type":"ReadAction","target":["https:\/\/dmcsrb.com\/svijet\/reakcije-iz-evrope-na-trampove-prijetnje-carinama-nece-nas-zastrasiti-ne-dozvoljavamo-ucjene\/"]}]},{"@type":"ImageObject","inLanguage":"en-GB","@id":"https:\/\/dmcsrb.com\/svijet\/reakcije-iz-evrope-na-trampove-prijetnje-carinama-nece-nas-zastrasiti-ne-dozvoljavamo-ucjene\/#primaryimage","url":"https:\/\/dmcsrb.com\/wp-content\/uploads\/2026\/01\/Emanuel-Makron-AP.webp","contentUrl":"https:\/\/dmcsrb.com\/wp-content\/uploads\/2026\/01\/Emanuel-Makron-AP.webp","width":1099,"height":620},{"@type":"BreadcrumbList","@id":"https:\/\/dmcsrb.com\/svijet\/reakcije-iz-evrope-na-trampove-prijetnje-carinama-nece-nas-zastrasiti-ne-dozvoljavamo-ucjene\/#breadcrumb","itemListElement":[{"@type":"ListItem","position":1,"name":"Home","item":"https:\/\/dmcsrb.com\/"},{"@type":"ListItem","position":2,"name":"Reakcije iz Evrope na Trampove prijetnje carinama: &#8220;Ne\u0107e nas zastra\u0161iti, ne dozvoljavamo ucjene&#8221;"}]},{"@type":"WebSite","@id":"https:\/\/dmcsrb.com\/#website","url":"https:\/\/dmcsrb.com\/","name":"dmcsrb.com","description":"","potentialAction":[{"@type":"SearchAction","target":{"@type":"EntryPoint","urlTemplate":"https:\/\/dmcsrb.com\/?s={search_term_string}"},"query-input":{"@type":"PropertyValueSpecification","valueRequired":true,"valueName":"search_term_string"}}],"inLanguage":"en-GB"},{"@type":"Person","@id":"https:\/\/dmcsrb.com\/#\/schema\/person\/5c39170f12db1b8b457732d0b5c854e2","name":"dmcsrbija.com@gmail.com","image":{"@type":"ImageObject","inLanguage":"en-GB","@id":"https:\/\/dmcsrb.com\/#\/schema\/person\/image\/","url":"https:\/\/secure.gravatar.com\/avatar\/68592660ad6347fad0fb587f8d5d8f1a7b44961362f56e4f2cd524feb87e9069?s=96&d=mm&r=g","contentUrl":"https:\/\/secure.gravatar.com\/avatar\/68592660ad6347fad0fb587f8d5d8f1a7b44961362f56e4f2cd524feb87e9069?s=96&d=mm&r=g","caption":"dmcsrbija.com@gmail.com"},"sameAs":["https:\/\/dmcsrb.com"],"url":"https:\/\/dmcsrb.com\/en\/author\/dmcsrbija-comgmail-com\/"}]}},"_links":{"self":[{"href":"https:\/\/dmcsrb.com\/en\/wp-json\/wp\/v2\/posts\/943044","targetHints":{"allow":["GET"]}}],"collection":[{"href":"https:\/\/dmcsrb.com\/en\/wp-json\/wp\/v2\/posts"}],"about":[{"href":"https:\/\/dmcsrb.com\/en\/wp-json\/wp\/v2\/types\/post"}],"author":[{"embeddable":true,"href":"https:\/\/dmcsrb.com\/en\/wp-json\/wp\/v2\/users\/1"}],"replies":[{"embeddable":true,"href":"https:\/\/dmcsrb.com\/en\/wp-json\/wp\/v2\/comments?post=943044"}],"version-history":[{"count":0,"href":"https:\/\/dmcsrb.com\/en\/wp-json\/wp\/v2\/posts\/943044\/revisions"}],"wp:featuredmedia":[{"embeddable":true,"href":"https:\/\/dmcsrb.com\/en\/wp-json\/wp\/v2\/media\/943045"}],"wp:attachment":[{"href":"https:\/\/dmcsrb.com\/en\/wp-json\/wp\/v2\/media?parent=943044"}],"wp:term":[{"taxonomy":"category","embeddable":true,"href":"https:\/\/dmcsrb.com\/en\/wp-json\/wp\/v2\/categories?post=943044"},{"taxonomy":"post_tag","embeddable":true,"href":"https:\/\/dmcsrb.com\/en\/wp-json\/wp\/v2\/tags?post=943044"},{"taxonomy":"naslovna","embeddable":true,"href":"https:\/\/dmcsrb.com\/en\/wp-json\/wp\/v2\/naslovna?post=943044"}],"curies":[{"name":"wp","href":"https:\/\/api.w.org\/{rel}","templated":true}]}}