{"id":942620,"date":"2026-01-16T22:14:00","date_gmt":"2026-01-16T21:14:00","guid":{"rendered":"https:\/\/gradski.me\/?p=910150"},"modified":"2026-01-16T22:14:00","modified_gmt":"2026-01-16T21:14:00","slug":"grcka-planira-sirenje-teritorijalnih-voda-uprkos-turskom-upozorenju","status":"publish","type":"post","link":"https:\/\/dmcsrb.com\/en\/svijet\/grcka-planira-sirenje-teritorijalnih-voda-uprkos-turskom-upozorenju\/","title":{"rendered":"Gr\u010dka planira \u0161irenje teritorijalnih voda uprkos turskom upozorenju"},"content":{"rendered":"<p>Gr\u010dka planira dalje pro\u0161iriti svoje teritorijalne vode u Egejskom moru, rekao je danas ministar vanjskih poslova George Gerapetritis, uprkos turskoj dugogodi\u0161njoj prijetnji ratom ako bi Atina u\u010dinila taj korak.<\/p>\n\n\n\n<p>Gr\u010dka je ve\u0107 pro\u0161irila svoje teritorijalne vode u Jonskom moru sa 6 na 12 nauti\u010dkih milja, nakon dogovora s Italijom, a s Egiptom je potpisala pomorsko razgrani\u010denje u isto\u010dnom Sredozemlju. No, izbjegavala je takve poteze u Egejskom moru.<\/p>\n\n\n\n<p>Godine 1995. turski parlament proglasio je da \u0107e biti &#8220;povod za rat&#8221; ako Gr\u010dka jednostrano pro\u0161iri svoje vode vi\u0161e od \u0161est nauti\u010dkih milja u Egejskom moru, \u0161to je pozicija za koju Atina ka\u017ee da kr\u0161i me\u0111unarodno pomorsko pravo.<\/p>\n\n\n\n<p>Odgovaraju\u0107i danas na pitanja u parlamentu, Gerapetritis je rekao da se o\u010dekuje dalje pro\u0161irenje.<\/p>\n\n\n\n<p>&#8220;Danas se na\u0161 suverenitet u Egejskom moru prote\u017ee na \u0161est nauti\u010dkih milja&#8221;, rekao je Gerapetritis. &#8220;Kao \u0161to je postojao sporazum s Egiptom, kao \u0161to je postojao sporazum s Italijom, do\u0107i \u0107e i do pro\u0161irenja teritorijalnih voda.&#8221;<\/p>\n\n\n\n<p>Tursko ministarstvo vanjskih poslova nije bilo odmah dostupno za komentar.<\/p>\n\n\n\n<p>Gr\u010dka ka\u017ee da je jedino pitanje o kojem je spremna pregovarati s Turskom razgrani\u010denje njihovih pomorskih zona, uklju\u010duju\u0107i epikontinentalni pojas i isklju\u010divi privredni pojas.<\/p>","protected":false},"excerpt":{"rendered":"<p>Gr\u010dka je ve\u0107 pro\u0161irila svoje teritorijalne vode u Jonskom moru, a s Egiptom je potpisala pomorsko razgrani\u010denje u isto\u010dnom Sredozemlju.<\/p>","protected":false},"author":1,"featured_media":942842,"comment_status":"open","ping_status":"open","sticky":false,"template":"","format":"standard","meta":{"_acf_changed":false,"footnotes":""},"categories":[144],"tags":[1886,16174,1066],"naslovna":[],"class_list":["post-942620","post","type-post","status-publish","format-standard","has-post-thumbnail","hentry","category-svijet","tag-grcka","tag-teritorijalne-vode","tag-turska"],"acf":[],"yoast_head":"<!-- This site is optimized with the Yoast SEO plugin v27.4 - https:\/\/yoast.com\/product\/yoast-seo-wordpress\/ -->\n<title>Gr\u010dka planira \u0161irenje teritorijalnih voda uprkos turskom upozorenju - dmcsrb.com<\/title>\n<meta name=\"robots\" content=\"index, follow, max-snippet:-1, max-image-preview:large, max-video-preview:-1\" \/>\n<link rel=\"canonical\" href=\"https:\/\/dmcsrb.com\/en\/svijet\/grcka-planira-sirenje-teritorijalnih-voda-uprkos-turskom-upozorenju\/\" \/>\n<meta property=\"og:locale\" content=\"en_GB\" \/>\n<meta property=\"og:type\" content=\"article\" \/>\n<meta property=\"og:title\" content=\"Gr\u010dka planira \u0161irenje teritorijalnih voda uprkos turskom upozorenju - dmcsrb.com\" \/>\n<meta property=\"og:description\" content=\"Gr\u010dka je ve\u0107 pro\u0161irila svoje teritorijalne vode u Jonskom moru, a s Egiptom je potpisala pomorsko razgrani\u010denje u isto\u010dnom Sredozemlju.\" \/>\n<meta property=\"og:url\" content=\"https:\/\/dmcsrb.com\/en\/svijet\/grcka-planira-sirenje-teritorijalnih-voda-uprkos-turskom-upozorenju\/\" \/>\n<meta property=\"og:site_name\" content=\"dmcsrb.com\" \/>\n<meta property=\"article:published_time\" content=\"2026-01-16T21:14:00+00:00\" \/>\n<meta property=\"og:image\" content=\"https:\/\/dmcsrb.com\/wp-content\/uploads\/2026\/01\/Atina.webp\" \/>\n\t<meta property=\"og:image:width\" content=\"1280\" \/>\n\t<meta property=\"og:image:height\" content=\"852\" \/>\n\t<meta property=\"og:image:type\" content=\"image\/jpeg\" \/>\n<meta name=\"author\" content=\"dmcsrbija.com@gmail.com\" \/>\n<meta name=\"twitter:card\" content=\"summary_large_image\" \/>\n<meta name=\"twitter:label1\" content=\"Written by\" \/>\n\t<meta name=\"twitter:data1\" content=\"dmcsrbija.com@gmail.com\" \/>\n\t<meta name=\"twitter:label2\" content=\"Estimated reading time\" \/>\n\t<meta name=\"twitter:data2\" content=\"1 minute\" \/>\n<script type=\"application\/ld+json\" class=\"yoast-schema-graph\">{\"@context\":\"https:\\\/\\\/schema.org\",\"@graph\":[{\"@type\":\"Article\",\"@id\":\"https:\\\/\\\/dmcsrb.com\\\/svijet\\\/grcka-planira-sirenje-teritorijalnih-voda-uprkos-turskom-upozorenju\\\/#article\",\"isPartOf\":{\"@id\":\"https:\\\/\\\/dmcsrb.com\\\/svijet\\\/grcka-planira-sirenje-teritorijalnih-voda-uprkos-turskom-upozorenju\\\/\"},\"author\":{\"name\":\"dmcsrbija.com@gmail.com\",\"@id\":\"https:\\\/\\\/dmcsrb.com\\\/#\\\/schema\\\/person\\\/5c39170f12db1b8b457732d0b5c854e2\"},\"headline\":\"Gr\u010dka planira \u0161irenje teritorijalnih voda uprkos turskom upozorenju\",\"datePublished\":\"2026-01-16T21:14:00+00:00\",\"mainEntityOfPage\":{\"@id\":\"https:\\\/\\\/dmcsrb.com\\\/svijet\\\/grcka-planira-sirenje-teritorijalnih-voda-uprkos-turskom-upozorenju\\\/\"},\"wordCount\":224,\"commentCount\":0,\"image\":{\"@id\":\"https:\\\/\\\/dmcsrb.com\\\/svijet\\\/grcka-planira-sirenje-teritorijalnih-voda-uprkos-turskom-upozorenju\\\/#primaryimage\"},\"thumbnailUrl\":\"https:\\\/\\\/dmcsrb.com\\\/wp-content\\\/uploads\\\/2026\\\/01\\\/Atina.webp\",\"keywords\":[\"Gr\u010dka\",\"teritorijalne vode\",\"Turska\"],\"articleSection\":[\"Svijet\"],\"inLanguage\":\"en-GB\",\"potentialAction\":[{\"@type\":\"CommentAction\",\"name\":\"Comment\",\"target\":[\"https:\\\/\\\/dmcsrb.com\\\/svijet\\\/grcka-planira-sirenje-teritorijalnih-voda-uprkos-turskom-upozorenju\\\/#respond\"]}]},{\"@type\":\"WebPage\",\"@id\":\"https:\\\/\\\/dmcsrb.com\\\/svijet\\\/grcka-planira-sirenje-teritorijalnih-voda-uprkos-turskom-upozorenju\\\/\",\"url\":\"https:\\\/\\\/dmcsrb.com\\\/svijet\\\/grcka-planira-sirenje-teritorijalnih-voda-uprkos-turskom-upozorenju\\\/\",\"name\":\"Gr\u010dka planira \u0161irenje teritorijalnih voda uprkos turskom upozorenju - dmcsrb.com\",\"isPartOf\":{\"@id\":\"https:\\\/\\\/dmcsrb.com\\\/#website\"},\"primaryImageOfPage\":{\"@id\":\"https:\\\/\\\/dmcsrb.com\\\/svijet\\\/grcka-planira-sirenje-teritorijalnih-voda-uprkos-turskom-upozorenju\\\/#primaryimage\"},\"image\":{\"@id\":\"https:\\\/\\\/dmcsrb.com\\\/svijet\\\/grcka-planira-sirenje-teritorijalnih-voda-uprkos-turskom-upozorenju\\\/#primaryimage\"},\"thumbnailUrl\":\"https:\\\/\\\/dmcsrb.com\\\/wp-content\\\/uploads\\\/2026\\\/01\\\/Atina.webp\",\"datePublished\":\"2026-01-16T21:14:00+00:00\",\"author\":{\"@id\":\"https:\\\/\\\/dmcsrb.com\\\/#\\\/schema\\\/person\\\/5c39170f12db1b8b457732d0b5c854e2\"},\"breadcrumb\":{\"@id\":\"https:\\\/\\\/dmcsrb.com\\\/svijet\\\/grcka-planira-sirenje-teritorijalnih-voda-uprkos-turskom-upozorenju\\\/#breadcrumb\"},\"inLanguage\":\"en-GB\",\"potentialAction\":[{\"@type\":\"ReadAction\",\"target\":[\"https:\\\/\\\/dmcsrb.com\\\/svijet\\\/grcka-planira-sirenje-teritorijalnih-voda-uprkos-turskom-upozorenju\\\/\"]}]},{\"@type\":\"ImageObject\",\"inLanguage\":\"en-GB\",\"@id\":\"https:\\\/\\\/dmcsrb.com\\\/svijet\\\/grcka-planira-sirenje-teritorijalnih-voda-uprkos-turskom-upozorenju\\\/#primaryimage\",\"url\":\"https:\\\/\\\/dmcsrb.com\\\/wp-content\\\/uploads\\\/2026\\\/01\\\/Atina.webp\",\"contentUrl\":\"https:\\\/\\\/dmcsrb.com\\\/wp-content\\\/uploads\\\/2026\\\/01\\\/Atina.webp\",\"width\":1280,\"height\":852,\"caption\":\"Foto: Afp\"},{\"@type\":\"BreadcrumbList\",\"@id\":\"https:\\\/\\\/dmcsrb.com\\\/svijet\\\/grcka-planira-sirenje-teritorijalnih-voda-uprkos-turskom-upozorenju\\\/#breadcrumb\",\"itemListElement\":[{\"@type\":\"ListItem\",\"position\":1,\"name\":\"Home\",\"item\":\"https:\\\/\\\/dmcsrb.com\\\/\"},{\"@type\":\"ListItem\",\"position\":2,\"name\":\"Gr\u010dka planira \u0161irenje teritorijalnih voda uprkos turskom upozorenju\"}]},{\"@type\":\"WebSite\",\"@id\":\"https:\\\/\\\/dmcsrb.com\\\/#website\",\"url\":\"https:\\\/\\\/dmcsrb.com\\\/\",\"name\":\"dmcsrb.com\",\"description\":\"\",\"potentialAction\":[{\"@type\":\"SearchAction\",\"target\":{\"@type\":\"EntryPoint\",\"urlTemplate\":\"https:\\\/\\\/dmcsrb.com\\\/?s={search_term_string}\"},\"query-input\":{\"@type\":\"PropertyValueSpecification\",\"valueRequired\":true,\"valueName\":\"search_term_string\"}}],\"inLanguage\":\"en-GB\"},{\"@type\":\"Person\",\"@id\":\"https:\\\/\\\/dmcsrb.com\\\/#\\\/schema\\\/person\\\/5c39170f12db1b8b457732d0b5c854e2\",\"name\":\"dmcsrbija.com@gmail.com\",\"image\":{\"@type\":\"ImageObject\",\"inLanguage\":\"en-GB\",\"@id\":\"https:\\\/\\\/secure.gravatar.com\\\/avatar\\\/68592660ad6347fad0fb587f8d5d8f1a7b44961362f56e4f2cd524feb87e9069?s=96&d=mm&r=g\",\"url\":\"https:\\\/\\\/secure.gravatar.com\\\/avatar\\\/68592660ad6347fad0fb587f8d5d8f1a7b44961362f56e4f2cd524feb87e9069?s=96&d=mm&r=g\",\"contentUrl\":\"https:\\\/\\\/secure.gravatar.com\\\/avatar\\\/68592660ad6347fad0fb587f8d5d8f1a7b44961362f56e4f2cd524feb87e9069?s=96&d=mm&r=g\",\"caption\":\"dmcsrbija.com@gmail.com\"},\"sameAs\":[\"https:\\\/\\\/dmcsrb.com\"],\"url\":\"https:\\\/\\\/dmcsrb.com\\\/en\\\/author\\\/dmcsrbija-comgmail-com\\\/\"}]}<\/script>\n<!-- \/ Yoast SEO plugin. -->","yoast_head_json":{"title":"Gr\u010dka planira \u0161irenje teritorijalnih voda uprkos turskom upozorenju - dmcsrb.com","robots":{"index":"index","follow":"follow","max-snippet":"max-snippet:-1","max-image-preview":"max-image-preview:large","max-video-preview":"max-video-preview:-1"},"canonical":"https:\/\/dmcsrb.com\/en\/svijet\/grcka-planira-sirenje-teritorijalnih-voda-uprkos-turskom-upozorenju\/","og_locale":"en_GB","og_type":"article","og_title":"Gr\u010dka planira \u0161irenje teritorijalnih voda uprkos turskom upozorenju - dmcsrb.com","og_description":"Gr\u010dka je ve\u0107 pro\u0161irila svoje teritorijalne vode u Jonskom moru, a s Egiptom je potpisala pomorsko razgrani\u010denje u isto\u010dnom Sredozemlju.","og_url":"https:\/\/dmcsrb.com\/en\/svijet\/grcka-planira-sirenje-teritorijalnih-voda-uprkos-turskom-upozorenju\/","og_site_name":"dmcsrb.com","article_published_time":"2026-01-16T21:14:00+00:00","og_image":[{"width":1280,"height":852,"url":"https:\/\/dmcsrb.com\/wp-content\/uploads\/2026\/01\/Atina.webp","type":"image\/jpeg"}],"author":"dmcsrbija.com@gmail.com","twitter_card":"summary_large_image","twitter_misc":{"Written by":"dmcsrbija.com@gmail.com","Estimated reading time":"1 minute"},"schema":{"@context":"https:\/\/schema.org","@graph":[{"@type":"Article","@id":"https:\/\/dmcsrb.com\/svijet\/grcka-planira-sirenje-teritorijalnih-voda-uprkos-turskom-upozorenju\/#article","isPartOf":{"@id":"https:\/\/dmcsrb.com\/svijet\/grcka-planira-sirenje-teritorijalnih-voda-uprkos-turskom-upozorenju\/"},"author":{"name":"dmcsrbija.com@gmail.com","@id":"https:\/\/dmcsrb.com\/#\/schema\/person\/5c39170f12db1b8b457732d0b5c854e2"},"headline":"Gr\u010dka planira \u0161irenje teritorijalnih voda uprkos turskom upozorenju","datePublished":"2026-01-16T21:14:00+00:00","mainEntityOfPage":{"@id":"https:\/\/dmcsrb.com\/svijet\/grcka-planira-sirenje-teritorijalnih-voda-uprkos-turskom-upozorenju\/"},"wordCount":224,"commentCount":0,"image":{"@id":"https:\/\/dmcsrb.com\/svijet\/grcka-planira-sirenje-teritorijalnih-voda-uprkos-turskom-upozorenju\/#primaryimage"},"thumbnailUrl":"https:\/\/dmcsrb.com\/wp-content\/uploads\/2026\/01\/Atina.webp","keywords":["Gr\u010dka","teritorijalne vode","Turska"],"articleSection":["Svijet"],"inLanguage":"en-GB","potentialAction":[{"@type":"CommentAction","name":"Comment","target":["https:\/\/dmcsrb.com\/svijet\/grcka-planira-sirenje-teritorijalnih-voda-uprkos-turskom-upozorenju\/#respond"]}]},{"@type":"WebPage","@id":"https:\/\/dmcsrb.com\/svijet\/grcka-planira-sirenje-teritorijalnih-voda-uprkos-turskom-upozorenju\/","url":"https:\/\/dmcsrb.com\/svijet\/grcka-planira-sirenje-teritorijalnih-voda-uprkos-turskom-upozorenju\/","name":"Gr\u010dka planira \u0161irenje teritorijalnih voda uprkos turskom upozorenju - dmcsrb.com","isPartOf":{"@id":"https:\/\/dmcsrb.com\/#website"},"primaryImageOfPage":{"@id":"https:\/\/dmcsrb.com\/svijet\/grcka-planira-sirenje-teritorijalnih-voda-uprkos-turskom-upozorenju\/#primaryimage"},"image":{"@id":"https:\/\/dmcsrb.com\/svijet\/grcka-planira-sirenje-teritorijalnih-voda-uprkos-turskom-upozorenju\/#primaryimage"},"thumbnailUrl":"https:\/\/dmcsrb.com\/wp-content\/uploads\/2026\/01\/Atina.webp","datePublished":"2026-01-16T21:14:00+00:00","author":{"@id":"https:\/\/dmcsrb.com\/#\/schema\/person\/5c39170f12db1b8b457732d0b5c854e2"},"breadcrumb":{"@id":"https:\/\/dmcsrb.com\/svijet\/grcka-planira-sirenje-teritorijalnih-voda-uprkos-turskom-upozorenju\/#breadcrumb"},"inLanguage":"en-GB","potentialAction":[{"@type":"ReadAction","target":["https:\/\/dmcsrb.com\/svijet\/grcka-planira-sirenje-teritorijalnih-voda-uprkos-turskom-upozorenju\/"]}]},{"@type":"ImageObject","inLanguage":"en-GB","@id":"https:\/\/dmcsrb.com\/svijet\/grcka-planira-sirenje-teritorijalnih-voda-uprkos-turskom-upozorenju\/#primaryimage","url":"https:\/\/dmcsrb.com\/wp-content\/uploads\/2026\/01\/Atina.webp","contentUrl":"https:\/\/dmcsrb.com\/wp-content\/uploads\/2026\/01\/Atina.webp","width":1280,"height":852,"caption":"Foto: Afp"},{"@type":"BreadcrumbList","@id":"https:\/\/dmcsrb.com\/svijet\/grcka-planira-sirenje-teritorijalnih-voda-uprkos-turskom-upozorenju\/#breadcrumb","itemListElement":[{"@type":"ListItem","position":1,"name":"Home","item":"https:\/\/dmcsrb.com\/"},{"@type":"ListItem","position":2,"name":"Gr\u010dka planira \u0161irenje teritorijalnih voda uprkos turskom upozorenju"}]},{"@type":"WebSite","@id":"https:\/\/dmcsrb.com\/#website","url":"https:\/\/dmcsrb.com\/","name":"dmcsrb.com","description":"","potentialAction":[{"@type":"SearchAction","target":{"@type":"EntryPoint","urlTemplate":"https:\/\/dmcsrb.com\/?s={search_term_string}"},"query-input":{"@type":"PropertyValueSpecification","valueRequired":true,"valueName":"search_term_string"}}],"inLanguage":"en-GB"},{"@type":"Person","@id":"https:\/\/dmcsrb.com\/#\/schema\/person\/5c39170f12db1b8b457732d0b5c854e2","name":"dmcsrbija.com@gmail.com","image":{"@type":"ImageObject","inLanguage":"en-GB","@id":"https:\/\/secure.gravatar.com\/avatar\/68592660ad6347fad0fb587f8d5d8f1a7b44961362f56e4f2cd524feb87e9069?s=96&d=mm&r=g","url":"https:\/\/secure.gravatar.com\/avatar\/68592660ad6347fad0fb587f8d5d8f1a7b44961362f56e4f2cd524feb87e9069?s=96&d=mm&r=g","contentUrl":"https:\/\/secure.gravatar.com\/avatar\/68592660ad6347fad0fb587f8d5d8f1a7b44961362f56e4f2cd524feb87e9069?s=96&d=mm&r=g","caption":"dmcsrbija.com@gmail.com"},"sameAs":["https:\/\/dmcsrb.com"],"url":"https:\/\/dmcsrb.com\/en\/author\/dmcsrbija-comgmail-com\/"}]}},"_links":{"self":[{"href":"https:\/\/dmcsrb.com\/en\/wp-json\/wp\/v2\/posts\/942620","targetHints":{"allow":["GET"]}}],"collection":[{"href":"https:\/\/dmcsrb.com\/en\/wp-json\/wp\/v2\/posts"}],"about":[{"href":"https:\/\/dmcsrb.com\/en\/wp-json\/wp\/v2\/types\/post"}],"author":[{"embeddable":true,"href":"https:\/\/dmcsrb.com\/en\/wp-json\/wp\/v2\/users\/1"}],"replies":[{"embeddable":true,"href":"https:\/\/dmcsrb.com\/en\/wp-json\/wp\/v2\/comments?post=942620"}],"version-history":[{"count":0,"href":"https:\/\/dmcsrb.com\/en\/wp-json\/wp\/v2\/posts\/942620\/revisions"}],"wp:featuredmedia":[{"embeddable":true,"href":"https:\/\/dmcsrb.com\/en\/wp-json\/wp\/v2\/media\/942842"}],"wp:attachment":[{"href":"https:\/\/dmcsrb.com\/en\/wp-json\/wp\/v2\/media?parent=942620"}],"wp:term":[{"taxonomy":"category","embeddable":true,"href":"https:\/\/dmcsrb.com\/en\/wp-json\/wp\/v2\/categories?post=942620"},{"taxonomy":"post_tag","embeddable":true,"href":"https:\/\/dmcsrb.com\/en\/wp-json\/wp\/v2\/tags?post=942620"},{"taxonomy":"naslovna","embeddable":true,"href":"https:\/\/dmcsrb.com\/en\/wp-json\/wp\/v2\/naslovna?post=942620"}],"curies":[{"name":"wp","href":"https:\/\/api.w.org\/{rel}","templated":true}]}}