{"id":942611,"date":"2026-01-16T19:52:00","date_gmt":"2026-01-16T18:52:00","guid":{"rendered":"https:\/\/gradski.me\/?p=910061"},"modified":"2026-01-16T19:52:00","modified_gmt":"2026-01-16T18:52:00","slug":"karavan-praznika-mimoze-u-vrnjackoj-banji","status":"publish","type":"post","link":"https:\/\/dmcsrb.com\/en\/drustvo\/karavan-praznika-mimoze-u-vrnjackoj-banji\/","title":{"rendered":"Karavan Praznika mimoze u Vrnja\u010dkoj Banji"},"content":{"rendered":"<p>Sve\u010danu povorku Gradske muzike i ma\u017eoretki Herceg Novi, trombonjera i ma\u0161kara pratio je veliki broj mje\u0161tana i gostiju, koji su u\u017eivali u mediteranskoj muzici, koreografijama i cvijetu mimoze. Pa\u017enju posjetilaca privukao je \u0161tand Turisti\u010dke organizacije Herceg Novi na kojem su, uz mimozu, dijeljeni propagandni materijali Praznika mimoze. <\/p>\n\n\n\n<p>&#8220;Vrnja\u010dka Banja je ove godine na ruti koju posje\u0107uje Karavan Praznika mimoze, \u0161to predstavlja obostrano zadovoljstvo. Uz defile Gradske muzike, ma\u017eoretki, ma\u0161kara, trombonjera i mimozu, poku\u0161a\u0107emo da do\u010daramo dio atmosfere koja \u0107e vladati od 13. do 28. februara. To je i najljep\u0161a pozivnica da u tom periodu posjete Herceg Novi\u201c, istakla je direktorica JUK Herceg Fest, Tatjana Ateljevi\u0107.<\/p>\n\n\n\n<p>Karavan Praznika mimoze prvi put posjetio je Vrnja\u010dku Banju a Novljani su nai\u0161li na odli\u010dan prijem, kazala je direktorica Turisti\u010dke organizacije Herceg Novi, Darija Bani\u0107evi\u0107.<\/p>\n\n\n\n<p>\u201eVeliki broj mje\u0161tana i gostiju ispratio je karavan. Drago nam je \u0161to imamo ovaj vid saradnje i nadam se da \u0107e ona biti nastavljena istim intenzitetom. O\u010dekujemo mje\u0161tane i goste Vrnja\u010dke Banje na Prazniku mimoze u Herceg Novom\u201c, kazala je Bani\u0107evi\u0107.<\/p>\n\n\n\n<p>Promocija 57. Praznika mimoze planirana je sjutra na Zlatiboru, u nedjelju u Nik\u0161i\u0107u, narednog vikenda u Isto\u010dnom Sarajevu i Banja Luci, a potom i u Trebinju.<\/p>\n\n\n\n<p>Pod sloganom \u201eDok sve spava, mimoza se budi\u201c objedinjeno je oko 60 pu\u010dkih, kulturnih, zabavnih, gastro i sportskih programa tokom dvije nedjelje, od 13. do 28. februara.  Organizatori i pokrovitelji manifestacije su Op\u0161tina Herceg Novi, JUK Herceg Fest i Turisti\u010dka organizacija Herceg Novi.<\/p>","protected":false},"excerpt":{"rendered":"<p>Karavan 57. Praznika mimoze posjetio je danas Vrnja\u010dku Banju i ulicama tog grada darivao dio najveselije fe\u0161te u regionu. <\/p>","protected":false},"author":1,"featured_media":942837,"comment_status":"open","ping_status":"open","sticky":false,"template":"","format":"standard","meta":{"_acf_changed":false,"footnotes":""},"categories":[2],"tags":[16061,6327,16164],"naslovna":[],"class_list":["post-942611","post","type-post","status-publish","format-standard","has-post-thumbnail","hentry","category-drustvo","tag-praznik-mimoze","tag-to-herceg-novi","tag-vrnjacka-banja"],"acf":[],"yoast_head":"<!-- This site is optimized with the Yoast SEO plugin v27.0 - https:\/\/yoast.com\/product\/yoast-seo-wordpress\/ -->\n<title>Karavan Praznika mimoze u Vrnja\u010dkoj Banji - dmcsrb.com<\/title>\n<meta name=\"robots\" content=\"index, follow, max-snippet:-1, max-image-preview:large, max-video-preview:-1\" \/>\n<link rel=\"canonical\" href=\"https:\/\/dmcsrb.com\/en\/drustvo\/karavan-praznika-mimoze-u-vrnjackoj-banji\/\" \/>\n<meta property=\"og:locale\" content=\"en_GB\" \/>\n<meta property=\"og:type\" content=\"article\" \/>\n<meta property=\"og:title\" content=\"Karavan Praznika mimoze u Vrnja\u010dkoj Banji - dmcsrb.com\" \/>\n<meta property=\"og:description\" content=\"Karavan 57. Praznika mimoze posjetio je danas Vrnja\u010dku Banju i ulicama tog grada darivao dio najveselije fe\u0161te u regionu.\" \/>\n<meta property=\"og:url\" content=\"https:\/\/dmcsrb.com\/en\/drustvo\/karavan-praznika-mimoze-u-vrnjackoj-banji\/\" \/>\n<meta property=\"og:site_name\" content=\"dmcsrb.com\" \/>\n<meta property=\"article:published_time\" content=\"2026-01-16T18:52:00+00:00\" \/>\n<meta property=\"og:image\" content=\"https:\/\/dmcsrb.com\/wp-content\/uploads\/2026\/01\/Mimoza-u-Vrnjackoj-Banji.webp\" \/>\n\t<meta property=\"og:image:width\" content=\"1000\" \/>\n\t<meta property=\"og:image:height\" content=\"750\" \/>\n\t<meta property=\"og:image:type\" content=\"image\/jpeg\" \/>\n<meta name=\"author\" content=\"dmcsrbija.com@gmail.com\" \/>\n<meta name=\"twitter:card\" content=\"summary_large_image\" \/>\n<meta name=\"twitter:label1\" content=\"Written by\" \/>\n\t<meta name=\"twitter:data1\" content=\"dmcsrbija.com@gmail.com\" \/>\n\t<meta name=\"twitter:label2\" content=\"Estimated reading time\" \/>\n\t<meta name=\"twitter:data2\" content=\"1 minute\" \/>\n<script type=\"application\/ld+json\" class=\"yoast-schema-graph\">{\"@context\":\"https:\/\/schema.org\",\"@graph\":[{\"@type\":\"Article\",\"@id\":\"https:\/\/dmcsrb.com\/drustvo\/karavan-praznika-mimoze-u-vrnjackoj-banji\/#article\",\"isPartOf\":{\"@id\":\"https:\/\/dmcsrb.com\/drustvo\/karavan-praznika-mimoze-u-vrnjackoj-banji\/\"},\"author\":{\"name\":\"dmcsrbija.com@gmail.com\",\"@id\":\"https:\/\/dmcsrb.com\/#\/schema\/person\/5c39170f12db1b8b457732d0b5c854e2\"},\"headline\":\"Karavan Praznika mimoze u Vrnja\u010dkoj Banji\",\"datePublished\":\"2026-01-16T18:52:00+00:00\",\"mainEntityOfPage\":{\"@id\":\"https:\/\/dmcsrb.com\/drustvo\/karavan-praznika-mimoze-u-vrnjackoj-banji\/\"},\"wordCount\":272,\"commentCount\":0,\"image\":{\"@id\":\"https:\/\/dmcsrb.com\/drustvo\/karavan-praznika-mimoze-u-vrnjackoj-banji\/#primaryimage\"},\"thumbnailUrl\":\"https:\/\/dmcsrb.com\/wp-content\/uploads\/2026\/01\/Mimoza-u-Vrnjackoj-Banji.webp\",\"keywords\":[\"praznik mimoze\",\"TO Herceg Novi\",\"Vrnja\u010dka Banja\"],\"articleSection\":[\"Dru\u0161tvo\"],\"inLanguage\":\"en-GB\",\"potentialAction\":[{\"@type\":\"CommentAction\",\"name\":\"Comment\",\"target\":[\"https:\/\/dmcsrb.com\/drustvo\/karavan-praznika-mimoze-u-vrnjackoj-banji\/#respond\"]}]},{\"@type\":\"WebPage\",\"@id\":\"https:\/\/dmcsrb.com\/drustvo\/karavan-praznika-mimoze-u-vrnjackoj-banji\/\",\"url\":\"https:\/\/dmcsrb.com\/drustvo\/karavan-praznika-mimoze-u-vrnjackoj-banji\/\",\"name\":\"Karavan Praznika mimoze u Vrnja\u010dkoj Banji - dmcsrb.com\",\"isPartOf\":{\"@id\":\"https:\/\/dmcsrb.com\/#website\"},\"primaryImageOfPage\":{\"@id\":\"https:\/\/dmcsrb.com\/drustvo\/karavan-praznika-mimoze-u-vrnjackoj-banji\/#primaryimage\"},\"image\":{\"@id\":\"https:\/\/dmcsrb.com\/drustvo\/karavan-praznika-mimoze-u-vrnjackoj-banji\/#primaryimage\"},\"thumbnailUrl\":\"https:\/\/dmcsrb.com\/wp-content\/uploads\/2026\/01\/Mimoza-u-Vrnjackoj-Banji.webp\",\"datePublished\":\"2026-01-16T18:52:00+00:00\",\"author\":{\"@id\":\"https:\/\/dmcsrb.com\/#\/schema\/person\/5c39170f12db1b8b457732d0b5c854e2\"},\"breadcrumb\":{\"@id\":\"https:\/\/dmcsrb.com\/drustvo\/karavan-praznika-mimoze-u-vrnjackoj-banji\/#breadcrumb\"},\"inLanguage\":\"en-GB\",\"potentialAction\":[{\"@type\":\"ReadAction\",\"target\":[\"https:\/\/dmcsrb.com\/drustvo\/karavan-praznika-mimoze-u-vrnjackoj-banji\/\"]}]},{\"@type\":\"ImageObject\",\"inLanguage\":\"en-GB\",\"@id\":\"https:\/\/dmcsrb.com\/drustvo\/karavan-praznika-mimoze-u-vrnjackoj-banji\/#primaryimage\",\"url\":\"https:\/\/dmcsrb.com\/wp-content\/uploads\/2026\/01\/Mimoza-u-Vrnjackoj-Banji.webp\",\"contentUrl\":\"https:\/\/dmcsrb.com\/wp-content\/uploads\/2026\/01\/Mimoza-u-Vrnjackoj-Banji.webp\",\"width\":1000,\"height\":750,\"caption\":\"Foto: TO HN\"},{\"@type\":\"BreadcrumbList\",\"@id\":\"https:\/\/dmcsrb.com\/drustvo\/karavan-praznika-mimoze-u-vrnjackoj-banji\/#breadcrumb\",\"itemListElement\":[{\"@type\":\"ListItem\",\"position\":1,\"name\":\"Home\",\"item\":\"https:\/\/dmcsrb.com\/\"},{\"@type\":\"ListItem\",\"position\":2,\"name\":\"Karavan Praznika mimoze u Vrnja\u010dkoj Banji\"}]},{\"@type\":\"WebSite\",\"@id\":\"https:\/\/dmcsrb.com\/#website\",\"url\":\"https:\/\/dmcsrb.com\/\",\"name\":\"dmcsrb.com\",\"description\":\"\",\"potentialAction\":[{\"@type\":\"SearchAction\",\"target\":{\"@type\":\"EntryPoint\",\"urlTemplate\":\"https:\/\/dmcsrb.com\/?s={search_term_string}\"},\"query-input\":{\"@type\":\"PropertyValueSpecification\",\"valueRequired\":true,\"valueName\":\"search_term_string\"}}],\"inLanguage\":\"en-GB\"},{\"@type\":\"Person\",\"@id\":\"https:\/\/dmcsrb.com\/#\/schema\/person\/5c39170f12db1b8b457732d0b5c854e2\",\"name\":\"dmcsrbija.com@gmail.com\",\"image\":{\"@type\":\"ImageObject\",\"inLanguage\":\"en-GB\",\"@id\":\"https:\/\/dmcsrb.com\/#\/schema\/person\/image\/\",\"url\":\"https:\/\/secure.gravatar.com\/avatar\/68592660ad6347fad0fb587f8d5d8f1a7b44961362f56e4f2cd524feb87e9069?s=96&d=mm&r=g\",\"contentUrl\":\"https:\/\/secure.gravatar.com\/avatar\/68592660ad6347fad0fb587f8d5d8f1a7b44961362f56e4f2cd524feb87e9069?s=96&d=mm&r=g\",\"caption\":\"dmcsrbija.com@gmail.com\"},\"sameAs\":[\"https:\/\/dmcsrb.com\"],\"url\":\"https:\/\/dmcsrb.com\/en\/author\/dmcsrbija-comgmail-com\/\"}]}<\/script>\n<!-- \/ Yoast SEO plugin. -->","yoast_head_json":{"title":"Karavan Praznika mimoze u Vrnja\u010dkoj Banji - dmcsrb.com","robots":{"index":"index","follow":"follow","max-snippet":"max-snippet:-1","max-image-preview":"max-image-preview:large","max-video-preview":"max-video-preview:-1"},"canonical":"https:\/\/dmcsrb.com\/en\/drustvo\/karavan-praznika-mimoze-u-vrnjackoj-banji\/","og_locale":"en_GB","og_type":"article","og_title":"Karavan Praznika mimoze u Vrnja\u010dkoj Banji - dmcsrb.com","og_description":"Karavan 57. Praznika mimoze posjetio je danas Vrnja\u010dku Banju i ulicama tog grada darivao dio najveselije fe\u0161te u regionu.","og_url":"https:\/\/dmcsrb.com\/en\/drustvo\/karavan-praznika-mimoze-u-vrnjackoj-banji\/","og_site_name":"dmcsrb.com","article_published_time":"2026-01-16T18:52:00+00:00","og_image":[{"width":1000,"height":750,"url":"https:\/\/dmcsrb.com\/wp-content\/uploads\/2026\/01\/Mimoza-u-Vrnjackoj-Banji.webp","type":"image\/jpeg"}],"author":"dmcsrbija.com@gmail.com","twitter_card":"summary_large_image","twitter_misc":{"Written by":"dmcsrbija.com@gmail.com","Estimated reading time":"1 minute"},"schema":{"@context":"https:\/\/schema.org","@graph":[{"@type":"Article","@id":"https:\/\/dmcsrb.com\/drustvo\/karavan-praznika-mimoze-u-vrnjackoj-banji\/#article","isPartOf":{"@id":"https:\/\/dmcsrb.com\/drustvo\/karavan-praznika-mimoze-u-vrnjackoj-banji\/"},"author":{"name":"dmcsrbija.com@gmail.com","@id":"https:\/\/dmcsrb.com\/#\/schema\/person\/5c39170f12db1b8b457732d0b5c854e2"},"headline":"Karavan Praznika mimoze u Vrnja\u010dkoj Banji","datePublished":"2026-01-16T18:52:00+00:00","mainEntityOfPage":{"@id":"https:\/\/dmcsrb.com\/drustvo\/karavan-praznika-mimoze-u-vrnjackoj-banji\/"},"wordCount":272,"commentCount":0,"image":{"@id":"https:\/\/dmcsrb.com\/drustvo\/karavan-praznika-mimoze-u-vrnjackoj-banji\/#primaryimage"},"thumbnailUrl":"https:\/\/dmcsrb.com\/wp-content\/uploads\/2026\/01\/Mimoza-u-Vrnjackoj-Banji.webp","keywords":["praznik mimoze","TO Herceg Novi","Vrnja\u010dka Banja"],"articleSection":["Dru\u0161tvo"],"inLanguage":"en-GB","potentialAction":[{"@type":"CommentAction","name":"Comment","target":["https:\/\/dmcsrb.com\/drustvo\/karavan-praznika-mimoze-u-vrnjackoj-banji\/#respond"]}]},{"@type":"WebPage","@id":"https:\/\/dmcsrb.com\/drustvo\/karavan-praznika-mimoze-u-vrnjackoj-banji\/","url":"https:\/\/dmcsrb.com\/drustvo\/karavan-praznika-mimoze-u-vrnjackoj-banji\/","name":"Karavan Praznika mimoze u Vrnja\u010dkoj Banji - dmcsrb.com","isPartOf":{"@id":"https:\/\/dmcsrb.com\/#website"},"primaryImageOfPage":{"@id":"https:\/\/dmcsrb.com\/drustvo\/karavan-praznika-mimoze-u-vrnjackoj-banji\/#primaryimage"},"image":{"@id":"https:\/\/dmcsrb.com\/drustvo\/karavan-praznika-mimoze-u-vrnjackoj-banji\/#primaryimage"},"thumbnailUrl":"https:\/\/dmcsrb.com\/wp-content\/uploads\/2026\/01\/Mimoza-u-Vrnjackoj-Banji.webp","datePublished":"2026-01-16T18:52:00+00:00","author":{"@id":"https:\/\/dmcsrb.com\/#\/schema\/person\/5c39170f12db1b8b457732d0b5c854e2"},"breadcrumb":{"@id":"https:\/\/dmcsrb.com\/drustvo\/karavan-praznika-mimoze-u-vrnjackoj-banji\/#breadcrumb"},"inLanguage":"en-GB","potentialAction":[{"@type":"ReadAction","target":["https:\/\/dmcsrb.com\/drustvo\/karavan-praznika-mimoze-u-vrnjackoj-banji\/"]}]},{"@type":"ImageObject","inLanguage":"en-GB","@id":"https:\/\/dmcsrb.com\/drustvo\/karavan-praznika-mimoze-u-vrnjackoj-banji\/#primaryimage","url":"https:\/\/dmcsrb.com\/wp-content\/uploads\/2026\/01\/Mimoza-u-Vrnjackoj-Banji.webp","contentUrl":"https:\/\/dmcsrb.com\/wp-content\/uploads\/2026\/01\/Mimoza-u-Vrnjackoj-Banji.webp","width":1000,"height":750,"caption":"Foto: TO HN"},{"@type":"BreadcrumbList","@id":"https:\/\/dmcsrb.com\/drustvo\/karavan-praznika-mimoze-u-vrnjackoj-banji\/#breadcrumb","itemListElement":[{"@type":"ListItem","position":1,"name":"Home","item":"https:\/\/dmcsrb.com\/"},{"@type":"ListItem","position":2,"name":"Karavan Praznika mimoze u Vrnja\u010dkoj Banji"}]},{"@type":"WebSite","@id":"https:\/\/dmcsrb.com\/#website","url":"https:\/\/dmcsrb.com\/","name":"dmcsrb.com","description":"","potentialAction":[{"@type":"SearchAction","target":{"@type":"EntryPoint","urlTemplate":"https:\/\/dmcsrb.com\/?s={search_term_string}"},"query-input":{"@type":"PropertyValueSpecification","valueRequired":true,"valueName":"search_term_string"}}],"inLanguage":"en-GB"},{"@type":"Person","@id":"https:\/\/dmcsrb.com\/#\/schema\/person\/5c39170f12db1b8b457732d0b5c854e2","name":"dmcsrbija.com@gmail.com","image":{"@type":"ImageObject","inLanguage":"en-GB","@id":"https:\/\/dmcsrb.com\/#\/schema\/person\/image\/","url":"https:\/\/secure.gravatar.com\/avatar\/68592660ad6347fad0fb587f8d5d8f1a7b44961362f56e4f2cd524feb87e9069?s=96&d=mm&r=g","contentUrl":"https:\/\/secure.gravatar.com\/avatar\/68592660ad6347fad0fb587f8d5d8f1a7b44961362f56e4f2cd524feb87e9069?s=96&d=mm&r=g","caption":"dmcsrbija.com@gmail.com"},"sameAs":["https:\/\/dmcsrb.com"],"url":"https:\/\/dmcsrb.com\/en\/author\/dmcsrbija-comgmail-com\/"}]}},"_links":{"self":[{"href":"https:\/\/dmcsrb.com\/en\/wp-json\/wp\/v2\/posts\/942611","targetHints":{"allow":["GET"]}}],"collection":[{"href":"https:\/\/dmcsrb.com\/en\/wp-json\/wp\/v2\/posts"}],"about":[{"href":"https:\/\/dmcsrb.com\/en\/wp-json\/wp\/v2\/types\/post"}],"author":[{"embeddable":true,"href":"https:\/\/dmcsrb.com\/en\/wp-json\/wp\/v2\/users\/1"}],"replies":[{"embeddable":true,"href":"https:\/\/dmcsrb.com\/en\/wp-json\/wp\/v2\/comments?post=942611"}],"version-history":[{"count":0,"href":"https:\/\/dmcsrb.com\/en\/wp-json\/wp\/v2\/posts\/942611\/revisions"}],"wp:featuredmedia":[{"embeddable":true,"href":"https:\/\/dmcsrb.com\/en\/wp-json\/wp\/v2\/media\/942837"}],"wp:attachment":[{"href":"https:\/\/dmcsrb.com\/en\/wp-json\/wp\/v2\/media?parent=942611"}],"wp:term":[{"taxonomy":"category","embeddable":true,"href":"https:\/\/dmcsrb.com\/en\/wp-json\/wp\/v2\/categories?post=942611"},{"taxonomy":"post_tag","embeddable":true,"href":"https:\/\/dmcsrb.com\/en\/wp-json\/wp\/v2\/tags?post=942611"},{"taxonomy":"naslovna","embeddable":true,"href":"https:\/\/dmcsrb.com\/en\/wp-json\/wp\/v2\/naslovna?post=942611"}],"curies":[{"name":"wp","href":"https:\/\/api.w.org\/{rel}","templated":true}]}}