{"id":942555,"date":"2026-01-16T11:14:00","date_gmt":"2026-01-16T10:14:00","guid":{"rendered":"https:\/\/gradski.me\/?p=909856"},"modified":"2026-01-16T11:14:00","modified_gmt":"2026-01-16T10:14:00","slug":"milicic-mandic-smatra-da-tramp-zasluzuje-nobelovu-nagradu-i-sa-velikim-zadovoljstvom-je-potpisnik-dokumenta-kojim-se-to-konstatuje","status":"publish","type":"post","link":"https:\/\/dmcsrb.com\/en\/politika\/milicic-mandic-smatra-da-tramp-zasluzuje-nobelovu-nagradu-i-sa-velikim-zadovoljstvom-je-potpisnik-dokumenta-kojim-se-to-konstatuje\/","title":{"rendered":"Mili\u010di\u0107: Mandi\u0107 smatra da Tramp zaslu\u017euje Nobelovu nagradu i sa velikim zadovoljstvom je potpisnik dokumenta kojim se to konstatuje"},"content":{"rendered":"<p><\/p>\n\n\n\n<p>Kako navodi Mili\u010di\u0107, tokom svoje zvani\u010dne posjete Dr\u017eavi Izrael u februaru pro\u0161le godine i tokom prijateljskog razgovora \u2013 predsjednik Mandi\u0107 i predsjednik Ohana su razgovarali na temu brojnih sukoba koji su u datom momentu bjesnili \u0161irom svijeta, te u tom kontekstu veoma pozitivno komentarisali i ulogu predsjednika Sjedinjenih Ameri\u010dkih Dr\u017eava Donalda Trampa u rje\u0161avanju istih, a posebno tada \u017eestokog konflikta koji je uslijedio nakon napada na Izrael 7. oktobra.<\/p>\n\n\n\n<p>&#8220;Od izuzetne je va\u017enosti \u010dinjenica da su brojne ideje i razmi\u0161ljanja koja su proiza\u0161la iz tog razgovora predstavljala svojevrsnu politi\u010dku i moralnu inicijativu, koja je u kasnijem periodu dobila i svoju konkretnu institucionalnu formu, poput memoranduma o saradnji izme\u0111u na\u0161a dva parlamenta koji su tokom na\u0161e posjete potpisali generalni sekretar Skup\u0161tine i generalni direktor Kneseta, a svakako i formalna nominacija predsjednika Trampa za Nobelovu nagradu za mir&#8221;, kazao je Mili\u010di\u0107.<\/p>\n\n\n\n<p>Odlu\u010dna borba koju Donald Tramp sprovodi protiv kriminalnih narko kartela, koje je ozna\u010dio teroristi\u010dkim organizacijama, od izuzetne je va\u017enosti, kako ka\u017ee, i za na\u0161u zemlju, jer na taj na\u010din se nanose veliki udarci i klanovima koji uni\u0161tavaju mladost u Crnoj Gori.<\/p>\n\n\n\n<p>&#8220;Zato vjerujemo da je ova nominacija ispravna i da dolazi u pravi \u010das. Dakle, predsjednik Mandi\u0107 smatra da Donald Tramp zaslu\u017euje Nobelovu nagradu i sa velikim zadovoljstvom je potpisnik dokumenta kojim se to jasno konstatuje Nobelovom komitetu. Prihvatamo i \u010dinjenicu da postoje pojedini politi\u010dari i mediji kojima se ne dopada politika Donalda Trampa i koji vjeruju da \u010dak i iz male Crne Gore i regiona na ovaj na\u010din mogu da mu nanesu neku \u0161tetu, ali kao odgovoran politi\u010dar koji zna \u0161ta je u ovom vremenu va\u017eno za budu\u0107nost na\u0161e zemlje, predsjednik Mandi\u0107 ne\u0107e odustati od saradnje sa najva\u017enijom adresom na svijetu&#8221;, poru\u010dio je Mili\u010di\u0107.<\/p>","protected":false},"excerpt":{"rendered":"<p>\u0160efa Kabineta predsjednika Skup\u0161tine Crne Gore, Mirko Mili\u010di\u0107 kazao je da predsjednik dr\u017eavnog parlamenta, Andrija Mandi\u0107 smatra da Donald Tramp zaslu\u017euje Nobelovu nagradu i da je Mandi\u0107 sa velikim zadovoljstvom  potpisnik dokumenta kojim se to jasno konstatuje.<\/p>","protected":false},"author":1,"featured_media":838622,"comment_status":"open","ping_status":"open","sticky":false,"template":"","format":"standard","meta":{"_acf_changed":false,"footnotes":""},"categories":[12],"tags":[812,193,3234,9812,195],"naslovna":[],"class_list":["post-942555","post","type-post","status-publish","format-standard","has-post-thumbnail","hentry","category-politika","tag-andrija-mandic","tag-donald-tramp","tag-mirko-milicic","tag-nobelova-nagrada","tag-sad"],"acf":[],"yoast_head":"<!-- This site is optimized with the Yoast SEO plugin v27.4 - https:\/\/yoast.com\/product\/yoast-seo-wordpress\/ -->\n<title>Mili\u010di\u0107: Mandi\u0107 smatra da Tramp zaslu\u017euje Nobelovu nagradu i sa velikim zadovoljstvom je potpisnik dokumenta kojim se to konstatuje - dmcsrb.com<\/title>\n<meta name=\"robots\" content=\"index, follow, max-snippet:-1, max-image-preview:large, max-video-preview:-1\" \/>\n<link rel=\"canonical\" href=\"https:\/\/dmcsrb.com\/en\/politika\/milicic-mandic-smatra-da-tramp-zasluzuje-nobelovu-nagradu-i-sa-velikim-zadovoljstvom-je-potpisnik-dokumenta-kojim-se-to-konstatuje\/\" \/>\n<meta property=\"og:locale\" content=\"en_GB\" \/>\n<meta property=\"og:type\" content=\"article\" \/>\n<meta property=\"og:title\" content=\"Mili\u010di\u0107: Mandi\u0107 smatra da Tramp zaslu\u017euje Nobelovu nagradu i sa velikim zadovoljstvom je potpisnik dokumenta kojim se to konstatuje - dmcsrb.com\" \/>\n<meta property=\"og:description\" content=\"\u0160efa Kabineta predsjednika Skup\u0161tine Crne Gore, Mirko Mili\u010di\u0107 kazao je da predsjednik dr\u017eavnog parlamenta, Andrija Mandi\u0107 smatra da Donald Tramp zaslu\u017euje Nobelovu nagradu i da je Mandi\u0107 sa velikim zadovoljstvom potpisnik dokumenta kojim se to jasno konstatuje.\" \/>\n<meta property=\"og:url\" content=\"https:\/\/dmcsrb.com\/en\/politika\/milicic-mandic-smatra-da-tramp-zasluzuje-nobelovu-nagradu-i-sa-velikim-zadovoljstvom-je-potpisnik-dokumenta-kojim-se-to-konstatuje\/\" \/>\n<meta property=\"og:site_name\" content=\"dmcsrb.com\" \/>\n<meta property=\"article:published_time\" content=\"2026-01-16T10:14:00+00:00\" \/>\n<meta property=\"og:image\" content=\"https:\/\/dmcsrb.com\/wp-content\/uploads\/2025\/09\/mirkomilicic-1024x640-1.webp\" \/>\n\t<meta property=\"og:image:width\" content=\"1024\" \/>\n\t<meta property=\"og:image:height\" content=\"640\" \/>\n\t<meta property=\"og:image:type\" content=\"image\/png\" \/>\n<meta name=\"author\" content=\"dmcsrbija.com@gmail.com\" \/>\n<meta name=\"twitter:card\" content=\"summary_large_image\" \/>\n<meta name=\"twitter:label1\" content=\"Written by\" \/>\n\t<meta name=\"twitter:data1\" content=\"dmcsrbija.com@gmail.com\" \/>\n\t<meta name=\"twitter:label2\" content=\"Estimated reading time\" \/>\n\t<meta name=\"twitter:data2\" content=\"2 minutes\" \/>\n<script type=\"application\/ld+json\" class=\"yoast-schema-graph\">{\"@context\":\"https:\\\/\\\/schema.org\",\"@graph\":[{\"@type\":\"Article\",\"@id\":\"https:\\\/\\\/dmcsrb.com\\\/politika\\\/milicic-mandic-smatra-da-tramp-zasluzuje-nobelovu-nagradu-i-sa-velikim-zadovoljstvom-je-potpisnik-dokumenta-kojim-se-to-konstatuje\\\/#article\",\"isPartOf\":{\"@id\":\"https:\\\/\\\/dmcsrb.com\\\/politika\\\/milicic-mandic-smatra-da-tramp-zasluzuje-nobelovu-nagradu-i-sa-velikim-zadovoljstvom-je-potpisnik-dokumenta-kojim-se-to-konstatuje\\\/\"},\"author\":{\"name\":\"dmcsrbija.com@gmail.com\",\"@id\":\"https:\\\/\\\/dmcsrb.com\\\/#\\\/schema\\\/person\\\/5c39170f12db1b8b457732d0b5c854e2\"},\"headline\":\"Mili\u010di\u0107: Mandi\u0107 smatra da Tramp zaslu\u017euje Nobelovu nagradu i sa velikim zadovoljstvom je potpisnik dokumenta kojim se to konstatuje\",\"datePublished\":\"2026-01-16T10:14:00+00:00\",\"mainEntityOfPage\":{\"@id\":\"https:\\\/\\\/dmcsrb.com\\\/politika\\\/milicic-mandic-smatra-da-tramp-zasluzuje-nobelovu-nagradu-i-sa-velikim-zadovoljstvom-je-potpisnik-dokumenta-kojim-se-to-konstatuje\\\/\"},\"wordCount\":338,\"commentCount\":0,\"image\":{\"@id\":\"https:\\\/\\\/dmcsrb.com\\\/politika\\\/milicic-mandic-smatra-da-tramp-zasluzuje-nobelovu-nagradu-i-sa-velikim-zadovoljstvom-je-potpisnik-dokumenta-kojim-se-to-konstatuje\\\/#primaryimage\"},\"thumbnailUrl\":\"https:\\\/\\\/dmcsrb.com\\\/wp-content\\\/uploads\\\/2025\\\/09\\\/mirkomilicic-1024x640-1.webp\",\"keywords\":[\"andrija mandi\u0107\",\"Donald Tramp\",\"Mirko Mili\u010di\u0107\",\"Nobelova nagrada\",\"SAD\"],\"articleSection\":[\"Politika\"],\"inLanguage\":\"en-GB\",\"potentialAction\":[{\"@type\":\"CommentAction\",\"name\":\"Comment\",\"target\":[\"https:\\\/\\\/dmcsrb.com\\\/politika\\\/milicic-mandic-smatra-da-tramp-zasluzuje-nobelovu-nagradu-i-sa-velikim-zadovoljstvom-je-potpisnik-dokumenta-kojim-se-to-konstatuje\\\/#respond\"]}]},{\"@type\":\"WebPage\",\"@id\":\"https:\\\/\\\/dmcsrb.com\\\/politika\\\/milicic-mandic-smatra-da-tramp-zasluzuje-nobelovu-nagradu-i-sa-velikim-zadovoljstvom-je-potpisnik-dokumenta-kojim-se-to-konstatuje\\\/\",\"url\":\"https:\\\/\\\/dmcsrb.com\\\/politika\\\/milicic-mandic-smatra-da-tramp-zasluzuje-nobelovu-nagradu-i-sa-velikim-zadovoljstvom-je-potpisnik-dokumenta-kojim-se-to-konstatuje\\\/\",\"name\":\"Mili\u010di\u0107: Mandi\u0107 smatra da Tramp zaslu\u017euje Nobelovu nagradu i sa velikim zadovoljstvom je potpisnik dokumenta kojim se to konstatuje - dmcsrb.com\",\"isPartOf\":{\"@id\":\"https:\\\/\\\/dmcsrb.com\\\/#website\"},\"primaryImageOfPage\":{\"@id\":\"https:\\\/\\\/dmcsrb.com\\\/politika\\\/milicic-mandic-smatra-da-tramp-zasluzuje-nobelovu-nagradu-i-sa-velikim-zadovoljstvom-je-potpisnik-dokumenta-kojim-se-to-konstatuje\\\/#primaryimage\"},\"image\":{\"@id\":\"https:\\\/\\\/dmcsrb.com\\\/politika\\\/milicic-mandic-smatra-da-tramp-zasluzuje-nobelovu-nagradu-i-sa-velikim-zadovoljstvom-je-potpisnik-dokumenta-kojim-se-to-konstatuje\\\/#primaryimage\"},\"thumbnailUrl\":\"https:\\\/\\\/dmcsrb.com\\\/wp-content\\\/uploads\\\/2025\\\/09\\\/mirkomilicic-1024x640-1.webp\",\"datePublished\":\"2026-01-16T10:14:00+00:00\",\"author\":{\"@id\":\"https:\\\/\\\/dmcsrb.com\\\/#\\\/schema\\\/person\\\/5c39170f12db1b8b457732d0b5c854e2\"},\"breadcrumb\":{\"@id\":\"https:\\\/\\\/dmcsrb.com\\\/politika\\\/milicic-mandic-smatra-da-tramp-zasluzuje-nobelovu-nagradu-i-sa-velikim-zadovoljstvom-je-potpisnik-dokumenta-kojim-se-to-konstatuje\\\/#breadcrumb\"},\"inLanguage\":\"en-GB\",\"potentialAction\":[{\"@type\":\"ReadAction\",\"target\":[\"https:\\\/\\\/dmcsrb.com\\\/politika\\\/milicic-mandic-smatra-da-tramp-zasluzuje-nobelovu-nagradu-i-sa-velikim-zadovoljstvom-je-potpisnik-dokumenta-kojim-se-to-konstatuje\\\/\"]}]},{\"@type\":\"ImageObject\",\"inLanguage\":\"en-GB\",\"@id\":\"https:\\\/\\\/dmcsrb.com\\\/politika\\\/milicic-mandic-smatra-da-tramp-zasluzuje-nobelovu-nagradu-i-sa-velikim-zadovoljstvom-je-potpisnik-dokumenta-kojim-se-to-konstatuje\\\/#primaryimage\",\"url\":\"https:\\\/\\\/dmcsrb.com\\\/wp-content\\\/uploads\\\/2025\\\/09\\\/mirkomilicic-1024x640-1.webp\",\"contentUrl\":\"https:\\\/\\\/dmcsrb.com\\\/wp-content\\\/uploads\\\/2025\\\/09\\\/mirkomilicic-1024x640-1.webp\",\"width\":1024,\"height\":640,\"caption\":\"foto: Skup\u0161tina CG\"},{\"@type\":\"BreadcrumbList\",\"@id\":\"https:\\\/\\\/dmcsrb.com\\\/politika\\\/milicic-mandic-smatra-da-tramp-zasluzuje-nobelovu-nagradu-i-sa-velikim-zadovoljstvom-je-potpisnik-dokumenta-kojim-se-to-konstatuje\\\/#breadcrumb\",\"itemListElement\":[{\"@type\":\"ListItem\",\"position\":1,\"name\":\"Home\",\"item\":\"https:\\\/\\\/dmcsrb.com\\\/\"},{\"@type\":\"ListItem\",\"position\":2,\"name\":\"Mili\u010di\u0107: Mandi\u0107 smatra da Tramp zaslu\u017euje Nobelovu nagradu i sa velikim zadovoljstvom je potpisnik dokumenta kojim se to konstatuje\"}]},{\"@type\":\"WebSite\",\"@id\":\"https:\\\/\\\/dmcsrb.com\\\/#website\",\"url\":\"https:\\\/\\\/dmcsrb.com\\\/\",\"name\":\"dmcsrb.com\",\"description\":\"\",\"potentialAction\":[{\"@type\":\"SearchAction\",\"target\":{\"@type\":\"EntryPoint\",\"urlTemplate\":\"https:\\\/\\\/dmcsrb.com\\\/?s={search_term_string}\"},\"query-input\":{\"@type\":\"PropertyValueSpecification\",\"valueRequired\":true,\"valueName\":\"search_term_string\"}}],\"inLanguage\":\"en-GB\"},{\"@type\":\"Person\",\"@id\":\"https:\\\/\\\/dmcsrb.com\\\/#\\\/schema\\\/person\\\/5c39170f12db1b8b457732d0b5c854e2\",\"name\":\"dmcsrbija.com@gmail.com\",\"image\":{\"@type\":\"ImageObject\",\"inLanguage\":\"en-GB\",\"@id\":\"https:\\\/\\\/secure.gravatar.com\\\/avatar\\\/68592660ad6347fad0fb587f8d5d8f1a7b44961362f56e4f2cd524feb87e9069?s=96&d=mm&r=g\",\"url\":\"https:\\\/\\\/secure.gravatar.com\\\/avatar\\\/68592660ad6347fad0fb587f8d5d8f1a7b44961362f56e4f2cd524feb87e9069?s=96&d=mm&r=g\",\"contentUrl\":\"https:\\\/\\\/secure.gravatar.com\\\/avatar\\\/68592660ad6347fad0fb587f8d5d8f1a7b44961362f56e4f2cd524feb87e9069?s=96&d=mm&r=g\",\"caption\":\"dmcsrbija.com@gmail.com\"},\"sameAs\":[\"https:\\\/\\\/dmcsrb.com\"],\"url\":\"https:\\\/\\\/dmcsrb.com\\\/en\\\/author\\\/dmcsrbija-comgmail-com\\\/\"}]}<\/script>\n<!-- \/ Yoast SEO plugin. -->","yoast_head_json":{"title":"Mili\u010di\u0107: Mandi\u0107 smatra da Tramp zaslu\u017euje Nobelovu nagradu i sa velikim zadovoljstvom je potpisnik dokumenta kojim se to konstatuje - dmcsrb.com","robots":{"index":"index","follow":"follow","max-snippet":"max-snippet:-1","max-image-preview":"max-image-preview:large","max-video-preview":"max-video-preview:-1"},"canonical":"https:\/\/dmcsrb.com\/en\/politika\/milicic-mandic-smatra-da-tramp-zasluzuje-nobelovu-nagradu-i-sa-velikim-zadovoljstvom-je-potpisnik-dokumenta-kojim-se-to-konstatuje\/","og_locale":"en_GB","og_type":"article","og_title":"Mili\u010di\u0107: Mandi\u0107 smatra da Tramp zaslu\u017euje Nobelovu nagradu i sa velikim zadovoljstvom je potpisnik dokumenta kojim se to konstatuje - dmcsrb.com","og_description":"\u0160efa Kabineta predsjednika Skup\u0161tine Crne Gore, Mirko Mili\u010di\u0107 kazao je da predsjednik dr\u017eavnog parlamenta, Andrija Mandi\u0107 smatra da Donald Tramp zaslu\u017euje Nobelovu nagradu i da je Mandi\u0107 sa velikim zadovoljstvom potpisnik dokumenta kojim se to jasno konstatuje.","og_url":"https:\/\/dmcsrb.com\/en\/politika\/milicic-mandic-smatra-da-tramp-zasluzuje-nobelovu-nagradu-i-sa-velikim-zadovoljstvom-je-potpisnik-dokumenta-kojim-se-to-konstatuje\/","og_site_name":"dmcsrb.com","article_published_time":"2026-01-16T10:14:00+00:00","og_image":[{"width":1024,"height":640,"url":"https:\/\/dmcsrb.com\/wp-content\/uploads\/2025\/09\/mirkomilicic-1024x640-1.webp","type":"image\/png"}],"author":"dmcsrbija.com@gmail.com","twitter_card":"summary_large_image","twitter_misc":{"Written by":"dmcsrbija.com@gmail.com","Estimated reading time":"2 minutes"},"schema":{"@context":"https:\/\/schema.org","@graph":[{"@type":"Article","@id":"https:\/\/dmcsrb.com\/politika\/milicic-mandic-smatra-da-tramp-zasluzuje-nobelovu-nagradu-i-sa-velikim-zadovoljstvom-je-potpisnik-dokumenta-kojim-se-to-konstatuje\/#article","isPartOf":{"@id":"https:\/\/dmcsrb.com\/politika\/milicic-mandic-smatra-da-tramp-zasluzuje-nobelovu-nagradu-i-sa-velikim-zadovoljstvom-je-potpisnik-dokumenta-kojim-se-to-konstatuje\/"},"author":{"name":"dmcsrbija.com@gmail.com","@id":"https:\/\/dmcsrb.com\/#\/schema\/person\/5c39170f12db1b8b457732d0b5c854e2"},"headline":"Mili\u010di\u0107: Mandi\u0107 smatra da Tramp zaslu\u017euje Nobelovu nagradu i sa velikim zadovoljstvom je potpisnik dokumenta kojim se to konstatuje","datePublished":"2026-01-16T10:14:00+00:00","mainEntityOfPage":{"@id":"https:\/\/dmcsrb.com\/politika\/milicic-mandic-smatra-da-tramp-zasluzuje-nobelovu-nagradu-i-sa-velikim-zadovoljstvom-je-potpisnik-dokumenta-kojim-se-to-konstatuje\/"},"wordCount":338,"commentCount":0,"image":{"@id":"https:\/\/dmcsrb.com\/politika\/milicic-mandic-smatra-da-tramp-zasluzuje-nobelovu-nagradu-i-sa-velikim-zadovoljstvom-je-potpisnik-dokumenta-kojim-se-to-konstatuje\/#primaryimage"},"thumbnailUrl":"https:\/\/dmcsrb.com\/wp-content\/uploads\/2025\/09\/mirkomilicic-1024x640-1.webp","keywords":["andrija mandi\u0107","Donald Tramp","Mirko Mili\u010di\u0107","Nobelova nagrada","SAD"],"articleSection":["Politika"],"inLanguage":"en-GB","potentialAction":[{"@type":"CommentAction","name":"Comment","target":["https:\/\/dmcsrb.com\/politika\/milicic-mandic-smatra-da-tramp-zasluzuje-nobelovu-nagradu-i-sa-velikim-zadovoljstvom-je-potpisnik-dokumenta-kojim-se-to-konstatuje\/#respond"]}]},{"@type":"WebPage","@id":"https:\/\/dmcsrb.com\/politika\/milicic-mandic-smatra-da-tramp-zasluzuje-nobelovu-nagradu-i-sa-velikim-zadovoljstvom-je-potpisnik-dokumenta-kojim-se-to-konstatuje\/","url":"https:\/\/dmcsrb.com\/politika\/milicic-mandic-smatra-da-tramp-zasluzuje-nobelovu-nagradu-i-sa-velikim-zadovoljstvom-je-potpisnik-dokumenta-kojim-se-to-konstatuje\/","name":"Mili\u010di\u0107: Mandi\u0107 smatra da Tramp zaslu\u017euje Nobelovu nagradu i sa velikim zadovoljstvom je potpisnik dokumenta kojim se to konstatuje - dmcsrb.com","isPartOf":{"@id":"https:\/\/dmcsrb.com\/#website"},"primaryImageOfPage":{"@id":"https:\/\/dmcsrb.com\/politika\/milicic-mandic-smatra-da-tramp-zasluzuje-nobelovu-nagradu-i-sa-velikim-zadovoljstvom-je-potpisnik-dokumenta-kojim-se-to-konstatuje\/#primaryimage"},"image":{"@id":"https:\/\/dmcsrb.com\/politika\/milicic-mandic-smatra-da-tramp-zasluzuje-nobelovu-nagradu-i-sa-velikim-zadovoljstvom-je-potpisnik-dokumenta-kojim-se-to-konstatuje\/#primaryimage"},"thumbnailUrl":"https:\/\/dmcsrb.com\/wp-content\/uploads\/2025\/09\/mirkomilicic-1024x640-1.webp","datePublished":"2026-01-16T10:14:00+00:00","author":{"@id":"https:\/\/dmcsrb.com\/#\/schema\/person\/5c39170f12db1b8b457732d0b5c854e2"},"breadcrumb":{"@id":"https:\/\/dmcsrb.com\/politika\/milicic-mandic-smatra-da-tramp-zasluzuje-nobelovu-nagradu-i-sa-velikim-zadovoljstvom-je-potpisnik-dokumenta-kojim-se-to-konstatuje\/#breadcrumb"},"inLanguage":"en-GB","potentialAction":[{"@type":"ReadAction","target":["https:\/\/dmcsrb.com\/politika\/milicic-mandic-smatra-da-tramp-zasluzuje-nobelovu-nagradu-i-sa-velikim-zadovoljstvom-je-potpisnik-dokumenta-kojim-se-to-konstatuje\/"]}]},{"@type":"ImageObject","inLanguage":"en-GB","@id":"https:\/\/dmcsrb.com\/politika\/milicic-mandic-smatra-da-tramp-zasluzuje-nobelovu-nagradu-i-sa-velikim-zadovoljstvom-je-potpisnik-dokumenta-kojim-se-to-konstatuje\/#primaryimage","url":"https:\/\/dmcsrb.com\/wp-content\/uploads\/2025\/09\/mirkomilicic-1024x640-1.webp","contentUrl":"https:\/\/dmcsrb.com\/wp-content\/uploads\/2025\/09\/mirkomilicic-1024x640-1.webp","width":1024,"height":640,"caption":"foto: Skup\u0161tina CG"},{"@type":"BreadcrumbList","@id":"https:\/\/dmcsrb.com\/politika\/milicic-mandic-smatra-da-tramp-zasluzuje-nobelovu-nagradu-i-sa-velikim-zadovoljstvom-je-potpisnik-dokumenta-kojim-se-to-konstatuje\/#breadcrumb","itemListElement":[{"@type":"ListItem","position":1,"name":"Home","item":"https:\/\/dmcsrb.com\/"},{"@type":"ListItem","position":2,"name":"Mili\u010di\u0107: Mandi\u0107 smatra da Tramp zaslu\u017euje Nobelovu nagradu i sa velikim zadovoljstvom je potpisnik dokumenta kojim se to konstatuje"}]},{"@type":"WebSite","@id":"https:\/\/dmcsrb.com\/#website","url":"https:\/\/dmcsrb.com\/","name":"dmcsrb.com","description":"","potentialAction":[{"@type":"SearchAction","target":{"@type":"EntryPoint","urlTemplate":"https:\/\/dmcsrb.com\/?s={search_term_string}"},"query-input":{"@type":"PropertyValueSpecification","valueRequired":true,"valueName":"search_term_string"}}],"inLanguage":"en-GB"},{"@type":"Person","@id":"https:\/\/dmcsrb.com\/#\/schema\/person\/5c39170f12db1b8b457732d0b5c854e2","name":"dmcsrbija.com@gmail.com","image":{"@type":"ImageObject","inLanguage":"en-GB","@id":"https:\/\/secure.gravatar.com\/avatar\/68592660ad6347fad0fb587f8d5d8f1a7b44961362f56e4f2cd524feb87e9069?s=96&d=mm&r=g","url":"https:\/\/secure.gravatar.com\/avatar\/68592660ad6347fad0fb587f8d5d8f1a7b44961362f56e4f2cd524feb87e9069?s=96&d=mm&r=g","contentUrl":"https:\/\/secure.gravatar.com\/avatar\/68592660ad6347fad0fb587f8d5d8f1a7b44961362f56e4f2cd524feb87e9069?s=96&d=mm&r=g","caption":"dmcsrbija.com@gmail.com"},"sameAs":["https:\/\/dmcsrb.com"],"url":"https:\/\/dmcsrb.com\/en\/author\/dmcsrbija-comgmail-com\/"}]}},"_links":{"self":[{"href":"https:\/\/dmcsrb.com\/en\/wp-json\/wp\/v2\/posts\/942555","targetHints":{"allow":["GET"]}}],"collection":[{"href":"https:\/\/dmcsrb.com\/en\/wp-json\/wp\/v2\/posts"}],"about":[{"href":"https:\/\/dmcsrb.com\/en\/wp-json\/wp\/v2\/types\/post"}],"author":[{"embeddable":true,"href":"https:\/\/dmcsrb.com\/en\/wp-json\/wp\/v2\/users\/1"}],"replies":[{"embeddable":true,"href":"https:\/\/dmcsrb.com\/en\/wp-json\/wp\/v2\/comments?post=942555"}],"version-history":[{"count":0,"href":"https:\/\/dmcsrb.com\/en\/wp-json\/wp\/v2\/posts\/942555\/revisions"}],"wp:featuredmedia":[{"embeddable":true,"href":"https:\/\/dmcsrb.com\/en\/wp-json\/wp\/v2\/media\/838622"}],"wp:attachment":[{"href":"https:\/\/dmcsrb.com\/en\/wp-json\/wp\/v2\/media?parent=942555"}],"wp:term":[{"taxonomy":"category","embeddable":true,"href":"https:\/\/dmcsrb.com\/en\/wp-json\/wp\/v2\/categories?post=942555"},{"taxonomy":"post_tag","embeddable":true,"href":"https:\/\/dmcsrb.com\/en\/wp-json\/wp\/v2\/tags?post=942555"},{"taxonomy":"naslovna","embeddable":true,"href":"https:\/\/dmcsrb.com\/en\/wp-json\/wp\/v2\/naslovna?post=942555"}],"curies":[{"name":"wp","href":"https:\/\/api.w.org\/{rel}","templated":true}]}}