{"id":942550,"date":"2026-01-16T10:16:00","date_gmt":"2026-01-16T09:16:00","guid":{"rendered":"https:\/\/gradski.me\/?p=909831"},"modified":"2026-01-16T10:16:00","modified_gmt":"2026-01-16T09:16:00","slug":"bojovic-izlazak-predstavnika-srpskog-naroda-iz-vlasti-bio-bi-strateski-pogresan","status":"publish","type":"post","link":"https:\/\/dmcsrb.com\/en\/politika\/bojovic-izlazak-predstavnika-srpskog-naroda-iz-vlasti-bio-bi-strateski-pogresan\/","title":{"rendered":"Bojovi\u0107: Izlazak predstavnika srpskog naroda iz vlasti bio bi strate\u0161ki pogre\u0161an"},"content":{"rendered":"<p><\/p>\n\n\n\n<p>Dragan Bojovi\u0107, nezavisni poslanik, koji je nedavno podnio ostavku na sve funkcije u DNP-u, ponovio je da njegova odluka u toj partiji, u kojoj je proveo vi\u0161e od decenije, nema veze s me\u0111uljudskim odnosima. Rije\u010d je o razlikama koje nisu ni programske prirode niti u ciljevima programa, ve\u0107 u na\u010dinu ostvarivanja tih ciljeva.<\/p>\n\n\n\n<p>\u201eRije\u010d je o strate\u0161kim na\u010dinima ostvarivanja ciljeva koje smo zajedni\u010dki definisali programom. S obzirom na te razlike, smatrao sam da je odgovorno da podnesem ostavku na svoje partijske funkcije. Svima u DNP-u \u017eelim li\u010dnu i porodi\u010dnu sre\u0107u i svaki uspjeh\u201c, kazao je Bojovi\u0107 u Jutarnjem programu RTCG-a.<\/p>\n\n\n\n<p>Na pitanje da li je ostavka povezana s trenutnim odnosima NSD-a i DNP-a, Bojovi\u0107 je odgovorio da nije, ve\u0107 da je rije\u010d o njegovoj li\u010dnoj odluci i politi\u010dkom stavu.<\/p>\n\n\n\n<p>\u201eNe smatram ispravnim da politi\u010dki predstavnici srpskog naroda napuste pozicije u okviru sistema, ne zbog samih pozicija. Predstavnici srpskog naroda nedavno su u\u0161li u vlast i nisu imali dovoljno vremena da naprave ve\u0107e gre\u0161ke, a mislim da su radili kvalitetno i odgovorno. Napu\u0161tanje tih pozicija sada, i eventualno otvaranje prostora onima koji su nas politi\u010dki marginalizovali i progonili decenijama, bilo bi strate\u0161ki pogre\u0161no i to se ne smije raditi\u201c, rekao je Bojovi\u0107.<\/p>\n\n\n\n<p>On je dodao da se svako pitanje, ma koliko bilo osjetljivo, mo\u017ee rje\u0161avati kroz dijalog unutar sistema, posebno \u0161to su sada dio tog sistema.<\/p>\n\n\n\n<p>\u201eOvom odlukom ne \u017eelim doprinijeti ni onemogu\u0107iti eventualni gubitak vlasti u Podgorici, \u0161to smatram da ne bi bilo dobro. To bi zna\u010dilo da se vlast u Podgorici ve\u0107 tre\u0107i put ru\u0161i u vrlo kratkom periodu. Treba dati priliku razgovoru, dijalogu, sporazumu i dogovoru da se stvari rje\u0161avaju na taj na\u010din, a ne odmah novim promjenama i izborima, jer ni ti novi izbori vjerovatno ne bi promijenili politi\u010dku scenu\u201c, naveo je Bojovi\u0107.<\/p>\n\n\n\n<p>Na pitanje voditelja kako \u0107e djelovati u Skup\u0161tini, Bojovi\u0107 je pojasnio da \u0107e to biti kao nezavisni poslanik, a ne kao neko ko je blizak odre\u0111enoj partiji.<\/p>\n\n\n\n<p>\u201eFormalno djelujem kao nezavisni poslanik, ni kao dio vlasti, ni kao dio opozicije. To je nova perspektiva koja ima svoje prednosti \u2013 svaki zakonski prijedlog ili inicijativu mogu sagledavati iz fokusa gra\u0111ana. To sam radio i do sada, a sada mi pozicija daje ve\u0107u autonomiju. Primarno \u0107u gledati op\u0161ti interes gra\u0111ana i nastaviti sa inicijativama koje pobolj\u0161avaju kvalitet \u017eivota svih nas\u201c, istakao je Bojovi\u0107.<\/p>\n\n\n\n<p>Voditelj ga je podsjetio na tri zahtjeva njegove biv\u0161e partije DNP-a: ustavne promjene radi priznavanja srpskog jezika kao slu\u017ebenog, promjenu zakona o dr\u017eavljanstvu i izmjenu propisa o dr\u017eavnim simbolima kako bi trobojka bila priznata kao nacionalna zastava pored postoje\u0107e dr\u017eavne zastave.<\/p>\n\n\n\n<p>\u201eMe\u0111u prvima sam insistirao da se sva ta pitanja kona\u010dno pravno defini\u0161u i zakonski uokvire, kako bi se obezbijedila ravnopravnost i sprije\u010dila diskriminacija, koja se u prethodnim decenijama de\u0161avala nad srpskim nacionalnim korpusom&#8221;, kazao je Bojovi\u0107.<\/p>\n\n\n\n<p>On je podsjetio da je u jednom trenutku do\u0161lo do toga da su srpskom narodu prijetili izbjegli\u010dkim traktorima, te da se ne mo\u017ee zanemariti taj period i da se ka\u017ee da se ni\u0161ta nije desi.<\/p>\n\n\n\n<p>&#8220;Jer nas na kraju krajeva, integracije koje su u toku i evrtospki sistem pravila obavezuje da sprije\u010dimo svaki oblik deskriminacije&#8221;, kazao je Bojovi\u0107.<\/p>\n\n\n\n<p>On je dodao da velika diskriminacija i dalje postoji na nivou govornika srpskog jezika, najve\u0107e jezi\u010dke zajednice u Crnoj Gori, i da to treba prepoznati kroz zakon, ustav i druga obilje\u017eja.<\/p>\n\n\n\n<p>&#8220;To je najve\u0107a jezi\u010dka zajednica u Crnoj Gori i to treba da se prepozna i kroz zakon i kroz ustav kao i druga obilje\u017eja. Smatram da sve to treba da dovede do pomirenja izme\u0111u srpskog i crnogosrkog naroda \u0161to je nasu\u0161na potreba. Mi smo malobrojni, mi smo me\u0111usobno ro\u0111aci, bra\u0107a, sestre, kumovi. Malobrojni smo se tako duboko me\u0111usobno dijelili&#8221;, rekao je Bojovi\u0107.<\/p>\n\n\n\n<p>On je kazao da je neophodno prevazi\u0107i diskriminatorske odluke i ostvariti pomirenje, kako bismo se mogli posvetiti klju\u010dnim pitanjima &#8211; kvalitetu \u017eivota gra\u0111ana.<\/p>\n\n\n\n<p><\/p>\n\n\n\n<p><a target=\"_blank\" href=\"https:\/\/www.facebook.com\/PortalRTCG\/\" rel=\"noreferrer noopener\"><\/a><a target=\"_blank\" href=\"https:\/\/twitter.com\/MMC_RTCG\" rel=\"noreferrer noopener\"><\/a><a target=\"_blank\" href=\"https:\/\/www.youtube.com\/channel\/UC-wb2t0TEiMtfmdiB169MPw\/videos?view=0%22\" rel=\"noreferrer noopener\"><\/a><a target=\"_blank\" href=\"https:\/\/www.instagram.com\/rtcg_me\/\" rel=\"noreferrer noopener\"><\/a><a target=\"_blank\" href=\"https:\/\/www.tiktok.com\/@rtcg_me?referer_url=https%3A%2F%2Fwww.rtcg.me%2F&amp;referer_video_id=7082740740232596742&amp;refer=embed\" rel=\"noreferrer noopener\"><\/a><a target=\"_blank\" href=\"https:\/\/invite.viber.com\/?g2=AQAoelI5rYb5tk%2BEdfzIV9p8V1QhJQr56MYLT%2FU0YpvefIh3ZlAzupEpZiY1i6r3\" rel=\"noreferrer noopener\"><\/a><a target=\"_blank\" href=\"https:\/\/t.me\/rtcgjavniservis\" rel=\"noreferrer noopener\"><\/a><a target=\"_blank\" href=\"https:\/\/bsky.app\/profile\/rtcgme.bsky.social\" rel=\"noreferrer noopener\"><\/a><\/p>","protected":false},"excerpt":{"rendered":"<p>Dragan Bojovi\u0107, nezavisni poslanik, poru\u010duje da nije ispravno da politi\u010dki predstavnici srpskog naroda napuste pozicije u okviru sistema. Isti\u010de da evropske integracije Crnu Goru obavezuju da se sprije\u010di svaki oblik diskriminacije, i da se kroz dijalog i sporazum prevazi\u0111u istorijske podjele izme\u0111u srpskog i crnogorskog naroda.<\/p>","protected":false},"author":1,"featured_media":496705,"comment_status":"open","ping_status":"open","sticky":false,"template":"","format":"standard","meta":{"_acf_changed":false,"footnotes":""},"categories":[12],"tags":[10033,136,3480],"naslovna":[],"class_list":["post-942550","post","type-post","status-publish","format-standard","has-post-thumbnail","hentry","category-politika","tag-bojovic","tag-rtcg","tag-srbi"],"acf":[],"yoast_head":"<!-- This site is optimized with the Yoast SEO plugin v27.0 - https:\/\/yoast.com\/product\/yoast-seo-wordpress\/ -->\n<title>Bojovi\u0107: Izlazak predstavnika srpskog naroda iz vlasti bio bi strate\u0161ki pogre\u0161an - dmcsrb.com<\/title>\n<meta name=\"robots\" content=\"index, follow, max-snippet:-1, max-image-preview:large, max-video-preview:-1\" \/>\n<link rel=\"canonical\" href=\"https:\/\/dmcsrb.com\/en\/politika\/bojovic-izlazak-predstavnika-srpskog-naroda-iz-vlasti-bio-bi-strateski-pogresan\/\" \/>\n<meta property=\"og:locale\" content=\"en_GB\" \/>\n<meta property=\"og:type\" content=\"article\" \/>\n<meta property=\"og:title\" content=\"Bojovi\u0107: Izlazak predstavnika srpskog naroda iz vlasti bio bi strate\u0161ki pogre\u0161an - dmcsrb.com\" \/>\n<meta property=\"og:description\" content=\"Dragan Bojovi\u0107, nezavisni poslanik, poru\u010duje da nije ispravno da politi\u010dki predstavnici srpskog naroda napuste pozicije u okviru sistema. Isti\u010de da evropske integracije Crnu Goru obavezuju da se sprije\u010di svaki oblik diskriminacije, i da se kroz dijalog i sporazum prevazi\u0111u istorijske podjele izme\u0111u srpskog i crnogorskog naroda.\" \/>\n<meta property=\"og:url\" content=\"https:\/\/dmcsrb.com\/en\/politika\/bojovic-izlazak-predstavnika-srpskog-naroda-iz-vlasti-bio-bi-strateski-pogresan\/\" \/>\n<meta property=\"og:site_name\" content=\"dmcsrb.com\" \/>\n<meta property=\"article:published_time\" content=\"2026-01-16T09:16:00+00:00\" \/>\n<meta property=\"og:image\" content=\"https:\/\/dmcsrb.com\/wp-content\/uploads\/2024\/03\/Bojovic-Dragan-foto-rtcg.webp\" \/>\n\t<meta property=\"og:image:width\" content=\"919\" \/>\n\t<meta property=\"og:image:height\" content=\"459\" \/>\n\t<meta property=\"og:image:type\" content=\"image\/jpeg\" \/>\n<meta name=\"author\" content=\"dmcsrbija.com@gmail.com\" \/>\n<meta name=\"twitter:card\" content=\"summary_large_image\" \/>\n<meta name=\"twitter:label1\" content=\"Written by\" \/>\n\t<meta name=\"twitter:data1\" content=\"dmcsrbija.com@gmail.com\" \/>\n\t<meta name=\"twitter:label2\" content=\"Estimated reading time\" \/>\n\t<meta name=\"twitter:data2\" content=\"4 minutes\" \/>\n<script type=\"application\/ld+json\" class=\"yoast-schema-graph\">{\"@context\":\"https:\/\/schema.org\",\"@graph\":[{\"@type\":\"Article\",\"@id\":\"https:\/\/dmcsrb.com\/politika\/bojovic-izlazak-predstavnika-srpskog-naroda-iz-vlasti-bio-bi-strateski-pogresan\/#article\",\"isPartOf\":{\"@id\":\"https:\/\/dmcsrb.com\/politika\/bojovic-izlazak-predstavnika-srpskog-naroda-iz-vlasti-bio-bi-strateski-pogresan\/\"},\"author\":{\"name\":\"dmcsrbija.com@gmail.com\",\"@id\":\"https:\/\/dmcsrb.com\/#\/schema\/person\/5c39170f12db1b8b457732d0b5c854e2\"},\"headline\":\"Bojovi\u0107: Izlazak predstavnika srpskog naroda iz vlasti bio bi strate\u0161ki pogre\u0161an\",\"datePublished\":\"2026-01-16T09:16:00+00:00\",\"mainEntityOfPage\":{\"@id\":\"https:\/\/dmcsrb.com\/politika\/bojovic-izlazak-predstavnika-srpskog-naroda-iz-vlasti-bio-bi-strateski-pogresan\/\"},\"wordCount\":717,\"commentCount\":0,\"image\":{\"@id\":\"https:\/\/dmcsrb.com\/politika\/bojovic-izlazak-predstavnika-srpskog-naroda-iz-vlasti-bio-bi-strateski-pogresan\/#primaryimage\"},\"thumbnailUrl\":\"https:\/\/dmcsrb.com\/wp-content\/uploads\/2024\/03\/Bojovic-Dragan-foto-rtcg.webp\",\"keywords\":[\"Bojovi\u0107\",\"RTCG\",\"srbi\"],\"articleSection\":[\"Politika\"],\"inLanguage\":\"en-GB\",\"potentialAction\":[{\"@type\":\"CommentAction\",\"name\":\"Comment\",\"target\":[\"https:\/\/dmcsrb.com\/politika\/bojovic-izlazak-predstavnika-srpskog-naroda-iz-vlasti-bio-bi-strateski-pogresan\/#respond\"]}]},{\"@type\":\"WebPage\",\"@id\":\"https:\/\/dmcsrb.com\/politika\/bojovic-izlazak-predstavnika-srpskog-naroda-iz-vlasti-bio-bi-strateski-pogresan\/\",\"url\":\"https:\/\/dmcsrb.com\/politika\/bojovic-izlazak-predstavnika-srpskog-naroda-iz-vlasti-bio-bi-strateski-pogresan\/\",\"name\":\"Bojovi\u0107: Izlazak predstavnika srpskog naroda iz vlasti bio bi strate\u0161ki pogre\u0161an - dmcsrb.com\",\"isPartOf\":{\"@id\":\"https:\/\/dmcsrb.com\/#website\"},\"primaryImageOfPage\":{\"@id\":\"https:\/\/dmcsrb.com\/politika\/bojovic-izlazak-predstavnika-srpskog-naroda-iz-vlasti-bio-bi-strateski-pogresan\/#primaryimage\"},\"image\":{\"@id\":\"https:\/\/dmcsrb.com\/politika\/bojovic-izlazak-predstavnika-srpskog-naroda-iz-vlasti-bio-bi-strateski-pogresan\/#primaryimage\"},\"thumbnailUrl\":\"https:\/\/dmcsrb.com\/wp-content\/uploads\/2024\/03\/Bojovic-Dragan-foto-rtcg.webp\",\"datePublished\":\"2026-01-16T09:16:00+00:00\",\"author\":{\"@id\":\"https:\/\/dmcsrb.com\/#\/schema\/person\/5c39170f12db1b8b457732d0b5c854e2\"},\"breadcrumb\":{\"@id\":\"https:\/\/dmcsrb.com\/politika\/bojovic-izlazak-predstavnika-srpskog-naroda-iz-vlasti-bio-bi-strateski-pogresan\/#breadcrumb\"},\"inLanguage\":\"en-GB\",\"potentialAction\":[{\"@type\":\"ReadAction\",\"target\":[\"https:\/\/dmcsrb.com\/politika\/bojovic-izlazak-predstavnika-srpskog-naroda-iz-vlasti-bio-bi-strateski-pogresan\/\"]}]},{\"@type\":\"ImageObject\",\"inLanguage\":\"en-GB\",\"@id\":\"https:\/\/dmcsrb.com\/politika\/bojovic-izlazak-predstavnika-srpskog-naroda-iz-vlasti-bio-bi-strateski-pogresan\/#primaryimage\",\"url\":\"https:\/\/dmcsrb.com\/wp-content\/uploads\/2024\/03\/Bojovic-Dragan-foto-rtcg.webp\",\"contentUrl\":\"https:\/\/dmcsrb.com\/wp-content\/uploads\/2024\/03\/Bojovic-Dragan-foto-rtcg.webp\",\"width\":919,\"height\":459},{\"@type\":\"BreadcrumbList\",\"@id\":\"https:\/\/dmcsrb.com\/politika\/bojovic-izlazak-predstavnika-srpskog-naroda-iz-vlasti-bio-bi-strateski-pogresan\/#breadcrumb\",\"itemListElement\":[{\"@type\":\"ListItem\",\"position\":1,\"name\":\"Home\",\"item\":\"https:\/\/dmcsrb.com\/\"},{\"@type\":\"ListItem\",\"position\":2,\"name\":\"Bojovi\u0107: Izlazak predstavnika srpskog naroda iz vlasti bio bi strate\u0161ki pogre\u0161an\"}]},{\"@type\":\"WebSite\",\"@id\":\"https:\/\/dmcsrb.com\/#website\",\"url\":\"https:\/\/dmcsrb.com\/\",\"name\":\"dmcsrb.com\",\"description\":\"\",\"potentialAction\":[{\"@type\":\"SearchAction\",\"target\":{\"@type\":\"EntryPoint\",\"urlTemplate\":\"https:\/\/dmcsrb.com\/?s={search_term_string}\"},\"query-input\":{\"@type\":\"PropertyValueSpecification\",\"valueRequired\":true,\"valueName\":\"search_term_string\"}}],\"inLanguage\":\"en-GB\"},{\"@type\":\"Person\",\"@id\":\"https:\/\/dmcsrb.com\/#\/schema\/person\/5c39170f12db1b8b457732d0b5c854e2\",\"name\":\"dmcsrbija.com@gmail.com\",\"image\":{\"@type\":\"ImageObject\",\"inLanguage\":\"en-GB\",\"@id\":\"https:\/\/dmcsrb.com\/#\/schema\/person\/image\/\",\"url\":\"https:\/\/secure.gravatar.com\/avatar\/68592660ad6347fad0fb587f8d5d8f1a7b44961362f56e4f2cd524feb87e9069?s=96&d=mm&r=g\",\"contentUrl\":\"https:\/\/secure.gravatar.com\/avatar\/68592660ad6347fad0fb587f8d5d8f1a7b44961362f56e4f2cd524feb87e9069?s=96&d=mm&r=g\",\"caption\":\"dmcsrbija.com@gmail.com\"},\"sameAs\":[\"https:\/\/dmcsrb.com\"],\"url\":\"https:\/\/dmcsrb.com\/en\/author\/dmcsrbija-comgmail-com\/\"}]}<\/script>\n<!-- \/ Yoast SEO plugin. -->","yoast_head_json":{"title":"Bojovi\u0107: Izlazak predstavnika srpskog naroda iz vlasti bio bi strate\u0161ki pogre\u0161an - dmcsrb.com","robots":{"index":"index","follow":"follow","max-snippet":"max-snippet:-1","max-image-preview":"max-image-preview:large","max-video-preview":"max-video-preview:-1"},"canonical":"https:\/\/dmcsrb.com\/en\/politika\/bojovic-izlazak-predstavnika-srpskog-naroda-iz-vlasti-bio-bi-strateski-pogresan\/","og_locale":"en_GB","og_type":"article","og_title":"Bojovi\u0107: Izlazak predstavnika srpskog naroda iz vlasti bio bi strate\u0161ki pogre\u0161an - dmcsrb.com","og_description":"Dragan Bojovi\u0107, nezavisni poslanik, poru\u010duje da nije ispravno da politi\u010dki predstavnici srpskog naroda napuste pozicije u okviru sistema. Isti\u010de da evropske integracije Crnu Goru obavezuju da se sprije\u010di svaki oblik diskriminacije, i da se kroz dijalog i sporazum prevazi\u0111u istorijske podjele izme\u0111u srpskog i crnogorskog naroda.","og_url":"https:\/\/dmcsrb.com\/en\/politika\/bojovic-izlazak-predstavnika-srpskog-naroda-iz-vlasti-bio-bi-strateski-pogresan\/","og_site_name":"dmcsrb.com","article_published_time":"2026-01-16T09:16:00+00:00","og_image":[{"width":919,"height":459,"url":"https:\/\/dmcsrb.com\/wp-content\/uploads\/2024\/03\/Bojovic-Dragan-foto-rtcg.webp","type":"image\/jpeg"}],"author":"dmcsrbija.com@gmail.com","twitter_card":"summary_large_image","twitter_misc":{"Written by":"dmcsrbija.com@gmail.com","Estimated reading time":"4 minutes"},"schema":{"@context":"https:\/\/schema.org","@graph":[{"@type":"Article","@id":"https:\/\/dmcsrb.com\/politika\/bojovic-izlazak-predstavnika-srpskog-naroda-iz-vlasti-bio-bi-strateski-pogresan\/#article","isPartOf":{"@id":"https:\/\/dmcsrb.com\/politika\/bojovic-izlazak-predstavnika-srpskog-naroda-iz-vlasti-bio-bi-strateski-pogresan\/"},"author":{"name":"dmcsrbija.com@gmail.com","@id":"https:\/\/dmcsrb.com\/#\/schema\/person\/5c39170f12db1b8b457732d0b5c854e2"},"headline":"Bojovi\u0107: Izlazak predstavnika srpskog naroda iz vlasti bio bi strate\u0161ki pogre\u0161an","datePublished":"2026-01-16T09:16:00+00:00","mainEntityOfPage":{"@id":"https:\/\/dmcsrb.com\/politika\/bojovic-izlazak-predstavnika-srpskog-naroda-iz-vlasti-bio-bi-strateski-pogresan\/"},"wordCount":717,"commentCount":0,"image":{"@id":"https:\/\/dmcsrb.com\/politika\/bojovic-izlazak-predstavnika-srpskog-naroda-iz-vlasti-bio-bi-strateski-pogresan\/#primaryimage"},"thumbnailUrl":"https:\/\/dmcsrb.com\/wp-content\/uploads\/2024\/03\/Bojovic-Dragan-foto-rtcg.webp","keywords":["Bojovi\u0107","RTCG","srbi"],"articleSection":["Politika"],"inLanguage":"en-GB","potentialAction":[{"@type":"CommentAction","name":"Comment","target":["https:\/\/dmcsrb.com\/politika\/bojovic-izlazak-predstavnika-srpskog-naroda-iz-vlasti-bio-bi-strateski-pogresan\/#respond"]}]},{"@type":"WebPage","@id":"https:\/\/dmcsrb.com\/politika\/bojovic-izlazak-predstavnika-srpskog-naroda-iz-vlasti-bio-bi-strateski-pogresan\/","url":"https:\/\/dmcsrb.com\/politika\/bojovic-izlazak-predstavnika-srpskog-naroda-iz-vlasti-bio-bi-strateski-pogresan\/","name":"Bojovi\u0107: Izlazak predstavnika srpskog naroda iz vlasti bio bi strate\u0161ki pogre\u0161an - dmcsrb.com","isPartOf":{"@id":"https:\/\/dmcsrb.com\/#website"},"primaryImageOfPage":{"@id":"https:\/\/dmcsrb.com\/politika\/bojovic-izlazak-predstavnika-srpskog-naroda-iz-vlasti-bio-bi-strateski-pogresan\/#primaryimage"},"image":{"@id":"https:\/\/dmcsrb.com\/politika\/bojovic-izlazak-predstavnika-srpskog-naroda-iz-vlasti-bio-bi-strateski-pogresan\/#primaryimage"},"thumbnailUrl":"https:\/\/dmcsrb.com\/wp-content\/uploads\/2024\/03\/Bojovic-Dragan-foto-rtcg.webp","datePublished":"2026-01-16T09:16:00+00:00","author":{"@id":"https:\/\/dmcsrb.com\/#\/schema\/person\/5c39170f12db1b8b457732d0b5c854e2"},"breadcrumb":{"@id":"https:\/\/dmcsrb.com\/politika\/bojovic-izlazak-predstavnika-srpskog-naroda-iz-vlasti-bio-bi-strateski-pogresan\/#breadcrumb"},"inLanguage":"en-GB","potentialAction":[{"@type":"ReadAction","target":["https:\/\/dmcsrb.com\/politika\/bojovic-izlazak-predstavnika-srpskog-naroda-iz-vlasti-bio-bi-strateski-pogresan\/"]}]},{"@type":"ImageObject","inLanguage":"en-GB","@id":"https:\/\/dmcsrb.com\/politika\/bojovic-izlazak-predstavnika-srpskog-naroda-iz-vlasti-bio-bi-strateski-pogresan\/#primaryimage","url":"https:\/\/dmcsrb.com\/wp-content\/uploads\/2024\/03\/Bojovic-Dragan-foto-rtcg.webp","contentUrl":"https:\/\/dmcsrb.com\/wp-content\/uploads\/2024\/03\/Bojovic-Dragan-foto-rtcg.webp","width":919,"height":459},{"@type":"BreadcrumbList","@id":"https:\/\/dmcsrb.com\/politika\/bojovic-izlazak-predstavnika-srpskog-naroda-iz-vlasti-bio-bi-strateski-pogresan\/#breadcrumb","itemListElement":[{"@type":"ListItem","position":1,"name":"Home","item":"https:\/\/dmcsrb.com\/"},{"@type":"ListItem","position":2,"name":"Bojovi\u0107: Izlazak predstavnika srpskog naroda iz vlasti bio bi strate\u0161ki pogre\u0161an"}]},{"@type":"WebSite","@id":"https:\/\/dmcsrb.com\/#website","url":"https:\/\/dmcsrb.com\/","name":"dmcsrb.com","description":"","potentialAction":[{"@type":"SearchAction","target":{"@type":"EntryPoint","urlTemplate":"https:\/\/dmcsrb.com\/?s={search_term_string}"},"query-input":{"@type":"PropertyValueSpecification","valueRequired":true,"valueName":"search_term_string"}}],"inLanguage":"en-GB"},{"@type":"Person","@id":"https:\/\/dmcsrb.com\/#\/schema\/person\/5c39170f12db1b8b457732d0b5c854e2","name":"dmcsrbija.com@gmail.com","image":{"@type":"ImageObject","inLanguage":"en-GB","@id":"https:\/\/dmcsrb.com\/#\/schema\/person\/image\/","url":"https:\/\/secure.gravatar.com\/avatar\/68592660ad6347fad0fb587f8d5d8f1a7b44961362f56e4f2cd524feb87e9069?s=96&d=mm&r=g","contentUrl":"https:\/\/secure.gravatar.com\/avatar\/68592660ad6347fad0fb587f8d5d8f1a7b44961362f56e4f2cd524feb87e9069?s=96&d=mm&r=g","caption":"dmcsrbija.com@gmail.com"},"sameAs":["https:\/\/dmcsrb.com"],"url":"https:\/\/dmcsrb.com\/en\/author\/dmcsrbija-comgmail-com\/"}]}},"_links":{"self":[{"href":"https:\/\/dmcsrb.com\/en\/wp-json\/wp\/v2\/posts\/942550","targetHints":{"allow":["GET"]}}],"collection":[{"href":"https:\/\/dmcsrb.com\/en\/wp-json\/wp\/v2\/posts"}],"about":[{"href":"https:\/\/dmcsrb.com\/en\/wp-json\/wp\/v2\/types\/post"}],"author":[{"embeddable":true,"href":"https:\/\/dmcsrb.com\/en\/wp-json\/wp\/v2\/users\/1"}],"replies":[{"embeddable":true,"href":"https:\/\/dmcsrb.com\/en\/wp-json\/wp\/v2\/comments?post=942550"}],"version-history":[{"count":0,"href":"https:\/\/dmcsrb.com\/en\/wp-json\/wp\/v2\/posts\/942550\/revisions"}],"wp:featuredmedia":[{"embeddable":true,"href":"https:\/\/dmcsrb.com\/en\/wp-json\/wp\/v2\/media\/496705"}],"wp:attachment":[{"href":"https:\/\/dmcsrb.com\/en\/wp-json\/wp\/v2\/media?parent=942550"}],"wp:term":[{"taxonomy":"category","embeddable":true,"href":"https:\/\/dmcsrb.com\/en\/wp-json\/wp\/v2\/categories?post=942550"},{"taxonomy":"post_tag","embeddable":true,"href":"https:\/\/dmcsrb.com\/en\/wp-json\/wp\/v2\/tags?post=942550"},{"taxonomy":"naslovna","embeddable":true,"href":"https:\/\/dmcsrb.com\/en\/wp-json\/wp\/v2\/naslovna?post=942550"}],"curies":[{"name":"wp","href":"https:\/\/api.w.org\/{rel}","templated":true}]}}