{"id":942546,"date":"2026-01-16T09:18:00","date_gmt":"2026-01-16T08:18:00","guid":{"rendered":"https:\/\/gradski.me\/?p=909820"},"modified":"2026-01-16T09:18:00","modified_gmt":"2026-01-16T08:18:00","slug":"mvp-crnogorski-drzavljani-da-razmotre-napustanje-irana","status":"publish","type":"post","link":"https:\/\/dmcsrb.com\/en\/politika\/mvp-crnogorski-drzavljani-da-razmotre-napustanje-irana\/","title":{"rendered":"MVP: Crnogorski dr\u017eavljani da razmotre napu\u0161tanje Irana"},"content":{"rendered":"<p><\/p>\n\n\n\n<p>&#8220;Istovremeno, crnogorskim dr\u017eavljanima koji se trenutno nalaze na teritoriji Islamske Republike Iran preporu\u010duje se da, u skladu sa mogu\u0107nostima i li\u010dnom procjenom, razmotre napu\u0161tanje te dr\u017eave, uz striktno po\u0161tovanje va\u017ee\u0107ih bezbjednosnih preporuka i uputstava nadle\u017enih organa&#8221;, saop\u0161teno je iz MVP.<\/p>\n\n\n\n<p>Ministarstvo vanjskih poslova, kako ka\u017eu, ostaje posve\u0107eno pra\u0107enju razvoja situacije, u bliskoj saradnji sa me\u0111unarodnim partnerima, te \u0107e javnost blagovremeno informisati o svim relevantnim okolnostima od zna\u010daja za bezbjednost gra\u0111ana Crne Gore.<\/p>","protected":false},"excerpt":{"rendered":"<p>Ministarstvo vanjskih poslova Crne Gore, imaju\u0107i u vidu pogor\u0161anu bezbjednosnu situaciju u Islamskoj Republici Iran, preporu\u010duje gra\u0111anima Crne Gore da se, do daljnjeg, uzdr\u017ee od putovanja u tu zemlju.<\/p>","protected":false},"author":1,"featured_media":395443,"comment_status":"open","ping_status":"open","sticky":false,"template":"","format":"standard","meta":{"_acf_changed":false,"footnotes":""},"categories":[12],"tags":[1385,595],"naslovna":[],"class_list":["post-942546","post","type-post","status-publish","format-standard","has-post-thumbnail","hentry","category-politika","tag-iran","tag-mvp"],"acf":[],"yoast_head":"<!-- This site is optimized with the Yoast SEO plugin v27.4 - https:\/\/yoast.com\/product\/yoast-seo-wordpress\/ -->\n<title>MVP: Crnogorski dr\u017eavljani da razmotre napu\u0161tanje Irana - dmcsrb.com<\/title>\n<meta name=\"robots\" content=\"index, follow, max-snippet:-1, max-image-preview:large, max-video-preview:-1\" \/>\n<link rel=\"canonical\" href=\"https:\/\/dmcsrb.com\/en\/politika\/mvp-crnogorski-drzavljani-da-razmotre-napustanje-irana\/\" \/>\n<meta property=\"og:locale\" content=\"en_GB\" \/>\n<meta property=\"og:type\" content=\"article\" \/>\n<meta property=\"og:title\" content=\"MVP: Crnogorski dr\u017eavljani da razmotre napu\u0161tanje Irana - dmcsrb.com\" \/>\n<meta property=\"og:description\" content=\"Ministarstvo vanjskih poslova Crne Gore, imaju\u0107i u vidu pogor\u0161anu bezbjednosnu situaciju u Islamskoj Republici Iran, preporu\u010duje gra\u0111anima Crne Gore da se, do daljnjeg, uzdr\u017ee od putovanja u tu zemlju.\" \/>\n<meta property=\"og:url\" content=\"https:\/\/dmcsrb.com\/en\/politika\/mvp-crnogorski-drzavljani-da-razmotre-napustanje-irana\/\" \/>\n<meta property=\"og:site_name\" content=\"dmcsrb.com\" \/>\n<meta property=\"article:published_time\" content=\"2026-01-16T08:18:00+00:00\" \/>\n<meta property=\"og:image\" content=\"https:\/\/dmcsrb.com\/wp-content\/uploads\/2023\/05\/Ministarstvo-Vanjskih-poslova-1.webp\" \/>\n\t<meta property=\"og:image:width\" content=\"1920\" \/>\n\t<meta property=\"og:image:height\" content=\"1080\" \/>\n\t<meta property=\"og:image:type\" content=\"image\/jpeg\" \/>\n<meta name=\"author\" content=\"dmcsrbija.com@gmail.com\" \/>\n<meta name=\"twitter:card\" content=\"summary_large_image\" \/>\n<meta name=\"twitter:label1\" content=\"Written by\" \/>\n\t<meta name=\"twitter:data1\" content=\"dmcsrbija.com@gmail.com\" \/>\n<script type=\"application\/ld+json\" class=\"yoast-schema-graph\">{\"@context\":\"https:\\\/\\\/schema.org\",\"@graph\":[{\"@type\":\"Article\",\"@id\":\"https:\\\/\\\/dmcsrb.com\\\/politika\\\/mvp-crnogorski-drzavljani-da-razmotre-napustanje-irana\\\/#article\",\"isPartOf\":{\"@id\":\"https:\\\/\\\/dmcsrb.com\\\/politika\\\/mvp-crnogorski-drzavljani-da-razmotre-napustanje-irana\\\/\"},\"author\":{\"name\":\"dmcsrbija.com@gmail.com\",\"@id\":\"https:\\\/\\\/dmcsrb.com\\\/#\\\/schema\\\/person\\\/5c39170f12db1b8b457732d0b5c854e2\"},\"headline\":\"MVP: Crnogorski dr\u017eavljani da razmotre napu\u0161tanje Irana\",\"datePublished\":\"2026-01-16T08:18:00+00:00\",\"mainEntityOfPage\":{\"@id\":\"https:\\\/\\\/dmcsrb.com\\\/politika\\\/mvp-crnogorski-drzavljani-da-razmotre-napustanje-irana\\\/\"},\"wordCount\":98,\"commentCount\":0,\"image\":{\"@id\":\"https:\\\/\\\/dmcsrb.com\\\/politika\\\/mvp-crnogorski-drzavljani-da-razmotre-napustanje-irana\\\/#primaryimage\"},\"thumbnailUrl\":\"https:\\\/\\\/dmcsrb.com\\\/wp-content\\\/uploads\\\/2023\\\/05\\\/Ministarstvo-Vanjskih-poslova-1.webp\",\"keywords\":[\"iran\",\"MVP\"],\"articleSection\":[\"Politika\"],\"inLanguage\":\"en-GB\",\"potentialAction\":[{\"@type\":\"CommentAction\",\"name\":\"Comment\",\"target\":[\"https:\\\/\\\/dmcsrb.com\\\/politika\\\/mvp-crnogorski-drzavljani-da-razmotre-napustanje-irana\\\/#respond\"]}]},{\"@type\":\"WebPage\",\"@id\":\"https:\\\/\\\/dmcsrb.com\\\/politika\\\/mvp-crnogorski-drzavljani-da-razmotre-napustanje-irana\\\/\",\"url\":\"https:\\\/\\\/dmcsrb.com\\\/politika\\\/mvp-crnogorski-drzavljani-da-razmotre-napustanje-irana\\\/\",\"name\":\"MVP: Crnogorski dr\u017eavljani da razmotre napu\u0161tanje Irana - dmcsrb.com\",\"isPartOf\":{\"@id\":\"https:\\\/\\\/dmcsrb.com\\\/#website\"},\"primaryImageOfPage\":{\"@id\":\"https:\\\/\\\/dmcsrb.com\\\/politika\\\/mvp-crnogorski-drzavljani-da-razmotre-napustanje-irana\\\/#primaryimage\"},\"image\":{\"@id\":\"https:\\\/\\\/dmcsrb.com\\\/politika\\\/mvp-crnogorski-drzavljani-da-razmotre-napustanje-irana\\\/#primaryimage\"},\"thumbnailUrl\":\"https:\\\/\\\/dmcsrb.com\\\/wp-content\\\/uploads\\\/2023\\\/05\\\/Ministarstvo-Vanjskih-poslova-1.webp\",\"datePublished\":\"2026-01-16T08:18:00+00:00\",\"author\":{\"@id\":\"https:\\\/\\\/dmcsrb.com\\\/#\\\/schema\\\/person\\\/5c39170f12db1b8b457732d0b5c854e2\"},\"breadcrumb\":{\"@id\":\"https:\\\/\\\/dmcsrb.com\\\/politika\\\/mvp-crnogorski-drzavljani-da-razmotre-napustanje-irana\\\/#breadcrumb\"},\"inLanguage\":\"en-GB\",\"potentialAction\":[{\"@type\":\"ReadAction\",\"target\":[\"https:\\\/\\\/dmcsrb.com\\\/politika\\\/mvp-crnogorski-drzavljani-da-razmotre-napustanje-irana\\\/\"]}]},{\"@type\":\"ImageObject\",\"inLanguage\":\"en-GB\",\"@id\":\"https:\\\/\\\/dmcsrb.com\\\/politika\\\/mvp-crnogorski-drzavljani-da-razmotre-napustanje-irana\\\/#primaryimage\",\"url\":\"https:\\\/\\\/dmcsrb.com\\\/wp-content\\\/uploads\\\/2023\\\/05\\\/Ministarstvo-Vanjskih-poslova-1.webp\",\"contentUrl\":\"https:\\\/\\\/dmcsrb.com\\\/wp-content\\\/uploads\\\/2023\\\/05\\\/Ministarstvo-Vanjskih-poslova-1.webp\",\"width\":1920,\"height\":1080,\"caption\":\"Foto: MVP\"},{\"@type\":\"BreadcrumbList\",\"@id\":\"https:\\\/\\\/dmcsrb.com\\\/politika\\\/mvp-crnogorski-drzavljani-da-razmotre-napustanje-irana\\\/#breadcrumb\",\"itemListElement\":[{\"@type\":\"ListItem\",\"position\":1,\"name\":\"Home\",\"item\":\"https:\\\/\\\/dmcsrb.com\\\/\"},{\"@type\":\"ListItem\",\"position\":2,\"name\":\"MVP: Crnogorski dr\u017eavljani da razmotre napu\u0161tanje Irana\"}]},{\"@type\":\"WebSite\",\"@id\":\"https:\\\/\\\/dmcsrb.com\\\/#website\",\"url\":\"https:\\\/\\\/dmcsrb.com\\\/\",\"name\":\"dmcsrb.com\",\"description\":\"\",\"potentialAction\":[{\"@type\":\"SearchAction\",\"target\":{\"@type\":\"EntryPoint\",\"urlTemplate\":\"https:\\\/\\\/dmcsrb.com\\\/?s={search_term_string}\"},\"query-input\":{\"@type\":\"PropertyValueSpecification\",\"valueRequired\":true,\"valueName\":\"search_term_string\"}}],\"inLanguage\":\"en-GB\"},{\"@type\":\"Person\",\"@id\":\"https:\\\/\\\/dmcsrb.com\\\/#\\\/schema\\\/person\\\/5c39170f12db1b8b457732d0b5c854e2\",\"name\":\"dmcsrbija.com@gmail.com\",\"image\":{\"@type\":\"ImageObject\",\"inLanguage\":\"en-GB\",\"@id\":\"https:\\\/\\\/secure.gravatar.com\\\/avatar\\\/68592660ad6347fad0fb587f8d5d8f1a7b44961362f56e4f2cd524feb87e9069?s=96&d=mm&r=g\",\"url\":\"https:\\\/\\\/secure.gravatar.com\\\/avatar\\\/68592660ad6347fad0fb587f8d5d8f1a7b44961362f56e4f2cd524feb87e9069?s=96&d=mm&r=g\",\"contentUrl\":\"https:\\\/\\\/secure.gravatar.com\\\/avatar\\\/68592660ad6347fad0fb587f8d5d8f1a7b44961362f56e4f2cd524feb87e9069?s=96&d=mm&r=g\",\"caption\":\"dmcsrbija.com@gmail.com\"},\"sameAs\":[\"https:\\\/\\\/dmcsrb.com\"],\"url\":\"https:\\\/\\\/dmcsrb.com\\\/en\\\/author\\\/dmcsrbija-comgmail-com\\\/\"}]}<\/script>\n<!-- \/ Yoast SEO plugin. -->","yoast_head_json":{"title":"MVP: Crnogorski dr\u017eavljani da razmotre napu\u0161tanje Irana - dmcsrb.com","robots":{"index":"index","follow":"follow","max-snippet":"max-snippet:-1","max-image-preview":"max-image-preview:large","max-video-preview":"max-video-preview:-1"},"canonical":"https:\/\/dmcsrb.com\/en\/politika\/mvp-crnogorski-drzavljani-da-razmotre-napustanje-irana\/","og_locale":"en_GB","og_type":"article","og_title":"MVP: Crnogorski dr\u017eavljani da razmotre napu\u0161tanje Irana - dmcsrb.com","og_description":"Ministarstvo vanjskih poslova Crne Gore, imaju\u0107i u vidu pogor\u0161anu bezbjednosnu situaciju u Islamskoj Republici Iran, preporu\u010duje gra\u0111anima Crne Gore da se, do daljnjeg, uzdr\u017ee od putovanja u tu zemlju.","og_url":"https:\/\/dmcsrb.com\/en\/politika\/mvp-crnogorski-drzavljani-da-razmotre-napustanje-irana\/","og_site_name":"dmcsrb.com","article_published_time":"2026-01-16T08:18:00+00:00","og_image":[{"width":1920,"height":1080,"url":"https:\/\/dmcsrb.com\/wp-content\/uploads\/2023\/05\/Ministarstvo-Vanjskih-poslova-1.webp","type":"image\/jpeg"}],"author":"dmcsrbija.com@gmail.com","twitter_card":"summary_large_image","twitter_misc":{"Written by":"dmcsrbija.com@gmail.com"},"schema":{"@context":"https:\/\/schema.org","@graph":[{"@type":"Article","@id":"https:\/\/dmcsrb.com\/politika\/mvp-crnogorski-drzavljani-da-razmotre-napustanje-irana\/#article","isPartOf":{"@id":"https:\/\/dmcsrb.com\/politika\/mvp-crnogorski-drzavljani-da-razmotre-napustanje-irana\/"},"author":{"name":"dmcsrbija.com@gmail.com","@id":"https:\/\/dmcsrb.com\/#\/schema\/person\/5c39170f12db1b8b457732d0b5c854e2"},"headline":"MVP: Crnogorski dr\u017eavljani da razmotre napu\u0161tanje Irana","datePublished":"2026-01-16T08:18:00+00:00","mainEntityOfPage":{"@id":"https:\/\/dmcsrb.com\/politika\/mvp-crnogorski-drzavljani-da-razmotre-napustanje-irana\/"},"wordCount":98,"commentCount":0,"image":{"@id":"https:\/\/dmcsrb.com\/politika\/mvp-crnogorski-drzavljani-da-razmotre-napustanje-irana\/#primaryimage"},"thumbnailUrl":"https:\/\/dmcsrb.com\/wp-content\/uploads\/2023\/05\/Ministarstvo-Vanjskih-poslova-1.webp","keywords":["iran","MVP"],"articleSection":["Politika"],"inLanguage":"en-GB","potentialAction":[{"@type":"CommentAction","name":"Comment","target":["https:\/\/dmcsrb.com\/politika\/mvp-crnogorski-drzavljani-da-razmotre-napustanje-irana\/#respond"]}]},{"@type":"WebPage","@id":"https:\/\/dmcsrb.com\/politika\/mvp-crnogorski-drzavljani-da-razmotre-napustanje-irana\/","url":"https:\/\/dmcsrb.com\/politika\/mvp-crnogorski-drzavljani-da-razmotre-napustanje-irana\/","name":"MVP: Crnogorski dr\u017eavljani da razmotre napu\u0161tanje Irana - dmcsrb.com","isPartOf":{"@id":"https:\/\/dmcsrb.com\/#website"},"primaryImageOfPage":{"@id":"https:\/\/dmcsrb.com\/politika\/mvp-crnogorski-drzavljani-da-razmotre-napustanje-irana\/#primaryimage"},"image":{"@id":"https:\/\/dmcsrb.com\/politika\/mvp-crnogorski-drzavljani-da-razmotre-napustanje-irana\/#primaryimage"},"thumbnailUrl":"https:\/\/dmcsrb.com\/wp-content\/uploads\/2023\/05\/Ministarstvo-Vanjskih-poslova-1.webp","datePublished":"2026-01-16T08:18:00+00:00","author":{"@id":"https:\/\/dmcsrb.com\/#\/schema\/person\/5c39170f12db1b8b457732d0b5c854e2"},"breadcrumb":{"@id":"https:\/\/dmcsrb.com\/politika\/mvp-crnogorski-drzavljani-da-razmotre-napustanje-irana\/#breadcrumb"},"inLanguage":"en-GB","potentialAction":[{"@type":"ReadAction","target":["https:\/\/dmcsrb.com\/politika\/mvp-crnogorski-drzavljani-da-razmotre-napustanje-irana\/"]}]},{"@type":"ImageObject","inLanguage":"en-GB","@id":"https:\/\/dmcsrb.com\/politika\/mvp-crnogorski-drzavljani-da-razmotre-napustanje-irana\/#primaryimage","url":"https:\/\/dmcsrb.com\/wp-content\/uploads\/2023\/05\/Ministarstvo-Vanjskih-poslova-1.webp","contentUrl":"https:\/\/dmcsrb.com\/wp-content\/uploads\/2023\/05\/Ministarstvo-Vanjskih-poslova-1.webp","width":1920,"height":1080,"caption":"Foto: MVP"},{"@type":"BreadcrumbList","@id":"https:\/\/dmcsrb.com\/politika\/mvp-crnogorski-drzavljani-da-razmotre-napustanje-irana\/#breadcrumb","itemListElement":[{"@type":"ListItem","position":1,"name":"Home","item":"https:\/\/dmcsrb.com\/"},{"@type":"ListItem","position":2,"name":"MVP: Crnogorski dr\u017eavljani da razmotre napu\u0161tanje Irana"}]},{"@type":"WebSite","@id":"https:\/\/dmcsrb.com\/#website","url":"https:\/\/dmcsrb.com\/","name":"dmcsrb.com","description":"","potentialAction":[{"@type":"SearchAction","target":{"@type":"EntryPoint","urlTemplate":"https:\/\/dmcsrb.com\/?s={search_term_string}"},"query-input":{"@type":"PropertyValueSpecification","valueRequired":true,"valueName":"search_term_string"}}],"inLanguage":"en-GB"},{"@type":"Person","@id":"https:\/\/dmcsrb.com\/#\/schema\/person\/5c39170f12db1b8b457732d0b5c854e2","name":"dmcsrbija.com@gmail.com","image":{"@type":"ImageObject","inLanguage":"en-GB","@id":"https:\/\/secure.gravatar.com\/avatar\/68592660ad6347fad0fb587f8d5d8f1a7b44961362f56e4f2cd524feb87e9069?s=96&d=mm&r=g","url":"https:\/\/secure.gravatar.com\/avatar\/68592660ad6347fad0fb587f8d5d8f1a7b44961362f56e4f2cd524feb87e9069?s=96&d=mm&r=g","contentUrl":"https:\/\/secure.gravatar.com\/avatar\/68592660ad6347fad0fb587f8d5d8f1a7b44961362f56e4f2cd524feb87e9069?s=96&d=mm&r=g","caption":"dmcsrbija.com@gmail.com"},"sameAs":["https:\/\/dmcsrb.com"],"url":"https:\/\/dmcsrb.com\/en\/author\/dmcsrbija-comgmail-com\/"}]}},"_links":{"self":[{"href":"https:\/\/dmcsrb.com\/en\/wp-json\/wp\/v2\/posts\/942546","targetHints":{"allow":["GET"]}}],"collection":[{"href":"https:\/\/dmcsrb.com\/en\/wp-json\/wp\/v2\/posts"}],"about":[{"href":"https:\/\/dmcsrb.com\/en\/wp-json\/wp\/v2\/types\/post"}],"author":[{"embeddable":true,"href":"https:\/\/dmcsrb.com\/en\/wp-json\/wp\/v2\/users\/1"}],"replies":[{"embeddable":true,"href":"https:\/\/dmcsrb.com\/en\/wp-json\/wp\/v2\/comments?post=942546"}],"version-history":[{"count":0,"href":"https:\/\/dmcsrb.com\/en\/wp-json\/wp\/v2\/posts\/942546\/revisions"}],"wp:featuredmedia":[{"embeddable":true,"href":"https:\/\/dmcsrb.com\/en\/wp-json\/wp\/v2\/media\/395443"}],"wp:attachment":[{"href":"https:\/\/dmcsrb.com\/en\/wp-json\/wp\/v2\/media?parent=942546"}],"wp:term":[{"taxonomy":"category","embeddable":true,"href":"https:\/\/dmcsrb.com\/en\/wp-json\/wp\/v2\/categories?post=942546"},{"taxonomy":"post_tag","embeddable":true,"href":"https:\/\/dmcsrb.com\/en\/wp-json\/wp\/v2\/tags?post=942546"},{"taxonomy":"naslovna","embeddable":true,"href":"https:\/\/dmcsrb.com\/en\/wp-json\/wp\/v2\/naslovna?post=942546"}],"curies":[{"name":"wp","href":"https:\/\/api.w.org\/{rel}","templated":true}]}}