{"id":942518,"date":"2026-01-15T21:39:00","date_gmt":"2026-01-15T20:39:00","guid":{"rendered":"https:\/\/gradski.me\/?p=909730"},"modified":"2026-01-15T21:39:00","modified_gmt":"2026-01-15T20:39:00","slug":"rajzing-rajnke-suspenzija-viza-se-ne-odnosi-na-radne-studentske-i-vize-za-putovanja","status":"publish","type":"post","link":"https:\/\/dmcsrb.com\/en\/politika\/rajzing-rajnke-suspenzija-viza-se-ne-odnosi-na-radne-studentske-i-vize-za-putovanja\/","title":{"rendered":"Rajzing Rajnke: Da bi Crna Gora zavr\u0161ila reforme u 2026. neophodna ujedinjenost"},"content":{"rendered":"<p><strong>Suspenzija viza se ne odnosi na&nbsp;radne, studentske i vize za putovanje<\/strong><\/p>\n\n\n\n<p>Rajnke je kazala da odluka State Departmenta da suspenduje procesuiranje imigrantskih viza za 75 zemalja, me\u0111u kojima je i Crna Gora, ima za cilj da pomogne SAD da sna\u017enija zemlja.<\/p>\n\n\n\n<p>&#8220;Procesi se de\u0161avaju posljednjih nekoliko godina i \u017eelim da vas podsjetim da je rije\u010d o imigraciji u SAD. Dakle, to se ne odnosi na regularne vize za putovanje i za turizam. Ja \u017eelim da ka\u017eem da je Crna Gora dobrodo\u0161la i \u017eeelimo dobrodo\u0161licu svim ljudima koji su kvalifikovani da dobiju vizu i \u017eelim da vas ohrabrim da putujete u na\u0161u zemlju&#8221;, kazala je Rajnke i pojasnila da odluka SAD-a ne uklju\u010duje radne, studentske i vize za putovanje.<\/p>\n\n\n\n<p>Nije mogla da odgovori koju vrstu pomo\u0107i vlada Sjedinjenih Ameri\u010dkih Dr\u017eava daje imigrantima, s obzirom na to da je predsjednik Donald Tramp najavio na svojim dru\u0161tvenim mre\u017eama da se veliki novac izdvajao za tu namjenu.<\/p>\n\n\n\n<p>&#8220;Voljela bih da imam sve te informacije i vjerujem da ste zaista zainteresovani za to, ali vjerujem da \u0107emo uskoro dobiti ove informacije s obzirom na to da su ovo posljednje vijesti&#8221;, kazala je Rajnke.<\/p>\n\n\n\n<p><strong>Crna Gora ide u pravom smjeru<\/strong><\/p>\n\n\n\n<p>Rajnke isti\u010de da je tokom mandata u Crnoj Gori vidjela napredak.<\/p>\n\n\n\n<p>&#8220;Na\u010din na koji se kre\u0107ete je vrlo optimisti\u010dan. Kada sam do\u0161la ovdje, proces za Evropsku uniju je bio vrlo spor, planiranje se nije de\u0161avalo tako brzo, ali sada zemlja je zaista na tom putu, na pragu ulaska u Evropsku uniju. Uloga Sjedinjenih Ameri\u010dkih Dr\u017eava ovdje je bila da budemo kao prijatelj, da podr\u017eimo reforme, institucije i sve ono \u0161to ide u skladu sa pristupanjem Evropskoj uniji. I ponosna sam na ulogu koju su Sjedinjene ameri\u010dke dr\u017eave imale u svemu tome&#8221;, kazala je ambasadorka.<\/p>\n\n\n\n<p>Komentari\u0161u\u0107i politi\u010dke podjele u zemlji, kazala je da one postoje svuda.<\/p>\n\n\n\n<p>&#8220;Kada pogledamo sve ovo, Crna Gora je kao rijeka. Rijeka se pomjera, ide brzo, te\u010de. Crnogorska rijeka ide u pravom smjeru. Svaka rijeka ima meandre, krivine, ali ipak dolazi u svoje u\u0161\u0107e. Politi\u010dari treba to da prepoznaju i da se osiguraju da voda ide tamo gdje treba, a ne da skre\u0107e sa svog korita. Dakle, to je ono \u0161to Crnogorci \u017eele, a to je da budu dio Evropske unije i mislim da je nacionalni konsenzus izme\u0111u onih koji su odgovorni za to, da je tu. Ja sam to vidjela ove godine&#8221;, istakla je ona.<\/p>\n\n\n\n<p><strong>Institucije ja\u010de,&nbsp;borba protiv korupcije jedan od najve\u0107ih izazova&nbsp;<\/strong><\/p>\n\n\n\n<p>Politi\u010dki dijalog i kompromis veoma je va\u017ean isti\u010de Rajnke, a borba protiv korupcije ostaje tako\u0111e jedan od najve\u0107ih izazova za Crnu Goru.<\/p>\n\n\n\n<p>&#8220;U tom procesu Sjedinjene Ameri\u010dke Dr\u017eave su omogu\u0107ile podr\u0161ku, ekspertsku pomo\u0107, saradnju sa crnogorskim institucijama&#8221;, navela je ona.<\/p>\n\n\n\n<p>Vidi progres i u tom dijelu.<\/p>\n\n\n\n<p>&#8220;Korupcija i vladavina prava nijesu ba\u0161 ne\u0161to o \u010demu se razgovaralo kad sam ja do\u0161la. Drago mi je da su Crnogorci prepoznali da ovo treba da bude zemlja koja je stabilnija, produktivnija, gdje su gra\u0111ani za\u0161ti\u0107eni od strane Vlade. Dok smo omogu\u0107avali tu vrstu pomo\u0107i gledala sam kako institucije postaju sna\u017enije, odgovornije. Sposobnosti ljudi u tu\u017eila\u0161tvu i pravosudnom sistemu su mnogo bolje. Jako smo ponosni da smo omogu\u0107ili neku vrstu prakti\u010dnih obuka. Tako\u0111e imamo i program da poja\u010damo sposobnosti policije. Posmatrala sam stvarnu transformaciju&#8221;, kazala je ambasadorka.<\/p>\n\n\n\n<p><strong>Crna Gora \u0107e u 2026. donijeti klju\u010dne odluke za budu\u0107nost<\/strong><\/p>\n\n\n\n<p>Smatra da je 2026. godina odlu\u010duju\u0107a godina kada je rije\u010d o \u010dlanstvu u EU.<\/p>\n\n\n\n<p>&#8220;Ja sam optimista. Zapravo, ja sam uvjerena s obzirom na to da sam upoznala nekoliko va\u017enih zvani\u010dnika koji su odgovorni za ove reforme, da oni prepoznaju to \u0161to treba da rade. To \u0107e biti te\u0161ka godina i kao \u0161to znate, reforme su te\u0161ke. Reforme zna\u010di promjene, svaka promjena je te\u0161ka, ali tako\u0111e to zna\u010di da \u0107e uvesti jedan novi vrstu reda u crnogorski sistem i u procese, ali znam da postoji plan rada i znam da do kraja godine ove odgovornosti \u0107e biti sprovedene, ovaj plan \u0107e biti sproveden&#8221;, smatra ona.<\/p>\n\n\n\n<p>Nagla\u0161ava da i dalje dosta toga zavisi od parlamenta, da li \u0107e oni usvojiti odre\u0111ene zakone i pravosudne okvire ovih reformi.<\/p>\n\n\n\n<p>&#8220;Ali vjerujem da \u0107e u 2026. godini Crna Gora donijeti klju\u010dne odluke za budu\u0107nost. Zaista vidim jedan otvoren pristup \u010dlanica evropskih integracija u ovom trenutku. I radujem se tome da u penziji posmatram Crnu Goru u EU&#8221;, istakla je odlaze\u0107a ambasadorka.<\/p>\n\n\n\n<p>Klju\u010dni koraci, koji se ne smiju odga\u0111ati odnose se na vladavinu prava.<\/p>\n\n\n\n<p>&#8220;To jo\u0161 uvijek nije zavr\u0161eno, iako smo ve\u0107 pri\u010dali o nekim pozitivnim stvarima, to je ono \u0161to \u0107e EU posmatrati. Odre\u0111ena poglavlja, tehni\u010dki detalji tako\u0111e moraju se ispo\u0161tovati, postoje odre\u0111eni benefiti za Crnu Goru. To se odnosi i na prediktibilnost, stabilnost. To \u0107e biti veoma korisno za Crnu Goru kao \u010dlanicu Evropske unije, ali na kraju je veoma va\u017eno da se vidi ta vladavina prava i da ljudi znaju da \u0107e ugovori biti po\u0161tovani i da \u0107e kriminalci biti sprovedeni pred lice pravde i da \u0107e se na to fokusirati vlast i sada&#8221;, navela je Rajnke.<\/p>\n\n\n\n<p>Istakla je da u nekim slu\u010dajevima napada na novinare pravda nije zadovoljena, te da je va\u017eno da ro bude rije\u0161eno \u0161to \u0107e donijeti ve\u0107i nivo bezbjednosti za one koji se bave ovom profesijom.<\/p>\n\n\n\n<p><strong>Crna Gora sve otpornija na strani uticaj, na njoj je da izabere ko je najbolji za nju<\/strong><\/p>\n\n\n\n<p>Na pitanje da li je Crna Gora opravdala o\u010dekivanja saveznik kazala je da je Crna Gora veoma cijenjen saveznik i neko ko doprinosi me\u0111usobnoj sigurnosti koju predstavlja alijansa.<\/p>\n\n\n\n<p>&#8220;Veoma sam optimisti\u010dna \u0161to se ti\u010de doprinosa Crne Gore i onoga \u0161to donosite na sto. Zemlja jo\u0161 mora da preuzme odre\u0111ene odgovornosti da bi ostvarila sve ciljeve koji postoje za svaku zemlju. Ali mi se radujemo tome da Crna Gora ispuni svoje ciljeve i one koji se odnose na bud\u017eet, kada je rije\u010d o investicijama u vojci i infrastukturi koja podr\u017eava taj odbrambeni mehanizam&#8221;, navela je ona.<\/p>\n\n\n\n<p>Smatra da je Crna Gora sve otpornija na strani uticaj koji je primijetan na cijelom Zapadnom Balkanu.<\/p>\n\n\n\n<p>&#8220;Istina je da postoje odre\u0111eni zlokobni uticaji i to je zapravo i realnost u svijetu. Mi moramo dr\u017eati na\u0161e o\u010di \u0161irom otvorene za sve one narative koje dobijamo, sve ono \u0161to je antidemokratsko. Mislim da su ljudi svjesni da to postoji i tako\u0111e mislim da novinari kao \u0161to ste vi su koji prenose stvarne vijesti, \u010dine razliku u ovoj borbi protiv la\u017enih vijesti&#8221;, kazala je ona.<\/p>\n\n\n\n<p>Isti\u010de da su Kina i Rusija vrlo aktivne u Crnoj Gori.<\/p>\n\n\n\n<p>&#8220;Na Crnoj Gori je da odlu\u010di ko je najbolji za nju&#8221;, kazala je ona.<\/p>\n\n\n\n<p><strong>Transparentno\u0161\u0107u i vladavinom prava do boljeg poslovnog ambijenta<\/strong><\/p>\n\n\n\n<p>Isti\u010de da predvidljivost poslovne sredine u Crnoj Gori zavisi od vladavine prava.<\/p>\n\n\n\n<p>&#8221; Jo\u0161 uvijek postoje neki problemi. Veoma je vibrantna ta ameri\u010dka zajednica. I postoje odre\u0111eni izvje\u0161taji, ljudi razgovaraju o svojim iskustvima i to se dijeli sa vladom. \u017delimo da vlada zaista razumije kako te strane kompanije \u017eele da djeluju na jedan fer na\u010din i da napreduju u zemlji. Crna Gora nije jo\u0161 zavr\u0161ila svoj posao. Sve je vi\u0161e stabilna, to je dobro, i postaje sve vi\u0161e predvidljiva. \u017delimo vi\u0161e transparentnosti i kako idemo ka Evropskoj uniji, to je ono \u0107e se nastaviti nastaviti. Mislim da \u0107e to veoma pomo\u0107i u tom dijelu transparentnosti&#8221;, kazala je ona.<\/p>\n\n\n\n<p>Isti\u010de da je za nju august 2020. je bila prekretnica za Crnu Goru.<\/p>\n\n\n\n<p>&#8220;To je bio trenutak kada sam mogla da vidim demokratiju na djelu i to mirno predavanje vlasti. Postoji mnogo tu kontroverzi, govorimo o politi\u010dkim podjelama, razumijem to, ali za ve\u0107inu gra\u0111ana vidim pravac ka Evropskoj uniji&#8221;, navela je ona.<\/p>\n\n\n\n<p>Vjeruje da sada\u0161nji politi\u010dki akteri \u017eele i da su sposobni da uvedu Crnu Goru u EU.<\/p>\n\n\n\n<p>&#8220;I sada to moraju da urade i oni koji imaju politi\u010dki razli\u010dite perspektive treba da sjednu za sto i da shvate da ovo je taj trenutak, 2026. godina, kada Crna Gora zaista mora da ima politi\u010dku ujedinjenost da bi postigla te ciljeve i da zavr\u0161i taj naporan rad reformi da biste pristupili Evropskoj uniji. Nakon toga, znam da sljede\u0107e godine, 2027. godine, \u0107e biti novi izbori, ovog puta nacionalni izbori i svi \u0107e biti u jednom danu, tako da \u0107e to biti jedna \u0161ansa za gra\u0111ane da ka\u017eu \u0161ta misle, da li je ovo bilo uspje\u0161no ili nije i \u0161ta \u017eele u svojoj budu\u0107nosti&#8221;, kazala je Rajnke.<\/p>\n\n\n\n<p><strong>Proces izbora novog ambasadora u toku<\/strong><\/p>\n\n\n\n<p>Kazala je da ne zna ime novog ambasadora koji \u0107e je zamijeniti.<\/p>\n\n\n\n<p>&#8220;Proces tranzicije kod karijernih diplomata je tradicionalan i taj proces selekcije za sljede\u0107eg ambasadora je trenutno u toku. Ja nisam, naravno, dio toga procesa, ali sigurna sam da \u0107e biti nominacija i da \u0107e najaviti ime. U me\u0111uvremenu, radujem se da upoznam tu osobu, ko god da je ona ili on, i \u017eelim da ta osoba razumije dubinu i \u0161irinu ovog dru\u0161tva, kompleksnost, ali tako\u0111e i klju\u010dne vrijednosti naroda koji ovdje \u017eivi i koliko su one va\u017ene&#8221;, zaklju\u010dila je ambasadorka.<\/p>","protected":false},"excerpt":{"rendered":"<p>Odlaze\u0107a ambasadorka Sjedinjenih Ameri\u010dkih Dr\u017eava u Crnoj Gori D\u017eudi Rajzing Rajke u intervju za RTCG kazala je da vjeruje da aktuelni politi\u010dki akteri \u017eele i da su sposobni da uvedu Crnu Goru u Evropsku uniju. Istakla je da je uprkos razlikama u 2026. godini neophodna politi\u010dka ujedinjenost kako bi se sprovele reforme koje vode ka EU. Smatra da su institucije sna\u017enije, vidi progres u tu\u017eila\u0161tvu i pravosu\u0111u, ali smatra da jo\u0161 ima posla kada je rije\u010d o vladavini prava.<\/p>","protected":false},"author":1,"featured_media":942790,"comment_status":"open","ping_status":"open","sticky":false,"template":"","format":"standard","meta":{"_acf_changed":false,"footnotes":""},"categories":[12],"tags":[95,2179,195],"naslovna":[],"class_list":["post-942518","post","type-post","status-publish","format-standard","has-post-thumbnail","hentry","category-politika","tag-crna-gora","tag-dzudi-rajzing-rajnke","tag-sad"],"acf":[],"yoast_head":"<!-- This site is optimized with the Yoast SEO plugin v27.4 - https:\/\/yoast.com\/product\/yoast-seo-wordpress\/ -->\n<title>Rajzing Rajnke: Da bi Crna Gora zavr\u0161ila reforme u 2026. neophodna ujedinjenost - dmcsrb.com<\/title>\n<meta name=\"robots\" content=\"index, follow, max-snippet:-1, max-image-preview:large, max-video-preview:-1\" \/>\n<link rel=\"canonical\" href=\"https:\/\/dmcsrb.com\/en\/politika\/rajzing-rajnke-suspenzija-viza-se-ne-odnosi-na-radne-studentske-i-vize-za-putovanja\/\" \/>\n<meta property=\"og:locale\" content=\"en_GB\" \/>\n<meta property=\"og:type\" content=\"article\" \/>\n<meta property=\"og:title\" content=\"Rajzing Rajnke: Da bi Crna Gora zavr\u0161ila reforme u 2026. neophodna ujedinjenost - dmcsrb.com\" \/>\n<meta property=\"og:description\" content=\"Odlaze\u0107a ambasadorka Sjedinjenih Ameri\u010dkih Dr\u017eava u Crnoj Gori D\u017eudi Rajzing Rajke u intervju za RTCG kazala je da vjeruje da aktuelni politi\u010dki akteri \u017eele i da su sposobni da uvedu Crnu Goru u Evropsku uniju. Istakla je da je uprkos razlikama u 2026. godini neophodna politi\u010dka ujedinjenost kako bi se sprovele reforme koje vode ka EU. Smatra da su institucije sna\u017enije, vidi progres u tu\u017eila\u0161tvu i pravosu\u0111u, ali smatra da jo\u0161 ima posla kada je rije\u010d o vladavini prava.\" \/>\n<meta property=\"og:url\" content=\"https:\/\/dmcsrb.com\/en\/politika\/rajzing-rajnke-suspenzija-viza-se-ne-odnosi-na-radne-studentske-i-vize-za-putovanja\/\" \/>\n<meta property=\"og:site_name\" content=\"dmcsrb.com\" \/>\n<meta property=\"article:published_time\" content=\"2026-01-15T20:39:00+00:00\" \/>\n<meta property=\"og:image\" content=\"https:\/\/dmcsrb.com\/wp-content\/uploads\/2026\/01\/15_01_INSERT_INTERVJU_RAJNKE_frame_817_506x900-e1768509646258.webp\" \/>\n\t<meta property=\"og:image:width\" content=\"799\" \/>\n\t<meta property=\"og:image:height\" content=\"462\" \/>\n\t<meta property=\"og:image:type\" content=\"image\/jpeg\" \/>\n<meta name=\"author\" content=\"dmcsrbija.com@gmail.com\" \/>\n<meta name=\"twitter:card\" content=\"summary_large_image\" \/>\n<meta name=\"twitter:label1\" content=\"Written by\" \/>\n\t<meta name=\"twitter:data1\" content=\"dmcsrbija.com@gmail.com\" \/>\n\t<meta name=\"twitter:label2\" content=\"Estimated reading time\" \/>\n\t<meta name=\"twitter:data2\" content=\"8 minutes\" \/>\n<script type=\"application\/ld+json\" class=\"yoast-schema-graph\">{\"@context\":\"https:\\\/\\\/schema.org\",\"@graph\":[{\"@type\":\"Article\",\"@id\":\"https:\\\/\\\/dmcsrb.com\\\/politika\\\/rajzing-rajnke-suspenzija-viza-se-ne-odnosi-na-radne-studentske-i-vize-za-putovanja\\\/#article\",\"isPartOf\":{\"@id\":\"https:\\\/\\\/dmcsrb.com\\\/politika\\\/rajzing-rajnke-suspenzija-viza-se-ne-odnosi-na-radne-studentske-i-vize-za-putovanja\\\/\"},\"author\":{\"name\":\"dmcsrbija.com@gmail.com\",\"@id\":\"https:\\\/\\\/dmcsrb.com\\\/#\\\/schema\\\/person\\\/5c39170f12db1b8b457732d0b5c854e2\"},\"headline\":\"Rajzing Rajnke: Da bi Crna Gora zavr\u0161ila reforme u 2026. neophodna ujedinjenost\",\"datePublished\":\"2026-01-15T20:39:00+00:00\",\"mainEntityOfPage\":{\"@id\":\"https:\\\/\\\/dmcsrb.com\\\/politika\\\/rajzing-rajnke-suspenzija-viza-se-ne-odnosi-na-radne-studentske-i-vize-za-putovanja\\\/\"},\"wordCount\":1607,\"commentCount\":0,\"image\":{\"@id\":\"https:\\\/\\\/dmcsrb.com\\\/politika\\\/rajzing-rajnke-suspenzija-viza-se-ne-odnosi-na-radne-studentske-i-vize-za-putovanja\\\/#primaryimage\"},\"thumbnailUrl\":\"https:\\\/\\\/dmcsrb.com\\\/wp-content\\\/uploads\\\/2026\\\/01\\\/15_01_INSERT_INTERVJU_RAJNKE_frame_817_506x900-e1768509646258.webp\",\"keywords\":[\"Crna Gora\",\"D\u017eudi Rajzing Rajnke\",\"SAD\"],\"articleSection\":[\"Politika\"],\"inLanguage\":\"en-GB\",\"potentialAction\":[{\"@type\":\"CommentAction\",\"name\":\"Comment\",\"target\":[\"https:\\\/\\\/dmcsrb.com\\\/politika\\\/rajzing-rajnke-suspenzija-viza-se-ne-odnosi-na-radne-studentske-i-vize-za-putovanja\\\/#respond\"]}]},{\"@type\":\"WebPage\",\"@id\":\"https:\\\/\\\/dmcsrb.com\\\/politika\\\/rajzing-rajnke-suspenzija-viza-se-ne-odnosi-na-radne-studentske-i-vize-za-putovanja\\\/\",\"url\":\"https:\\\/\\\/dmcsrb.com\\\/politika\\\/rajzing-rajnke-suspenzija-viza-se-ne-odnosi-na-radne-studentske-i-vize-za-putovanja\\\/\",\"name\":\"Rajzing Rajnke: Da bi Crna Gora zavr\u0161ila reforme u 2026. neophodna ujedinjenost - dmcsrb.com\",\"isPartOf\":{\"@id\":\"https:\\\/\\\/dmcsrb.com\\\/#website\"},\"primaryImageOfPage\":{\"@id\":\"https:\\\/\\\/dmcsrb.com\\\/politika\\\/rajzing-rajnke-suspenzija-viza-se-ne-odnosi-na-radne-studentske-i-vize-za-putovanja\\\/#primaryimage\"},\"image\":{\"@id\":\"https:\\\/\\\/dmcsrb.com\\\/politika\\\/rajzing-rajnke-suspenzija-viza-se-ne-odnosi-na-radne-studentske-i-vize-za-putovanja\\\/#primaryimage\"},\"thumbnailUrl\":\"https:\\\/\\\/dmcsrb.com\\\/wp-content\\\/uploads\\\/2026\\\/01\\\/15_01_INSERT_INTERVJU_RAJNKE_frame_817_506x900-e1768509646258.webp\",\"datePublished\":\"2026-01-15T20:39:00+00:00\",\"author\":{\"@id\":\"https:\\\/\\\/dmcsrb.com\\\/#\\\/schema\\\/person\\\/5c39170f12db1b8b457732d0b5c854e2\"},\"breadcrumb\":{\"@id\":\"https:\\\/\\\/dmcsrb.com\\\/politika\\\/rajzing-rajnke-suspenzija-viza-se-ne-odnosi-na-radne-studentske-i-vize-za-putovanja\\\/#breadcrumb\"},\"inLanguage\":\"en-GB\",\"potentialAction\":[{\"@type\":\"ReadAction\",\"target\":[\"https:\\\/\\\/dmcsrb.com\\\/politika\\\/rajzing-rajnke-suspenzija-viza-se-ne-odnosi-na-radne-studentske-i-vize-za-putovanja\\\/\"]}]},{\"@type\":\"ImageObject\",\"inLanguage\":\"en-GB\",\"@id\":\"https:\\\/\\\/dmcsrb.com\\\/politika\\\/rajzing-rajnke-suspenzija-viza-se-ne-odnosi-na-radne-studentske-i-vize-za-putovanja\\\/#primaryimage\",\"url\":\"https:\\\/\\\/dmcsrb.com\\\/wp-content\\\/uploads\\\/2026\\\/01\\\/15_01_INSERT_INTERVJU_RAJNKE_frame_817_506x900-e1768509646258.webp\",\"contentUrl\":\"https:\\\/\\\/dmcsrb.com\\\/wp-content\\\/uploads\\\/2026\\\/01\\\/15_01_INSERT_INTERVJU_RAJNKE_frame_817_506x900-e1768509646258.webp\",\"width\":799,\"height\":462,\"caption\":\"foto: RTCG\"},{\"@type\":\"BreadcrumbList\",\"@id\":\"https:\\\/\\\/dmcsrb.com\\\/politika\\\/rajzing-rajnke-suspenzija-viza-se-ne-odnosi-na-radne-studentske-i-vize-za-putovanja\\\/#breadcrumb\",\"itemListElement\":[{\"@type\":\"ListItem\",\"position\":1,\"name\":\"Home\",\"item\":\"https:\\\/\\\/dmcsrb.com\\\/\"},{\"@type\":\"ListItem\",\"position\":2,\"name\":\"Rajzing Rajnke: Da bi Crna Gora zavr\u0161ila reforme u 2026. neophodna ujedinjenost\"}]},{\"@type\":\"WebSite\",\"@id\":\"https:\\\/\\\/dmcsrb.com\\\/#website\",\"url\":\"https:\\\/\\\/dmcsrb.com\\\/\",\"name\":\"dmcsrb.com\",\"description\":\"\",\"potentialAction\":[{\"@type\":\"SearchAction\",\"target\":{\"@type\":\"EntryPoint\",\"urlTemplate\":\"https:\\\/\\\/dmcsrb.com\\\/?s={search_term_string}\"},\"query-input\":{\"@type\":\"PropertyValueSpecification\",\"valueRequired\":true,\"valueName\":\"search_term_string\"}}],\"inLanguage\":\"en-GB\"},{\"@type\":\"Person\",\"@id\":\"https:\\\/\\\/dmcsrb.com\\\/#\\\/schema\\\/person\\\/5c39170f12db1b8b457732d0b5c854e2\",\"name\":\"dmcsrbija.com@gmail.com\",\"image\":{\"@type\":\"ImageObject\",\"inLanguage\":\"en-GB\",\"@id\":\"https:\\\/\\\/secure.gravatar.com\\\/avatar\\\/68592660ad6347fad0fb587f8d5d8f1a7b44961362f56e4f2cd524feb87e9069?s=96&d=mm&r=g\",\"url\":\"https:\\\/\\\/secure.gravatar.com\\\/avatar\\\/68592660ad6347fad0fb587f8d5d8f1a7b44961362f56e4f2cd524feb87e9069?s=96&d=mm&r=g\",\"contentUrl\":\"https:\\\/\\\/secure.gravatar.com\\\/avatar\\\/68592660ad6347fad0fb587f8d5d8f1a7b44961362f56e4f2cd524feb87e9069?s=96&d=mm&r=g\",\"caption\":\"dmcsrbija.com@gmail.com\"},\"sameAs\":[\"https:\\\/\\\/dmcsrb.com\"],\"url\":\"https:\\\/\\\/dmcsrb.com\\\/en\\\/author\\\/dmcsrbija-comgmail-com\\\/\"}]}<\/script>\n<!-- \/ Yoast SEO plugin. -->","yoast_head_json":{"title":"Rajzing Rajnke: Da bi Crna Gora zavr\u0161ila reforme u 2026. neophodna ujedinjenost - dmcsrb.com","robots":{"index":"index","follow":"follow","max-snippet":"max-snippet:-1","max-image-preview":"max-image-preview:large","max-video-preview":"max-video-preview:-1"},"canonical":"https:\/\/dmcsrb.com\/en\/politika\/rajzing-rajnke-suspenzija-viza-se-ne-odnosi-na-radne-studentske-i-vize-za-putovanja\/","og_locale":"en_GB","og_type":"article","og_title":"Rajzing Rajnke: Da bi Crna Gora zavr\u0161ila reforme u 2026. neophodna ujedinjenost - dmcsrb.com","og_description":"Odlaze\u0107a ambasadorka Sjedinjenih Ameri\u010dkih Dr\u017eava u Crnoj Gori D\u017eudi Rajzing Rajke u intervju za RTCG kazala je da vjeruje da aktuelni politi\u010dki akteri \u017eele i da su sposobni da uvedu Crnu Goru u Evropsku uniju. Istakla je da je uprkos razlikama u 2026. godini neophodna politi\u010dka ujedinjenost kako bi se sprovele reforme koje vode ka EU. Smatra da su institucije sna\u017enije, vidi progres u tu\u017eila\u0161tvu i pravosu\u0111u, ali smatra da jo\u0161 ima posla kada je rije\u010d o vladavini prava.","og_url":"https:\/\/dmcsrb.com\/en\/politika\/rajzing-rajnke-suspenzija-viza-se-ne-odnosi-na-radne-studentske-i-vize-za-putovanja\/","og_site_name":"dmcsrb.com","article_published_time":"2026-01-15T20:39:00+00:00","og_image":[{"width":799,"height":462,"url":"https:\/\/dmcsrb.com\/wp-content\/uploads\/2026\/01\/15_01_INSERT_INTERVJU_RAJNKE_frame_817_506x900-e1768509646258.webp","type":"image\/jpeg"}],"author":"dmcsrbija.com@gmail.com","twitter_card":"summary_large_image","twitter_misc":{"Written by":"dmcsrbija.com@gmail.com","Estimated reading time":"8 minutes"},"schema":{"@context":"https:\/\/schema.org","@graph":[{"@type":"Article","@id":"https:\/\/dmcsrb.com\/politika\/rajzing-rajnke-suspenzija-viza-se-ne-odnosi-na-radne-studentske-i-vize-za-putovanja\/#article","isPartOf":{"@id":"https:\/\/dmcsrb.com\/politika\/rajzing-rajnke-suspenzija-viza-se-ne-odnosi-na-radne-studentske-i-vize-za-putovanja\/"},"author":{"name":"dmcsrbija.com@gmail.com","@id":"https:\/\/dmcsrb.com\/#\/schema\/person\/5c39170f12db1b8b457732d0b5c854e2"},"headline":"Rajzing Rajnke: Da bi Crna Gora zavr\u0161ila reforme u 2026. neophodna ujedinjenost","datePublished":"2026-01-15T20:39:00+00:00","mainEntityOfPage":{"@id":"https:\/\/dmcsrb.com\/politika\/rajzing-rajnke-suspenzija-viza-se-ne-odnosi-na-radne-studentske-i-vize-za-putovanja\/"},"wordCount":1607,"commentCount":0,"image":{"@id":"https:\/\/dmcsrb.com\/politika\/rajzing-rajnke-suspenzija-viza-se-ne-odnosi-na-radne-studentske-i-vize-za-putovanja\/#primaryimage"},"thumbnailUrl":"https:\/\/dmcsrb.com\/wp-content\/uploads\/2026\/01\/15_01_INSERT_INTERVJU_RAJNKE_frame_817_506x900-e1768509646258.webp","keywords":["Crna Gora","D\u017eudi Rajzing Rajnke","SAD"],"articleSection":["Politika"],"inLanguage":"en-GB","potentialAction":[{"@type":"CommentAction","name":"Comment","target":["https:\/\/dmcsrb.com\/politika\/rajzing-rajnke-suspenzija-viza-se-ne-odnosi-na-radne-studentske-i-vize-za-putovanja\/#respond"]}]},{"@type":"WebPage","@id":"https:\/\/dmcsrb.com\/politika\/rajzing-rajnke-suspenzija-viza-se-ne-odnosi-na-radne-studentske-i-vize-za-putovanja\/","url":"https:\/\/dmcsrb.com\/politika\/rajzing-rajnke-suspenzija-viza-se-ne-odnosi-na-radne-studentske-i-vize-za-putovanja\/","name":"Rajzing Rajnke: Da bi Crna Gora zavr\u0161ila reforme u 2026. neophodna ujedinjenost - dmcsrb.com","isPartOf":{"@id":"https:\/\/dmcsrb.com\/#website"},"primaryImageOfPage":{"@id":"https:\/\/dmcsrb.com\/politika\/rajzing-rajnke-suspenzija-viza-se-ne-odnosi-na-radne-studentske-i-vize-za-putovanja\/#primaryimage"},"image":{"@id":"https:\/\/dmcsrb.com\/politika\/rajzing-rajnke-suspenzija-viza-se-ne-odnosi-na-radne-studentske-i-vize-za-putovanja\/#primaryimage"},"thumbnailUrl":"https:\/\/dmcsrb.com\/wp-content\/uploads\/2026\/01\/15_01_INSERT_INTERVJU_RAJNKE_frame_817_506x900-e1768509646258.webp","datePublished":"2026-01-15T20:39:00+00:00","author":{"@id":"https:\/\/dmcsrb.com\/#\/schema\/person\/5c39170f12db1b8b457732d0b5c854e2"},"breadcrumb":{"@id":"https:\/\/dmcsrb.com\/politika\/rajzing-rajnke-suspenzija-viza-se-ne-odnosi-na-radne-studentske-i-vize-za-putovanja\/#breadcrumb"},"inLanguage":"en-GB","potentialAction":[{"@type":"ReadAction","target":["https:\/\/dmcsrb.com\/politika\/rajzing-rajnke-suspenzija-viza-se-ne-odnosi-na-radne-studentske-i-vize-za-putovanja\/"]}]},{"@type":"ImageObject","inLanguage":"en-GB","@id":"https:\/\/dmcsrb.com\/politika\/rajzing-rajnke-suspenzija-viza-se-ne-odnosi-na-radne-studentske-i-vize-za-putovanja\/#primaryimage","url":"https:\/\/dmcsrb.com\/wp-content\/uploads\/2026\/01\/15_01_INSERT_INTERVJU_RAJNKE_frame_817_506x900-e1768509646258.webp","contentUrl":"https:\/\/dmcsrb.com\/wp-content\/uploads\/2026\/01\/15_01_INSERT_INTERVJU_RAJNKE_frame_817_506x900-e1768509646258.webp","width":799,"height":462,"caption":"foto: RTCG"},{"@type":"BreadcrumbList","@id":"https:\/\/dmcsrb.com\/politika\/rajzing-rajnke-suspenzija-viza-se-ne-odnosi-na-radne-studentske-i-vize-za-putovanja\/#breadcrumb","itemListElement":[{"@type":"ListItem","position":1,"name":"Home","item":"https:\/\/dmcsrb.com\/"},{"@type":"ListItem","position":2,"name":"Rajzing Rajnke: Da bi Crna Gora zavr\u0161ila reforme u 2026. neophodna ujedinjenost"}]},{"@type":"WebSite","@id":"https:\/\/dmcsrb.com\/#website","url":"https:\/\/dmcsrb.com\/","name":"dmcsrb.com","description":"","potentialAction":[{"@type":"SearchAction","target":{"@type":"EntryPoint","urlTemplate":"https:\/\/dmcsrb.com\/?s={search_term_string}"},"query-input":{"@type":"PropertyValueSpecification","valueRequired":true,"valueName":"search_term_string"}}],"inLanguage":"en-GB"},{"@type":"Person","@id":"https:\/\/dmcsrb.com\/#\/schema\/person\/5c39170f12db1b8b457732d0b5c854e2","name":"dmcsrbija.com@gmail.com","image":{"@type":"ImageObject","inLanguage":"en-GB","@id":"https:\/\/secure.gravatar.com\/avatar\/68592660ad6347fad0fb587f8d5d8f1a7b44961362f56e4f2cd524feb87e9069?s=96&d=mm&r=g","url":"https:\/\/secure.gravatar.com\/avatar\/68592660ad6347fad0fb587f8d5d8f1a7b44961362f56e4f2cd524feb87e9069?s=96&d=mm&r=g","contentUrl":"https:\/\/secure.gravatar.com\/avatar\/68592660ad6347fad0fb587f8d5d8f1a7b44961362f56e4f2cd524feb87e9069?s=96&d=mm&r=g","caption":"dmcsrbija.com@gmail.com"},"sameAs":["https:\/\/dmcsrb.com"],"url":"https:\/\/dmcsrb.com\/en\/author\/dmcsrbija-comgmail-com\/"}]}},"_links":{"self":[{"href":"https:\/\/dmcsrb.com\/en\/wp-json\/wp\/v2\/posts\/942518","targetHints":{"allow":["GET"]}}],"collection":[{"href":"https:\/\/dmcsrb.com\/en\/wp-json\/wp\/v2\/posts"}],"about":[{"href":"https:\/\/dmcsrb.com\/en\/wp-json\/wp\/v2\/types\/post"}],"author":[{"embeddable":true,"href":"https:\/\/dmcsrb.com\/en\/wp-json\/wp\/v2\/users\/1"}],"replies":[{"embeddable":true,"href":"https:\/\/dmcsrb.com\/en\/wp-json\/wp\/v2\/comments?post=942518"}],"version-history":[{"count":0,"href":"https:\/\/dmcsrb.com\/en\/wp-json\/wp\/v2\/posts\/942518\/revisions"}],"wp:featuredmedia":[{"embeddable":true,"href":"https:\/\/dmcsrb.com\/en\/wp-json\/wp\/v2\/media\/942790"}],"wp:attachment":[{"href":"https:\/\/dmcsrb.com\/en\/wp-json\/wp\/v2\/media?parent=942518"}],"wp:term":[{"taxonomy":"category","embeddable":true,"href":"https:\/\/dmcsrb.com\/en\/wp-json\/wp\/v2\/categories?post=942518"},{"taxonomy":"post_tag","embeddable":true,"href":"https:\/\/dmcsrb.com\/en\/wp-json\/wp\/v2\/tags?post=942518"},{"taxonomy":"naslovna","embeddable":true,"href":"https:\/\/dmcsrb.com\/en\/wp-json\/wp\/v2\/naslovna?post=942518"}],"curies":[{"name":"wp","href":"https:\/\/api.w.org\/{rel}","templated":true}]}}