{"id":942438,"date":"2026-01-15T11:38:58","date_gmt":"2026-01-15T10:38:58","guid":{"rendered":"https:\/\/gradski.me\/?p=909354"},"modified":"2026-01-15T11:38:58","modified_gmt":"2026-01-15T10:38:58","slug":"markovic-i-novovic-sa-rajzing-rajnke-potvrdjeno-snazno-partnerstvo-tuzilastva-crne-gore-i-sad","status":"publish","type":"post","link":"https:\/\/dmcsrb.com\/en\/drustvo\/markovic-i-novovic-sa-rajzing-rajnke-potvrdjeno-snazno-partnerstvo-tuzilastva-crne-gore-i-sad\/","title":{"rendered":"Markovi\u0107 i Novovi\u0107 sa Rajzing Rajnke: Potvr\u0111eno sna\u017eno partnerstvo Tu\u017eila\u0161tva Crne Gore i SAD"},"content":{"rendered":"<p><\/p>\n\n\n\n<p>Vrhovni dr\u017eavni tu\u017eilac je, kako se navodi, posebno naglasio izuzetnu ulogu i li\u010dnu posve\u0107enost ambasadorke Rajzing Rajnke ja\u010danju pravosudnih institucija u Crnoj Gori, kao i njen kontinuirani doprinos unapre\u0111enju vladavine prava.<\/p>\n\n\n\n<p>\u201cSna\u017ena podr\u0161ka reformskim procesima, ja\u010danju nezavisnosti institucija i unapre\u0111enju profesionalnih standarda u pravosu\u0111u ostavila je trajan pe\u010dat na napore Crne Gore da izgradi stabilan, efikasan i kredibilan institucionalni okvir zasnovan na demokratskim vrijednostima i me\u0111unarodno priznatim standardima\u201d, istakao je Markovi\u0107, saop\u0161teno je iz Vrhovnog dr\u017eavnog tu\u017eila\u0161tva.<\/p>\n\n\n\n<p>Glavni specijalni tu\u017eilac je ukazao na zna\u010daj sna\u017ene i kontinuirane podr\u0161ke Sjedinjenih Ameri\u010dkih Dr\u017eava radu Specijalnog dr\u017eavnog tu\u017eila\u0161tva, naro\u010dito u oblasti borbe protiv organizovanog kriminala i korupcije.<\/p>\n\n\n\n<p>Naglasio je da je ova saradnja bila od klju\u010dne va\u017enosti za ja\u010danje operativnih i institucionalnih kapaciteta, unapre\u0111enje me\u0111unarodne saradnje, kao i primjenu savremenih istra\u017enih tehnika i metoda u postupanju u najslo\u017eenijim i najzahtjevnijim predmetima, \u010dime je dodatno osna\u017eena efikasnost i integritet tu\u017eila\u010dkog sistema.<\/p>\n\n\n\n<p>\u201eNapredak u borbi protiv svih vrsta kriminala, podr\u017ean kroz kontinuiranu saradnju vlade SAD sa Tu\u017eila\u0161tvom, doprinosi pobolj\u0161anom funkcionisanju pravosudnog sistema Crne Gore\u201c, rekla je ambasadorka Rajnke, zahvaliv\u0161i se na dosada\u0161njoj odli\u010dnoj i profesionalnoj saradnji.<\/p>\n\n\n\n<p>\u201cSagovornici su izrazili uvjerenje da \u0107e se uspje\u0161na saradnja izme\u0111u tu\u017eila\u0161tva Crne Gore i ameri\u010dkih institucija nastaviti i nakon zavr\u0161etka mandata ambasadorke Rajzing Rajnke, na temeljima zajedni\u010dkih demokratskih vrijednosti, me\u0111usobnog povjerenja i strate\u0161kog partnerstva\u201d, zaklju\u010duje se u saop\u0161tenju.<\/p>","protected":false},"excerpt":{"rendered":"<p>Saradnja i odnosi izme\u0111u Dr\u017eavnog tu\u017eila\u0161tva Crne Gore i institucija Sjedinjenih Ameri\u010dkih Dr\u017eava (SAD) tokom mandata ambasadorke\u00a0D\u017eudi Rajzing Rajnke\u00a0obilje\u017eeni su otvoreno\u0161\u0107u, me\u0111usobnim uva\u017eavanjem i konstruktivnim dijalogom, uz zajedni\u010dku posve\u0107enost ja\u010danju vladavine prava i institucionalne stabilnosti, ocijenjeno je u razgovoru vrhovnog\u00a0dr\u017eavnog tu\u017eiioca\u00a0Milorada Markovi\u0107a\u00a0i glavnog specijalnog tu\u017eioca\u00a0Vladimira Novovi\u0107a\u00a0sa ambasadorkom Rajzing Rajnke, povodom zavr\u0161etka njenog mandata.<\/p>","protected":false},"author":1,"featured_media":942749,"comment_status":"open","ping_status":"open","sticky":false,"template":"","format":"standard","meta":{"_acf_changed":false,"footnotes":""},"categories":[2],"tags":[16035,10853,16036],"naslovna":[],"class_list":["post-942438","post","type-post","status-publish","format-standard","has-post-thumbnail","hentry","category-drustvo","tag-markovic-2","tag-novoic","tag-razing-rajnke"],"acf":[],"yoast_head":"<!-- This site is optimized with the Yoast SEO plugin v27.4 - https:\/\/yoast.com\/product\/yoast-seo-wordpress\/ -->\n<title>Markovi\u0107 i Novovi\u0107 sa Rajzing Rajnke: Potvr\u0111eno sna\u017eno partnerstvo Tu\u017eila\u0161tva Crne Gore i SAD - dmcsrb.com<\/title>\n<meta name=\"robots\" content=\"index, follow, max-snippet:-1, max-image-preview:large, max-video-preview:-1\" \/>\n<link rel=\"canonical\" href=\"https:\/\/dmcsrb.com\/en\/drustvo\/markovic-i-novovic-sa-rajzing-rajnke-potvrdjeno-snazno-partnerstvo-tuzilastva-crne-gore-i-sad\/\" \/>\n<meta property=\"og:locale\" content=\"en_GB\" \/>\n<meta property=\"og:type\" content=\"article\" \/>\n<meta property=\"og:title\" content=\"Markovi\u0107 i Novovi\u0107 sa Rajzing Rajnke: Potvr\u0111eno sna\u017eno partnerstvo Tu\u017eila\u0161tva Crne Gore i SAD - dmcsrb.com\" \/>\n<meta property=\"og:description\" content=\"Saradnja i odnosi izme\u0111u Dr\u017eavnog tu\u017eila\u0161tva Crne Gore i institucija Sjedinjenih Ameri\u010dkih Dr\u017eava (SAD) tokom mandata ambasadorke\u00a0D\u017eudi Rajzing Rajnke\u00a0obilje\u017eeni su otvoreno\u0161\u0107u, me\u0111usobnim uva\u017eavanjem i konstruktivnim dijalogom, uz zajedni\u010dku posve\u0107enost ja\u010danju vladavine prava i institucionalne stabilnosti, ocijenjeno je u razgovoru vrhovnog\u00a0dr\u017eavnog tu\u017eiioca\u00a0Milorada Markovi\u0107a\u00a0i glavnog specijalnog tu\u017eioca\u00a0Vladimira Novovi\u0107a\u00a0sa ambasadorkom Rajzing Rajnke, povodom zavr\u0161etka njenog mandata.\" \/>\n<meta property=\"og:url\" content=\"https:\/\/dmcsrb.com\/en\/drustvo\/markovic-i-novovic-sa-rajzing-rajnke-potvrdjeno-snazno-partnerstvo-tuzilastva-crne-gore-i-sad\/\" \/>\n<meta property=\"og:site_name\" content=\"dmcsrb.com\" \/>\n<meta property=\"article:published_time\" content=\"2026-01-15T10:38:58+00:00\" \/>\n<meta property=\"og:image\" content=\"https:\/\/dmcsrb.com\/wp-content\/uploads\/2026\/01\/novovic-rajzing-rajnke-i-markovic-969x555-1.webp\" \/>\n\t<meta property=\"og:image:width\" content=\"969\" \/>\n\t<meta property=\"og:image:height\" content=\"555\" \/>\n\t<meta property=\"og:image:type\" content=\"image\/jpeg\" \/>\n<meta name=\"author\" content=\"dmcsrbija.com@gmail.com\" \/>\n<meta name=\"twitter:card\" content=\"summary_large_image\" \/>\n<meta name=\"twitter:label1\" content=\"Written by\" \/>\n\t<meta name=\"twitter:data1\" content=\"dmcsrbija.com@gmail.com\" \/>\n\t<meta name=\"twitter:label2\" content=\"Estimated reading time\" \/>\n\t<meta name=\"twitter:data2\" content=\"1 minute\" \/>\n<script type=\"application\/ld+json\" class=\"yoast-schema-graph\">{\"@context\":\"https:\\\/\\\/schema.org\",\"@graph\":[{\"@type\":\"Article\",\"@id\":\"https:\\\/\\\/dmcsrb.com\\\/drustvo\\\/markovic-i-novovic-sa-rajzing-rajnke-potvrdjeno-snazno-partnerstvo-tuzilastva-crne-gore-i-sad\\\/#article\",\"isPartOf\":{\"@id\":\"https:\\\/\\\/dmcsrb.com\\\/drustvo\\\/markovic-i-novovic-sa-rajzing-rajnke-potvrdjeno-snazno-partnerstvo-tuzilastva-crne-gore-i-sad\\\/\"},\"author\":{\"name\":\"dmcsrbija.com@gmail.com\",\"@id\":\"https:\\\/\\\/dmcsrb.com\\\/#\\\/schema\\\/person\\\/5c39170f12db1b8b457732d0b5c854e2\"},\"headline\":\"Markovi\u0107 i Novovi\u0107 sa Rajzing Rajnke: Potvr\u0111eno sna\u017eno partnerstvo Tu\u017eila\u0161tva Crne Gore i SAD\",\"datePublished\":\"2026-01-15T10:38:58+00:00\",\"mainEntityOfPage\":{\"@id\":\"https:\\\/\\\/dmcsrb.com\\\/drustvo\\\/markovic-i-novovic-sa-rajzing-rajnke-potvrdjeno-snazno-partnerstvo-tuzilastva-crne-gore-i-sad\\\/\"},\"wordCount\":292,\"commentCount\":0,\"image\":{\"@id\":\"https:\\\/\\\/dmcsrb.com\\\/drustvo\\\/markovic-i-novovic-sa-rajzing-rajnke-potvrdjeno-snazno-partnerstvo-tuzilastva-crne-gore-i-sad\\\/#primaryimage\"},\"thumbnailUrl\":\"https:\\\/\\\/dmcsrb.com\\\/wp-content\\\/uploads\\\/2026\\\/01\\\/novovic-rajzing-rajnke-i-markovic-969x555-1.webp\",\"keywords\":[\"markovi\u0107\",\"novoi\u0107\",\"razing rajnke\"],\"articleSection\":[\"Dru\u0161tvo\"],\"inLanguage\":\"en-GB\",\"potentialAction\":[{\"@type\":\"CommentAction\",\"name\":\"Comment\",\"target\":[\"https:\\\/\\\/dmcsrb.com\\\/drustvo\\\/markovic-i-novovic-sa-rajzing-rajnke-potvrdjeno-snazno-partnerstvo-tuzilastva-crne-gore-i-sad\\\/#respond\"]}]},{\"@type\":\"WebPage\",\"@id\":\"https:\\\/\\\/dmcsrb.com\\\/drustvo\\\/markovic-i-novovic-sa-rajzing-rajnke-potvrdjeno-snazno-partnerstvo-tuzilastva-crne-gore-i-sad\\\/\",\"url\":\"https:\\\/\\\/dmcsrb.com\\\/drustvo\\\/markovic-i-novovic-sa-rajzing-rajnke-potvrdjeno-snazno-partnerstvo-tuzilastva-crne-gore-i-sad\\\/\",\"name\":\"Markovi\u0107 i Novovi\u0107 sa Rajzing Rajnke: Potvr\u0111eno sna\u017eno partnerstvo Tu\u017eila\u0161tva Crne Gore i SAD - dmcsrb.com\",\"isPartOf\":{\"@id\":\"https:\\\/\\\/dmcsrb.com\\\/#website\"},\"primaryImageOfPage\":{\"@id\":\"https:\\\/\\\/dmcsrb.com\\\/drustvo\\\/markovic-i-novovic-sa-rajzing-rajnke-potvrdjeno-snazno-partnerstvo-tuzilastva-crne-gore-i-sad\\\/#primaryimage\"},\"image\":{\"@id\":\"https:\\\/\\\/dmcsrb.com\\\/drustvo\\\/markovic-i-novovic-sa-rajzing-rajnke-potvrdjeno-snazno-partnerstvo-tuzilastva-crne-gore-i-sad\\\/#primaryimage\"},\"thumbnailUrl\":\"https:\\\/\\\/dmcsrb.com\\\/wp-content\\\/uploads\\\/2026\\\/01\\\/novovic-rajzing-rajnke-i-markovic-969x555-1.webp\",\"datePublished\":\"2026-01-15T10:38:58+00:00\",\"author\":{\"@id\":\"https:\\\/\\\/dmcsrb.com\\\/#\\\/schema\\\/person\\\/5c39170f12db1b8b457732d0b5c854e2\"},\"breadcrumb\":{\"@id\":\"https:\\\/\\\/dmcsrb.com\\\/drustvo\\\/markovic-i-novovic-sa-rajzing-rajnke-potvrdjeno-snazno-partnerstvo-tuzilastva-crne-gore-i-sad\\\/#breadcrumb\"},\"inLanguage\":\"en-GB\",\"potentialAction\":[{\"@type\":\"ReadAction\",\"target\":[\"https:\\\/\\\/dmcsrb.com\\\/drustvo\\\/markovic-i-novovic-sa-rajzing-rajnke-potvrdjeno-snazno-partnerstvo-tuzilastva-crne-gore-i-sad\\\/\"]}]},{\"@type\":\"ImageObject\",\"inLanguage\":\"en-GB\",\"@id\":\"https:\\\/\\\/dmcsrb.com\\\/drustvo\\\/markovic-i-novovic-sa-rajzing-rajnke-potvrdjeno-snazno-partnerstvo-tuzilastva-crne-gore-i-sad\\\/#primaryimage\",\"url\":\"https:\\\/\\\/dmcsrb.com\\\/wp-content\\\/uploads\\\/2026\\\/01\\\/novovic-rajzing-rajnke-i-markovic-969x555-1.webp\",\"contentUrl\":\"https:\\\/\\\/dmcsrb.com\\\/wp-content\\\/uploads\\\/2026\\\/01\\\/novovic-rajzing-rajnke-i-markovic-969x555-1.webp\",\"width\":969,\"height\":555,\"caption\":\"VDT\"},{\"@type\":\"BreadcrumbList\",\"@id\":\"https:\\\/\\\/dmcsrb.com\\\/drustvo\\\/markovic-i-novovic-sa-rajzing-rajnke-potvrdjeno-snazno-partnerstvo-tuzilastva-crne-gore-i-sad\\\/#breadcrumb\",\"itemListElement\":[{\"@type\":\"ListItem\",\"position\":1,\"name\":\"Home\",\"item\":\"https:\\\/\\\/dmcsrb.com\\\/\"},{\"@type\":\"ListItem\",\"position\":2,\"name\":\"Markovi\u0107 i Novovi\u0107 sa Rajzing Rajnke: Potvr\u0111eno sna\u017eno partnerstvo Tu\u017eila\u0161tva Crne Gore i SAD\"}]},{\"@type\":\"WebSite\",\"@id\":\"https:\\\/\\\/dmcsrb.com\\\/#website\",\"url\":\"https:\\\/\\\/dmcsrb.com\\\/\",\"name\":\"dmcsrb.com\",\"description\":\"\",\"potentialAction\":[{\"@type\":\"SearchAction\",\"target\":{\"@type\":\"EntryPoint\",\"urlTemplate\":\"https:\\\/\\\/dmcsrb.com\\\/?s={search_term_string}\"},\"query-input\":{\"@type\":\"PropertyValueSpecification\",\"valueRequired\":true,\"valueName\":\"search_term_string\"}}],\"inLanguage\":\"en-GB\"},{\"@type\":\"Person\",\"@id\":\"https:\\\/\\\/dmcsrb.com\\\/#\\\/schema\\\/person\\\/5c39170f12db1b8b457732d0b5c854e2\",\"name\":\"dmcsrbija.com@gmail.com\",\"image\":{\"@type\":\"ImageObject\",\"inLanguage\":\"en-GB\",\"@id\":\"https:\\\/\\\/secure.gravatar.com\\\/avatar\\\/68592660ad6347fad0fb587f8d5d8f1a7b44961362f56e4f2cd524feb87e9069?s=96&d=mm&r=g\",\"url\":\"https:\\\/\\\/secure.gravatar.com\\\/avatar\\\/68592660ad6347fad0fb587f8d5d8f1a7b44961362f56e4f2cd524feb87e9069?s=96&d=mm&r=g\",\"contentUrl\":\"https:\\\/\\\/secure.gravatar.com\\\/avatar\\\/68592660ad6347fad0fb587f8d5d8f1a7b44961362f56e4f2cd524feb87e9069?s=96&d=mm&r=g\",\"caption\":\"dmcsrbija.com@gmail.com\"},\"sameAs\":[\"https:\\\/\\\/dmcsrb.com\"],\"url\":\"https:\\\/\\\/dmcsrb.com\\\/en\\\/author\\\/dmcsrbija-comgmail-com\\\/\"}]}<\/script>\n<!-- \/ Yoast SEO plugin. -->","yoast_head_json":{"title":"Markovi\u0107 i Novovi\u0107 sa Rajzing Rajnke: Potvr\u0111eno sna\u017eno partnerstvo Tu\u017eila\u0161tva Crne Gore i SAD - dmcsrb.com","robots":{"index":"index","follow":"follow","max-snippet":"max-snippet:-1","max-image-preview":"max-image-preview:large","max-video-preview":"max-video-preview:-1"},"canonical":"https:\/\/dmcsrb.com\/en\/drustvo\/markovic-i-novovic-sa-rajzing-rajnke-potvrdjeno-snazno-partnerstvo-tuzilastva-crne-gore-i-sad\/","og_locale":"en_GB","og_type":"article","og_title":"Markovi\u0107 i Novovi\u0107 sa Rajzing Rajnke: Potvr\u0111eno sna\u017eno partnerstvo Tu\u017eila\u0161tva Crne Gore i SAD - dmcsrb.com","og_description":"Saradnja i odnosi izme\u0111u Dr\u017eavnog tu\u017eila\u0161tva Crne Gore i institucija Sjedinjenih Ameri\u010dkih Dr\u017eava (SAD) tokom mandata ambasadorke\u00a0D\u017eudi Rajzing Rajnke\u00a0obilje\u017eeni su otvoreno\u0161\u0107u, me\u0111usobnim uva\u017eavanjem i konstruktivnim dijalogom, uz zajedni\u010dku posve\u0107enost ja\u010danju vladavine prava i institucionalne stabilnosti, ocijenjeno je u razgovoru vrhovnog\u00a0dr\u017eavnog tu\u017eiioca\u00a0Milorada Markovi\u0107a\u00a0i glavnog specijalnog tu\u017eioca\u00a0Vladimira Novovi\u0107a\u00a0sa ambasadorkom Rajzing Rajnke, povodom zavr\u0161etka njenog mandata.","og_url":"https:\/\/dmcsrb.com\/en\/drustvo\/markovic-i-novovic-sa-rajzing-rajnke-potvrdjeno-snazno-partnerstvo-tuzilastva-crne-gore-i-sad\/","og_site_name":"dmcsrb.com","article_published_time":"2026-01-15T10:38:58+00:00","og_image":[{"width":969,"height":555,"url":"https:\/\/dmcsrb.com\/wp-content\/uploads\/2026\/01\/novovic-rajzing-rajnke-i-markovic-969x555-1.webp","type":"image\/jpeg"}],"author":"dmcsrbija.com@gmail.com","twitter_card":"summary_large_image","twitter_misc":{"Written by":"dmcsrbija.com@gmail.com","Estimated reading time":"1 minute"},"schema":{"@context":"https:\/\/schema.org","@graph":[{"@type":"Article","@id":"https:\/\/dmcsrb.com\/drustvo\/markovic-i-novovic-sa-rajzing-rajnke-potvrdjeno-snazno-partnerstvo-tuzilastva-crne-gore-i-sad\/#article","isPartOf":{"@id":"https:\/\/dmcsrb.com\/drustvo\/markovic-i-novovic-sa-rajzing-rajnke-potvrdjeno-snazno-partnerstvo-tuzilastva-crne-gore-i-sad\/"},"author":{"name":"dmcsrbija.com@gmail.com","@id":"https:\/\/dmcsrb.com\/#\/schema\/person\/5c39170f12db1b8b457732d0b5c854e2"},"headline":"Markovi\u0107 i Novovi\u0107 sa Rajzing Rajnke: Potvr\u0111eno sna\u017eno partnerstvo Tu\u017eila\u0161tva Crne Gore i SAD","datePublished":"2026-01-15T10:38:58+00:00","mainEntityOfPage":{"@id":"https:\/\/dmcsrb.com\/drustvo\/markovic-i-novovic-sa-rajzing-rajnke-potvrdjeno-snazno-partnerstvo-tuzilastva-crne-gore-i-sad\/"},"wordCount":292,"commentCount":0,"image":{"@id":"https:\/\/dmcsrb.com\/drustvo\/markovic-i-novovic-sa-rajzing-rajnke-potvrdjeno-snazno-partnerstvo-tuzilastva-crne-gore-i-sad\/#primaryimage"},"thumbnailUrl":"https:\/\/dmcsrb.com\/wp-content\/uploads\/2026\/01\/novovic-rajzing-rajnke-i-markovic-969x555-1.webp","keywords":["markovi\u0107","novoi\u0107","razing rajnke"],"articleSection":["Dru\u0161tvo"],"inLanguage":"en-GB","potentialAction":[{"@type":"CommentAction","name":"Comment","target":["https:\/\/dmcsrb.com\/drustvo\/markovic-i-novovic-sa-rajzing-rajnke-potvrdjeno-snazno-partnerstvo-tuzilastva-crne-gore-i-sad\/#respond"]}]},{"@type":"WebPage","@id":"https:\/\/dmcsrb.com\/drustvo\/markovic-i-novovic-sa-rajzing-rajnke-potvrdjeno-snazno-partnerstvo-tuzilastva-crne-gore-i-sad\/","url":"https:\/\/dmcsrb.com\/drustvo\/markovic-i-novovic-sa-rajzing-rajnke-potvrdjeno-snazno-partnerstvo-tuzilastva-crne-gore-i-sad\/","name":"Markovi\u0107 i Novovi\u0107 sa Rajzing Rajnke: Potvr\u0111eno sna\u017eno partnerstvo Tu\u017eila\u0161tva Crne Gore i SAD - dmcsrb.com","isPartOf":{"@id":"https:\/\/dmcsrb.com\/#website"},"primaryImageOfPage":{"@id":"https:\/\/dmcsrb.com\/drustvo\/markovic-i-novovic-sa-rajzing-rajnke-potvrdjeno-snazno-partnerstvo-tuzilastva-crne-gore-i-sad\/#primaryimage"},"image":{"@id":"https:\/\/dmcsrb.com\/drustvo\/markovic-i-novovic-sa-rajzing-rajnke-potvrdjeno-snazno-partnerstvo-tuzilastva-crne-gore-i-sad\/#primaryimage"},"thumbnailUrl":"https:\/\/dmcsrb.com\/wp-content\/uploads\/2026\/01\/novovic-rajzing-rajnke-i-markovic-969x555-1.webp","datePublished":"2026-01-15T10:38:58+00:00","author":{"@id":"https:\/\/dmcsrb.com\/#\/schema\/person\/5c39170f12db1b8b457732d0b5c854e2"},"breadcrumb":{"@id":"https:\/\/dmcsrb.com\/drustvo\/markovic-i-novovic-sa-rajzing-rajnke-potvrdjeno-snazno-partnerstvo-tuzilastva-crne-gore-i-sad\/#breadcrumb"},"inLanguage":"en-GB","potentialAction":[{"@type":"ReadAction","target":["https:\/\/dmcsrb.com\/drustvo\/markovic-i-novovic-sa-rajzing-rajnke-potvrdjeno-snazno-partnerstvo-tuzilastva-crne-gore-i-sad\/"]}]},{"@type":"ImageObject","inLanguage":"en-GB","@id":"https:\/\/dmcsrb.com\/drustvo\/markovic-i-novovic-sa-rajzing-rajnke-potvrdjeno-snazno-partnerstvo-tuzilastva-crne-gore-i-sad\/#primaryimage","url":"https:\/\/dmcsrb.com\/wp-content\/uploads\/2026\/01\/novovic-rajzing-rajnke-i-markovic-969x555-1.webp","contentUrl":"https:\/\/dmcsrb.com\/wp-content\/uploads\/2026\/01\/novovic-rajzing-rajnke-i-markovic-969x555-1.webp","width":969,"height":555,"caption":"VDT"},{"@type":"BreadcrumbList","@id":"https:\/\/dmcsrb.com\/drustvo\/markovic-i-novovic-sa-rajzing-rajnke-potvrdjeno-snazno-partnerstvo-tuzilastva-crne-gore-i-sad\/#breadcrumb","itemListElement":[{"@type":"ListItem","position":1,"name":"Home","item":"https:\/\/dmcsrb.com\/"},{"@type":"ListItem","position":2,"name":"Markovi\u0107 i Novovi\u0107 sa Rajzing Rajnke: Potvr\u0111eno sna\u017eno partnerstvo Tu\u017eila\u0161tva Crne Gore i SAD"}]},{"@type":"WebSite","@id":"https:\/\/dmcsrb.com\/#website","url":"https:\/\/dmcsrb.com\/","name":"dmcsrb.com","description":"","potentialAction":[{"@type":"SearchAction","target":{"@type":"EntryPoint","urlTemplate":"https:\/\/dmcsrb.com\/?s={search_term_string}"},"query-input":{"@type":"PropertyValueSpecification","valueRequired":true,"valueName":"search_term_string"}}],"inLanguage":"en-GB"},{"@type":"Person","@id":"https:\/\/dmcsrb.com\/#\/schema\/person\/5c39170f12db1b8b457732d0b5c854e2","name":"dmcsrbija.com@gmail.com","image":{"@type":"ImageObject","inLanguage":"en-GB","@id":"https:\/\/secure.gravatar.com\/avatar\/68592660ad6347fad0fb587f8d5d8f1a7b44961362f56e4f2cd524feb87e9069?s=96&d=mm&r=g","url":"https:\/\/secure.gravatar.com\/avatar\/68592660ad6347fad0fb587f8d5d8f1a7b44961362f56e4f2cd524feb87e9069?s=96&d=mm&r=g","contentUrl":"https:\/\/secure.gravatar.com\/avatar\/68592660ad6347fad0fb587f8d5d8f1a7b44961362f56e4f2cd524feb87e9069?s=96&d=mm&r=g","caption":"dmcsrbija.com@gmail.com"},"sameAs":["https:\/\/dmcsrb.com"],"url":"https:\/\/dmcsrb.com\/en\/author\/dmcsrbija-comgmail-com\/"}]}},"_links":{"self":[{"href":"https:\/\/dmcsrb.com\/en\/wp-json\/wp\/v2\/posts\/942438","targetHints":{"allow":["GET"]}}],"collection":[{"href":"https:\/\/dmcsrb.com\/en\/wp-json\/wp\/v2\/posts"}],"about":[{"href":"https:\/\/dmcsrb.com\/en\/wp-json\/wp\/v2\/types\/post"}],"author":[{"embeddable":true,"href":"https:\/\/dmcsrb.com\/en\/wp-json\/wp\/v2\/users\/1"}],"replies":[{"embeddable":true,"href":"https:\/\/dmcsrb.com\/en\/wp-json\/wp\/v2\/comments?post=942438"}],"version-history":[{"count":0,"href":"https:\/\/dmcsrb.com\/en\/wp-json\/wp\/v2\/posts\/942438\/revisions"}],"wp:featuredmedia":[{"embeddable":true,"href":"https:\/\/dmcsrb.com\/en\/wp-json\/wp\/v2\/media\/942749"}],"wp:attachment":[{"href":"https:\/\/dmcsrb.com\/en\/wp-json\/wp\/v2\/media?parent=942438"}],"wp:term":[{"taxonomy":"category","embeddable":true,"href":"https:\/\/dmcsrb.com\/en\/wp-json\/wp\/v2\/categories?post=942438"},{"taxonomy":"post_tag","embeddable":true,"href":"https:\/\/dmcsrb.com\/en\/wp-json\/wp\/v2\/tags?post=942438"},{"taxonomy":"naslovna","embeddable":true,"href":"https:\/\/dmcsrb.com\/en\/wp-json\/wp\/v2\/naslovna?post=942438"}],"curies":[{"name":"wp","href":"https:\/\/api.w.org\/{rel}","templated":true}]}}