{"id":942435,"date":"2026-01-15T11:12:01","date_gmt":"2026-01-15T10:12:01","guid":{"rendered":"https:\/\/gradski.me\/?p=909344"},"modified":"2026-01-15T11:12:01","modified_gmt":"2026-01-15T10:12:01","slug":"rasvijetljeno-pet-teskih-kradja-u-niksicu-procesuirano-pet-osoba","status":"publish","type":"post","link":"https:\/\/dmcsrb.com\/en\/hronika\/rasvijetljeno-pet-teskih-kradja-u-niksicu-procesuirano-pet-osoba\/","title":{"rendered":"Rasvijetljeno pet te\u0161kih kra\u0111a u Nik\u0161i\u0107u, procesuirano pet osoba"},"content":{"rendered":"<p><\/p>\n\n\n\n<p><\/p>\n\n\n\n<p>Kako je saop\u0161teno iz policije, postupaju\u0107i po prijavama vi\u0161e vlasnika putni\u010dkih motornih vozila, da su im iz unutra\u0161njosti istih otu\u0111eni mobilni telefoni, nov\u010danici i druge li\u010dne stvari, kao i po prijavi jednog gra\u0111anina da je izvr\u0161ena provala pomo\u0107nog objekta u njegovom vlasni\u0161tvu iz kojeg je otu\u0111en agregat, policijski slu\u017ebenici Odjeljenja bezbjednosti Nik\u0161i\u0107 su preduzeli mjere i radnje iz svoje nadle\u017enosti u cilju identifikacije po\u010dinilaca.<\/p>\n\n\n\n<p>&#8220;Nakon preduzetih policijskih aktivnosti policijski slu\u017ebenici Odjeljenja bezbjednosti Nik\u0161i\u0107 obezbijedili su dokaze i identifikovali lica A.K. (18), D.A. (18), kao i dva maloljetnika stara 15 i 16 godina kao izvr\u0161ioce, a koji su vi\u0161estruki povratnici u vr\u0161enju krivi\u010dnih djela iz oblasti imovinskog kriminaliteta&#8221;, navode iz Uprave policije.<\/p>\n\n\n\n<p>Po nalogu tu\u017eioca u Osnovnom dr\u017eavnom tu\u017eila\u0161tvu u Nik\u0161i\u0107u policijski slu\u017ebenici su protiv A.K. i D.A. podnijeli krivi\u010dnu prijavu zbog sumnje da su izvr\u0161ili krivi\u010dno djelo te\u0161ka kra\u0111a u produ\u017eenom trajanju i li\u0161ili ih slobode.<\/p>\n\n\n\n<p>&#8220;Protiv dva osumnji\u010dena maloljetnika podnijeta je krivi\u010dna prijava zbog sumnje da su izvr\u0161ili isto krivi\u010dno djelo, u redovnom postupku. U odnosu na prijavu otu\u0111enja agregata, policijski slu\u017ebenici Odjeljenja bezbjednosti Nik\u0161i\u0107 su kao izvr\u0161ioca identifikovali lice A.V. (21)&#8221;, saop\u0161tili su iz policije.<\/p>\n\n\n\n<p>Po nalogu postupaju\u0107eg tu\u017eioca u ovom predmetu, protiv A.V. je podnijeta krivi\u010dna prijava u redovnom postupku zbog sumnje da je izvr\u0161io krivi\u010dno djelo te\u0161ka kra\u0111a.<\/p>\n\n\n\n<p>Dio otu\u0111enih stvari, kako navode iz policije, je prona\u0111en i vra\u0107en vlasnicima.<\/p>","protected":false},"excerpt":{"rendered":"<p>Policijski slu\u017ebenici Regionalnog centra bezbjednosti \u201eZapad\u201c, Odjeljenja bezbjednosti Nik\u0161i\u0107 su tokom januara rasvijetlili pet te\u0161kih kra\u0111a, doga\u0111aji koji su bili registrovani po nepoznatom po\u010diniocu.<\/p>","protected":false},"author":1,"featured_media":575032,"comment_status":"open","ping_status":"open","sticky":false,"template":"","format":"standard","meta":{"_acf_changed":false,"footnotes":""},"categories":[17],"tags":[237,491,72],"naslovna":[],"class_list":["post-942435","post","type-post","status-publish","format-standard","has-post-thumbnail","hentry","category-hronika","tag-kradje","tag-niksic-4","tag-uprava-policije"],"acf":[],"yoast_head":"<!-- This site is optimized with the Yoast SEO plugin v27.0 - https:\/\/yoast.com\/product\/yoast-seo-wordpress\/ -->\n<title>Rasvijetljeno pet te\u0161kih kra\u0111a u Nik\u0161i\u0107u, procesuirano pet osoba - dmcsrb.com<\/title>\n<meta name=\"robots\" content=\"index, follow, max-snippet:-1, max-image-preview:large, max-video-preview:-1\" \/>\n<link rel=\"canonical\" href=\"https:\/\/dmcsrb.com\/en\/hronika\/rasvijetljeno-pet-teskih-kradja-u-niksicu-procesuirano-pet-osoba\/\" \/>\n<meta property=\"og:locale\" content=\"en_GB\" \/>\n<meta property=\"og:type\" content=\"article\" \/>\n<meta property=\"og:title\" content=\"Rasvijetljeno pet te\u0161kih kra\u0111a u Nik\u0161i\u0107u, procesuirano pet osoba - dmcsrb.com\" \/>\n<meta property=\"og:description\" content=\"Policijski slu\u017ebenici Regionalnog centra bezbjednosti \u201eZapad\u201c, Odjeljenja bezbjednosti Nik\u0161i\u0107 su tokom januara rasvijetlili pet te\u0161kih kra\u0111a, doga\u0111aji koji su bili registrovani po nepoznatom po\u010diniocu.\" \/>\n<meta property=\"og:url\" content=\"https:\/\/dmcsrb.com\/en\/hronika\/rasvijetljeno-pet-teskih-kradja-u-niksicu-procesuirano-pet-osoba\/\" \/>\n<meta property=\"og:site_name\" content=\"dmcsrb.com\" \/>\n<meta property=\"article:published_time\" content=\"2026-01-15T10:12:01+00:00\" \/>\n<meta property=\"og:image\" content=\"https:\/\/dmcsrb.com\/wp-content\/uploads\/2024\/07\/Policija-Crne-Gore-1-foto-Vlada-CG.webp\" \/>\n\t<meta property=\"og:image:width\" content=\"1022\" \/>\n\t<meta property=\"og:image:height\" content=\"640\" \/>\n\t<meta property=\"og:image:type\" content=\"image\/jpeg\" \/>\n<meta name=\"author\" content=\"dmcsrbija.com@gmail.com\" \/>\n<meta name=\"twitter:card\" content=\"summary_large_image\" \/>\n<meta name=\"twitter:label1\" content=\"Written by\" \/>\n\t<meta name=\"twitter:data1\" content=\"dmcsrbija.com@gmail.com\" \/>\n\t<meta name=\"twitter:label2\" content=\"Estimated reading time\" \/>\n\t<meta name=\"twitter:data2\" content=\"1 minute\" \/>\n<script type=\"application\/ld+json\" class=\"yoast-schema-graph\">{\"@context\":\"https:\/\/schema.org\",\"@graph\":[{\"@type\":\"Article\",\"@id\":\"https:\/\/dmcsrb.com\/hronika\/rasvijetljeno-pet-teskih-kradja-u-niksicu-procesuirano-pet-osoba\/#article\",\"isPartOf\":{\"@id\":\"https:\/\/dmcsrb.com\/hronika\/rasvijetljeno-pet-teskih-kradja-u-niksicu-procesuirano-pet-osoba\/\"},\"author\":{\"name\":\"dmcsrbija.com@gmail.com\",\"@id\":\"https:\/\/dmcsrb.com\/#\/schema\/person\/5c39170f12db1b8b457732d0b5c854e2\"},\"headline\":\"Rasvijetljeno pet te\u0161kih kra\u0111a u Nik\u0161i\u0107u, procesuirano pet osoba\",\"datePublished\":\"2026-01-15T10:12:01+00:00\",\"mainEntityOfPage\":{\"@id\":\"https:\/\/dmcsrb.com\/hronika\/rasvijetljeno-pet-teskih-kradja-u-niksicu-procesuirano-pet-osoba\/\"},\"wordCount\":294,\"commentCount\":0,\"image\":{\"@id\":\"https:\/\/dmcsrb.com\/hronika\/rasvijetljeno-pet-teskih-kradja-u-niksicu-procesuirano-pet-osoba\/#primaryimage\"},\"thumbnailUrl\":\"https:\/\/dmcsrb.com\/wp-content\/uploads\/2024\/07\/Policija-Crne-Gore-1-foto-Vlada-CG.webp\",\"keywords\":[\"kra\u0111e\",\"Niksic\",\"Uprava policije\"],\"articleSection\":[\"Hronika\"],\"inLanguage\":\"en-GB\",\"potentialAction\":[{\"@type\":\"CommentAction\",\"name\":\"Comment\",\"target\":[\"https:\/\/dmcsrb.com\/hronika\/rasvijetljeno-pet-teskih-kradja-u-niksicu-procesuirano-pet-osoba\/#respond\"]}]},{\"@type\":\"WebPage\",\"@id\":\"https:\/\/dmcsrb.com\/hronika\/rasvijetljeno-pet-teskih-kradja-u-niksicu-procesuirano-pet-osoba\/\",\"url\":\"https:\/\/dmcsrb.com\/hronika\/rasvijetljeno-pet-teskih-kradja-u-niksicu-procesuirano-pet-osoba\/\",\"name\":\"Rasvijetljeno pet te\u0161kih kra\u0111a u Nik\u0161i\u0107u, procesuirano pet osoba - dmcsrb.com\",\"isPartOf\":{\"@id\":\"https:\/\/dmcsrb.com\/#website\"},\"primaryImageOfPage\":{\"@id\":\"https:\/\/dmcsrb.com\/hronika\/rasvijetljeno-pet-teskih-kradja-u-niksicu-procesuirano-pet-osoba\/#primaryimage\"},\"image\":{\"@id\":\"https:\/\/dmcsrb.com\/hronika\/rasvijetljeno-pet-teskih-kradja-u-niksicu-procesuirano-pet-osoba\/#primaryimage\"},\"thumbnailUrl\":\"https:\/\/dmcsrb.com\/wp-content\/uploads\/2024\/07\/Policija-Crne-Gore-1-foto-Vlada-CG.webp\",\"datePublished\":\"2026-01-15T10:12:01+00:00\",\"author\":{\"@id\":\"https:\/\/dmcsrb.com\/#\/schema\/person\/5c39170f12db1b8b457732d0b5c854e2\"},\"breadcrumb\":{\"@id\":\"https:\/\/dmcsrb.com\/hronika\/rasvijetljeno-pet-teskih-kradja-u-niksicu-procesuirano-pet-osoba\/#breadcrumb\"},\"inLanguage\":\"en-GB\",\"potentialAction\":[{\"@type\":\"ReadAction\",\"target\":[\"https:\/\/dmcsrb.com\/hronika\/rasvijetljeno-pet-teskih-kradja-u-niksicu-procesuirano-pet-osoba\/\"]}]},{\"@type\":\"ImageObject\",\"inLanguage\":\"en-GB\",\"@id\":\"https:\/\/dmcsrb.com\/hronika\/rasvijetljeno-pet-teskih-kradja-u-niksicu-procesuirano-pet-osoba\/#primaryimage\",\"url\":\"https:\/\/dmcsrb.com\/wp-content\/uploads\/2024\/07\/Policija-Crne-Gore-1-foto-Vlada-CG.webp\",\"contentUrl\":\"https:\/\/dmcsrb.com\/wp-content\/uploads\/2024\/07\/Policija-Crne-Gore-1-foto-Vlada-CG.webp\",\"width\":1022,\"height\":640,\"caption\":\"Foto: Vlada CG\"},{\"@type\":\"BreadcrumbList\",\"@id\":\"https:\/\/dmcsrb.com\/hronika\/rasvijetljeno-pet-teskih-kradja-u-niksicu-procesuirano-pet-osoba\/#breadcrumb\",\"itemListElement\":[{\"@type\":\"ListItem\",\"position\":1,\"name\":\"Home\",\"item\":\"https:\/\/dmcsrb.com\/\"},{\"@type\":\"ListItem\",\"position\":2,\"name\":\"Rasvijetljeno pet te\u0161kih kra\u0111a u Nik\u0161i\u0107u, procesuirano pet osoba\"}]},{\"@type\":\"WebSite\",\"@id\":\"https:\/\/dmcsrb.com\/#website\",\"url\":\"https:\/\/dmcsrb.com\/\",\"name\":\"dmcsrb.com\",\"description\":\"\",\"potentialAction\":[{\"@type\":\"SearchAction\",\"target\":{\"@type\":\"EntryPoint\",\"urlTemplate\":\"https:\/\/dmcsrb.com\/?s={search_term_string}\"},\"query-input\":{\"@type\":\"PropertyValueSpecification\",\"valueRequired\":true,\"valueName\":\"search_term_string\"}}],\"inLanguage\":\"en-GB\"},{\"@type\":\"Person\",\"@id\":\"https:\/\/dmcsrb.com\/#\/schema\/person\/5c39170f12db1b8b457732d0b5c854e2\",\"name\":\"dmcsrbija.com@gmail.com\",\"image\":{\"@type\":\"ImageObject\",\"inLanguage\":\"en-GB\",\"@id\":\"https:\/\/dmcsrb.com\/#\/schema\/person\/image\/\",\"url\":\"https:\/\/secure.gravatar.com\/avatar\/68592660ad6347fad0fb587f8d5d8f1a7b44961362f56e4f2cd524feb87e9069?s=96&d=mm&r=g\",\"contentUrl\":\"https:\/\/secure.gravatar.com\/avatar\/68592660ad6347fad0fb587f8d5d8f1a7b44961362f56e4f2cd524feb87e9069?s=96&d=mm&r=g\",\"caption\":\"dmcsrbija.com@gmail.com\"},\"sameAs\":[\"https:\/\/dmcsrb.com\"],\"url\":\"https:\/\/dmcsrb.com\/en\/author\/dmcsrbija-comgmail-com\/\"}]}<\/script>\n<!-- \/ Yoast SEO plugin. -->","yoast_head_json":{"title":"Rasvijetljeno pet te\u0161kih kra\u0111a u Nik\u0161i\u0107u, procesuirano pet osoba - dmcsrb.com","robots":{"index":"index","follow":"follow","max-snippet":"max-snippet:-1","max-image-preview":"max-image-preview:large","max-video-preview":"max-video-preview:-1"},"canonical":"https:\/\/dmcsrb.com\/en\/hronika\/rasvijetljeno-pet-teskih-kradja-u-niksicu-procesuirano-pet-osoba\/","og_locale":"en_GB","og_type":"article","og_title":"Rasvijetljeno pet te\u0161kih kra\u0111a u Nik\u0161i\u0107u, procesuirano pet osoba - dmcsrb.com","og_description":"Policijski slu\u017ebenici Regionalnog centra bezbjednosti \u201eZapad\u201c, Odjeljenja bezbjednosti Nik\u0161i\u0107 su tokom januara rasvijetlili pet te\u0161kih kra\u0111a, doga\u0111aji koji su bili registrovani po nepoznatom po\u010diniocu.","og_url":"https:\/\/dmcsrb.com\/en\/hronika\/rasvijetljeno-pet-teskih-kradja-u-niksicu-procesuirano-pet-osoba\/","og_site_name":"dmcsrb.com","article_published_time":"2026-01-15T10:12:01+00:00","og_image":[{"width":1022,"height":640,"url":"https:\/\/dmcsrb.com\/wp-content\/uploads\/2024\/07\/Policija-Crne-Gore-1-foto-Vlada-CG.webp","type":"image\/jpeg"}],"author":"dmcsrbija.com@gmail.com","twitter_card":"summary_large_image","twitter_misc":{"Written by":"dmcsrbija.com@gmail.com","Estimated reading time":"1 minute"},"schema":{"@context":"https:\/\/schema.org","@graph":[{"@type":"Article","@id":"https:\/\/dmcsrb.com\/hronika\/rasvijetljeno-pet-teskih-kradja-u-niksicu-procesuirano-pet-osoba\/#article","isPartOf":{"@id":"https:\/\/dmcsrb.com\/hronika\/rasvijetljeno-pet-teskih-kradja-u-niksicu-procesuirano-pet-osoba\/"},"author":{"name":"dmcsrbija.com@gmail.com","@id":"https:\/\/dmcsrb.com\/#\/schema\/person\/5c39170f12db1b8b457732d0b5c854e2"},"headline":"Rasvijetljeno pet te\u0161kih kra\u0111a u Nik\u0161i\u0107u, procesuirano pet osoba","datePublished":"2026-01-15T10:12:01+00:00","mainEntityOfPage":{"@id":"https:\/\/dmcsrb.com\/hronika\/rasvijetljeno-pet-teskih-kradja-u-niksicu-procesuirano-pet-osoba\/"},"wordCount":294,"commentCount":0,"image":{"@id":"https:\/\/dmcsrb.com\/hronika\/rasvijetljeno-pet-teskih-kradja-u-niksicu-procesuirano-pet-osoba\/#primaryimage"},"thumbnailUrl":"https:\/\/dmcsrb.com\/wp-content\/uploads\/2024\/07\/Policija-Crne-Gore-1-foto-Vlada-CG.webp","keywords":["kra\u0111e","Niksic","Uprava policije"],"articleSection":["Hronika"],"inLanguage":"en-GB","potentialAction":[{"@type":"CommentAction","name":"Comment","target":["https:\/\/dmcsrb.com\/hronika\/rasvijetljeno-pet-teskih-kradja-u-niksicu-procesuirano-pet-osoba\/#respond"]}]},{"@type":"WebPage","@id":"https:\/\/dmcsrb.com\/hronika\/rasvijetljeno-pet-teskih-kradja-u-niksicu-procesuirano-pet-osoba\/","url":"https:\/\/dmcsrb.com\/hronika\/rasvijetljeno-pet-teskih-kradja-u-niksicu-procesuirano-pet-osoba\/","name":"Rasvijetljeno pet te\u0161kih kra\u0111a u Nik\u0161i\u0107u, procesuirano pet osoba - dmcsrb.com","isPartOf":{"@id":"https:\/\/dmcsrb.com\/#website"},"primaryImageOfPage":{"@id":"https:\/\/dmcsrb.com\/hronika\/rasvijetljeno-pet-teskih-kradja-u-niksicu-procesuirano-pet-osoba\/#primaryimage"},"image":{"@id":"https:\/\/dmcsrb.com\/hronika\/rasvijetljeno-pet-teskih-kradja-u-niksicu-procesuirano-pet-osoba\/#primaryimage"},"thumbnailUrl":"https:\/\/dmcsrb.com\/wp-content\/uploads\/2024\/07\/Policija-Crne-Gore-1-foto-Vlada-CG.webp","datePublished":"2026-01-15T10:12:01+00:00","author":{"@id":"https:\/\/dmcsrb.com\/#\/schema\/person\/5c39170f12db1b8b457732d0b5c854e2"},"breadcrumb":{"@id":"https:\/\/dmcsrb.com\/hronika\/rasvijetljeno-pet-teskih-kradja-u-niksicu-procesuirano-pet-osoba\/#breadcrumb"},"inLanguage":"en-GB","potentialAction":[{"@type":"ReadAction","target":["https:\/\/dmcsrb.com\/hronika\/rasvijetljeno-pet-teskih-kradja-u-niksicu-procesuirano-pet-osoba\/"]}]},{"@type":"ImageObject","inLanguage":"en-GB","@id":"https:\/\/dmcsrb.com\/hronika\/rasvijetljeno-pet-teskih-kradja-u-niksicu-procesuirano-pet-osoba\/#primaryimage","url":"https:\/\/dmcsrb.com\/wp-content\/uploads\/2024\/07\/Policija-Crne-Gore-1-foto-Vlada-CG.webp","contentUrl":"https:\/\/dmcsrb.com\/wp-content\/uploads\/2024\/07\/Policija-Crne-Gore-1-foto-Vlada-CG.webp","width":1022,"height":640,"caption":"Foto: Vlada CG"},{"@type":"BreadcrumbList","@id":"https:\/\/dmcsrb.com\/hronika\/rasvijetljeno-pet-teskih-kradja-u-niksicu-procesuirano-pet-osoba\/#breadcrumb","itemListElement":[{"@type":"ListItem","position":1,"name":"Home","item":"https:\/\/dmcsrb.com\/"},{"@type":"ListItem","position":2,"name":"Rasvijetljeno pet te\u0161kih kra\u0111a u Nik\u0161i\u0107u, procesuirano pet osoba"}]},{"@type":"WebSite","@id":"https:\/\/dmcsrb.com\/#website","url":"https:\/\/dmcsrb.com\/","name":"dmcsrb.com","description":"","potentialAction":[{"@type":"SearchAction","target":{"@type":"EntryPoint","urlTemplate":"https:\/\/dmcsrb.com\/?s={search_term_string}"},"query-input":{"@type":"PropertyValueSpecification","valueRequired":true,"valueName":"search_term_string"}}],"inLanguage":"en-GB"},{"@type":"Person","@id":"https:\/\/dmcsrb.com\/#\/schema\/person\/5c39170f12db1b8b457732d0b5c854e2","name":"dmcsrbija.com@gmail.com","image":{"@type":"ImageObject","inLanguage":"en-GB","@id":"https:\/\/dmcsrb.com\/#\/schema\/person\/image\/","url":"https:\/\/secure.gravatar.com\/avatar\/68592660ad6347fad0fb587f8d5d8f1a7b44961362f56e4f2cd524feb87e9069?s=96&d=mm&r=g","contentUrl":"https:\/\/secure.gravatar.com\/avatar\/68592660ad6347fad0fb587f8d5d8f1a7b44961362f56e4f2cd524feb87e9069?s=96&d=mm&r=g","caption":"dmcsrbija.com@gmail.com"},"sameAs":["https:\/\/dmcsrb.com"],"url":"https:\/\/dmcsrb.com\/en\/author\/dmcsrbija-comgmail-com\/"}]}},"_links":{"self":[{"href":"https:\/\/dmcsrb.com\/en\/wp-json\/wp\/v2\/posts\/942435","targetHints":{"allow":["GET"]}}],"collection":[{"href":"https:\/\/dmcsrb.com\/en\/wp-json\/wp\/v2\/posts"}],"about":[{"href":"https:\/\/dmcsrb.com\/en\/wp-json\/wp\/v2\/types\/post"}],"author":[{"embeddable":true,"href":"https:\/\/dmcsrb.com\/en\/wp-json\/wp\/v2\/users\/1"}],"replies":[{"embeddable":true,"href":"https:\/\/dmcsrb.com\/en\/wp-json\/wp\/v2\/comments?post=942435"}],"version-history":[{"count":0,"href":"https:\/\/dmcsrb.com\/en\/wp-json\/wp\/v2\/posts\/942435\/revisions"}],"wp:featuredmedia":[{"embeddable":true,"href":"https:\/\/dmcsrb.com\/en\/wp-json\/wp\/v2\/media\/575032"}],"wp:attachment":[{"href":"https:\/\/dmcsrb.com\/en\/wp-json\/wp\/v2\/media?parent=942435"}],"wp:term":[{"taxonomy":"category","embeddable":true,"href":"https:\/\/dmcsrb.com\/en\/wp-json\/wp\/v2\/categories?post=942435"},{"taxonomy":"post_tag","embeddable":true,"href":"https:\/\/dmcsrb.com\/en\/wp-json\/wp\/v2\/tags?post=942435"},{"taxonomy":"naslovna","embeddable":true,"href":"https:\/\/dmcsrb.com\/en\/wp-json\/wp\/v2\/naslovna?post=942435"}],"curies":[{"name":"wp","href":"https:\/\/api.w.org\/{rel}","templated":true}]}}